{"id":46710,"date":"2026-09-04T10:00:59","date_gmt":"2026-09-04T15:00:59","guid":{"rendered":"https:\/\/elestataldemexico.com\/?p=46710"},"modified":"2026-09-04T11:50:51","modified_gmt":"2026-09-04T16:50:51","slug":"ricardo-monreal-pide-esperar-paquete-economico-2027-antes-de-anticipar-cambios-al-ieps","status":"publish","type":"post","link":"https:\/\/elestataldemexico.com\/index.php\/2026\/09\/04\/ricardo-monreal-pide-esperar-paquete-economico-2027-antes-de-anticipar-cambios-al-ieps\/","title":{"rendered":"Ricardo Monreal pide esperar Paquete Econ\u00f3mico 2027 antes de anticipar cambios al IEPS"},"content":{"rendered":"<p>\ud83d\udd38 El diputado afirma que no conoce una iniciativa formal del Ejecutivo para gravar m\u00e1s la cerveza o productos con exceso de sodio.<\/p>\n<p>#CDMX | El l\u00edder de Morena en San L\u00e1zaro advierte que la discusi\u00f3n fiscal debe partir del documento que el Ejecutivo entregar\u00e1 al Congreso el 08 de septiembre.<\/p>\n<p>El coordinador de Morena en la C\u00e1mara de Diputados, Ricardo Monreal \u00c1vila, pidi\u00f3 esperar a la presentaci\u00f3n del Paquete Econ\u00f3mico 2027, el pr\u00f3ximo 8 de septiembre, antes de anticipar posibles cambios al Impuesto Especial sobre Producci\u00f3n y Servicios (IEPS).<\/p>\n<p>El legislador afirm\u00f3 que, hasta ahora, no conoce una iniciativa del Ejecutivo federal que proponga aumentar el impuesto a la cerveza o establecer un gravamen para productos con exceso de sodio.<\/p>\n<p>\u201cYo creo que debe de revisarse cuidadosamente sobre los impactos y sobre lo que repercutir\u00eda esta medida. Repito, no sabemos si venga en la Ley de Ingresos porque eso s\u00f3lo lo hace el Ejecutivo\u201d, se\u00f1al\u00f3 en conferencia de prensa.<\/p>\n<p>La declaraci\u00f3n ocurre despu\u00e9s de que, en trabajos y discusiones previas de la Comisi\u00f3n de Hacienda, surgieran planteamientos para revisar el tratamiento fiscal de la cerveza y de productos con alto contenido de sodio. Esos planteamientos, sin embargo, no equivalen por s\u00ed mismos a una iniciativa formal incluida en el Paquete Econ\u00f3mico ni a una modificaci\u00f3n fiscal aprobada.<\/p>\n<p>Monreal sostuvo que M\u00e9xico necesita fortalecer sus ingresos, aunque consider\u00f3 que cualquier modificaci\u00f3n fiscal debe evaluar sus efectos sobre la econom\u00eda de las familias.<\/p>\n<p>\u201cM\u00e9xico necesita, s\u00ed, fortalecer sus ingresos, pero tambi\u00e9n tenemos que cuidar el bolsillo de las familias y cuidar que las modificaciones fiscales que hagamos afecten desproporcionadamente al ingreso de esas familias\u201d, afirm\u00f3.<\/p>\n<p>El coordinador parlamentario se declar\u00f3 partidario de una pol\u00edtica fiscal responsable, pero se\u00f1al\u00f3 que primero deber\u00e1 conocerse el contenido de la propuesta formal del Ejecutivo.<\/p>\n<p>La iniciativa de Ley de Ingresos ser\u00e1 presentada por el Ejecutivo y deber\u00e1 seguir su proceso de discusi\u00f3n y aprobaci\u00f3n en ambas c\u00e1maras del Congreso, mientras que el Presupuesto de Egresos de la Federaci\u00f3n corresponde exclusivamente a la C\u00e1mara de Diputados.<\/p>\n<p>Sobre las medidas anunciadas en materia de hidrocarburos, Monreal se refiri\u00f3 a la propuesta para establecer trazabilidad del IEPS aplicado a los combustibles y rechaz\u00f3 que el mecanismo implique, por s\u00ed mismo, un aumento en el precio de la gasolina.<\/p>\n<p>Seg\u00fan explic\u00f3, la medida busca reforzar la vigilancia sobre el origen, destino y circulaci\u00f3n de los combustibles, dentro de una estrategia para fortalecer el control fiscal y combatir irregularidades y evasi\u00f3n en esa cadena.<\/p>\n<p>\u201cLa trazabilidad implica mayor vigilancia sobre el origen y el destino y el consumo, pero no implica mayor precio al combustible\u201d, sostuvo.<\/p>\n<p>Ser\u00e1 con la presentaci\u00f3n del Paquete Econ\u00f3mico 2027 cuando se conozca si los planteamientos sobre el IEPS a la cerveza y a productos con exceso de sodio forman parte de la propuesta fiscal que el Ejecutivo enviar\u00e1 al Congreso.<\/p>\n<p>Por ahora, no debe presentarse como una decisi\u00f3n gubernamental lo que todav\u00eda permanece en el terreno de planteamientos previos y del contenido a\u00fan no divulgado del Paquete Econ\u00f3mico.<\/p>\n<p>#RicardoMonreal #Pide #Esperar #PaqueteEcon\u00f3mico2027 #Antes #Anticipar #Cambios #IEPS<\/p>\n","protected":false},"excerpt":{"rendered":"<p>\ud83d\udd38 El diputado afirma que no conoce una iniciativa formal del Ejecutivo para gravar m\u00e1s la cerveza o<\/p>\n","protected":false},"author":1,"featured_media":46712,"comment_status":"open","ping_status":"closed","sticky":false,"template":"","format":"standard","meta":{"footnotes":""},"categories":[19,7],"tags":[],"class_list":["post-46710","post","type-post","status-publish","format-standard","has-post-thumbnail","hentry","category-cdmx","category-nacional"],"yoast_head":"<!-- This site is optimized with the Yoast SEO plugin v28.4 - https:\/\/yoast.com\/product\/yoast-seo-wordpress\/ -->\n<title>Ricardo Monreal pide esperar Paquete Econ\u00f3mico 2027 antes de anticipar cambios al IEPS - El Estatal de M\u00e9xico<\/title>\n<meta name=\"robots\" content=\"index, follow, max-snippet:-1, max-image-preview:large, max-video-preview:-1\" \/>\n<link rel=\"canonical\" href=\"https:\/\/elestataldemexico.com\/index.php\/2026\/09\/04\/ricardo-monreal-pide-esperar-paquete-economico-2027-antes-de-anticipar-cambios-al-ieps\/\" \/>\n<meta property=\"og:locale\" content=\"es_ES\" \/>\n<meta property=\"og:type\" content=\"article\" \/>\n<meta property=\"og:title\" content=\"Ricardo Monreal pide esperar Paquete Econ\u00f3mico 2027 antes de anticipar cambios al IEPS - El Estatal de M\u00e9xico\" \/>\n<meta property=\"og:description\" content=\"\ud83d\udd38 El diputado afirma que no conoce una iniciativa formal del Ejecutivo para gravar m\u00e1s la cerveza o\" \/>\n<meta property=\"og:url\" content=\"https:\/\/elestataldemexico.com\/index.php\/2026\/09\/04\/ricardo-monreal-pide-esperar-paquete-economico-2027-antes-de-anticipar-cambios-al-ieps\/\" \/>\n<meta property=\"og:site_name\" content=\"El Estatal de M\u00e9xico\" \/>\n<meta property=\"article:published_time\" content=\"2026-09-04T15:00:59+00:00\" \/>\n<meta property=\"article:modified_time\" content=\"2026-09-04T16:50:51+00:00\" \/>\n<meta name=\"author\" content=\"admin\" \/>\n<meta name=\"twitter:card\" content=\"summary_large_image\" \/>\n<meta name=\"twitter:label1\" content=\"Escrito por\" \/>\n\t<meta name=\"twitter:data1\" content=\"admin\" \/>\n\t<meta name=\"twitter:label2\" content=\"Tiempo de lectura\" \/>\n\t<meta name=\"twitter:data2\" content=\"3 minutos\" \/>\n<script type=\"application\/ld+json\" class=\"yoast-schema-graph\">{\"@context\":\"https:\\\/\\\/schema.org\",\"@graph\":[{\"@type\":\"Article\",\"@id\":\"https:\\\/\\\/elestataldemexico.com\\\/index.php\\\/2026\\\/09\\\/04\\\/ricardo-monreal-pide-esperar-paquete-economico-2027-antes-de-anticipar-cambios-al-ieps\\\/#article\",\"isPartOf\":{\"@id\":\"https:\\\/\\\/elestataldemexico.com\\\/index.php\\\/2026\\\/09\\\/04\\\/ricardo-monreal-pide-esperar-paquete-economico-2027-antes-de-anticipar-cambios-al-ieps\\\/\"},\"author\":{\"name\":\"admin\",\"@id\":\"https:\\\/\\\/elestataldemexico.com\\\/#\\\/schema\\\/person\\\/6c7813c13d2c1571771f592f0fe866bb\"},\"headline\":\"Ricardo Monreal pide esperar Paquete Econ\u00f3mico 2027 antes de anticipar cambios al IEPS\",\"datePublished\":\"2026-09-04T15:00:59+00:00\",\"dateModified\":\"2026-09-04T16:50:51+00:00\",\"mainEntityOfPage\":{\"@id\":\"https:\\\/\\\/elestataldemexico.com\\\/index.php\\\/2026\\\/09\\\/04\\\/ricardo-monreal-pide-esperar-paquete-economico-2027-antes-de-anticipar-cambios-al-ieps\\\/\"},\"wordCount\":557,\"commentCount\":0,\"publisher\":{\"@id\":\"https:\\\/\\\/elestataldemexico.com\\\/#organization\"},\"image\":{\"@id\":\"https:\\\/\\\/elestataldemexico.com\\\/index.php\\\/2026\\\/09\\\/04\\\/ricardo-monreal-pide-esperar-paquete-economico-2027-antes-de-anticipar-cambios-al-ieps\\\/#primaryimage\"},\"thumbnailUrl\":\"https:\\\/\\\/elestataldemexico.com\\\/wp-content\\\/uploads\\\/2026\\\/09\\\/WhatsApp-Image-2026-09-04-at-09.56.48.jpeg\",\"articleSection\":[\"CDMX\",\"Nacional\"],\"inLanguage\":\"es\",\"potentialAction\":[{\"@type\":\"CommentAction\",\"name\":\"Comment\",\"target\":[\"https:\\\/\\\/elestataldemexico.com\\\/index.php\\\/2026\\\/09\\\/04\\\/ricardo-monreal-pide-esperar-paquete-economico-2027-antes-de-anticipar-cambios-al-ieps\\\/#respond\"]}]},{\"@type\":\"WebPage\",\"@id\":\"https:\\\/\\\/elestataldemexico.com\\\/index.php\\\/2026\\\/09\\\/04\\\/ricardo-monreal-pide-esperar-paquete-economico-2027-antes-de-anticipar-cambios-al-ieps\\\/\",\"url\":\"https:\\\/\\\/elestataldemexico.com\\\/index.php\\\/2026\\\/09\\\/04\\\/ricardo-monreal-pide-esperar-paquete-economico-2027-antes-de-anticipar-cambios-al-ieps\\\/\",\"name\":\"Ricardo Monreal pide esperar Paquete Econ\u00f3mico 2027 antes de anticipar cambios al IEPS - El Estatal de M\u00e9xico\",\"isPartOf\":{\"@id\":\"https:\\\/\\\/elestataldemexico.com\\\/#website\"},\"primaryImageOfPage\":{\"@id\":\"https:\\\/\\\/elestataldemexico.com\\\/index.php\\\/2026\\\/09\\\/04\\\/ricardo-monreal-pide-esperar-paquete-economico-2027-antes-de-anticipar-cambios-al-ieps\\\/#primaryimage\"},\"image\":{\"@id\":\"https:\\\/\\\/elestataldemexico.com\\\/index.php\\\/2026\\\/09\\\/04\\\/ricardo-monreal-pide-esperar-paquete-economico-2027-antes-de-anticipar-cambios-al-ieps\\\/#primaryimage\"},\"thumbnailUrl\":\"https:\\\/\\\/elestataldemexico.com\\\/wp-content\\\/uploads\\\/2026\\\/09\\\/WhatsApp-Image-2026-09-04-at-09.56.48.jpeg\",\"datePublished\":\"2026-09-04T15:00:59+00:00\",\"dateModified\":\"2026-09-04T16:50:51+00:00\",\"breadcrumb\":{\"@id\":\"https:\\\/\\\/elestataldemexico.com\\\/index.php\\\/2026\\\/09\\\/04\\\/ricardo-monreal-pide-esperar-paquete-economico-2027-antes-de-anticipar-cambios-al-ieps\\\/#breadcrumb\"},\"inLanguage\":\"es\",\"potentialAction\":[{\"@type\":\"ReadAction\",\"target\":[\"https:\\\/\\\/elestataldemexico.com\\\/index.php\\\/2026\\\/09\\\/04\\\/ricardo-monreal-pide-esperar-paquete-economico-2027-antes-de-anticipar-cambios-al-ieps\\\/\"]}]},{\"@type\":\"ImageObject\",\"inLanguage\":\"es\",\"@id\":\"https:\\\/\\\/elestataldemexico.com\\\/index.php\\\/2026\\\/09\\\/04\\\/ricardo-monreal-pide-esperar-paquete-economico-2027-antes-de-anticipar-cambios-al-ieps\\\/#primaryimage\",\"url\":\"https:\\\/\\\/elestataldemexico.com\\\/wp-content\\\/uploads\\\/2026\\\/09\\\/WhatsApp-Image-2026-09-04-at-09.56.48.jpeg\",\"contentUrl\":\"https:\\\/\\\/elestataldemexico.com\\\/wp-content\\\/uploads\\\/2026\\\/09\\\/WhatsApp-Image-2026-09-04-at-09.56.48.jpeg\",\"width\":700,\"height\":525},{\"@type\":\"BreadcrumbList\",\"@id\":\"https:\\\/\\\/elestataldemexico.com\\\/index.php\\\/2026\\\/09\\\/04\\\/ricardo-monreal-pide-esperar-paquete-economico-2027-antes-de-anticipar-cambios-al-ieps\\\/#breadcrumb\",\"itemListElement\":[{\"@type\":\"ListItem\",\"position\":1,\"name\":\"Portada\",\"item\":\"https:\\\/\\\/elestataldemexico.com\\\/\"},{\"@type\":\"ListItem\",\"position\":2,\"name\":\"Ricardo Monreal pide esperar Paquete Econ\u00f3mico 2027 antes de anticipar cambios al IEPS\"}]},{\"@type\":\"WebSite\",\"@id\":\"https:\\\/\\\/elestataldemexico.com\\\/#website\",\"url\":\"https:\\\/\\\/elestataldemexico.com\\\/\",\"name\":\"El Estatal de M\u00e9xico\",\"description\":\"\",\"publisher\":{\"@id\":\"https:\\\/\\\/elestataldemexico.com\\\/#organization\"},\"potentialAction\":[{\"@type\":\"SearchAction\",\"target\":{\"@type\":\"EntryPoint\",\"urlTemplate\":\"https:\\\/\\\/elestataldemexico.com\\\/?s={search_term_string}\"},\"query-input\":{\"@type\":\"PropertyValueSpecification\",\"valueRequired\":true,\"valueName\":\"search_term_string\"}}],\"inLanguage\":\"es\"},{\"@type\":\"Organization\",\"@id\":\"https:\\\/\\\/elestataldemexico.com\\\/#organization\",\"name\":\"El Estatal de M\u00e9xico\",\"url\":\"https:\\\/\\\/elestataldemexico.com\\\/\",\"logo\":{\"@type\":\"ImageObject\",\"inLanguage\":\"es\",\"@id\":\"https:\\\/\\\/elestataldemexico.com\\\/#\\\/schema\\\/logo\\\/image\\\/\",\"url\":\"https:\\\/\\\/elestataldemexico.com\\\/wp-content\\\/uploads\\\/2025\\\/05\\\/cropped-elestatal.png\",\"contentUrl\":\"https:\\\/\\\/elestataldemexico.com\\\/wp-content\\\/uploads\\\/2025\\\/05\\\/cropped-elestatal.png\",\"width\":504,\"height\":97,\"caption\":\"El Estatal de M\u00e9xico\"},\"image\":{\"@id\":\"https:\\\/\\\/elestataldemexico.com\\\/#\\\/schema\\\/logo\\\/image\\\/\"}},{\"@type\":\"Person\",\"@id\":\"https:\\\/\\\/elestataldemexico.com\\\/#\\\/schema\\\/person\\\/6c7813c13d2c1571771f592f0fe866bb\",\"name\":\"admin\",\"image\":{\"@type\":\"ImageObject\",\"inLanguage\":\"es\",\"@id\":\"https:\\\/\\\/secure.gravatar.com\\\/avatar\\\/d5ed2db9923a3ad3c0a47f6b3aec7abcb43924b9322251ade16472fc06f7bb5b?s=96&d=mm&r=g\",\"url\":\"https:\\\/\\\/secure.gravatar.com\\\/avatar\\\/d5ed2db9923a3ad3c0a47f6b3aec7abcb43924b9322251ade16472fc06f7bb5b?s=96&d=mm&r=g\",\"contentUrl\":\"https:\\\/\\\/secure.gravatar.com\\\/avatar\\\/d5ed2db9923a3ad3c0a47f6b3aec7abcb43924b9322251ade16472fc06f7bb5b?s=96&d=mm&r=g\",\"caption\":\"admin\"},\"sameAs\":[\"https:\\\/\\\/elestataldemexico.com\"],\"url\":\"https:\\\/\\\/elestataldemexico.com\\\/index.php\\\/author\\\/info_qk62m3p3\\\/\"}]}<\/script>\n<!-- \/ Yoast SEO plugin. -->","yoast_head_json":{"title":"Ricardo Monreal pide esperar Paquete Econ\u00f3mico 2027 antes de anticipar cambios al IEPS - El Estatal de M\u00e9xico","robots":{"index":"index","follow":"follow","max-snippet":"max-snippet:-1","max-image-preview":"max-image-preview:large","max-video-preview":"max-video-preview:-1"},"canonical":"https:\/\/elestataldemexico.com\/index.php\/2026\/09\/04\/ricardo-monreal-pide-esperar-paquete-economico-2027-antes-de-anticipar-cambios-al-ieps\/","og_locale":"es_ES","og_type":"article","og_title":"Ricardo Monreal pide esperar Paquete Econ\u00f3mico 2027 antes de anticipar cambios al IEPS - El Estatal de M\u00e9xico","og_description":"\ud83d\udd38 El diputado afirma que no conoce una iniciativa formal del Ejecutivo para gravar m\u00e1s la cerveza o","og_url":"https:\/\/elestataldemexico.com\/index.php\/2026\/09\/04\/ricardo-monreal-pide-esperar-paquete-economico-2027-antes-de-anticipar-cambios-al-ieps\/","og_site_name":"El Estatal de M\u00e9xico","article_published_time":"2026-09-04T15:00:59+00:00","article_modified_time":"2026-09-04T16:50:51+00:00","author":"admin","twitter_card":"summary_large_image","twitter_misc":{"Escrito por":"admin","Tiempo de lectura":"3 minutos"},"schema":{"@context":"https:\/\/schema.org","@graph":[{"@type":"Article","@id":"https:\/\/elestataldemexico.com\/index.php\/2026\/09\/04\/ricardo-monreal-pide-esperar-paquete-economico-2027-antes-de-anticipar-cambios-al-ieps\/#article","isPartOf":{"@id":"https:\/\/elestataldemexico.com\/index.php\/2026\/09\/04\/ricardo-monreal-pide-esperar-paquete-economico-2027-antes-de-anticipar-cambios-al-ieps\/"},"author":{"name":"admin","@id":"https:\/\/elestataldemexico.com\/#\/schema\/person\/6c7813c13d2c1571771f592f0fe866bb"},"headline":"Ricardo Monreal pide esperar Paquete Econ\u00f3mico 2027 antes de anticipar cambios al IEPS","datePublished":"2026-09-04T15:00:59+00:00","dateModified":"2026-09-04T16:50:51+00:00","mainEntityOfPage":{"@id":"https:\/\/elestataldemexico.com\/index.php\/2026\/09\/04\/ricardo-monreal-pide-esperar-paquete-economico-2027-antes-de-anticipar-cambios-al-ieps\/"},"wordCount":557,"commentCount":0,"publisher":{"@id":"https:\/\/elestataldemexico.com\/#organization"},"image":{"@id":"https:\/\/elestataldemexico.com\/index.php\/2026\/09\/04\/ricardo-monreal-pide-esperar-paquete-economico-2027-antes-de-anticipar-cambios-al-ieps\/#primaryimage"},"thumbnailUrl":"https:\/\/elestataldemexico.com\/wp-content\/uploads\/2026\/09\/WhatsApp-Image-2026-09-04-at-09.56.48.jpeg","articleSection":["CDMX","Nacional"],"inLanguage":"es","potentialAction":[{"@type":"CommentAction","name":"Comment","target":["https:\/\/elestataldemexico.com\/index.php\/2026\/09\/04\/ricardo-monreal-pide-esperar-paquete-economico-2027-antes-de-anticipar-cambios-al-ieps\/#respond"]}]},{"@type":"WebPage","@id":"https:\/\/elestataldemexico.com\/index.php\/2026\/09\/04\/ricardo-monreal-pide-esperar-paquete-economico-2027-antes-de-anticipar-cambios-al-ieps\/","url":"https:\/\/elestataldemexico.com\/index.php\/2026\/09\/04\/ricardo-monreal-pide-esperar-paquete-economico-2027-antes-de-anticipar-cambios-al-ieps\/","name":"Ricardo Monreal pide esperar Paquete Econ\u00f3mico 2027 antes de anticipar cambios al IEPS - El Estatal de M\u00e9xico","isPartOf":{"@id":"https:\/\/elestataldemexico.com\/#website"},"primaryImageOfPage":{"@id":"https:\/\/elestataldemexico.com\/index.php\/2026\/09\/04\/ricardo-monreal-pide-esperar-paquete-economico-2027-antes-de-anticipar-cambios-al-ieps\/#primaryimage"},"image":{"@id":"https:\/\/elestataldemexico.com\/index.php\/2026\/09\/04\/ricardo-monreal-pide-esperar-paquete-economico-2027-antes-de-anticipar-cambios-al-ieps\/#primaryimage"},"thumbnailUrl":"https:\/\/elestataldemexico.com\/wp-content\/uploads\/2026\/09\/WhatsApp-Image-2026-09-04-at-09.56.48.jpeg","datePublished":"2026-09-04T15:00:59+00:00","dateModified":"2026-09-04T16:50:51+00:00","breadcrumb":{"@id":"https:\/\/elestataldemexico.com\/index.php\/2026\/09\/04\/ricardo-monreal-pide-esperar-paquete-economico-2027-antes-de-anticipar-cambios-al-ieps\/#breadcrumb"},"inLanguage":"es","potentialAction":[{"@type":"ReadAction","target":["https:\/\/elestataldemexico.com\/index.php\/2026\/09\/04\/ricardo-monreal-pide-esperar-paquete-economico-2027-antes-de-anticipar-cambios-al-ieps\/"]}]},{"@type":"ImageObject","inLanguage":"es","@id":"https:\/\/elestataldemexico.com\/index.php\/2026\/09\/04\/ricardo-monreal-pide-esperar-paquete-economico-2027-antes-de-anticipar-cambios-al-ieps\/#primaryimage","url":"https:\/\/elestataldemexico.com\/wp-content\/uploads\/2026\/09\/WhatsApp-Image-2026-09-04-at-09.56.48.jpeg","contentUrl":"https:\/\/elestataldemexico.com\/wp-content\/uploads\/2026\/09\/WhatsApp-Image-2026-09-04-at-09.56.48.jpeg","width":700,"height":525},{"@type":"BreadcrumbList","@id":"https:\/\/elestataldemexico.com\/index.php\/2026\/09\/04\/ricardo-monreal-pide-esperar-paquete-economico-2027-antes-de-anticipar-cambios-al-ieps\/#breadcrumb","itemListElement":[{"@type":"ListItem","position":1,"name":"Portada","item":"https:\/\/elestataldemexico.com\/"},{"@type":"ListItem","position":2,"name":"Ricardo Monreal pide esperar Paquete Econ\u00f3mico 2027 antes de anticipar cambios al IEPS"}]},{"@type":"WebSite","@id":"https:\/\/elestataldemexico.com\/#website","url":"https:\/\/elestataldemexico.com\/","name":"El Estatal de M\u00e9xico","description":"","publisher":{"@id":"https:\/\/elestataldemexico.com\/#organization"},"potentialAction":[{"@type":"SearchAction","target":{"@type":"EntryPoint","urlTemplate":"https:\/\/elestataldemexico.com\/?s={search_term_string}"},"query-input":{"@type":"PropertyValueSpecification","valueRequired":true,"valueName":"search_term_string"}}],"inLanguage":"es"},{"@type":"Organization","@id":"https:\/\/elestataldemexico.com\/#organization","name":"El Estatal de M\u00e9xico","url":"https:\/\/elestataldemexico.com\/","logo":{"@type":"ImageObject","inLanguage":"es","@id":"https:\/\/elestataldemexico.com\/#\/schema\/logo\/image\/","url":"https:\/\/elestataldemexico.com\/wp-content\/uploads\/2025\/05\/cropped-elestatal.png","contentUrl":"https:\/\/elestataldemexico.com\/wp-content\/uploads\/2025\/05\/cropped-elestatal.png","width":504,"height":97,"caption":"El Estatal de M\u00e9xico"},"image":{"@id":"https:\/\/elestataldemexico.com\/#\/schema\/logo\/image\/"}},{"@type":"Person","@id":"https:\/\/elestataldemexico.com\/#\/schema\/person\/6c7813c13d2c1571771f592f0fe866bb","name":"admin","image":{"@type":"ImageObject","inLanguage":"es","@id":"https:\/\/secure.gravatar.com\/avatar\/d5ed2db9923a3ad3c0a47f6b3aec7abcb43924b9322251ade16472fc06f7bb5b?s=96&d=mm&r=g","url":"https:\/\/secure.gravatar.com\/avatar\/d5ed2db9923a3ad3c0a47f6b3aec7abcb43924b9322251ade16472fc06f7bb5b?s=96&d=mm&r=g","contentUrl":"https:\/\/secure.gravatar.com\/avatar\/d5ed2db9923a3ad3c0a47f6b3aec7abcb43924b9322251ade16472fc06f7bb5b?s=96&d=mm&r=g","caption":"admin"},"sameAs":["https:\/\/elestataldemexico.com"],"url":"https:\/\/elestataldemexico.com\/index.php\/author\/info_qk62m3p3\/"}]}},"_links":{"self":[{"href":"https:\/\/elestataldemexico.com\/index.php\/wp-json\/wp\/v2\/posts\/46710","targetHints":{"allow":["GET"]}}],"collection":[{"href":"https:\/\/elestataldemexico.com\/index.php\/wp-json\/wp\/v2\/posts"}],"about":[{"href":"https:\/\/elestataldemexico.com\/index.php\/wp-json\/wp\/v2\/types\/post"}],"author":[{"embeddable":true,"href":"https:\/\/elestataldemexico.com\/index.php\/wp-json\/wp\/v2\/users\/1"}],"replies":[{"embeddable":true,"href":"https:\/\/elestataldemexico.com\/index.php\/wp-json\/wp\/v2\/comments?post=46710"}],"version-history":[{"count":1,"href":"https:\/\/elestataldemexico.com\/index.php\/wp-json\/wp\/v2\/posts\/46710\/revisions"}],"predecessor-version":[{"id":46711,"href":"https:\/\/elestataldemexico.com\/index.php\/wp-json\/wp\/v2\/posts\/46710\/revisions\/46711"}],"wp:featuredmedia":[{"embeddable":true,"href":"https:\/\/elestataldemexico.com\/index.php\/wp-json\/wp\/v2\/media\/46712"}],"wp:attachment":[{"href":"https:\/\/elestataldemexico.com\/index.php\/wp-json\/wp\/v2\/media?parent=46710"}],"wp:term":[{"taxonomy":"category","embeddable":true,"href":"https:\/\/elestataldemexico.com\/index.php\/wp-json\/wp\/v2\/categories?post=46710"},{"taxonomy":"post_tag","embeddable":true,"href":"https:\/\/elestataldemexico.com\/index.php\/wp-json\/wp\/v2\/tags?post=46710"}],"curies":[{"name":"wp","href":"https:\/\/api.w.org\/{rel}","templated":true}]}}