{"id":46629,"date":"2026-09-01T12:16:09","date_gmt":"2026-09-01T17:16:09","guid":{"rendered":"https:\/\/elestataldemexico.com\/?p=46629"},"modified":"2026-09-01T12:16:20","modified_gmt":"2026-09-01T17:16:20","slug":"america-esta-muy-cerca-de-fichar-al-delantero-carlos-alvarez","status":"publish","type":"post","link":"https:\/\/elestataldemexico.com\/index.php\/2026\/09\/01\/america-esta-muy-cerca-de-fichar-al-delantero-carlos-alvarez\/","title":{"rendered":"Am\u00e9rica est\u00e1 muy cerca de fichar al delantero Carlos \u00c1lvarez"},"content":{"rendered":"<p>\ud83d\udd38 El delantero del Levante ya acept\u00f3 la oferta de las \u00c1guilas y solo falta el acuerdo entre clubes.<\/p>\n<p>#DEPORTES | El conjunto de Am\u00e9rica sigue detallando la plantilla para este Apertura 2026 y busca la contrataci\u00f3n de Carlos \u00c1lvarez, jugador del Levante que tiene mucha proyecci\u00f3n a futuro y que gusta mucho a la directiva y cuerpo t\u00e9cnico de las \u00c1guilas.<\/p>\n<p>El jugador ya acept\u00f3 todas las condiciones para venir al futbol mexicano y solo falta que se termine por definir el acuerdo entre clubes, el cual rondar\u00eda los siete millones de d\u00f3lares m\u00e1s uno en variables.<\/p>\n<p>La idea del Am\u00e9rica es que si se concreta la operaci\u00f3n, \u00c1lvarez firme un contrato por tres a\u00f1os y llegue lo m\u00e1s pronto posible para poder hacerle el reconocimiento m\u00e9dico y empiece a jugar.<\/p>\n<p>Cabe recordar que este d\u00eda cierra el mercado de fichajes en Espa\u00f1a, por lo que tambi\u00e9n eso pudiera llegar a complicarse la operaci\u00f3n porque el Levante no tendr\u00eda tanto margen de maniobra para no descompensar su plantilla, y es que en M\u00e9xico el cierre es hasta el d\u00eda 11 de este mes.<\/p>\n<p>Si \u00c1lvarez llega se convertir\u00e1 en el cuarto refuerzo de Am\u00e9rica en este torneo, antes llegaron Oscar Perea, Edwin Cerrillo y Miguel Borja.<\/p>\n<p>#Am\u00e9rica #Cerca #Fichar #Delantero #Carlos\u00c1lvarez<\/p>\n","protected":false},"excerpt":{"rendered":"<p>\ud83d\udd38 El delantero del Levante ya acept\u00f3 la oferta de las \u00c1guilas y solo falta el acuerdo entre<\/p>\n","protected":false},"author":1,"featured_media":46631,"comment_status":"open","ping_status":"closed","sticky":false,"template":"","format":"standard","meta":{"footnotes":""},"categories":[12],"tags":[],"class_list":["post-46629","post","type-post","status-publish","format-standard","has-post-thumbnail","hentry","category-deportes"],"yoast_head":"<!-- This site is optimized with the Yoast SEO plugin v28.3 - https:\/\/yoast.com\/product\/yoast-seo-wordpress\/ -->\n<title>Am\u00e9rica est\u00e1 muy cerca de fichar al delantero Carlos \u00c1lvarez - El Estatal de M\u00e9xico<\/title>\n<meta name=\"robots\" content=\"index, follow, max-snippet:-1, max-image-preview:large, max-video-preview:-1\" \/>\n<link rel=\"canonical\" href=\"https:\/\/elestataldemexico.com\/index.php\/2026\/09\/01\/america-esta-muy-cerca-de-fichar-al-delantero-carlos-alvarez\/\" \/>\n<meta property=\"og:locale\" content=\"es_ES\" \/>\n<meta property=\"og:type\" content=\"article\" \/>\n<meta property=\"og:title\" content=\"Am\u00e9rica est\u00e1 muy cerca de fichar al delantero Carlos \u00c1lvarez - El Estatal de M\u00e9xico\" \/>\n<meta property=\"og:description\" content=\"\ud83d\udd38 El delantero del Levante ya acept\u00f3 la oferta de las \u00c1guilas y solo falta el acuerdo entre\" \/>\n<meta property=\"og:url\" content=\"https:\/\/elestataldemexico.com\/index.php\/2026\/09\/01\/america-esta-muy-cerca-de-fichar-al-delantero-carlos-alvarez\/\" \/>\n<meta property=\"og:site_name\" content=\"El Estatal de M\u00e9xico\" \/>\n<meta property=\"article:published_time\" content=\"2026-09-01T17:16:09+00:00\" \/>\n<meta property=\"article:modified_time\" content=\"2026-09-01T17:16:20+00:00\" \/>\n<meta name=\"author\" content=\"admin\" \/>\n<meta name=\"twitter:card\" content=\"summary_large_image\" \/>\n<meta name=\"twitter:label1\" content=\"Escrito por\" \/>\n\t<meta name=\"twitter:data1\" content=\"admin\" \/>\n\t<meta name=\"twitter:label2\" content=\"Tiempo de lectura\" \/>\n\t<meta name=\"twitter:data2\" content=\"1 minuto\" \/>\n<script type=\"application\/ld+json\" class=\"yoast-schema-graph\">{\"@context\":\"https:\\\/\\\/schema.org\",\"@graph\":[{\"@type\":\"Article\",\"@id\":\"https:\\\/\\\/elestataldemexico.com\\\/index.php\\\/2026\\\/09\\\/01\\\/america-esta-muy-cerca-de-fichar-al-delantero-carlos-alvarez\\\/#article\",\"isPartOf\":{\"@id\":\"https:\\\/\\\/elestataldemexico.com\\\/index.php\\\/2026\\\/09\\\/01\\\/america-esta-muy-cerca-de-fichar-al-delantero-carlos-alvarez\\\/\"},\"author\":{\"name\":\"admin\",\"@id\":\"https:\\\/\\\/elestataldemexico.com\\\/#\\\/schema\\\/person\\\/6c7813c13d2c1571771f592f0fe866bb\"},\"headline\":\"Am\u00e9rica est\u00e1 muy cerca de fichar al delantero Carlos \u00c1lvarez\",\"datePublished\":\"2026-09-01T17:16:09+00:00\",\"dateModified\":\"2026-09-01T17:16:20+00:00\",\"mainEntityOfPage\":{\"@id\":\"https:\\\/\\\/elestataldemexico.com\\\/index.php\\\/2026\\\/09\\\/01\\\/america-esta-muy-cerca-de-fichar-al-delantero-carlos-alvarez\\\/\"},\"wordCount\":241,\"commentCount\":0,\"publisher\":{\"@id\":\"https:\\\/\\\/elestataldemexico.com\\\/#organization\"},\"image\":{\"@id\":\"https:\\\/\\\/elestataldemexico.com\\\/index.php\\\/2026\\\/09\\\/01\\\/america-esta-muy-cerca-de-fichar-al-delantero-carlos-alvarez\\\/#primaryimage\"},\"thumbnailUrl\":\"https:\\\/\\\/elestataldemexico.com\\\/wp-content\\\/uploads\\\/2026\\\/09\\\/WhatsApp-Image-2026-09-01-at-11.48.48.jpeg\",\"articleSection\":[\"Deportes\"],\"inLanguage\":\"es\",\"potentialAction\":[{\"@type\":\"CommentAction\",\"name\":\"Comment\",\"target\":[\"https:\\\/\\\/elestataldemexico.com\\\/index.php\\\/2026\\\/09\\\/01\\\/america-esta-muy-cerca-de-fichar-al-delantero-carlos-alvarez\\\/#respond\"]}]},{\"@type\":\"WebPage\",\"@id\":\"https:\\\/\\\/elestataldemexico.com\\\/index.php\\\/2026\\\/09\\\/01\\\/america-esta-muy-cerca-de-fichar-al-delantero-carlos-alvarez\\\/\",\"url\":\"https:\\\/\\\/elestataldemexico.com\\\/index.php\\\/2026\\\/09\\\/01\\\/america-esta-muy-cerca-de-fichar-al-delantero-carlos-alvarez\\\/\",\"name\":\"Am\u00e9rica est\u00e1 muy cerca de fichar al delantero Carlos \u00c1lvarez - El Estatal de M\u00e9xico\",\"isPartOf\":{\"@id\":\"https:\\\/\\\/elestataldemexico.com\\\/#website\"},\"primaryImageOfPage\":{\"@id\":\"https:\\\/\\\/elestataldemexico.com\\\/index.php\\\/2026\\\/09\\\/01\\\/america-esta-muy-cerca-de-fichar-al-delantero-carlos-alvarez\\\/#primaryimage\"},\"image\":{\"@id\":\"https:\\\/\\\/elestataldemexico.com\\\/index.php\\\/2026\\\/09\\\/01\\\/america-esta-muy-cerca-de-fichar-al-delantero-carlos-alvarez\\\/#primaryimage\"},\"thumbnailUrl\":\"https:\\\/\\\/elestataldemexico.com\\\/wp-content\\\/uploads\\\/2026\\\/09\\\/WhatsApp-Image-2026-09-01-at-11.48.48.jpeg\",\"datePublished\":\"2026-09-01T17:16:09+00:00\",\"dateModified\":\"2026-09-01T17:16:20+00:00\",\"breadcrumb\":{\"@id\":\"https:\\\/\\\/elestataldemexico.com\\\/index.php\\\/2026\\\/09\\\/01\\\/america-esta-muy-cerca-de-fichar-al-delantero-carlos-alvarez\\\/#breadcrumb\"},\"inLanguage\":\"es\",\"potentialAction\":[{\"@type\":\"ReadAction\",\"target\":[\"https:\\\/\\\/elestataldemexico.com\\\/index.php\\\/2026\\\/09\\\/01\\\/america-esta-muy-cerca-de-fichar-al-delantero-carlos-alvarez\\\/\"]}]},{\"@type\":\"ImageObject\",\"inLanguage\":\"es\",\"@id\":\"https:\\\/\\\/elestataldemexico.com\\\/index.php\\\/2026\\\/09\\\/01\\\/america-esta-muy-cerca-de-fichar-al-delantero-carlos-alvarez\\\/#primaryimage\",\"url\":\"https:\\\/\\\/elestataldemexico.com\\\/wp-content\\\/uploads\\\/2026\\\/09\\\/WhatsApp-Image-2026-09-01-at-11.48.48.jpeg\",\"contentUrl\":\"https:\\\/\\\/elestataldemexico.com\\\/wp-content\\\/uploads\\\/2026\\\/09\\\/WhatsApp-Image-2026-09-01-at-11.48.48.jpeg\",\"width\":1035,\"height\":583},{\"@type\":\"BreadcrumbList\",\"@id\":\"https:\\\/\\\/elestataldemexico.com\\\/index.php\\\/2026\\\/09\\\/01\\\/america-esta-muy-cerca-de-fichar-al-delantero-carlos-alvarez\\\/#breadcrumb\",\"itemListElement\":[{\"@type\":\"ListItem\",\"position\":1,\"name\":\"Portada\",\"item\":\"https:\\\/\\\/elestataldemexico.com\\\/\"},{\"@type\":\"ListItem\",\"position\":2,\"name\":\"Am\u00e9rica est\u00e1 muy cerca de fichar al delantero Carlos \u00c1lvarez\"}]},{\"@type\":\"WebSite\",\"@id\":\"https:\\\/\\\/elestataldemexico.com\\\/#website\",\"url\":\"https:\\\/\\\/elestataldemexico.com\\\/\",\"name\":\"El Estatal de M\u00e9xico\",\"description\":\"\",\"publisher\":{\"@id\":\"https:\\\/\\\/elestataldemexico.com\\\/#organization\"},\"potentialAction\":[{\"@type\":\"SearchAction\",\"target\":{\"@type\":\"EntryPoint\",\"urlTemplate\":\"https:\\\/\\\/elestataldemexico.com\\\/?s={search_term_string}\"},\"query-input\":{\"@type\":\"PropertyValueSpecification\",\"valueRequired\":true,\"valueName\":\"search_term_string\"}}],\"inLanguage\":\"es\"},{\"@type\":\"Organization\",\"@id\":\"https:\\\/\\\/elestataldemexico.com\\\/#organization\",\"name\":\"El Estatal de M\u00e9xico\",\"url\":\"https:\\\/\\\/elestataldemexico.com\\\/\",\"logo\":{\"@type\":\"ImageObject\",\"inLanguage\":\"es\",\"@id\":\"https:\\\/\\\/elestataldemexico.com\\\/#\\\/schema\\\/logo\\\/image\\\/\",\"url\":\"https:\\\/\\\/elestataldemexico.com\\\/wp-content\\\/uploads\\\/2025\\\/05\\\/cropped-elestatal.png\",\"contentUrl\":\"https:\\\/\\\/elestataldemexico.com\\\/wp-content\\\/uploads\\\/2025\\\/05\\\/cropped-elestatal.png\",\"width\":504,\"height\":97,\"caption\":\"El Estatal de M\u00e9xico\"},\"image\":{\"@id\":\"https:\\\/\\\/elestataldemexico.com\\\/#\\\/schema\\\/logo\\\/image\\\/\"}},{\"@type\":\"Person\",\"@id\":\"https:\\\/\\\/elestataldemexico.com\\\/#\\\/schema\\\/person\\\/6c7813c13d2c1571771f592f0fe866bb\",\"name\":\"admin\",\"image\":{\"@type\":\"ImageObject\",\"inLanguage\":\"es\",\"@id\":\"https:\\\/\\\/secure.gravatar.com\\\/avatar\\\/d5ed2db9923a3ad3c0a47f6b3aec7abcb43924b9322251ade16472fc06f7bb5b?s=96&d=mm&r=g\",\"url\":\"https:\\\/\\\/secure.gravatar.com\\\/avatar\\\/d5ed2db9923a3ad3c0a47f6b3aec7abcb43924b9322251ade16472fc06f7bb5b?s=96&d=mm&r=g\",\"contentUrl\":\"https:\\\/\\\/secure.gravatar.com\\\/avatar\\\/d5ed2db9923a3ad3c0a47f6b3aec7abcb43924b9322251ade16472fc06f7bb5b?s=96&d=mm&r=g\",\"caption\":\"admin\"},\"sameAs\":[\"https:\\\/\\\/elestataldemexico.com\"],\"url\":\"https:\\\/\\\/elestataldemexico.com\\\/index.php\\\/author\\\/info_qk62m3p3\\\/\"}]}<\/script>\n<!-- \/ Yoast SEO plugin. -->","yoast_head_json":{"title":"Am\u00e9rica est\u00e1 muy cerca de fichar al delantero Carlos \u00c1lvarez - El Estatal de M\u00e9xico","robots":{"index":"index","follow":"follow","max-snippet":"max-snippet:-1","max-image-preview":"max-image-preview:large","max-video-preview":"max-video-preview:-1"},"canonical":"https:\/\/elestataldemexico.com\/index.php\/2026\/09\/01\/america-esta-muy-cerca-de-fichar-al-delantero-carlos-alvarez\/","og_locale":"es_ES","og_type":"article","og_title":"Am\u00e9rica est\u00e1 muy cerca de fichar al delantero Carlos \u00c1lvarez - El Estatal de M\u00e9xico","og_description":"\ud83d\udd38 El delantero del Levante ya acept\u00f3 la oferta de las \u00c1guilas y solo falta el acuerdo entre","og_url":"https:\/\/elestataldemexico.com\/index.php\/2026\/09\/01\/america-esta-muy-cerca-de-fichar-al-delantero-carlos-alvarez\/","og_site_name":"El Estatal de M\u00e9xico","article_published_time":"2026-09-01T17:16:09+00:00","article_modified_time":"2026-09-01T17:16:20+00:00","author":"admin","twitter_card":"summary_large_image","twitter_misc":{"Escrito por":"admin","Tiempo de lectura":"1 minuto"},"schema":{"@context":"https:\/\/schema.org","@graph":[{"@type":"Article","@id":"https:\/\/elestataldemexico.com\/index.php\/2026\/09\/01\/america-esta-muy-cerca-de-fichar-al-delantero-carlos-alvarez\/#article","isPartOf":{"@id":"https:\/\/elestataldemexico.com\/index.php\/2026\/09\/01\/america-esta-muy-cerca-de-fichar-al-delantero-carlos-alvarez\/"},"author":{"name":"admin","@id":"https:\/\/elestataldemexico.com\/#\/schema\/person\/6c7813c13d2c1571771f592f0fe866bb"},"headline":"Am\u00e9rica est\u00e1 muy cerca de fichar al delantero Carlos \u00c1lvarez","datePublished":"2026-09-01T17:16:09+00:00","dateModified":"2026-09-01T17:16:20+00:00","mainEntityOfPage":{"@id":"https:\/\/elestataldemexico.com\/index.php\/2026\/09\/01\/america-esta-muy-cerca-de-fichar-al-delantero-carlos-alvarez\/"},"wordCount":241,"commentCount":0,"publisher":{"@id":"https:\/\/elestataldemexico.com\/#organization"},"image":{"@id":"https:\/\/elestataldemexico.com\/index.php\/2026\/09\/01\/america-esta-muy-cerca-de-fichar-al-delantero-carlos-alvarez\/#primaryimage"},"thumbnailUrl":"https:\/\/elestataldemexico.com\/wp-content\/uploads\/2026\/09\/WhatsApp-Image-2026-09-01-at-11.48.48.jpeg","articleSection":["Deportes"],"inLanguage":"es","potentialAction":[{"@type":"CommentAction","name":"Comment","target":["https:\/\/elestataldemexico.com\/index.php\/2026\/09\/01\/america-esta-muy-cerca-de-fichar-al-delantero-carlos-alvarez\/#respond"]}]},{"@type":"WebPage","@id":"https:\/\/elestataldemexico.com\/index.php\/2026\/09\/01\/america-esta-muy-cerca-de-fichar-al-delantero-carlos-alvarez\/","url":"https:\/\/elestataldemexico.com\/index.php\/2026\/09\/01\/america-esta-muy-cerca-de-fichar-al-delantero-carlos-alvarez\/","name":"Am\u00e9rica est\u00e1 muy cerca de fichar al delantero Carlos \u00c1lvarez - El Estatal de M\u00e9xico","isPartOf":{"@id":"https:\/\/elestataldemexico.com\/#website"},"primaryImageOfPage":{"@id":"https:\/\/elestataldemexico.com\/index.php\/2026\/09\/01\/america-esta-muy-cerca-de-fichar-al-delantero-carlos-alvarez\/#primaryimage"},"image":{"@id":"https:\/\/elestataldemexico.com\/index.php\/2026\/09\/01\/america-esta-muy-cerca-de-fichar-al-delantero-carlos-alvarez\/#primaryimage"},"thumbnailUrl":"https:\/\/elestataldemexico.com\/wp-content\/uploads\/2026\/09\/WhatsApp-Image-2026-09-01-at-11.48.48.jpeg","datePublished":"2026-09-01T17:16:09+00:00","dateModified":"2026-09-01T17:16:20+00:00","breadcrumb":{"@id":"https:\/\/elestataldemexico.com\/index.php\/2026\/09\/01\/america-esta-muy-cerca-de-fichar-al-delantero-carlos-alvarez\/#breadcrumb"},"inLanguage":"es","potentialAction":[{"@type":"ReadAction","target":["https:\/\/elestataldemexico.com\/index.php\/2026\/09\/01\/america-esta-muy-cerca-de-fichar-al-delantero-carlos-alvarez\/"]}]},{"@type":"ImageObject","inLanguage":"es","@id":"https:\/\/elestataldemexico.com\/index.php\/2026\/09\/01\/america-esta-muy-cerca-de-fichar-al-delantero-carlos-alvarez\/#primaryimage","url":"https:\/\/elestataldemexico.com\/wp-content\/uploads\/2026\/09\/WhatsApp-Image-2026-09-01-at-11.48.48.jpeg","contentUrl":"https:\/\/elestataldemexico.com\/wp-content\/uploads\/2026\/09\/WhatsApp-Image-2026-09-01-at-11.48.48.jpeg","width":1035,"height":583},{"@type":"BreadcrumbList","@id":"https:\/\/elestataldemexico.com\/index.php\/2026\/09\/01\/america-esta-muy-cerca-de-fichar-al-delantero-carlos-alvarez\/#breadcrumb","itemListElement":[{"@type":"ListItem","position":1,"name":"Portada","item":"https:\/\/elestataldemexico.com\/"},{"@type":"ListItem","position":2,"name":"Am\u00e9rica est\u00e1 muy cerca de fichar al delantero Carlos \u00c1lvarez"}]},{"@type":"WebSite","@id":"https:\/\/elestataldemexico.com\/#website","url":"https:\/\/elestataldemexico.com\/","name":"El Estatal de M\u00e9xico","description":"","publisher":{"@id":"https:\/\/elestataldemexico.com\/#organization"},"potentialAction":[{"@type":"SearchAction","target":{"@type":"EntryPoint","urlTemplate":"https:\/\/elestataldemexico.com\/?s={search_term_string}"},"query-input":{"@type":"PropertyValueSpecification","valueRequired":true,"valueName":"search_term_string"}}],"inLanguage":"es"},{"@type":"Organization","@id":"https:\/\/elestataldemexico.com\/#organization","name":"El Estatal de M\u00e9xico","url":"https:\/\/elestataldemexico.com\/","logo":{"@type":"ImageObject","inLanguage":"es","@id":"https:\/\/elestataldemexico.com\/#\/schema\/logo\/image\/","url":"https:\/\/elestataldemexico.com\/wp-content\/uploads\/2025\/05\/cropped-elestatal.png","contentUrl":"https:\/\/elestataldemexico.com\/wp-content\/uploads\/2025\/05\/cropped-elestatal.png","width":504,"height":97,"caption":"El Estatal de M\u00e9xico"},"image":{"@id":"https:\/\/elestataldemexico.com\/#\/schema\/logo\/image\/"}},{"@type":"Person","@id":"https:\/\/elestataldemexico.com\/#\/schema\/person\/6c7813c13d2c1571771f592f0fe866bb","name":"admin","image":{"@type":"ImageObject","inLanguage":"es","@id":"https:\/\/secure.gravatar.com\/avatar\/d5ed2db9923a3ad3c0a47f6b3aec7abcb43924b9322251ade16472fc06f7bb5b?s=96&d=mm&r=g","url":"https:\/\/secure.gravatar.com\/avatar\/d5ed2db9923a3ad3c0a47f6b3aec7abcb43924b9322251ade16472fc06f7bb5b?s=96&d=mm&r=g","contentUrl":"https:\/\/secure.gravatar.com\/avatar\/d5ed2db9923a3ad3c0a47f6b3aec7abcb43924b9322251ade16472fc06f7bb5b?s=96&d=mm&r=g","caption":"admin"},"sameAs":["https:\/\/elestataldemexico.com"],"url":"https:\/\/elestataldemexico.com\/index.php\/author\/info_qk62m3p3\/"}]}},"_links":{"self":[{"href":"https:\/\/elestataldemexico.com\/index.php\/wp-json\/wp\/v2\/posts\/46629","targetHints":{"allow":["GET"]}}],"collection":[{"href":"https:\/\/elestataldemexico.com\/index.php\/wp-json\/wp\/v2\/posts"}],"about":[{"href":"https:\/\/elestataldemexico.com\/index.php\/wp-json\/wp\/v2\/types\/post"}],"author":[{"embeddable":true,"href":"https:\/\/elestataldemexico.com\/index.php\/wp-json\/wp\/v2\/users\/1"}],"replies":[{"embeddable":true,"href":"https:\/\/elestataldemexico.com\/index.php\/wp-json\/wp\/v2\/comments?post=46629"}],"version-history":[{"count":1,"href":"https:\/\/elestataldemexico.com\/index.php\/wp-json\/wp\/v2\/posts\/46629\/revisions"}],"predecessor-version":[{"id":46630,"href":"https:\/\/elestataldemexico.com\/index.php\/wp-json\/wp\/v2\/posts\/46629\/revisions\/46630"}],"wp:featuredmedia":[{"embeddable":true,"href":"https:\/\/elestataldemexico.com\/index.php\/wp-json\/wp\/v2\/media\/46631"}],"wp:attachment":[{"href":"https:\/\/elestataldemexico.com\/index.php\/wp-json\/wp\/v2\/media?parent=46629"}],"wp:term":[{"taxonomy":"category","embeddable":true,"href":"https:\/\/elestataldemexico.com\/index.php\/wp-json\/wp\/v2\/categories?post=46629"},{"taxonomy":"post_tag","embeddable":true,"href":"https:\/\/elestataldemexico.com\/index.php\/wp-json\/wp\/v2\/tags?post=46629"}],"curies":[{"name":"wp","href":"https:\/\/api.w.org\/{rel}","templated":true}]}}