{"id":46575,"date":"2026-08-29T12:00:31","date_gmt":"2026-08-29T17:00:31","guid":{"rendered":"https:\/\/elestataldemexico.com\/?p=46575"},"modified":"2026-08-31T08:09:37","modified_gmt":"2026-08-31T13:09:37","slug":"estados-unidos-destruye-con-apoyo-de-ecuador-presunta-embarcacion-del-narcotrafico-en-el-pacifico","status":"publish","type":"post","link":"https:\/\/elestataldemexico.com\/index.php\/2026\/08\/29\/estados-unidos-destruye-con-apoyo-de-ecuador-presunta-embarcacion-del-narcotrafico-en-el-pacifico\/","title":{"rendered":"Estados Unidos destruye con apoyo de Ecuador presunta embarcaci\u00f3n del narcotr\u00e1fico en el Pac\u00edfico"},"content":{"rendered":"<p>\ud83d\uded1 Im\u00e1genes sensibles, se recomienda discreci\u00f3n<br \/>\n\ud83d\udcf9Video tomado de las redes sociales<\/p>\n<p>\ud83d\udd38 El gobierno de Donald Trump lanz\u00f3 hace un a\u00f1o una campa\u00f1a de bombardeos a\u00e9reos contra presuntas narcolanchas que deja m\u00e1s de 200 fallecidos.<\/p>\n<p>#INTERNACIONAL | El ej\u00e9rcito de Estados Unidos anunci\u00f3 el viernes que intercept\u00f3 y destruy\u00f3 una presunta embarcaci\u00f3n utilizada para el narcotr\u00e1fico en el Pac\u00edfico oriental, en una acci\u00f3n coordinada con el gobierno de Ecuador, la primera entre ambos pa\u00edses aliados.<\/p>\n<p>El Comando Sur de Estados Unidos (Southcom) se\u00f1al\u00f3 en la red X que sus fuerzas interceptaron una embarcaci\u00f3n que operaba como una \u00abestaci\u00f3n de reabastecimiento flotante\u00bb en aguas internacionales del Pac\u00edfico oriental.<\/p>\n<p>\u00abLa informaci\u00f3n de inteligencia confirma que la embarcaci\u00f3n, previamente identificada y objeto de sanciones del Departamento del Tesoro, operaba en apoyo de la organizaci\u00f3n violenta narcoterrorista Los Choneros\u00bb, indic\u00f3 el comunicado.<\/p>\n<p>Agreg\u00f3 que la tripulaci\u00f3n fue llevada hasta un puerto ecuatoriano y, posteriormente, la embarcaci\u00f3n fue destruida. En un video divulgado por el comando se ve la explosi\u00f3n de la nave.<\/p>\n<p>El grupo de ecuatorianos llevado al puerto pesquero de Manta (suroeste) neg\u00f3 que se dedicara al narcotr\u00e1fico.<\/p>\n<p>\u00abUno sale a pescar y a veces nos atacan los piratas. Ah\u00ed afuera ahora son los &#8216;gringos&#8217; que nos atacan (&#8230;) Ya no podemos vivir\u00bb, dijo a la prensa Darlin Mac\u00edas, mientras ense\u00f1aba una bolsa de comida militar que los estadunidenses les entregaron.<\/p>\n<p>El gobierno de Donald Trump lanz\u00f3 hace un a\u00f1o una campa\u00f1a de bombardeos a\u00e9reos contra presuntas lanchas del narcotr\u00e1fico en el Caribe y el Pac\u00edfico oriental, que deja m\u00e1s de 200 fallecidos.<\/p>\n<p>Por su parte, el presidente ecuatoriano Daniel Noboa sostiene una guerra contra el narcotr\u00e1fico con apoyo militar de Estados Unidos e incorpor\u00f3 a su pa\u00eds al Escudo de las Am\u00e9ricas, una coalici\u00f3n antidrogas integrada por una veintena de pa\u00edses de Am\u00e9rica Latina y el Caribe, liderada por Trump.<\/p>\n<p>La organizaci\u00f3n Human Rights Watch denunci\u00f3 que tres embarccaiones fueron presumiblemente atacadas por fuerzas estadunidenses ante las costas ecuatorianas entre enero y marzo de este a\u00f1o, con un saldo de al menos ocho desaparecidos, aunque Washington rechaza esta vinculaci\u00f3n.<\/p>\n<p>#EU #Destruye #Con #Apoyo #Ecuador #Presunta #Embarcaci\u00f3n #Narcotr\u00e1fico #Pac\u00edfico<\/p>\n","protected":false},"excerpt":{"rendered":"<p>\ud83d\uded1 Im\u00e1genes sensibles, se recomienda discreci\u00f3n \ud83d\udcf9Video tomado de las redes sociales \ud83d\udd38 El gobierno de Donald Trump<\/p>\n","protected":false},"author":1,"featured_media":46577,"comment_status":"open","ping_status":"closed","sticky":false,"template":"","format":"standard","meta":{"footnotes":""},"categories":[10],"tags":[],"class_list":["post-46575","post","type-post","status-publish","format-standard","has-post-thumbnail","hentry","category-internacional"],"yoast_head":"<!-- This site is optimized with the Yoast SEO plugin v28.3 - https:\/\/yoast.com\/product\/yoast-seo-wordpress\/ -->\n<title>Estados Unidos destruye con apoyo de Ecuador presunta embarcaci\u00f3n del narcotr\u00e1fico en el Pac\u00edfico - El Estatal de M\u00e9xico<\/title>\n<meta name=\"robots\" content=\"index, follow, max-snippet:-1, max-image-preview:large, max-video-preview:-1\" \/>\n<link rel=\"canonical\" href=\"https:\/\/elestataldemexico.com\/index.php\/2026\/08\/29\/estados-unidos-destruye-con-apoyo-de-ecuador-presunta-embarcacion-del-narcotrafico-en-el-pacifico\/\" \/>\n<meta property=\"og:locale\" content=\"es_ES\" \/>\n<meta property=\"og:type\" content=\"article\" \/>\n<meta property=\"og:title\" content=\"Estados Unidos destruye con apoyo de Ecuador presunta embarcaci\u00f3n del narcotr\u00e1fico en el Pac\u00edfico - El Estatal de M\u00e9xico\" \/>\n<meta property=\"og:description\" content=\"\ud83d\uded1 Im\u00e1genes sensibles, se recomienda discreci\u00f3n \ud83d\udcf9Video tomado de las redes sociales \ud83d\udd38 El gobierno de Donald Trump\" \/>\n<meta property=\"og:url\" content=\"https:\/\/elestataldemexico.com\/index.php\/2026\/08\/29\/estados-unidos-destruye-con-apoyo-de-ecuador-presunta-embarcacion-del-narcotrafico-en-el-pacifico\/\" \/>\n<meta property=\"og:site_name\" content=\"El Estatal de M\u00e9xico\" \/>\n<meta property=\"article:published_time\" content=\"2026-08-29T17:00:31+00:00\" \/>\n<meta property=\"article:modified_time\" content=\"2026-08-31T13:09:37+00:00\" \/>\n<meta name=\"author\" content=\"admin\" \/>\n<meta name=\"twitter:card\" content=\"summary_large_image\" \/>\n<meta name=\"twitter:label1\" content=\"Escrito por\" \/>\n\t<meta name=\"twitter:data1\" content=\"admin\" \/>\n\t<meta name=\"twitter:label2\" content=\"Tiempo de lectura\" \/>\n\t<meta name=\"twitter:data2\" content=\"2 minutos\" \/>\n<script type=\"application\/ld+json\" class=\"yoast-schema-graph\">{\"@context\":\"https:\\\/\\\/schema.org\",\"@graph\":[{\"@type\":\"Article\",\"@id\":\"https:\\\/\\\/elestataldemexico.com\\\/index.php\\\/2026\\\/08\\\/29\\\/estados-unidos-destruye-con-apoyo-de-ecuador-presunta-embarcacion-del-narcotrafico-en-el-pacifico\\\/#article\",\"isPartOf\":{\"@id\":\"https:\\\/\\\/elestataldemexico.com\\\/index.php\\\/2026\\\/08\\\/29\\\/estados-unidos-destruye-con-apoyo-de-ecuador-presunta-embarcacion-del-narcotrafico-en-el-pacifico\\\/\"},\"author\":{\"name\":\"admin\",\"@id\":\"https:\\\/\\\/elestataldemexico.com\\\/#\\\/schema\\\/person\\\/6c7813c13d2c1571771f592f0fe866bb\"},\"headline\":\"Estados Unidos destruye con apoyo de Ecuador presunta embarcaci\u00f3n del narcotr\u00e1fico en el Pac\u00edfico\",\"datePublished\":\"2026-08-29T17:00:31+00:00\",\"dateModified\":\"2026-08-31T13:09:37+00:00\",\"mainEntityOfPage\":{\"@id\":\"https:\\\/\\\/elestataldemexico.com\\\/index.php\\\/2026\\\/08\\\/29\\\/estados-unidos-destruye-con-apoyo-de-ecuador-presunta-embarcacion-del-narcotrafico-en-el-pacifico\\\/\"},\"wordCount\":411,\"commentCount\":0,\"publisher\":{\"@id\":\"https:\\\/\\\/elestataldemexico.com\\\/#organization\"},\"image\":{\"@id\":\"https:\\\/\\\/elestataldemexico.com\\\/index.php\\\/2026\\\/08\\\/29\\\/estados-unidos-destruye-con-apoyo-de-ecuador-presunta-embarcacion-del-narcotrafico-en-el-pacifico\\\/#primaryimage\"},\"thumbnailUrl\":\"https:\\\/\\\/elestataldemexico.com\\\/wp-content\\\/uploads\\\/2026\\\/08\\\/WhatsApp-Image-2026-08-29-at-11.46.25.jpeg\",\"articleSection\":[\"Internacional\"],\"inLanguage\":\"es\",\"potentialAction\":[{\"@type\":\"CommentAction\",\"name\":\"Comment\",\"target\":[\"https:\\\/\\\/elestataldemexico.com\\\/index.php\\\/2026\\\/08\\\/29\\\/estados-unidos-destruye-con-apoyo-de-ecuador-presunta-embarcacion-del-narcotrafico-en-el-pacifico\\\/#respond\"]}]},{\"@type\":\"WebPage\",\"@id\":\"https:\\\/\\\/elestataldemexico.com\\\/index.php\\\/2026\\\/08\\\/29\\\/estados-unidos-destruye-con-apoyo-de-ecuador-presunta-embarcacion-del-narcotrafico-en-el-pacifico\\\/\",\"url\":\"https:\\\/\\\/elestataldemexico.com\\\/index.php\\\/2026\\\/08\\\/29\\\/estados-unidos-destruye-con-apoyo-de-ecuador-presunta-embarcacion-del-narcotrafico-en-el-pacifico\\\/\",\"name\":\"Estados Unidos destruye con apoyo de Ecuador presunta embarcaci\u00f3n del narcotr\u00e1fico en el Pac\u00edfico - El Estatal de M\u00e9xico\",\"isPartOf\":{\"@id\":\"https:\\\/\\\/elestataldemexico.com\\\/#website\"},\"primaryImageOfPage\":{\"@id\":\"https:\\\/\\\/elestataldemexico.com\\\/index.php\\\/2026\\\/08\\\/29\\\/estados-unidos-destruye-con-apoyo-de-ecuador-presunta-embarcacion-del-narcotrafico-en-el-pacifico\\\/#primaryimage\"},\"image\":{\"@id\":\"https:\\\/\\\/elestataldemexico.com\\\/index.php\\\/2026\\\/08\\\/29\\\/estados-unidos-destruye-con-apoyo-de-ecuador-presunta-embarcacion-del-narcotrafico-en-el-pacifico\\\/#primaryimage\"},\"thumbnailUrl\":\"https:\\\/\\\/elestataldemexico.com\\\/wp-content\\\/uploads\\\/2026\\\/08\\\/WhatsApp-Image-2026-08-29-at-11.46.25.jpeg\",\"datePublished\":\"2026-08-29T17:00:31+00:00\",\"dateModified\":\"2026-08-31T13:09:37+00:00\",\"breadcrumb\":{\"@id\":\"https:\\\/\\\/elestataldemexico.com\\\/index.php\\\/2026\\\/08\\\/29\\\/estados-unidos-destruye-con-apoyo-de-ecuador-presunta-embarcacion-del-narcotrafico-en-el-pacifico\\\/#breadcrumb\"},\"inLanguage\":\"es\",\"potentialAction\":[{\"@type\":\"ReadAction\",\"target\":[\"https:\\\/\\\/elestataldemexico.com\\\/index.php\\\/2026\\\/08\\\/29\\\/estados-unidos-destruye-con-apoyo-de-ecuador-presunta-embarcacion-del-narcotrafico-en-el-pacifico\\\/\"]}]},{\"@type\":\"ImageObject\",\"inLanguage\":\"es\",\"@id\":\"https:\\\/\\\/elestataldemexico.com\\\/index.php\\\/2026\\\/08\\\/29\\\/estados-unidos-destruye-con-apoyo-de-ecuador-presunta-embarcacion-del-narcotrafico-en-el-pacifico\\\/#primaryimage\",\"url\":\"https:\\\/\\\/elestataldemexico.com\\\/wp-content\\\/uploads\\\/2026\\\/08\\\/WhatsApp-Image-2026-08-29-at-11.46.25.jpeg\",\"contentUrl\":\"https:\\\/\\\/elestataldemexico.com\\\/wp-content\\\/uploads\\\/2026\\\/08\\\/WhatsApp-Image-2026-08-29-at-11.46.25.jpeg\",\"width\":1034,\"height\":583},{\"@type\":\"BreadcrumbList\",\"@id\":\"https:\\\/\\\/elestataldemexico.com\\\/index.php\\\/2026\\\/08\\\/29\\\/estados-unidos-destruye-con-apoyo-de-ecuador-presunta-embarcacion-del-narcotrafico-en-el-pacifico\\\/#breadcrumb\",\"itemListElement\":[{\"@type\":\"ListItem\",\"position\":1,\"name\":\"Portada\",\"item\":\"https:\\\/\\\/elestataldemexico.com\\\/\"},{\"@type\":\"ListItem\",\"position\":2,\"name\":\"Estados Unidos destruye con apoyo de Ecuador presunta embarcaci\u00f3n del narcotr\u00e1fico en el Pac\u00edfico\"}]},{\"@type\":\"WebSite\",\"@id\":\"https:\\\/\\\/elestataldemexico.com\\\/#website\",\"url\":\"https:\\\/\\\/elestataldemexico.com\\\/\",\"name\":\"El Estatal de M\u00e9xico\",\"description\":\"\",\"publisher\":{\"@id\":\"https:\\\/\\\/elestataldemexico.com\\\/#organization\"},\"potentialAction\":[{\"@type\":\"SearchAction\",\"target\":{\"@type\":\"EntryPoint\",\"urlTemplate\":\"https:\\\/\\\/elestataldemexico.com\\\/?s={search_term_string}\"},\"query-input\":{\"@type\":\"PropertyValueSpecification\",\"valueRequired\":true,\"valueName\":\"search_term_string\"}}],\"inLanguage\":\"es\"},{\"@type\":\"Organization\",\"@id\":\"https:\\\/\\\/elestataldemexico.com\\\/#organization\",\"name\":\"El Estatal de M\u00e9xico\",\"url\":\"https:\\\/\\\/elestataldemexico.com\\\/\",\"logo\":{\"@type\":\"ImageObject\",\"inLanguage\":\"es\",\"@id\":\"https:\\\/\\\/elestataldemexico.com\\\/#\\\/schema\\\/logo\\\/image\\\/\",\"url\":\"https:\\\/\\\/elestataldemexico.com\\\/wp-content\\\/uploads\\\/2025\\\/05\\\/cropped-elestatal.png\",\"contentUrl\":\"https:\\\/\\\/elestataldemexico.com\\\/wp-content\\\/uploads\\\/2025\\\/05\\\/cropped-elestatal.png\",\"width\":504,\"height\":97,\"caption\":\"El Estatal de M\u00e9xico\"},\"image\":{\"@id\":\"https:\\\/\\\/elestataldemexico.com\\\/#\\\/schema\\\/logo\\\/image\\\/\"}},{\"@type\":\"Person\",\"@id\":\"https:\\\/\\\/elestataldemexico.com\\\/#\\\/schema\\\/person\\\/6c7813c13d2c1571771f592f0fe866bb\",\"name\":\"admin\",\"image\":{\"@type\":\"ImageObject\",\"inLanguage\":\"es\",\"@id\":\"https:\\\/\\\/secure.gravatar.com\\\/avatar\\\/d5ed2db9923a3ad3c0a47f6b3aec7abcb43924b9322251ade16472fc06f7bb5b?s=96&d=mm&r=g\",\"url\":\"https:\\\/\\\/secure.gravatar.com\\\/avatar\\\/d5ed2db9923a3ad3c0a47f6b3aec7abcb43924b9322251ade16472fc06f7bb5b?s=96&d=mm&r=g\",\"contentUrl\":\"https:\\\/\\\/secure.gravatar.com\\\/avatar\\\/d5ed2db9923a3ad3c0a47f6b3aec7abcb43924b9322251ade16472fc06f7bb5b?s=96&d=mm&r=g\",\"caption\":\"admin\"},\"sameAs\":[\"https:\\\/\\\/elestataldemexico.com\"],\"url\":\"https:\\\/\\\/elestataldemexico.com\\\/index.php\\\/author\\\/info_qk62m3p3\\\/\"}]}<\/script>\n<!-- \/ Yoast SEO plugin. -->","yoast_head_json":{"title":"Estados Unidos destruye con apoyo de Ecuador presunta embarcaci\u00f3n del narcotr\u00e1fico en el Pac\u00edfico - El Estatal de M\u00e9xico","robots":{"index":"index","follow":"follow","max-snippet":"max-snippet:-1","max-image-preview":"max-image-preview:large","max-video-preview":"max-video-preview:-1"},"canonical":"https:\/\/elestataldemexico.com\/index.php\/2026\/08\/29\/estados-unidos-destruye-con-apoyo-de-ecuador-presunta-embarcacion-del-narcotrafico-en-el-pacifico\/","og_locale":"es_ES","og_type":"article","og_title":"Estados Unidos destruye con apoyo de Ecuador presunta embarcaci\u00f3n del narcotr\u00e1fico en el Pac\u00edfico - El Estatal de M\u00e9xico","og_description":"\ud83d\uded1 Im\u00e1genes sensibles, se recomienda discreci\u00f3n \ud83d\udcf9Video tomado de las redes sociales \ud83d\udd38 El gobierno de Donald Trump","og_url":"https:\/\/elestataldemexico.com\/index.php\/2026\/08\/29\/estados-unidos-destruye-con-apoyo-de-ecuador-presunta-embarcacion-del-narcotrafico-en-el-pacifico\/","og_site_name":"El Estatal de M\u00e9xico","article_published_time":"2026-08-29T17:00:31+00:00","article_modified_time":"2026-08-31T13:09:37+00:00","author":"admin","twitter_card":"summary_large_image","twitter_misc":{"Escrito por":"admin","Tiempo de lectura":"2 minutos"},"schema":{"@context":"https:\/\/schema.org","@graph":[{"@type":"Article","@id":"https:\/\/elestataldemexico.com\/index.php\/2026\/08\/29\/estados-unidos-destruye-con-apoyo-de-ecuador-presunta-embarcacion-del-narcotrafico-en-el-pacifico\/#article","isPartOf":{"@id":"https:\/\/elestataldemexico.com\/index.php\/2026\/08\/29\/estados-unidos-destruye-con-apoyo-de-ecuador-presunta-embarcacion-del-narcotrafico-en-el-pacifico\/"},"author":{"name":"admin","@id":"https:\/\/elestataldemexico.com\/#\/schema\/person\/6c7813c13d2c1571771f592f0fe866bb"},"headline":"Estados Unidos destruye con apoyo de Ecuador presunta embarcaci\u00f3n del narcotr\u00e1fico en el Pac\u00edfico","datePublished":"2026-08-29T17:00:31+00:00","dateModified":"2026-08-31T13:09:37+00:00","mainEntityOfPage":{"@id":"https:\/\/elestataldemexico.com\/index.php\/2026\/08\/29\/estados-unidos-destruye-con-apoyo-de-ecuador-presunta-embarcacion-del-narcotrafico-en-el-pacifico\/"},"wordCount":411,"commentCount":0,"publisher":{"@id":"https:\/\/elestataldemexico.com\/#organization"},"image":{"@id":"https:\/\/elestataldemexico.com\/index.php\/2026\/08\/29\/estados-unidos-destruye-con-apoyo-de-ecuador-presunta-embarcacion-del-narcotrafico-en-el-pacifico\/#primaryimage"},"thumbnailUrl":"https:\/\/elestataldemexico.com\/wp-content\/uploads\/2026\/08\/WhatsApp-Image-2026-08-29-at-11.46.25.jpeg","articleSection":["Internacional"],"inLanguage":"es","potentialAction":[{"@type":"CommentAction","name":"Comment","target":["https:\/\/elestataldemexico.com\/index.php\/2026\/08\/29\/estados-unidos-destruye-con-apoyo-de-ecuador-presunta-embarcacion-del-narcotrafico-en-el-pacifico\/#respond"]}]},{"@type":"WebPage","@id":"https:\/\/elestataldemexico.com\/index.php\/2026\/08\/29\/estados-unidos-destruye-con-apoyo-de-ecuador-presunta-embarcacion-del-narcotrafico-en-el-pacifico\/","url":"https:\/\/elestataldemexico.com\/index.php\/2026\/08\/29\/estados-unidos-destruye-con-apoyo-de-ecuador-presunta-embarcacion-del-narcotrafico-en-el-pacifico\/","name":"Estados Unidos destruye con apoyo de Ecuador presunta embarcaci\u00f3n del narcotr\u00e1fico en el Pac\u00edfico - El Estatal de M\u00e9xico","isPartOf":{"@id":"https:\/\/elestataldemexico.com\/#website"},"primaryImageOfPage":{"@id":"https:\/\/elestataldemexico.com\/index.php\/2026\/08\/29\/estados-unidos-destruye-con-apoyo-de-ecuador-presunta-embarcacion-del-narcotrafico-en-el-pacifico\/#primaryimage"},"image":{"@id":"https:\/\/elestataldemexico.com\/index.php\/2026\/08\/29\/estados-unidos-destruye-con-apoyo-de-ecuador-presunta-embarcacion-del-narcotrafico-en-el-pacifico\/#primaryimage"},"thumbnailUrl":"https:\/\/elestataldemexico.com\/wp-content\/uploads\/2026\/08\/WhatsApp-Image-2026-08-29-at-11.46.25.jpeg","datePublished":"2026-08-29T17:00:31+00:00","dateModified":"2026-08-31T13:09:37+00:00","breadcrumb":{"@id":"https:\/\/elestataldemexico.com\/index.php\/2026\/08\/29\/estados-unidos-destruye-con-apoyo-de-ecuador-presunta-embarcacion-del-narcotrafico-en-el-pacifico\/#breadcrumb"},"inLanguage":"es","potentialAction":[{"@type":"ReadAction","target":["https:\/\/elestataldemexico.com\/index.php\/2026\/08\/29\/estados-unidos-destruye-con-apoyo-de-ecuador-presunta-embarcacion-del-narcotrafico-en-el-pacifico\/"]}]},{"@type":"ImageObject","inLanguage":"es","@id":"https:\/\/elestataldemexico.com\/index.php\/2026\/08\/29\/estados-unidos-destruye-con-apoyo-de-ecuador-presunta-embarcacion-del-narcotrafico-en-el-pacifico\/#primaryimage","url":"https:\/\/elestataldemexico.com\/wp-content\/uploads\/2026\/08\/WhatsApp-Image-2026-08-29-at-11.46.25.jpeg","contentUrl":"https:\/\/elestataldemexico.com\/wp-content\/uploads\/2026\/08\/WhatsApp-Image-2026-08-29-at-11.46.25.jpeg","width":1034,"height":583},{"@type":"BreadcrumbList","@id":"https:\/\/elestataldemexico.com\/index.php\/2026\/08\/29\/estados-unidos-destruye-con-apoyo-de-ecuador-presunta-embarcacion-del-narcotrafico-en-el-pacifico\/#breadcrumb","itemListElement":[{"@type":"ListItem","position":1,"name":"Portada","item":"https:\/\/elestataldemexico.com\/"},{"@type":"ListItem","position":2,"name":"Estados Unidos destruye con apoyo de Ecuador presunta embarcaci\u00f3n del narcotr\u00e1fico en el Pac\u00edfico"}]},{"@type":"WebSite","@id":"https:\/\/elestataldemexico.com\/#website","url":"https:\/\/elestataldemexico.com\/","name":"El Estatal de M\u00e9xico","description":"","publisher":{"@id":"https:\/\/elestataldemexico.com\/#organization"},"potentialAction":[{"@type":"SearchAction","target":{"@type":"EntryPoint","urlTemplate":"https:\/\/elestataldemexico.com\/?s={search_term_string}"},"query-input":{"@type":"PropertyValueSpecification","valueRequired":true,"valueName":"search_term_string"}}],"inLanguage":"es"},{"@type":"Organization","@id":"https:\/\/elestataldemexico.com\/#organization","name":"El Estatal de M\u00e9xico","url":"https:\/\/elestataldemexico.com\/","logo":{"@type":"ImageObject","inLanguage":"es","@id":"https:\/\/elestataldemexico.com\/#\/schema\/logo\/image\/","url":"https:\/\/elestataldemexico.com\/wp-content\/uploads\/2025\/05\/cropped-elestatal.png","contentUrl":"https:\/\/elestataldemexico.com\/wp-content\/uploads\/2025\/05\/cropped-elestatal.png","width":504,"height":97,"caption":"El Estatal de M\u00e9xico"},"image":{"@id":"https:\/\/elestataldemexico.com\/#\/schema\/logo\/image\/"}},{"@type":"Person","@id":"https:\/\/elestataldemexico.com\/#\/schema\/person\/6c7813c13d2c1571771f592f0fe866bb","name":"admin","image":{"@type":"ImageObject","inLanguage":"es","@id":"https:\/\/secure.gravatar.com\/avatar\/d5ed2db9923a3ad3c0a47f6b3aec7abcb43924b9322251ade16472fc06f7bb5b?s=96&d=mm&r=g","url":"https:\/\/secure.gravatar.com\/avatar\/d5ed2db9923a3ad3c0a47f6b3aec7abcb43924b9322251ade16472fc06f7bb5b?s=96&d=mm&r=g","contentUrl":"https:\/\/secure.gravatar.com\/avatar\/d5ed2db9923a3ad3c0a47f6b3aec7abcb43924b9322251ade16472fc06f7bb5b?s=96&d=mm&r=g","caption":"admin"},"sameAs":["https:\/\/elestataldemexico.com"],"url":"https:\/\/elestataldemexico.com\/index.php\/author\/info_qk62m3p3\/"}]}},"_links":{"self":[{"href":"https:\/\/elestataldemexico.com\/index.php\/wp-json\/wp\/v2\/posts\/46575","targetHints":{"allow":["GET"]}}],"collection":[{"href":"https:\/\/elestataldemexico.com\/index.php\/wp-json\/wp\/v2\/posts"}],"about":[{"href":"https:\/\/elestataldemexico.com\/index.php\/wp-json\/wp\/v2\/types\/post"}],"author":[{"embeddable":true,"href":"https:\/\/elestataldemexico.com\/index.php\/wp-json\/wp\/v2\/users\/1"}],"replies":[{"embeddable":true,"href":"https:\/\/elestataldemexico.com\/index.php\/wp-json\/wp\/v2\/comments?post=46575"}],"version-history":[{"count":1,"href":"https:\/\/elestataldemexico.com\/index.php\/wp-json\/wp\/v2\/posts\/46575\/revisions"}],"predecessor-version":[{"id":46576,"href":"https:\/\/elestataldemexico.com\/index.php\/wp-json\/wp\/v2\/posts\/46575\/revisions\/46576"}],"wp:featuredmedia":[{"embeddable":true,"href":"https:\/\/elestataldemexico.com\/index.php\/wp-json\/wp\/v2\/media\/46577"}],"wp:attachment":[{"href":"https:\/\/elestataldemexico.com\/index.php\/wp-json\/wp\/v2\/media?parent=46575"}],"wp:term":[{"taxonomy":"category","embeddable":true,"href":"https:\/\/elestataldemexico.com\/index.php\/wp-json\/wp\/v2\/categories?post=46575"},{"taxonomy":"post_tag","embeddable":true,"href":"https:\/\/elestataldemexico.com\/index.php\/wp-json\/wp\/v2\/tags?post=46575"}],"curies":[{"name":"wp","href":"https:\/\/api.w.org\/{rel}","templated":true}]}}