{"id":42704,"date":"2026-05-01T11:21:20","date_gmt":"2026-05-01T16:21:20","guid":{"rendered":"https:\/\/elestataldemexico.com\/?p=42704"},"modified":"2026-05-01T11:21:20","modified_gmt":"2026-05-01T16:21:20","slug":"atienden-gobierno-de-margarita-gonzalez-saravia-y-unicef-mexico-salud-mental-de-adolescentes-y-jovenes","status":"publish","type":"post","link":"https:\/\/elestataldemexico.com\/index.php\/2026\/05\/01\/atienden-gobierno-de-margarita-gonzalez-saravia-y-unicef-mexico-salud-mental-de-adolescentes-y-jovenes\/","title":{"rendered":"Atienden Gobierno de Margarita Gonz\u00e1lez Saravia y Unicef M\u00e9xico salud mental de adolescentes y j\u00f3venes"},"content":{"rendered":"<p>\ud83d\udd38La titular del Poder Ejecutivo encabez\u00f3 la puesta en marcha del proyecto Contacto Joven Cobaem<\/p>\n<p>&nbsp;<\/p>\n<p>#MORELOS | La gobernadora Margarita Gonz\u00e1lez Saravia encabez\u00f3 la puesta en marcha del proyecto Contacto Joven Cobaem, impulsado de manera conjunta por el Poder Ejecutivo y el Fondo de las Naciones Unidas para la Infancia (UNICEF, por sus siglas en ingl\u00e9s) M\u00e9xico, con el objetivo de brindar acompa\u00f1amiento psicoemocional a adolescentes y j\u00f3venes.<\/p>\n<p>El evento se llev\u00f3 a cabo en las instalaciones del Colegio de Bachilleres del Estado de Morelos (Cobaem), en Cuernavaca, donde la mandataria recibi\u00f3 a Maki Kato, representante de UNICEF M\u00e9xico.<\/p>\n<p>Durante su mensaje, Margarita Gonz\u00e1lez Saravia destac\u00f3 que el bienestar de la ni\u00f1ez, adolescencia y juventud morelense es una prioridad de su administraci\u00f3n, por lo que se impulsan programas como C\u00e1lmecac y Telpochcalli, enfocados en atender la salud mental y prevenir el consumo de alcohol y sustancias il\u00edcitas entre estudiantes.<\/p>\n<p>En este sentido, subray\u00f3 la importancia de este proyecto: \u201cSi ustedes tienen alg\u00fan problema que les est\u00e9 afectando, pueden acudir a Contacto Joven para encontrar a alguien que los escuche y los apoye; tengan la certeza de que aqu\u00ed encontrar\u00e1n acompa\u00f1amiento, sin juicios\u201d.<\/p>\n<p>Por su parte, Maki Kato inform\u00f3 que en M\u00e9xico m\u00e1s del 70 por ciento de las y los j\u00f3venes se sienten abrumados y m\u00e1s del 50 por ciento ha experimentado malestar emocional, de acuerdo con estudios recientes, por lo que enfatiz\u00f3 la responsabilidad de atender el bienestar emocional de este sector.<\/p>\n<p>Asimismo, record\u00f3 que el programa est\u00e1 dirigido a adolescentes y j\u00f3venes que enfrentan desaf\u00edos como estr\u00e9s, ansiedad, presi\u00f3n escolar o situaciones familiares complejas, y puso a disposici\u00f3n el n\u00famero 5579009669 para recibir atenci\u00f3n gratuita mediante el env\u00edo de la palabra \u201cContacto Joven\u201d.<\/p>\n<p>En su intervenci\u00f3n, Karla Aline Herrera Alonso, secretaria de Educaci\u00f3n, se\u00f1al\u00f3 que esta iniciativa beneficia de manera directa a 11 mil estudiantes en la entidad, al tiempo que destac\u00f3 la importancia de atender la salud socioemocional como parte fundamental del proceso educativo.<\/p>\n<p>A nombre de las y los estudiantes, Ezequiel Garc\u00eda Bautista reconoci\u00f3 que este proyecto representa un espacio de escucha y acompa\u00f1amiento, e invit\u00f3 a sus compa\u00f1eras y compa\u00f1eros a hacer uso de esta herramienta.<\/p>\n<p>A la presentaci\u00f3n acudieron Maribel Abarca L\u00f3pez, directora general del Cobaem; Rodrigo Heredia del Orbe, director general del Instituto Morelense de las Personas J\u00f3venes y Adolescentes (Impajoven); Ra\u00fal Aguirre Espitia, director general del Instituto de Educaci\u00f3n B\u00e1sica del Estado de Morelos; Eric Jonathan Ju\u00e1rez Gonz\u00e1lez, responsable del Programa Estatal de Salud Mental y Adicciones de Servicios de Salud Morelos (SSM); Diana Puente Salazar, especialista en salud mental de UNICEF M\u00e9xico; rectores de universidades particulares y autoridades de Centros de Integraci\u00f3n Juvenil (CIJ).<\/p>\n","protected":false},"excerpt":{"rendered":"<p>\ud83d\udd38La titular del Poder Ejecutivo encabez\u00f3 la puesta en marcha del proyecto Contacto Joven Cobaem &nbsp; #MORELOS |<\/p>\n","protected":false},"author":1,"featured_media":42705,"comment_status":"open","ping_status":"closed","sticky":false,"template":"","format":"standard","meta":{"footnotes":""},"categories":[18,7],"tags":[],"class_list":["post-42704","post","type-post","status-publish","format-standard","has-post-thumbnail","hentry","category-morelos","category-nacional"],"yoast_head":"<!-- This site is optimized with the Yoast SEO plugin v27.5 - https:\/\/yoast.com\/product\/yoast-seo-wordpress\/ -->\n<title>Atienden Gobierno de Margarita Gonz\u00e1lez Saravia y Unicef M\u00e9xico salud mental de adolescentes y j\u00f3venes - El Estatal de M\u00e9xico<\/title>\n<meta name=\"robots\" content=\"index, follow, max-snippet:-1, max-image-preview:large, max-video-preview:-1\" \/>\n<link rel=\"canonical\" href=\"https:\/\/elestataldemexico.com\/index.php\/2026\/05\/01\/atienden-gobierno-de-margarita-gonzalez-saravia-y-unicef-mexico-salud-mental-de-adolescentes-y-jovenes\/\" \/>\n<meta property=\"og:locale\" content=\"es_ES\" \/>\n<meta property=\"og:type\" content=\"article\" \/>\n<meta property=\"og:title\" content=\"Atienden Gobierno de Margarita Gonz\u00e1lez Saravia y Unicef M\u00e9xico salud mental de adolescentes y j\u00f3venes - El Estatal de M\u00e9xico\" \/>\n<meta property=\"og:description\" content=\"\ud83d\udd38La titular del Poder Ejecutivo encabez\u00f3 la puesta en marcha del proyecto Contacto Joven Cobaem &nbsp; #MORELOS |\" \/>\n<meta property=\"og:url\" content=\"https:\/\/elestataldemexico.com\/index.php\/2026\/05\/01\/atienden-gobierno-de-margarita-gonzalez-saravia-y-unicef-mexico-salud-mental-de-adolescentes-y-jovenes\/\" \/>\n<meta property=\"og:site_name\" content=\"El Estatal de M\u00e9xico\" \/>\n<meta property=\"article:published_time\" content=\"2026-05-01T16:21:20+00:00\" \/>\n<meta property=\"og:image\" content=\"https:\/\/elestataldemexico.com\/wp-content\/uploads\/2026\/05\/69f4b49a0f1ce87670d3d524_ecd8d5ef-5c2d-46fb-a8d7-a31dc3133310.jpg\" \/>\n\t<meta property=\"og:image:width\" content=\"1280\" \/>\n\t<meta property=\"og:image:height\" content=\"852\" \/>\n\t<meta property=\"og:image:type\" content=\"image\/jpeg\" \/>\n<meta name=\"author\" content=\"admin\" \/>\n<meta name=\"twitter:card\" content=\"summary_large_image\" \/>\n<meta name=\"twitter:image\" content=\"https:\/\/elestataldemexico.com\/wp-content\/uploads\/2026\/05\/69f4b49a0f1ce87670d3d524_ecd8d5ef-5c2d-46fb-a8d7-a31dc3133310.jpg\" \/>\n<meta name=\"twitter:label1\" content=\"Escrito por\" \/>\n\t<meta name=\"twitter:data1\" content=\"admin\" \/>\n\t<meta name=\"twitter:label2\" content=\"Tiempo de lectura\" \/>\n\t<meta name=\"twitter:data2\" content=\"3 minutos\" \/>\n<script type=\"application\/ld+json\" class=\"yoast-schema-graph\">{\"@context\":\"https:\\\/\\\/schema.org\",\"@graph\":[{\"@type\":\"Article\",\"@id\":\"https:\\\/\\\/elestataldemexico.com\\\/index.php\\\/2026\\\/05\\\/01\\\/atienden-gobierno-de-margarita-gonzalez-saravia-y-unicef-mexico-salud-mental-de-adolescentes-y-jovenes\\\/#article\",\"isPartOf\":{\"@id\":\"https:\\\/\\\/elestataldemexico.com\\\/index.php\\\/2026\\\/05\\\/01\\\/atienden-gobierno-de-margarita-gonzalez-saravia-y-unicef-mexico-salud-mental-de-adolescentes-y-jovenes\\\/\"},\"author\":{\"name\":\"admin\",\"@id\":\"https:\\\/\\\/elestataldemexico.com\\\/#\\\/schema\\\/person\\\/6c7813c13d2c1571771f592f0fe866bb\"},\"headline\":\"Atienden Gobierno de Margarita Gonz\u00e1lez Saravia y Unicef M\u00e9xico salud mental de adolescentes y j\u00f3venes\",\"datePublished\":\"2026-05-01T16:21:20+00:00\",\"mainEntityOfPage\":{\"@id\":\"https:\\\/\\\/elestataldemexico.com\\\/index.php\\\/2026\\\/05\\\/01\\\/atienden-gobierno-de-margarita-gonzalez-saravia-y-unicef-mexico-salud-mental-de-adolescentes-y-jovenes\\\/\"},\"wordCount\":500,\"commentCount\":0,\"publisher\":{\"@id\":\"https:\\\/\\\/elestataldemexico.com\\\/#organization\"},\"image\":{\"@id\":\"https:\\\/\\\/elestataldemexico.com\\\/index.php\\\/2026\\\/05\\\/01\\\/atienden-gobierno-de-margarita-gonzalez-saravia-y-unicef-mexico-salud-mental-de-adolescentes-y-jovenes\\\/#primaryimage\"},\"thumbnailUrl\":\"https:\\\/\\\/elestataldemexico.com\\\/wp-content\\\/uploads\\\/2026\\\/05\\\/69f4b49a0f1ce87670d3d524_ecd8d5ef-5c2d-46fb-a8d7-a31dc3133310.jpg\",\"articleSection\":[\"Morelos\",\"Nacional\"],\"inLanguage\":\"es\",\"potentialAction\":[{\"@type\":\"CommentAction\",\"name\":\"Comment\",\"target\":[\"https:\\\/\\\/elestataldemexico.com\\\/index.php\\\/2026\\\/05\\\/01\\\/atienden-gobierno-de-margarita-gonzalez-saravia-y-unicef-mexico-salud-mental-de-adolescentes-y-jovenes\\\/#respond\"]}]},{\"@type\":\"WebPage\",\"@id\":\"https:\\\/\\\/elestataldemexico.com\\\/index.php\\\/2026\\\/05\\\/01\\\/atienden-gobierno-de-margarita-gonzalez-saravia-y-unicef-mexico-salud-mental-de-adolescentes-y-jovenes\\\/\",\"url\":\"https:\\\/\\\/elestataldemexico.com\\\/index.php\\\/2026\\\/05\\\/01\\\/atienden-gobierno-de-margarita-gonzalez-saravia-y-unicef-mexico-salud-mental-de-adolescentes-y-jovenes\\\/\",\"name\":\"Atienden Gobierno de Margarita Gonz\u00e1lez Saravia y Unicef M\u00e9xico salud mental de adolescentes y j\u00f3venes - El Estatal de M\u00e9xico\",\"isPartOf\":{\"@id\":\"https:\\\/\\\/elestataldemexico.com\\\/#website\"},\"primaryImageOfPage\":{\"@id\":\"https:\\\/\\\/elestataldemexico.com\\\/index.php\\\/2026\\\/05\\\/01\\\/atienden-gobierno-de-margarita-gonzalez-saravia-y-unicef-mexico-salud-mental-de-adolescentes-y-jovenes\\\/#primaryimage\"},\"image\":{\"@id\":\"https:\\\/\\\/elestataldemexico.com\\\/index.php\\\/2026\\\/05\\\/01\\\/atienden-gobierno-de-margarita-gonzalez-saravia-y-unicef-mexico-salud-mental-de-adolescentes-y-jovenes\\\/#primaryimage\"},\"thumbnailUrl\":\"https:\\\/\\\/elestataldemexico.com\\\/wp-content\\\/uploads\\\/2026\\\/05\\\/69f4b49a0f1ce87670d3d524_ecd8d5ef-5c2d-46fb-a8d7-a31dc3133310.jpg\",\"datePublished\":\"2026-05-01T16:21:20+00:00\",\"breadcrumb\":{\"@id\":\"https:\\\/\\\/elestataldemexico.com\\\/index.php\\\/2026\\\/05\\\/01\\\/atienden-gobierno-de-margarita-gonzalez-saravia-y-unicef-mexico-salud-mental-de-adolescentes-y-jovenes\\\/#breadcrumb\"},\"inLanguage\":\"es\",\"potentialAction\":[{\"@type\":\"ReadAction\",\"target\":[\"https:\\\/\\\/elestataldemexico.com\\\/index.php\\\/2026\\\/05\\\/01\\\/atienden-gobierno-de-margarita-gonzalez-saravia-y-unicef-mexico-salud-mental-de-adolescentes-y-jovenes\\\/\"]}]},{\"@type\":\"ImageObject\",\"inLanguage\":\"es\",\"@id\":\"https:\\\/\\\/elestataldemexico.com\\\/index.php\\\/2026\\\/05\\\/01\\\/atienden-gobierno-de-margarita-gonzalez-saravia-y-unicef-mexico-salud-mental-de-adolescentes-y-jovenes\\\/#primaryimage\",\"url\":\"https:\\\/\\\/elestataldemexico.com\\\/wp-content\\\/uploads\\\/2026\\\/05\\\/69f4b49a0f1ce87670d3d524_ecd8d5ef-5c2d-46fb-a8d7-a31dc3133310.jpg\",\"contentUrl\":\"https:\\\/\\\/elestataldemexico.com\\\/wp-content\\\/uploads\\\/2026\\\/05\\\/69f4b49a0f1ce87670d3d524_ecd8d5ef-5c2d-46fb-a8d7-a31dc3133310.jpg\",\"width\":1280,\"height\":852},{\"@type\":\"BreadcrumbList\",\"@id\":\"https:\\\/\\\/elestataldemexico.com\\\/index.php\\\/2026\\\/05\\\/01\\\/atienden-gobierno-de-margarita-gonzalez-saravia-y-unicef-mexico-salud-mental-de-adolescentes-y-jovenes\\\/#breadcrumb\",\"itemListElement\":[{\"@type\":\"ListItem\",\"position\":1,\"name\":\"Portada\",\"item\":\"https:\\\/\\\/elestataldemexico.com\\\/\"},{\"@type\":\"ListItem\",\"position\":2,\"name\":\"Atienden Gobierno de Margarita Gonz\u00e1lez Saravia y Unicef M\u00e9xico salud mental de adolescentes y j\u00f3venes\"}]},{\"@type\":\"WebSite\",\"@id\":\"https:\\\/\\\/elestataldemexico.com\\\/#website\",\"url\":\"https:\\\/\\\/elestataldemexico.com\\\/\",\"name\":\"El Estatal de M\u00e9xico\",\"description\":\"\",\"publisher\":{\"@id\":\"https:\\\/\\\/elestataldemexico.com\\\/#organization\"},\"potentialAction\":[{\"@type\":\"SearchAction\",\"target\":{\"@type\":\"EntryPoint\",\"urlTemplate\":\"https:\\\/\\\/elestataldemexico.com\\\/?s={search_term_string}\"},\"query-input\":{\"@type\":\"PropertyValueSpecification\",\"valueRequired\":true,\"valueName\":\"search_term_string\"}}],\"inLanguage\":\"es\"},{\"@type\":\"Organization\",\"@id\":\"https:\\\/\\\/elestataldemexico.com\\\/#organization\",\"name\":\"El Estatal de M\u00e9xico\",\"url\":\"https:\\\/\\\/elestataldemexico.com\\\/\",\"logo\":{\"@type\":\"ImageObject\",\"inLanguage\":\"es\",\"@id\":\"https:\\\/\\\/elestataldemexico.com\\\/#\\\/schema\\\/logo\\\/image\\\/\",\"url\":\"https:\\\/\\\/elestataldemexico.com\\\/wp-content\\\/uploads\\\/2025\\\/05\\\/cropped-elestatal.png\",\"contentUrl\":\"https:\\\/\\\/elestataldemexico.com\\\/wp-content\\\/uploads\\\/2025\\\/05\\\/cropped-elestatal.png\",\"width\":504,\"height\":97,\"caption\":\"El Estatal de M\u00e9xico\"},\"image\":{\"@id\":\"https:\\\/\\\/elestataldemexico.com\\\/#\\\/schema\\\/logo\\\/image\\\/\"}},{\"@type\":\"Person\",\"@id\":\"https:\\\/\\\/elestataldemexico.com\\\/#\\\/schema\\\/person\\\/6c7813c13d2c1571771f592f0fe866bb\",\"name\":\"admin\",\"image\":{\"@type\":\"ImageObject\",\"inLanguage\":\"es\",\"@id\":\"https:\\\/\\\/secure.gravatar.com\\\/avatar\\\/d5ed2db9923a3ad3c0a47f6b3aec7abcb43924b9322251ade16472fc06f7bb5b?s=96&d=mm&r=g\",\"url\":\"https:\\\/\\\/secure.gravatar.com\\\/avatar\\\/d5ed2db9923a3ad3c0a47f6b3aec7abcb43924b9322251ade16472fc06f7bb5b?s=96&d=mm&r=g\",\"contentUrl\":\"https:\\\/\\\/secure.gravatar.com\\\/avatar\\\/d5ed2db9923a3ad3c0a47f6b3aec7abcb43924b9322251ade16472fc06f7bb5b?s=96&d=mm&r=g\",\"caption\":\"admin\"},\"sameAs\":[\"https:\\\/\\\/elestataldemexico.com\"],\"url\":\"https:\\\/\\\/elestataldemexico.com\\\/index.php\\\/author\\\/info_qk62m3p3\\\/\"}]}<\/script>\n<!-- \/ Yoast SEO plugin. -->","yoast_head_json":{"title":"Atienden Gobierno de Margarita Gonz\u00e1lez Saravia y Unicef M\u00e9xico salud mental de adolescentes y j\u00f3venes - El Estatal de M\u00e9xico","robots":{"index":"index","follow":"follow","max-snippet":"max-snippet:-1","max-image-preview":"max-image-preview:large","max-video-preview":"max-video-preview:-1"},"canonical":"https:\/\/elestataldemexico.com\/index.php\/2026\/05\/01\/atienden-gobierno-de-margarita-gonzalez-saravia-y-unicef-mexico-salud-mental-de-adolescentes-y-jovenes\/","og_locale":"es_ES","og_type":"article","og_title":"Atienden Gobierno de Margarita Gonz\u00e1lez Saravia y Unicef M\u00e9xico salud mental de adolescentes y j\u00f3venes - El Estatal de M\u00e9xico","og_description":"\ud83d\udd38La titular del Poder Ejecutivo encabez\u00f3 la puesta en marcha del proyecto Contacto Joven Cobaem &nbsp; #MORELOS |","og_url":"https:\/\/elestataldemexico.com\/index.php\/2026\/05\/01\/atienden-gobierno-de-margarita-gonzalez-saravia-y-unicef-mexico-salud-mental-de-adolescentes-y-jovenes\/","og_site_name":"El Estatal de M\u00e9xico","article_published_time":"2026-05-01T16:21:20+00:00","og_image":[{"width":1280,"height":852,"url":"https:\/\/elestataldemexico.com\/wp-content\/uploads\/2026\/05\/69f4b49a0f1ce87670d3d524_ecd8d5ef-5c2d-46fb-a8d7-a31dc3133310.jpg","type":"image\/jpeg"}],"author":"admin","twitter_card":"summary_large_image","twitter_image":"https:\/\/elestataldemexico.com\/wp-content\/uploads\/2026\/05\/69f4b49a0f1ce87670d3d524_ecd8d5ef-5c2d-46fb-a8d7-a31dc3133310.jpg","twitter_misc":{"Escrito por":"admin","Tiempo de lectura":"3 minutos"},"schema":{"@context":"https:\/\/schema.org","@graph":[{"@type":"Article","@id":"https:\/\/elestataldemexico.com\/index.php\/2026\/05\/01\/atienden-gobierno-de-margarita-gonzalez-saravia-y-unicef-mexico-salud-mental-de-adolescentes-y-jovenes\/#article","isPartOf":{"@id":"https:\/\/elestataldemexico.com\/index.php\/2026\/05\/01\/atienden-gobierno-de-margarita-gonzalez-saravia-y-unicef-mexico-salud-mental-de-adolescentes-y-jovenes\/"},"author":{"name":"admin","@id":"https:\/\/elestataldemexico.com\/#\/schema\/person\/6c7813c13d2c1571771f592f0fe866bb"},"headline":"Atienden Gobierno de Margarita Gonz\u00e1lez Saravia y Unicef M\u00e9xico salud mental de adolescentes y j\u00f3venes","datePublished":"2026-05-01T16:21:20+00:00","mainEntityOfPage":{"@id":"https:\/\/elestataldemexico.com\/index.php\/2026\/05\/01\/atienden-gobierno-de-margarita-gonzalez-saravia-y-unicef-mexico-salud-mental-de-adolescentes-y-jovenes\/"},"wordCount":500,"commentCount":0,"publisher":{"@id":"https:\/\/elestataldemexico.com\/#organization"},"image":{"@id":"https:\/\/elestataldemexico.com\/index.php\/2026\/05\/01\/atienden-gobierno-de-margarita-gonzalez-saravia-y-unicef-mexico-salud-mental-de-adolescentes-y-jovenes\/#primaryimage"},"thumbnailUrl":"https:\/\/elestataldemexico.com\/wp-content\/uploads\/2026\/05\/69f4b49a0f1ce87670d3d524_ecd8d5ef-5c2d-46fb-a8d7-a31dc3133310.jpg","articleSection":["Morelos","Nacional"],"inLanguage":"es","potentialAction":[{"@type":"CommentAction","name":"Comment","target":["https:\/\/elestataldemexico.com\/index.php\/2026\/05\/01\/atienden-gobierno-de-margarita-gonzalez-saravia-y-unicef-mexico-salud-mental-de-adolescentes-y-jovenes\/#respond"]}]},{"@type":"WebPage","@id":"https:\/\/elestataldemexico.com\/index.php\/2026\/05\/01\/atienden-gobierno-de-margarita-gonzalez-saravia-y-unicef-mexico-salud-mental-de-adolescentes-y-jovenes\/","url":"https:\/\/elestataldemexico.com\/index.php\/2026\/05\/01\/atienden-gobierno-de-margarita-gonzalez-saravia-y-unicef-mexico-salud-mental-de-adolescentes-y-jovenes\/","name":"Atienden Gobierno de Margarita Gonz\u00e1lez Saravia y Unicef M\u00e9xico salud mental de adolescentes y j\u00f3venes - El Estatal de M\u00e9xico","isPartOf":{"@id":"https:\/\/elestataldemexico.com\/#website"},"primaryImageOfPage":{"@id":"https:\/\/elestataldemexico.com\/index.php\/2026\/05\/01\/atienden-gobierno-de-margarita-gonzalez-saravia-y-unicef-mexico-salud-mental-de-adolescentes-y-jovenes\/#primaryimage"},"image":{"@id":"https:\/\/elestataldemexico.com\/index.php\/2026\/05\/01\/atienden-gobierno-de-margarita-gonzalez-saravia-y-unicef-mexico-salud-mental-de-adolescentes-y-jovenes\/#primaryimage"},"thumbnailUrl":"https:\/\/elestataldemexico.com\/wp-content\/uploads\/2026\/05\/69f4b49a0f1ce87670d3d524_ecd8d5ef-5c2d-46fb-a8d7-a31dc3133310.jpg","datePublished":"2026-05-01T16:21:20+00:00","breadcrumb":{"@id":"https:\/\/elestataldemexico.com\/index.php\/2026\/05\/01\/atienden-gobierno-de-margarita-gonzalez-saravia-y-unicef-mexico-salud-mental-de-adolescentes-y-jovenes\/#breadcrumb"},"inLanguage":"es","potentialAction":[{"@type":"ReadAction","target":["https:\/\/elestataldemexico.com\/index.php\/2026\/05\/01\/atienden-gobierno-de-margarita-gonzalez-saravia-y-unicef-mexico-salud-mental-de-adolescentes-y-jovenes\/"]}]},{"@type":"ImageObject","inLanguage":"es","@id":"https:\/\/elestataldemexico.com\/index.php\/2026\/05\/01\/atienden-gobierno-de-margarita-gonzalez-saravia-y-unicef-mexico-salud-mental-de-adolescentes-y-jovenes\/#primaryimage","url":"https:\/\/elestataldemexico.com\/wp-content\/uploads\/2026\/05\/69f4b49a0f1ce87670d3d524_ecd8d5ef-5c2d-46fb-a8d7-a31dc3133310.jpg","contentUrl":"https:\/\/elestataldemexico.com\/wp-content\/uploads\/2026\/05\/69f4b49a0f1ce87670d3d524_ecd8d5ef-5c2d-46fb-a8d7-a31dc3133310.jpg","width":1280,"height":852},{"@type":"BreadcrumbList","@id":"https:\/\/elestataldemexico.com\/index.php\/2026\/05\/01\/atienden-gobierno-de-margarita-gonzalez-saravia-y-unicef-mexico-salud-mental-de-adolescentes-y-jovenes\/#breadcrumb","itemListElement":[{"@type":"ListItem","position":1,"name":"Portada","item":"https:\/\/elestataldemexico.com\/"},{"@type":"ListItem","position":2,"name":"Atienden Gobierno de Margarita Gonz\u00e1lez Saravia y Unicef M\u00e9xico salud mental de adolescentes y j\u00f3venes"}]},{"@type":"WebSite","@id":"https:\/\/elestataldemexico.com\/#website","url":"https:\/\/elestataldemexico.com\/","name":"El Estatal de M\u00e9xico","description":"","publisher":{"@id":"https:\/\/elestataldemexico.com\/#organization"},"potentialAction":[{"@type":"SearchAction","target":{"@type":"EntryPoint","urlTemplate":"https:\/\/elestataldemexico.com\/?s={search_term_string}"},"query-input":{"@type":"PropertyValueSpecification","valueRequired":true,"valueName":"search_term_string"}}],"inLanguage":"es"},{"@type":"Organization","@id":"https:\/\/elestataldemexico.com\/#organization","name":"El Estatal de M\u00e9xico","url":"https:\/\/elestataldemexico.com\/","logo":{"@type":"ImageObject","inLanguage":"es","@id":"https:\/\/elestataldemexico.com\/#\/schema\/logo\/image\/","url":"https:\/\/elestataldemexico.com\/wp-content\/uploads\/2025\/05\/cropped-elestatal.png","contentUrl":"https:\/\/elestataldemexico.com\/wp-content\/uploads\/2025\/05\/cropped-elestatal.png","width":504,"height":97,"caption":"El Estatal de M\u00e9xico"},"image":{"@id":"https:\/\/elestataldemexico.com\/#\/schema\/logo\/image\/"}},{"@type":"Person","@id":"https:\/\/elestataldemexico.com\/#\/schema\/person\/6c7813c13d2c1571771f592f0fe866bb","name":"admin","image":{"@type":"ImageObject","inLanguage":"es","@id":"https:\/\/secure.gravatar.com\/avatar\/d5ed2db9923a3ad3c0a47f6b3aec7abcb43924b9322251ade16472fc06f7bb5b?s=96&d=mm&r=g","url":"https:\/\/secure.gravatar.com\/avatar\/d5ed2db9923a3ad3c0a47f6b3aec7abcb43924b9322251ade16472fc06f7bb5b?s=96&d=mm&r=g","contentUrl":"https:\/\/secure.gravatar.com\/avatar\/d5ed2db9923a3ad3c0a47f6b3aec7abcb43924b9322251ade16472fc06f7bb5b?s=96&d=mm&r=g","caption":"admin"},"sameAs":["https:\/\/elestataldemexico.com"],"url":"https:\/\/elestataldemexico.com\/index.php\/author\/info_qk62m3p3\/"}]}},"_links":{"self":[{"href":"https:\/\/elestataldemexico.com\/index.php\/wp-json\/wp\/v2\/posts\/42704","targetHints":{"allow":["GET"]}}],"collection":[{"href":"https:\/\/elestataldemexico.com\/index.php\/wp-json\/wp\/v2\/posts"}],"about":[{"href":"https:\/\/elestataldemexico.com\/index.php\/wp-json\/wp\/v2\/types\/post"}],"author":[{"embeddable":true,"href":"https:\/\/elestataldemexico.com\/index.php\/wp-json\/wp\/v2\/users\/1"}],"replies":[{"embeddable":true,"href":"https:\/\/elestataldemexico.com\/index.php\/wp-json\/wp\/v2\/comments?post=42704"}],"version-history":[{"count":1,"href":"https:\/\/elestataldemexico.com\/index.php\/wp-json\/wp\/v2\/posts\/42704\/revisions"}],"predecessor-version":[{"id":42706,"href":"https:\/\/elestataldemexico.com\/index.php\/wp-json\/wp\/v2\/posts\/42704\/revisions\/42706"}],"wp:featuredmedia":[{"embeddable":true,"href":"https:\/\/elestataldemexico.com\/index.php\/wp-json\/wp\/v2\/media\/42705"}],"wp:attachment":[{"href":"https:\/\/elestataldemexico.com\/index.php\/wp-json\/wp\/v2\/media?parent=42704"}],"wp:term":[{"taxonomy":"category","embeddable":true,"href":"https:\/\/elestataldemexico.com\/index.php\/wp-json\/wp\/v2\/categories?post=42704"},{"taxonomy":"post_tag","embeddable":true,"href":"https:\/\/elestataldemexico.com\/index.php\/wp-json\/wp\/v2\/tags?post=42704"}],"curies":[{"name":"wp","href":"https:\/\/api.w.org\/{rel}","templated":true}]}}