{"id":42701,"date":"2026-04-30T11:38:57","date_gmt":"2026-04-30T16:38:57","guid":{"rendered":"https:\/\/elestataldemexico.com\/?p=42701"},"modified":"2026-04-30T11:38:57","modified_gmt":"2026-04-30T16:38:57","slug":"promueve-gobernadora-margarita-gonzalez-saravia-el-habito-de-la-lectura-entre-ninas-ninos-y-jovenes","status":"publish","type":"post","link":"https:\/\/elestataldemexico.com\/index.php\/2026\/04\/30\/promueve-gobernadora-margarita-gonzalez-saravia-el-habito-de-la-lectura-entre-ninas-ninos-y-jovenes\/","title":{"rendered":"Promueve gobernadora Margarita Gonz\u00e1lez Saravia el h\u00e1bito de la lectura entre ni\u00f1as, ni\u00f1os y j\u00f3venes"},"content":{"rendered":"<p>\ud83d\udd38Encabez\u00f3 la donaci\u00f3n de m\u00e1s de 17 mil libros de la UAM a la Red Estatal de Bibliotecas<\/p>\n<p>&nbsp;<\/p>\n<p>#MORELOS | La gobernadora Margarita Gonz\u00e1lez Saravia, encabez\u00f3 el acto de donaci\u00f3n de acervo bibliogr\u00e1fico de la Universidad Aut\u00f3noma Metropolitana (UAM) a la Red Estatal de Bibliotecas, donde destac\u00f3 la importancia de fomentar la lectura entre ni\u00f1as, ni\u00f1os y j\u00f3venes como una herramienta clave para su formaci\u00f3n acad\u00e9mica y personal.<\/p>\n<p>Este hecho hist\u00f3rico en la entidad, se llev\u00f3 a cabo este mi\u00e9rcoles en la explanada del Parque Alameda, en Cuernavaca. Durante su intervenci\u00f3n, la mandataria subray\u00f3 que, en un contexto marcado por el uso constante de tecnolog\u00edas digitales, impulsar la lectura representa un reto, pero tambi\u00e9n una necesidad para construir una sociedad con mayores oportunidades de desarrollo.<\/p>\n<p>\u201cEn lugar de leer un libro preferimos estar viendo el Instagram y el TikTok, y eso no nos deja nada positivo. En realidad, lo que s\u00ed nos aporta ense\u00f1anzas son los libros\u201d, puntualiz\u00f3.<\/p>\n<p>En este sentido, la titular del Poder Ejecutivo instruy\u00f3 a las secretarias de Cultura y Educaci\u00f3n, Monserrat Orellana Colmenares y Karla Aline Herrera Alonso, respectivamente, a organizar ferias del libro en universidades p\u00fablicas y bachilleratos, con el prop\u00f3sito de fortalecer el inter\u00e9s por la lectura entre las y los estudiantes.<\/p>\n<p>\u201cProcuremos realizar ferias para el 12 de noviembre, donde las y los j\u00f3venes participen en lecturas p\u00fablicas, cuentacuentos, exposiciones, actividades culturales y concursos de lectura y escritura\u201d, expres\u00f3.<\/p>\n<p>Por su parte, Montserrat Orellana Colmenares inform\u00f3 que Morelos cuenta con una red de 110 bibliotecas p\u00fablicas en 34 municipios, las cuales atienden mensualmente a cerca de 13 mil personas; en este sentido, detall\u00f3 que, con esta donaci\u00f3n, cada biblioteca recibir\u00e1 en promedio 154 nuevos t\u00edtulos, principalmente en \u00e1reas de humanidades, estudios sociales, artes y literatura.<\/p>\n<p>\u201cDesde la Secretar\u00eda de Cultura estamos convencidos de que fortalecer nuestras bibliotecas es apostar por el conocimiento, la reflexi\u00f3n y la construcci\u00f3n de ciudadan\u00eda\u201d, se\u00f1al\u00f3.<\/p>\n<p>En tanto, Gustavo Pacheco L\u00f3pez, rector de la UAM, destac\u00f3 que los libros tienen el prop\u00f3sito de acompa\u00f1ar la curiosidad, la inteligencia y los proyectos de vida de las juventudes, por lo que calific\u00f3 como significativo que la instituci\u00f3n entregue m\u00e1s de 17 mil ejemplares de su producci\u00f3n editorial a la Red de Bibliotecas del Estado de Morelos.<\/p>\n<p>Agreg\u00f3 que cada libro representa una oportunidad para descubrir vocaciones, encontrar respuestas y fortalecer el pensamiento cr\u00edtico en las comunidades.<\/p>\n<p>Al evento asistieron Carlos Franco Ruiz, titular de la oficina de enlace educativo de la Secretar\u00eda de Educaci\u00f3n P\u00fablica en Morelos; Yissel Arce Padr\u00f3n, coordinadora general de difusi\u00f3n de la UAM; Karla Aline Herrera Alonso, secretaria de Educaci\u00f3n, as\u00ed como bibliotecarias de distintos municipios de la entidad.<\/p>\n","protected":false},"excerpt":{"rendered":"<p>\ud83d\udd38Encabez\u00f3 la donaci\u00f3n de m\u00e1s de 17 mil libros de la UAM a la Red Estatal de Bibliotecas<\/p>\n","protected":false},"author":1,"featured_media":42702,"comment_status":"open","ping_status":"closed","sticky":false,"template":"","format":"standard","meta":{"footnotes":""},"categories":[18,7],"tags":[],"class_list":["post-42701","post","type-post","status-publish","format-standard","has-post-thumbnail","hentry","category-morelos","category-nacional"],"yoast_head":"<!-- This site is optimized with the Yoast SEO plugin v27.5 - https:\/\/yoast.com\/product\/yoast-seo-wordpress\/ -->\n<title>Promueve gobernadora Margarita Gonz\u00e1lez Saravia el h\u00e1bito de la lectura entre ni\u00f1as, ni\u00f1os y j\u00f3venes - El Estatal de M\u00e9xico<\/title>\n<meta name=\"robots\" content=\"index, follow, max-snippet:-1, max-image-preview:large, max-video-preview:-1\" \/>\n<link rel=\"canonical\" href=\"https:\/\/elestataldemexico.com\/index.php\/2026\/04\/30\/promueve-gobernadora-margarita-gonzalez-saravia-el-habito-de-la-lectura-entre-ninas-ninos-y-jovenes\/\" \/>\n<meta property=\"og:locale\" content=\"es_ES\" \/>\n<meta property=\"og:type\" content=\"article\" \/>\n<meta property=\"og:title\" content=\"Promueve gobernadora Margarita Gonz\u00e1lez Saravia el h\u00e1bito de la lectura entre ni\u00f1as, ni\u00f1os y j\u00f3venes - El Estatal de M\u00e9xico\" \/>\n<meta property=\"og:description\" content=\"\ud83d\udd38Encabez\u00f3 la donaci\u00f3n de m\u00e1s de 17 mil libros de la UAM a la Red Estatal de Bibliotecas\" \/>\n<meta property=\"og:url\" content=\"https:\/\/elestataldemexico.com\/index.php\/2026\/04\/30\/promueve-gobernadora-margarita-gonzalez-saravia-el-habito-de-la-lectura-entre-ninas-ninos-y-jovenes\/\" \/>\n<meta property=\"og:site_name\" content=\"El Estatal de M\u00e9xico\" \/>\n<meta property=\"article:published_time\" content=\"2026-04-30T16:38:57+00:00\" \/>\n<meta property=\"og:image\" content=\"https:\/\/elestataldemexico.com\/wp-content\/uploads\/2026\/04\/69f27a8d3ad5de3dea2e2f06_WhatsApp-Image-2026-04-29-at-3.24.14-PM-2.jpeg\" \/>\n\t<meta property=\"og:image:width\" content=\"1280\" \/>\n\t<meta property=\"og:image:height\" content=\"914\" \/>\n\t<meta property=\"og:image:type\" content=\"image\/jpeg\" \/>\n<meta name=\"author\" content=\"admin\" \/>\n<meta name=\"twitter:card\" content=\"summary_large_image\" \/>\n<meta name=\"twitter:image\" content=\"https:\/\/elestataldemexico.com\/wp-content\/uploads\/2026\/04\/69f27a8d3ad5de3dea2e2f06_WhatsApp-Image-2026-04-29-at-3.24.14-PM-2.jpeg\" \/>\n<meta name=\"twitter:label1\" content=\"Escrito por\" \/>\n\t<meta name=\"twitter:data1\" content=\"admin\" \/>\n\t<meta name=\"twitter:label2\" content=\"Tiempo de lectura\" \/>\n\t<meta name=\"twitter:data2\" content=\"3 minutos\" \/>\n<script type=\"application\/ld+json\" class=\"yoast-schema-graph\">{\"@context\":\"https:\\\/\\\/schema.org\",\"@graph\":[{\"@type\":\"Article\",\"@id\":\"https:\\\/\\\/elestataldemexico.com\\\/index.php\\\/2026\\\/04\\\/30\\\/promueve-gobernadora-margarita-gonzalez-saravia-el-habito-de-la-lectura-entre-ninas-ninos-y-jovenes\\\/#article\",\"isPartOf\":{\"@id\":\"https:\\\/\\\/elestataldemexico.com\\\/index.php\\\/2026\\\/04\\\/30\\\/promueve-gobernadora-margarita-gonzalez-saravia-el-habito-de-la-lectura-entre-ninas-ninos-y-jovenes\\\/\"},\"author\":{\"name\":\"admin\",\"@id\":\"https:\\\/\\\/elestataldemexico.com\\\/#\\\/schema\\\/person\\\/6c7813c13d2c1571771f592f0fe866bb\"},\"headline\":\"Promueve gobernadora Margarita Gonz\u00e1lez Saravia el h\u00e1bito de la lectura entre ni\u00f1as, ni\u00f1os y j\u00f3venes\",\"datePublished\":\"2026-04-30T16:38:57+00:00\",\"mainEntityOfPage\":{\"@id\":\"https:\\\/\\\/elestataldemexico.com\\\/index.php\\\/2026\\\/04\\\/30\\\/promueve-gobernadora-margarita-gonzalez-saravia-el-habito-de-la-lectura-entre-ninas-ninos-y-jovenes\\\/\"},\"wordCount\":499,\"commentCount\":0,\"publisher\":{\"@id\":\"https:\\\/\\\/elestataldemexico.com\\\/#organization\"},\"image\":{\"@id\":\"https:\\\/\\\/elestataldemexico.com\\\/index.php\\\/2026\\\/04\\\/30\\\/promueve-gobernadora-margarita-gonzalez-saravia-el-habito-de-la-lectura-entre-ninas-ninos-y-jovenes\\\/#primaryimage\"},\"thumbnailUrl\":\"https:\\\/\\\/elestataldemexico.com\\\/wp-content\\\/uploads\\\/2026\\\/04\\\/69f27a8d3ad5de3dea2e2f06_WhatsApp-Image-2026-04-29-at-3.24.14-PM-2.jpeg\",\"articleSection\":[\"Morelos\",\"Nacional\"],\"inLanguage\":\"es\",\"potentialAction\":[{\"@type\":\"CommentAction\",\"name\":\"Comment\",\"target\":[\"https:\\\/\\\/elestataldemexico.com\\\/index.php\\\/2026\\\/04\\\/30\\\/promueve-gobernadora-margarita-gonzalez-saravia-el-habito-de-la-lectura-entre-ninas-ninos-y-jovenes\\\/#respond\"]}]},{\"@type\":\"WebPage\",\"@id\":\"https:\\\/\\\/elestataldemexico.com\\\/index.php\\\/2026\\\/04\\\/30\\\/promueve-gobernadora-margarita-gonzalez-saravia-el-habito-de-la-lectura-entre-ninas-ninos-y-jovenes\\\/\",\"url\":\"https:\\\/\\\/elestataldemexico.com\\\/index.php\\\/2026\\\/04\\\/30\\\/promueve-gobernadora-margarita-gonzalez-saravia-el-habito-de-la-lectura-entre-ninas-ninos-y-jovenes\\\/\",\"name\":\"Promueve gobernadora Margarita Gonz\u00e1lez Saravia el h\u00e1bito de la lectura entre ni\u00f1as, ni\u00f1os y j\u00f3venes - El Estatal de M\u00e9xico\",\"isPartOf\":{\"@id\":\"https:\\\/\\\/elestataldemexico.com\\\/#website\"},\"primaryImageOfPage\":{\"@id\":\"https:\\\/\\\/elestataldemexico.com\\\/index.php\\\/2026\\\/04\\\/30\\\/promueve-gobernadora-margarita-gonzalez-saravia-el-habito-de-la-lectura-entre-ninas-ninos-y-jovenes\\\/#primaryimage\"},\"image\":{\"@id\":\"https:\\\/\\\/elestataldemexico.com\\\/index.php\\\/2026\\\/04\\\/30\\\/promueve-gobernadora-margarita-gonzalez-saravia-el-habito-de-la-lectura-entre-ninas-ninos-y-jovenes\\\/#primaryimage\"},\"thumbnailUrl\":\"https:\\\/\\\/elestataldemexico.com\\\/wp-content\\\/uploads\\\/2026\\\/04\\\/69f27a8d3ad5de3dea2e2f06_WhatsApp-Image-2026-04-29-at-3.24.14-PM-2.jpeg\",\"datePublished\":\"2026-04-30T16:38:57+00:00\",\"breadcrumb\":{\"@id\":\"https:\\\/\\\/elestataldemexico.com\\\/index.php\\\/2026\\\/04\\\/30\\\/promueve-gobernadora-margarita-gonzalez-saravia-el-habito-de-la-lectura-entre-ninas-ninos-y-jovenes\\\/#breadcrumb\"},\"inLanguage\":\"es\",\"potentialAction\":[{\"@type\":\"ReadAction\",\"target\":[\"https:\\\/\\\/elestataldemexico.com\\\/index.php\\\/2026\\\/04\\\/30\\\/promueve-gobernadora-margarita-gonzalez-saravia-el-habito-de-la-lectura-entre-ninas-ninos-y-jovenes\\\/\"]}]},{\"@type\":\"ImageObject\",\"inLanguage\":\"es\",\"@id\":\"https:\\\/\\\/elestataldemexico.com\\\/index.php\\\/2026\\\/04\\\/30\\\/promueve-gobernadora-margarita-gonzalez-saravia-el-habito-de-la-lectura-entre-ninas-ninos-y-jovenes\\\/#primaryimage\",\"url\":\"https:\\\/\\\/elestataldemexico.com\\\/wp-content\\\/uploads\\\/2026\\\/04\\\/69f27a8d3ad5de3dea2e2f06_WhatsApp-Image-2026-04-29-at-3.24.14-PM-2.jpeg\",\"contentUrl\":\"https:\\\/\\\/elestataldemexico.com\\\/wp-content\\\/uploads\\\/2026\\\/04\\\/69f27a8d3ad5de3dea2e2f06_WhatsApp-Image-2026-04-29-at-3.24.14-PM-2.jpeg\",\"width\":1280,\"height\":914},{\"@type\":\"BreadcrumbList\",\"@id\":\"https:\\\/\\\/elestataldemexico.com\\\/index.php\\\/2026\\\/04\\\/30\\\/promueve-gobernadora-margarita-gonzalez-saravia-el-habito-de-la-lectura-entre-ninas-ninos-y-jovenes\\\/#breadcrumb\",\"itemListElement\":[{\"@type\":\"ListItem\",\"position\":1,\"name\":\"Portada\",\"item\":\"https:\\\/\\\/elestataldemexico.com\\\/\"},{\"@type\":\"ListItem\",\"position\":2,\"name\":\"Promueve gobernadora Margarita Gonz\u00e1lez Saravia el h\u00e1bito de la lectura entre ni\u00f1as, ni\u00f1os y j\u00f3venes\"}]},{\"@type\":\"WebSite\",\"@id\":\"https:\\\/\\\/elestataldemexico.com\\\/#website\",\"url\":\"https:\\\/\\\/elestataldemexico.com\\\/\",\"name\":\"El Estatal de M\u00e9xico\",\"description\":\"\",\"publisher\":{\"@id\":\"https:\\\/\\\/elestataldemexico.com\\\/#organization\"},\"potentialAction\":[{\"@type\":\"SearchAction\",\"target\":{\"@type\":\"EntryPoint\",\"urlTemplate\":\"https:\\\/\\\/elestataldemexico.com\\\/?s={search_term_string}\"},\"query-input\":{\"@type\":\"PropertyValueSpecification\",\"valueRequired\":true,\"valueName\":\"search_term_string\"}}],\"inLanguage\":\"es\"},{\"@type\":\"Organization\",\"@id\":\"https:\\\/\\\/elestataldemexico.com\\\/#organization\",\"name\":\"El Estatal de M\u00e9xico\",\"url\":\"https:\\\/\\\/elestataldemexico.com\\\/\",\"logo\":{\"@type\":\"ImageObject\",\"inLanguage\":\"es\",\"@id\":\"https:\\\/\\\/elestataldemexico.com\\\/#\\\/schema\\\/logo\\\/image\\\/\",\"url\":\"https:\\\/\\\/elestataldemexico.com\\\/wp-content\\\/uploads\\\/2025\\\/05\\\/cropped-elestatal.png\",\"contentUrl\":\"https:\\\/\\\/elestataldemexico.com\\\/wp-content\\\/uploads\\\/2025\\\/05\\\/cropped-elestatal.png\",\"width\":504,\"height\":97,\"caption\":\"El Estatal de M\u00e9xico\"},\"image\":{\"@id\":\"https:\\\/\\\/elestataldemexico.com\\\/#\\\/schema\\\/logo\\\/image\\\/\"}},{\"@type\":\"Person\",\"@id\":\"https:\\\/\\\/elestataldemexico.com\\\/#\\\/schema\\\/person\\\/6c7813c13d2c1571771f592f0fe866bb\",\"name\":\"admin\",\"image\":{\"@type\":\"ImageObject\",\"inLanguage\":\"es\",\"@id\":\"https:\\\/\\\/secure.gravatar.com\\\/avatar\\\/d5ed2db9923a3ad3c0a47f6b3aec7abcb43924b9322251ade16472fc06f7bb5b?s=96&d=mm&r=g\",\"url\":\"https:\\\/\\\/secure.gravatar.com\\\/avatar\\\/d5ed2db9923a3ad3c0a47f6b3aec7abcb43924b9322251ade16472fc06f7bb5b?s=96&d=mm&r=g\",\"contentUrl\":\"https:\\\/\\\/secure.gravatar.com\\\/avatar\\\/d5ed2db9923a3ad3c0a47f6b3aec7abcb43924b9322251ade16472fc06f7bb5b?s=96&d=mm&r=g\",\"caption\":\"admin\"},\"sameAs\":[\"https:\\\/\\\/elestataldemexico.com\"],\"url\":\"https:\\\/\\\/elestataldemexico.com\\\/index.php\\\/author\\\/info_qk62m3p3\\\/\"}]}<\/script>\n<!-- \/ Yoast SEO plugin. -->","yoast_head_json":{"title":"Promueve gobernadora Margarita Gonz\u00e1lez Saravia el h\u00e1bito de la lectura entre ni\u00f1as, ni\u00f1os y j\u00f3venes - El Estatal de M\u00e9xico","robots":{"index":"index","follow":"follow","max-snippet":"max-snippet:-1","max-image-preview":"max-image-preview:large","max-video-preview":"max-video-preview:-1"},"canonical":"https:\/\/elestataldemexico.com\/index.php\/2026\/04\/30\/promueve-gobernadora-margarita-gonzalez-saravia-el-habito-de-la-lectura-entre-ninas-ninos-y-jovenes\/","og_locale":"es_ES","og_type":"article","og_title":"Promueve gobernadora Margarita Gonz\u00e1lez Saravia el h\u00e1bito de la lectura entre ni\u00f1as, ni\u00f1os y j\u00f3venes - El Estatal de M\u00e9xico","og_description":"\ud83d\udd38Encabez\u00f3 la donaci\u00f3n de m\u00e1s de 17 mil libros de la UAM a la Red Estatal de Bibliotecas","og_url":"https:\/\/elestataldemexico.com\/index.php\/2026\/04\/30\/promueve-gobernadora-margarita-gonzalez-saravia-el-habito-de-la-lectura-entre-ninas-ninos-y-jovenes\/","og_site_name":"El Estatal de M\u00e9xico","article_published_time":"2026-04-30T16:38:57+00:00","og_image":[{"width":1280,"height":914,"url":"https:\/\/elestataldemexico.com\/wp-content\/uploads\/2026\/04\/69f27a8d3ad5de3dea2e2f06_WhatsApp-Image-2026-04-29-at-3.24.14-PM-2.jpeg","type":"image\/jpeg"}],"author":"admin","twitter_card":"summary_large_image","twitter_image":"https:\/\/elestataldemexico.com\/wp-content\/uploads\/2026\/04\/69f27a8d3ad5de3dea2e2f06_WhatsApp-Image-2026-04-29-at-3.24.14-PM-2.jpeg","twitter_misc":{"Escrito por":"admin","Tiempo de lectura":"3 minutos"},"schema":{"@context":"https:\/\/schema.org","@graph":[{"@type":"Article","@id":"https:\/\/elestataldemexico.com\/index.php\/2026\/04\/30\/promueve-gobernadora-margarita-gonzalez-saravia-el-habito-de-la-lectura-entre-ninas-ninos-y-jovenes\/#article","isPartOf":{"@id":"https:\/\/elestataldemexico.com\/index.php\/2026\/04\/30\/promueve-gobernadora-margarita-gonzalez-saravia-el-habito-de-la-lectura-entre-ninas-ninos-y-jovenes\/"},"author":{"name":"admin","@id":"https:\/\/elestataldemexico.com\/#\/schema\/person\/6c7813c13d2c1571771f592f0fe866bb"},"headline":"Promueve gobernadora Margarita Gonz\u00e1lez Saravia el h\u00e1bito de la lectura entre ni\u00f1as, ni\u00f1os y j\u00f3venes","datePublished":"2026-04-30T16:38:57+00:00","mainEntityOfPage":{"@id":"https:\/\/elestataldemexico.com\/index.php\/2026\/04\/30\/promueve-gobernadora-margarita-gonzalez-saravia-el-habito-de-la-lectura-entre-ninas-ninos-y-jovenes\/"},"wordCount":499,"commentCount":0,"publisher":{"@id":"https:\/\/elestataldemexico.com\/#organization"},"image":{"@id":"https:\/\/elestataldemexico.com\/index.php\/2026\/04\/30\/promueve-gobernadora-margarita-gonzalez-saravia-el-habito-de-la-lectura-entre-ninas-ninos-y-jovenes\/#primaryimage"},"thumbnailUrl":"https:\/\/elestataldemexico.com\/wp-content\/uploads\/2026\/04\/69f27a8d3ad5de3dea2e2f06_WhatsApp-Image-2026-04-29-at-3.24.14-PM-2.jpeg","articleSection":["Morelos","Nacional"],"inLanguage":"es","potentialAction":[{"@type":"CommentAction","name":"Comment","target":["https:\/\/elestataldemexico.com\/index.php\/2026\/04\/30\/promueve-gobernadora-margarita-gonzalez-saravia-el-habito-de-la-lectura-entre-ninas-ninos-y-jovenes\/#respond"]}]},{"@type":"WebPage","@id":"https:\/\/elestataldemexico.com\/index.php\/2026\/04\/30\/promueve-gobernadora-margarita-gonzalez-saravia-el-habito-de-la-lectura-entre-ninas-ninos-y-jovenes\/","url":"https:\/\/elestataldemexico.com\/index.php\/2026\/04\/30\/promueve-gobernadora-margarita-gonzalez-saravia-el-habito-de-la-lectura-entre-ninas-ninos-y-jovenes\/","name":"Promueve gobernadora Margarita Gonz\u00e1lez Saravia el h\u00e1bito de la lectura entre ni\u00f1as, ni\u00f1os y j\u00f3venes - El Estatal de M\u00e9xico","isPartOf":{"@id":"https:\/\/elestataldemexico.com\/#website"},"primaryImageOfPage":{"@id":"https:\/\/elestataldemexico.com\/index.php\/2026\/04\/30\/promueve-gobernadora-margarita-gonzalez-saravia-el-habito-de-la-lectura-entre-ninas-ninos-y-jovenes\/#primaryimage"},"image":{"@id":"https:\/\/elestataldemexico.com\/index.php\/2026\/04\/30\/promueve-gobernadora-margarita-gonzalez-saravia-el-habito-de-la-lectura-entre-ninas-ninos-y-jovenes\/#primaryimage"},"thumbnailUrl":"https:\/\/elestataldemexico.com\/wp-content\/uploads\/2026\/04\/69f27a8d3ad5de3dea2e2f06_WhatsApp-Image-2026-04-29-at-3.24.14-PM-2.jpeg","datePublished":"2026-04-30T16:38:57+00:00","breadcrumb":{"@id":"https:\/\/elestataldemexico.com\/index.php\/2026\/04\/30\/promueve-gobernadora-margarita-gonzalez-saravia-el-habito-de-la-lectura-entre-ninas-ninos-y-jovenes\/#breadcrumb"},"inLanguage":"es","potentialAction":[{"@type":"ReadAction","target":["https:\/\/elestataldemexico.com\/index.php\/2026\/04\/30\/promueve-gobernadora-margarita-gonzalez-saravia-el-habito-de-la-lectura-entre-ninas-ninos-y-jovenes\/"]}]},{"@type":"ImageObject","inLanguage":"es","@id":"https:\/\/elestataldemexico.com\/index.php\/2026\/04\/30\/promueve-gobernadora-margarita-gonzalez-saravia-el-habito-de-la-lectura-entre-ninas-ninos-y-jovenes\/#primaryimage","url":"https:\/\/elestataldemexico.com\/wp-content\/uploads\/2026\/04\/69f27a8d3ad5de3dea2e2f06_WhatsApp-Image-2026-04-29-at-3.24.14-PM-2.jpeg","contentUrl":"https:\/\/elestataldemexico.com\/wp-content\/uploads\/2026\/04\/69f27a8d3ad5de3dea2e2f06_WhatsApp-Image-2026-04-29-at-3.24.14-PM-2.jpeg","width":1280,"height":914},{"@type":"BreadcrumbList","@id":"https:\/\/elestataldemexico.com\/index.php\/2026\/04\/30\/promueve-gobernadora-margarita-gonzalez-saravia-el-habito-de-la-lectura-entre-ninas-ninos-y-jovenes\/#breadcrumb","itemListElement":[{"@type":"ListItem","position":1,"name":"Portada","item":"https:\/\/elestataldemexico.com\/"},{"@type":"ListItem","position":2,"name":"Promueve gobernadora Margarita Gonz\u00e1lez Saravia el h\u00e1bito de la lectura entre ni\u00f1as, ni\u00f1os y j\u00f3venes"}]},{"@type":"WebSite","@id":"https:\/\/elestataldemexico.com\/#website","url":"https:\/\/elestataldemexico.com\/","name":"El Estatal de M\u00e9xico","description":"","publisher":{"@id":"https:\/\/elestataldemexico.com\/#organization"},"potentialAction":[{"@type":"SearchAction","target":{"@type":"EntryPoint","urlTemplate":"https:\/\/elestataldemexico.com\/?s={search_term_string}"},"query-input":{"@type":"PropertyValueSpecification","valueRequired":true,"valueName":"search_term_string"}}],"inLanguage":"es"},{"@type":"Organization","@id":"https:\/\/elestataldemexico.com\/#organization","name":"El Estatal de M\u00e9xico","url":"https:\/\/elestataldemexico.com\/","logo":{"@type":"ImageObject","inLanguage":"es","@id":"https:\/\/elestataldemexico.com\/#\/schema\/logo\/image\/","url":"https:\/\/elestataldemexico.com\/wp-content\/uploads\/2025\/05\/cropped-elestatal.png","contentUrl":"https:\/\/elestataldemexico.com\/wp-content\/uploads\/2025\/05\/cropped-elestatal.png","width":504,"height":97,"caption":"El Estatal de M\u00e9xico"},"image":{"@id":"https:\/\/elestataldemexico.com\/#\/schema\/logo\/image\/"}},{"@type":"Person","@id":"https:\/\/elestataldemexico.com\/#\/schema\/person\/6c7813c13d2c1571771f592f0fe866bb","name":"admin","image":{"@type":"ImageObject","inLanguage":"es","@id":"https:\/\/secure.gravatar.com\/avatar\/d5ed2db9923a3ad3c0a47f6b3aec7abcb43924b9322251ade16472fc06f7bb5b?s=96&d=mm&r=g","url":"https:\/\/secure.gravatar.com\/avatar\/d5ed2db9923a3ad3c0a47f6b3aec7abcb43924b9322251ade16472fc06f7bb5b?s=96&d=mm&r=g","contentUrl":"https:\/\/secure.gravatar.com\/avatar\/d5ed2db9923a3ad3c0a47f6b3aec7abcb43924b9322251ade16472fc06f7bb5b?s=96&d=mm&r=g","caption":"admin"},"sameAs":["https:\/\/elestataldemexico.com"],"url":"https:\/\/elestataldemexico.com\/index.php\/author\/info_qk62m3p3\/"}]}},"_links":{"self":[{"href":"https:\/\/elestataldemexico.com\/index.php\/wp-json\/wp\/v2\/posts\/42701","targetHints":{"allow":["GET"]}}],"collection":[{"href":"https:\/\/elestataldemexico.com\/index.php\/wp-json\/wp\/v2\/posts"}],"about":[{"href":"https:\/\/elestataldemexico.com\/index.php\/wp-json\/wp\/v2\/types\/post"}],"author":[{"embeddable":true,"href":"https:\/\/elestataldemexico.com\/index.php\/wp-json\/wp\/v2\/users\/1"}],"replies":[{"embeddable":true,"href":"https:\/\/elestataldemexico.com\/index.php\/wp-json\/wp\/v2\/comments?post=42701"}],"version-history":[{"count":1,"href":"https:\/\/elestataldemexico.com\/index.php\/wp-json\/wp\/v2\/posts\/42701\/revisions"}],"predecessor-version":[{"id":42703,"href":"https:\/\/elestataldemexico.com\/index.php\/wp-json\/wp\/v2\/posts\/42701\/revisions\/42703"}],"wp:featuredmedia":[{"embeddable":true,"href":"https:\/\/elestataldemexico.com\/index.php\/wp-json\/wp\/v2\/media\/42702"}],"wp:attachment":[{"href":"https:\/\/elestataldemexico.com\/index.php\/wp-json\/wp\/v2\/media?parent=42701"}],"wp:term":[{"taxonomy":"category","embeddable":true,"href":"https:\/\/elestataldemexico.com\/index.php\/wp-json\/wp\/v2\/categories?post=42701"},{"taxonomy":"post_tag","embeddable":true,"href":"https:\/\/elestataldemexico.com\/index.php\/wp-json\/wp\/v2\/tags?post=42701"}],"curies":[{"name":"wp","href":"https:\/\/api.w.org\/{rel}","templated":true}]}}