{"id":42685,"date":"2026-04-29T14:00:10","date_gmt":"2026-04-29T19:00:10","guid":{"rendered":"https:\/\/elestataldemexico.com\/?p=42685"},"modified":"2026-04-29T10:12:29","modified_gmt":"2026-04-29T15:12:29","slug":"chicharito-anuncia-su-regreso-al-futbol-nos-vemos-pronto-ni-madr-me-retiro","status":"publish","type":"post","link":"https:\/\/elestataldemexico.com\/index.php\/2026\/04\/29\/chicharito-anuncia-su-regreso-al-futbol-nos-vemos-pronto-ni-madr-me-retiro\/","title":{"rendered":"\u201cChicharito\u201d anuncia su regreso al futbol: \u201cNos vemos pronto, ni madr&#8230; me retiro\u201d"},"content":{"rendered":"<p>\ud83d\udd38 El delantero mexicano desminti\u00f3 rumores sobre su adi\u00f3s y asegur\u00f3 que a\u00fan tiene planes de volver a las canchas<\/p>\n<p>#DEPORTES | Despu\u00e9s de una segunda etapa muy olvidable por Chivas, el Javier &#8216;Chicharito&#8217; Hern\u00e1ndez ha estado desconectado de los terrenos de juego; entre rumores de su posible retiro y de su participaci\u00f3n con Fox Sports USA para la Copa del Mundo 2026, el mexicano sali\u00f3 por sus redes sociales a hablar al respecto.<\/p>\n<p>Durante su video, arranca diciendo: \u201cCreo que me voy a retirar\u201d, por lo que procedi\u00f3 a ver qu\u00e9 dec\u00edan de \u00e9l en las redes sociales; seguido, aparece un video de los mejores momentos de su carrera con Chivas, Manchester Utd y Real Madrid.<\/p>\n<p>\u201cNi madres que me voy a retirar\u201d<br \/>\nA lo largo de su video, se le ve nost\u00e1lgico, recordando los mejores momentos que lo llegaron a posicionar como uno de los mejores mexicanos en la historia del balompi\u00e9 mexicano y actual m\u00e1ximo goleador de la Selecci\u00f3n Nacional de M\u00e9xico.<\/p>\n<p>Al casi finalizar su video, Chicharito se levanta y declara lo que impact\u00f3 a propios y extra\u00f1os.<\/p>\n<p>Ni madres que me voy a retirar. Nos vemos pronto<\/p>\n<p>Tras su salida de Chivas, donde muchos aficionados declaran que el jugador qued\u00f3 a deber al que dec\u00eda que era el club de sus amores, por lo que se llegaba a pensar que su retiro est\u00e1 m\u00e1s cerca que nunca, pero con estas nuevas declaraciones, la esperanza de volverlo a ver en los terrenos de juego est\u00e1 m\u00e1s viva que nunca.<\/p>\n<p>No se han mencionado algunos destinos para la leyenda mexicana; se lleg\u00f3 a manejar el rumor de una posible llegada al Atlante, que anunci\u00f3 que Miguel \u2018El Piojo\u2019 Herrera ser\u00eda su nuevo DT para su regreso a primera divisi\u00f3n; un t\u00e9cnico que ya lo dirigi\u00f3 cuando estuvo al mando de la Selecci\u00f3n Mexicana para el Mundial de 2014, pero esta ya fue descartada.<\/p>\n<p>Lo \u00fanico que se sabe con certeza es su participaci\u00f3n en Fox Sports para el Mundial 2026, junto con Zlatan y Seedorf, por lo que el futuro del mexicano podr\u00eda definirse al finalizar el torneo m\u00e1s importante entre selecciones.<\/p>\n","protected":false},"excerpt":{"rendered":"<p>\ud83d\udd38 El delantero mexicano desminti\u00f3 rumores sobre su adi\u00f3s y asegur\u00f3 que a\u00fan tiene planes de volver a<\/p>\n","protected":false},"author":1,"featured_media":42687,"comment_status":"open","ping_status":"closed","sticky":false,"template":"","format":"standard","meta":{"footnotes":""},"categories":[12],"tags":[],"class_list":["post-42685","post","type-post","status-publish","format-standard","has-post-thumbnail","hentry","category-deportes"],"yoast_head":"<!-- This site is optimized with the Yoast SEO plugin v27.5 - https:\/\/yoast.com\/product\/yoast-seo-wordpress\/ -->\n<title>\u201cChicharito\u201d anuncia su regreso al futbol: \u201cNos vemos pronto, ni madr... me retiro\u201d - El Estatal de M\u00e9xico<\/title>\n<meta name=\"robots\" content=\"index, follow, max-snippet:-1, max-image-preview:large, max-video-preview:-1\" \/>\n<link rel=\"canonical\" href=\"https:\/\/elestataldemexico.com\/index.php\/2026\/04\/29\/chicharito-anuncia-su-regreso-al-futbol-nos-vemos-pronto-ni-madr-me-retiro\/\" \/>\n<meta property=\"og:locale\" content=\"es_ES\" \/>\n<meta property=\"og:type\" content=\"article\" \/>\n<meta property=\"og:title\" content=\"\u201cChicharito\u201d anuncia su regreso al futbol: \u201cNos vemos pronto, ni madr... me retiro\u201d - El Estatal de M\u00e9xico\" \/>\n<meta property=\"og:description\" content=\"\ud83d\udd38 El delantero mexicano desminti\u00f3 rumores sobre su adi\u00f3s y asegur\u00f3 que a\u00fan tiene planes de volver a\" \/>\n<meta property=\"og:url\" content=\"https:\/\/elestataldemexico.com\/index.php\/2026\/04\/29\/chicharito-anuncia-su-regreso-al-futbol-nos-vemos-pronto-ni-madr-me-retiro\/\" \/>\n<meta property=\"og:site_name\" content=\"El Estatal de M\u00e9xico\" \/>\n<meta property=\"article:published_time\" content=\"2026-04-29T19:00:10+00:00\" \/>\n<meta property=\"og:image\" content=\"https:\/\/elestataldemexico.com\/wp-content\/uploads\/2026\/04\/WhatsApp-Image-2026-04-29-at-10.10.54.jpeg\" \/>\n\t<meta property=\"og:image:width\" content=\"860\" \/>\n\t<meta property=\"og:image:height\" content=\"484\" \/>\n\t<meta property=\"og:image:type\" content=\"image\/jpeg\" \/>\n<meta name=\"author\" content=\"admin\" \/>\n<meta name=\"twitter:card\" content=\"summary_large_image\" \/>\n<meta name=\"twitter:label1\" content=\"Escrito por\" \/>\n\t<meta name=\"twitter:data1\" content=\"admin\" \/>\n\t<meta name=\"twitter:label2\" content=\"Tiempo de lectura\" \/>\n\t<meta name=\"twitter:data2\" content=\"2 minutos\" \/>\n<script type=\"application\/ld+json\" class=\"yoast-schema-graph\">{\"@context\":\"https:\\\/\\\/schema.org\",\"@graph\":[{\"@type\":\"Article\",\"@id\":\"https:\\\/\\\/elestataldemexico.com\\\/index.php\\\/2026\\\/04\\\/29\\\/chicharito-anuncia-su-regreso-al-futbol-nos-vemos-pronto-ni-madr-me-retiro\\\/#article\",\"isPartOf\":{\"@id\":\"https:\\\/\\\/elestataldemexico.com\\\/index.php\\\/2026\\\/04\\\/29\\\/chicharito-anuncia-su-regreso-al-futbol-nos-vemos-pronto-ni-madr-me-retiro\\\/\"},\"author\":{\"name\":\"admin\",\"@id\":\"https:\\\/\\\/elestataldemexico.com\\\/#\\\/schema\\\/person\\\/6c7813c13d2c1571771f592f0fe866bb\"},\"headline\":\"\u201cChicharito\u201d anuncia su regreso al futbol: \u201cNos vemos pronto, ni madr&#8230; me retiro\u201d\",\"datePublished\":\"2026-04-29T19:00:10+00:00\",\"mainEntityOfPage\":{\"@id\":\"https:\\\/\\\/elestataldemexico.com\\\/index.php\\\/2026\\\/04\\\/29\\\/chicharito-anuncia-su-regreso-al-futbol-nos-vemos-pronto-ni-madr-me-retiro\\\/\"},\"wordCount\":384,\"commentCount\":0,\"publisher\":{\"@id\":\"https:\\\/\\\/elestataldemexico.com\\\/#organization\"},\"image\":{\"@id\":\"https:\\\/\\\/elestataldemexico.com\\\/index.php\\\/2026\\\/04\\\/29\\\/chicharito-anuncia-su-regreso-al-futbol-nos-vemos-pronto-ni-madr-me-retiro\\\/#primaryimage\"},\"thumbnailUrl\":\"https:\\\/\\\/elestataldemexico.com\\\/wp-content\\\/uploads\\\/2026\\\/04\\\/WhatsApp-Image-2026-04-29-at-10.10.54.jpeg\",\"articleSection\":[\"Deportes\"],\"inLanguage\":\"es\",\"potentialAction\":[{\"@type\":\"CommentAction\",\"name\":\"Comment\",\"target\":[\"https:\\\/\\\/elestataldemexico.com\\\/index.php\\\/2026\\\/04\\\/29\\\/chicharito-anuncia-su-regreso-al-futbol-nos-vemos-pronto-ni-madr-me-retiro\\\/#respond\"]}]},{\"@type\":\"WebPage\",\"@id\":\"https:\\\/\\\/elestataldemexico.com\\\/index.php\\\/2026\\\/04\\\/29\\\/chicharito-anuncia-su-regreso-al-futbol-nos-vemos-pronto-ni-madr-me-retiro\\\/\",\"url\":\"https:\\\/\\\/elestataldemexico.com\\\/index.php\\\/2026\\\/04\\\/29\\\/chicharito-anuncia-su-regreso-al-futbol-nos-vemos-pronto-ni-madr-me-retiro\\\/\",\"name\":\"\u201cChicharito\u201d anuncia su regreso al futbol: \u201cNos vemos pronto, ni madr... me retiro\u201d - El Estatal de M\u00e9xico\",\"isPartOf\":{\"@id\":\"https:\\\/\\\/elestataldemexico.com\\\/#website\"},\"primaryImageOfPage\":{\"@id\":\"https:\\\/\\\/elestataldemexico.com\\\/index.php\\\/2026\\\/04\\\/29\\\/chicharito-anuncia-su-regreso-al-futbol-nos-vemos-pronto-ni-madr-me-retiro\\\/#primaryimage\"},\"image\":{\"@id\":\"https:\\\/\\\/elestataldemexico.com\\\/index.php\\\/2026\\\/04\\\/29\\\/chicharito-anuncia-su-regreso-al-futbol-nos-vemos-pronto-ni-madr-me-retiro\\\/#primaryimage\"},\"thumbnailUrl\":\"https:\\\/\\\/elestataldemexico.com\\\/wp-content\\\/uploads\\\/2026\\\/04\\\/WhatsApp-Image-2026-04-29-at-10.10.54.jpeg\",\"datePublished\":\"2026-04-29T19:00:10+00:00\",\"breadcrumb\":{\"@id\":\"https:\\\/\\\/elestataldemexico.com\\\/index.php\\\/2026\\\/04\\\/29\\\/chicharito-anuncia-su-regreso-al-futbol-nos-vemos-pronto-ni-madr-me-retiro\\\/#breadcrumb\"},\"inLanguage\":\"es\",\"potentialAction\":[{\"@type\":\"ReadAction\",\"target\":[\"https:\\\/\\\/elestataldemexico.com\\\/index.php\\\/2026\\\/04\\\/29\\\/chicharito-anuncia-su-regreso-al-futbol-nos-vemos-pronto-ni-madr-me-retiro\\\/\"]}]},{\"@type\":\"ImageObject\",\"inLanguage\":\"es\",\"@id\":\"https:\\\/\\\/elestataldemexico.com\\\/index.php\\\/2026\\\/04\\\/29\\\/chicharito-anuncia-su-regreso-al-futbol-nos-vemos-pronto-ni-madr-me-retiro\\\/#primaryimage\",\"url\":\"https:\\\/\\\/elestataldemexico.com\\\/wp-content\\\/uploads\\\/2026\\\/04\\\/WhatsApp-Image-2026-04-29-at-10.10.54.jpeg\",\"contentUrl\":\"https:\\\/\\\/elestataldemexico.com\\\/wp-content\\\/uploads\\\/2026\\\/04\\\/WhatsApp-Image-2026-04-29-at-10.10.54.jpeg\",\"width\":860,\"height\":484},{\"@type\":\"BreadcrumbList\",\"@id\":\"https:\\\/\\\/elestataldemexico.com\\\/index.php\\\/2026\\\/04\\\/29\\\/chicharito-anuncia-su-regreso-al-futbol-nos-vemos-pronto-ni-madr-me-retiro\\\/#breadcrumb\",\"itemListElement\":[{\"@type\":\"ListItem\",\"position\":1,\"name\":\"Portada\",\"item\":\"https:\\\/\\\/elestataldemexico.com\\\/\"},{\"@type\":\"ListItem\",\"position\":2,\"name\":\"\u201cChicharito\u201d anuncia su regreso al futbol: \u201cNos vemos pronto, ni madr&#8230; me retiro\u201d\"}]},{\"@type\":\"WebSite\",\"@id\":\"https:\\\/\\\/elestataldemexico.com\\\/#website\",\"url\":\"https:\\\/\\\/elestataldemexico.com\\\/\",\"name\":\"El Estatal de M\u00e9xico\",\"description\":\"\",\"publisher\":{\"@id\":\"https:\\\/\\\/elestataldemexico.com\\\/#organization\"},\"potentialAction\":[{\"@type\":\"SearchAction\",\"target\":{\"@type\":\"EntryPoint\",\"urlTemplate\":\"https:\\\/\\\/elestataldemexico.com\\\/?s={search_term_string}\"},\"query-input\":{\"@type\":\"PropertyValueSpecification\",\"valueRequired\":true,\"valueName\":\"search_term_string\"}}],\"inLanguage\":\"es\"},{\"@type\":\"Organization\",\"@id\":\"https:\\\/\\\/elestataldemexico.com\\\/#organization\",\"name\":\"El Estatal de M\u00e9xico\",\"url\":\"https:\\\/\\\/elestataldemexico.com\\\/\",\"logo\":{\"@type\":\"ImageObject\",\"inLanguage\":\"es\",\"@id\":\"https:\\\/\\\/elestataldemexico.com\\\/#\\\/schema\\\/logo\\\/image\\\/\",\"url\":\"https:\\\/\\\/elestataldemexico.com\\\/wp-content\\\/uploads\\\/2025\\\/05\\\/cropped-elestatal.png\",\"contentUrl\":\"https:\\\/\\\/elestataldemexico.com\\\/wp-content\\\/uploads\\\/2025\\\/05\\\/cropped-elestatal.png\",\"width\":504,\"height\":97,\"caption\":\"El Estatal de M\u00e9xico\"},\"image\":{\"@id\":\"https:\\\/\\\/elestataldemexico.com\\\/#\\\/schema\\\/logo\\\/image\\\/\"}},{\"@type\":\"Person\",\"@id\":\"https:\\\/\\\/elestataldemexico.com\\\/#\\\/schema\\\/person\\\/6c7813c13d2c1571771f592f0fe866bb\",\"name\":\"admin\",\"image\":{\"@type\":\"ImageObject\",\"inLanguage\":\"es\",\"@id\":\"https:\\\/\\\/secure.gravatar.com\\\/avatar\\\/d5ed2db9923a3ad3c0a47f6b3aec7abcb43924b9322251ade16472fc06f7bb5b?s=96&d=mm&r=g\",\"url\":\"https:\\\/\\\/secure.gravatar.com\\\/avatar\\\/d5ed2db9923a3ad3c0a47f6b3aec7abcb43924b9322251ade16472fc06f7bb5b?s=96&d=mm&r=g\",\"contentUrl\":\"https:\\\/\\\/secure.gravatar.com\\\/avatar\\\/d5ed2db9923a3ad3c0a47f6b3aec7abcb43924b9322251ade16472fc06f7bb5b?s=96&d=mm&r=g\",\"caption\":\"admin\"},\"sameAs\":[\"https:\\\/\\\/elestataldemexico.com\"],\"url\":\"https:\\\/\\\/elestataldemexico.com\\\/index.php\\\/author\\\/info_qk62m3p3\\\/\"}]}<\/script>\n<!-- \/ Yoast SEO plugin. -->","yoast_head_json":{"title":"\u201cChicharito\u201d anuncia su regreso al futbol: \u201cNos vemos pronto, ni madr... me retiro\u201d - El Estatal de M\u00e9xico","robots":{"index":"index","follow":"follow","max-snippet":"max-snippet:-1","max-image-preview":"max-image-preview:large","max-video-preview":"max-video-preview:-1"},"canonical":"https:\/\/elestataldemexico.com\/index.php\/2026\/04\/29\/chicharito-anuncia-su-regreso-al-futbol-nos-vemos-pronto-ni-madr-me-retiro\/","og_locale":"es_ES","og_type":"article","og_title":"\u201cChicharito\u201d anuncia su regreso al futbol: \u201cNos vemos pronto, ni madr... me retiro\u201d - El Estatal de M\u00e9xico","og_description":"\ud83d\udd38 El delantero mexicano desminti\u00f3 rumores sobre su adi\u00f3s y asegur\u00f3 que a\u00fan tiene planes de volver a","og_url":"https:\/\/elestataldemexico.com\/index.php\/2026\/04\/29\/chicharito-anuncia-su-regreso-al-futbol-nos-vemos-pronto-ni-madr-me-retiro\/","og_site_name":"El Estatal de M\u00e9xico","article_published_time":"2026-04-29T19:00:10+00:00","og_image":[{"width":860,"height":484,"url":"https:\/\/elestataldemexico.com\/wp-content\/uploads\/2026\/04\/WhatsApp-Image-2026-04-29-at-10.10.54.jpeg","type":"image\/jpeg"}],"author":"admin","twitter_card":"summary_large_image","twitter_misc":{"Escrito por":"admin","Tiempo de lectura":"2 minutos"},"schema":{"@context":"https:\/\/schema.org","@graph":[{"@type":"Article","@id":"https:\/\/elestataldemexico.com\/index.php\/2026\/04\/29\/chicharito-anuncia-su-regreso-al-futbol-nos-vemos-pronto-ni-madr-me-retiro\/#article","isPartOf":{"@id":"https:\/\/elestataldemexico.com\/index.php\/2026\/04\/29\/chicharito-anuncia-su-regreso-al-futbol-nos-vemos-pronto-ni-madr-me-retiro\/"},"author":{"name":"admin","@id":"https:\/\/elestataldemexico.com\/#\/schema\/person\/6c7813c13d2c1571771f592f0fe866bb"},"headline":"\u201cChicharito\u201d anuncia su regreso al futbol: \u201cNos vemos pronto, ni madr&#8230; me retiro\u201d","datePublished":"2026-04-29T19:00:10+00:00","mainEntityOfPage":{"@id":"https:\/\/elestataldemexico.com\/index.php\/2026\/04\/29\/chicharito-anuncia-su-regreso-al-futbol-nos-vemos-pronto-ni-madr-me-retiro\/"},"wordCount":384,"commentCount":0,"publisher":{"@id":"https:\/\/elestataldemexico.com\/#organization"},"image":{"@id":"https:\/\/elestataldemexico.com\/index.php\/2026\/04\/29\/chicharito-anuncia-su-regreso-al-futbol-nos-vemos-pronto-ni-madr-me-retiro\/#primaryimage"},"thumbnailUrl":"https:\/\/elestataldemexico.com\/wp-content\/uploads\/2026\/04\/WhatsApp-Image-2026-04-29-at-10.10.54.jpeg","articleSection":["Deportes"],"inLanguage":"es","potentialAction":[{"@type":"CommentAction","name":"Comment","target":["https:\/\/elestataldemexico.com\/index.php\/2026\/04\/29\/chicharito-anuncia-su-regreso-al-futbol-nos-vemos-pronto-ni-madr-me-retiro\/#respond"]}]},{"@type":"WebPage","@id":"https:\/\/elestataldemexico.com\/index.php\/2026\/04\/29\/chicharito-anuncia-su-regreso-al-futbol-nos-vemos-pronto-ni-madr-me-retiro\/","url":"https:\/\/elestataldemexico.com\/index.php\/2026\/04\/29\/chicharito-anuncia-su-regreso-al-futbol-nos-vemos-pronto-ni-madr-me-retiro\/","name":"\u201cChicharito\u201d anuncia su regreso al futbol: \u201cNos vemos pronto, ni madr... me retiro\u201d - El Estatal de M\u00e9xico","isPartOf":{"@id":"https:\/\/elestataldemexico.com\/#website"},"primaryImageOfPage":{"@id":"https:\/\/elestataldemexico.com\/index.php\/2026\/04\/29\/chicharito-anuncia-su-regreso-al-futbol-nos-vemos-pronto-ni-madr-me-retiro\/#primaryimage"},"image":{"@id":"https:\/\/elestataldemexico.com\/index.php\/2026\/04\/29\/chicharito-anuncia-su-regreso-al-futbol-nos-vemos-pronto-ni-madr-me-retiro\/#primaryimage"},"thumbnailUrl":"https:\/\/elestataldemexico.com\/wp-content\/uploads\/2026\/04\/WhatsApp-Image-2026-04-29-at-10.10.54.jpeg","datePublished":"2026-04-29T19:00:10+00:00","breadcrumb":{"@id":"https:\/\/elestataldemexico.com\/index.php\/2026\/04\/29\/chicharito-anuncia-su-regreso-al-futbol-nos-vemos-pronto-ni-madr-me-retiro\/#breadcrumb"},"inLanguage":"es","potentialAction":[{"@type":"ReadAction","target":["https:\/\/elestataldemexico.com\/index.php\/2026\/04\/29\/chicharito-anuncia-su-regreso-al-futbol-nos-vemos-pronto-ni-madr-me-retiro\/"]}]},{"@type":"ImageObject","inLanguage":"es","@id":"https:\/\/elestataldemexico.com\/index.php\/2026\/04\/29\/chicharito-anuncia-su-regreso-al-futbol-nos-vemos-pronto-ni-madr-me-retiro\/#primaryimage","url":"https:\/\/elestataldemexico.com\/wp-content\/uploads\/2026\/04\/WhatsApp-Image-2026-04-29-at-10.10.54.jpeg","contentUrl":"https:\/\/elestataldemexico.com\/wp-content\/uploads\/2026\/04\/WhatsApp-Image-2026-04-29-at-10.10.54.jpeg","width":860,"height":484},{"@type":"BreadcrumbList","@id":"https:\/\/elestataldemexico.com\/index.php\/2026\/04\/29\/chicharito-anuncia-su-regreso-al-futbol-nos-vemos-pronto-ni-madr-me-retiro\/#breadcrumb","itemListElement":[{"@type":"ListItem","position":1,"name":"Portada","item":"https:\/\/elestataldemexico.com\/"},{"@type":"ListItem","position":2,"name":"\u201cChicharito\u201d anuncia su regreso al futbol: \u201cNos vemos pronto, ni madr&#8230; me retiro\u201d"}]},{"@type":"WebSite","@id":"https:\/\/elestataldemexico.com\/#website","url":"https:\/\/elestataldemexico.com\/","name":"El Estatal de M\u00e9xico","description":"","publisher":{"@id":"https:\/\/elestataldemexico.com\/#organization"},"potentialAction":[{"@type":"SearchAction","target":{"@type":"EntryPoint","urlTemplate":"https:\/\/elestataldemexico.com\/?s={search_term_string}"},"query-input":{"@type":"PropertyValueSpecification","valueRequired":true,"valueName":"search_term_string"}}],"inLanguage":"es"},{"@type":"Organization","@id":"https:\/\/elestataldemexico.com\/#organization","name":"El Estatal de M\u00e9xico","url":"https:\/\/elestataldemexico.com\/","logo":{"@type":"ImageObject","inLanguage":"es","@id":"https:\/\/elestataldemexico.com\/#\/schema\/logo\/image\/","url":"https:\/\/elestataldemexico.com\/wp-content\/uploads\/2025\/05\/cropped-elestatal.png","contentUrl":"https:\/\/elestataldemexico.com\/wp-content\/uploads\/2025\/05\/cropped-elestatal.png","width":504,"height":97,"caption":"El Estatal de M\u00e9xico"},"image":{"@id":"https:\/\/elestataldemexico.com\/#\/schema\/logo\/image\/"}},{"@type":"Person","@id":"https:\/\/elestataldemexico.com\/#\/schema\/person\/6c7813c13d2c1571771f592f0fe866bb","name":"admin","image":{"@type":"ImageObject","inLanguage":"es","@id":"https:\/\/secure.gravatar.com\/avatar\/d5ed2db9923a3ad3c0a47f6b3aec7abcb43924b9322251ade16472fc06f7bb5b?s=96&d=mm&r=g","url":"https:\/\/secure.gravatar.com\/avatar\/d5ed2db9923a3ad3c0a47f6b3aec7abcb43924b9322251ade16472fc06f7bb5b?s=96&d=mm&r=g","contentUrl":"https:\/\/secure.gravatar.com\/avatar\/d5ed2db9923a3ad3c0a47f6b3aec7abcb43924b9322251ade16472fc06f7bb5b?s=96&d=mm&r=g","caption":"admin"},"sameAs":["https:\/\/elestataldemexico.com"],"url":"https:\/\/elestataldemexico.com\/index.php\/author\/info_qk62m3p3\/"}]}},"_links":{"self":[{"href":"https:\/\/elestataldemexico.com\/index.php\/wp-json\/wp\/v2\/posts\/42685","targetHints":{"allow":["GET"]}}],"collection":[{"href":"https:\/\/elestataldemexico.com\/index.php\/wp-json\/wp\/v2\/posts"}],"about":[{"href":"https:\/\/elestataldemexico.com\/index.php\/wp-json\/wp\/v2\/types\/post"}],"author":[{"embeddable":true,"href":"https:\/\/elestataldemexico.com\/index.php\/wp-json\/wp\/v2\/users\/1"}],"replies":[{"embeddable":true,"href":"https:\/\/elestataldemexico.com\/index.php\/wp-json\/wp\/v2\/comments?post=42685"}],"version-history":[{"count":1,"href":"https:\/\/elestataldemexico.com\/index.php\/wp-json\/wp\/v2\/posts\/42685\/revisions"}],"predecessor-version":[{"id":42686,"href":"https:\/\/elestataldemexico.com\/index.php\/wp-json\/wp\/v2\/posts\/42685\/revisions\/42686"}],"wp:featuredmedia":[{"embeddable":true,"href":"https:\/\/elestataldemexico.com\/index.php\/wp-json\/wp\/v2\/media\/42687"}],"wp:attachment":[{"href":"https:\/\/elestataldemexico.com\/index.php\/wp-json\/wp\/v2\/media?parent=42685"}],"wp:term":[{"taxonomy":"category","embeddable":true,"href":"https:\/\/elestataldemexico.com\/index.php\/wp-json\/wp\/v2\/categories?post=42685"},{"taxonomy":"post_tag","embeddable":true,"href":"https:\/\/elestataldemexico.com\/index.php\/wp-json\/wp\/v2\/tags?post=42685"}],"curies":[{"name":"wp","href":"https:\/\/api.w.org\/{rel}","templated":true}]}}