{"id":42658,"date":"2026-04-28T15:00:50","date_gmt":"2026-04-28T20:00:50","guid":{"rendered":"https:\/\/elestataldemexico.com\/?p=42658"},"modified":"2026-04-28T11:43:21","modified_gmt":"2026-04-28T16:43:21","slug":"conagua-alerta-a-fifa-por-fuertes-lluvias-en-mexico-durante-el-mundial-2026","status":"publish","type":"post","link":"https:\/\/elestataldemexico.com\/index.php\/2026\/04\/28\/conagua-alerta-a-fifa-por-fuertes-lluvias-en-mexico-durante-el-mundial-2026\/","title":{"rendered":"Conagua alerta a FIFA por fuertes lluvias en M\u00e9xico durante el Mundial 2026"},"content":{"rendered":"<p>\ud83d\udd38 Seg\u00fan el pron\u00f3stico del tiempo, la temporada de precipitaciones comenzar\u00e1 en mayo y tomar\u00e1 mayor fuerza durante el mes de junio<\/p>\n<p>#NACIONAL | Mucha atenci\u00f3n, porque para este 2026 se esperan lluvias importantes en M\u00e9xico, especialmente en los meses de junio y julio, cuando se disputar\u00e1 el Mundial de la FIFA, seg\u00fan inform\u00f3 la Comisi\u00f3n Nacional del Agua (Conagua).<\/p>\n<p>En conferencia de prensa, el director del Servicio Meteorol\u00f3gico Nacional (SMN), Fabi\u00e1n V\u00e1zquez Roma\u00f1a, present\u00f3 el pron\u00f3stico de la temporada.<\/p>\n<p>Se prev\u00e9 que:<\/p>\n<p>Las lluvias inicien en mayo<\/p>\n<p>Se establezcan con mayor intensidad en junio<\/p>\n<p>Contin\u00faen de forma variable hasta octubre<\/p>\n<p>Se estima el inicio de la temporada de lluvias en mayo y su establecimiento en junio. El monz\u00f3n mexicano beneficiar\u00e1 a los estados del noroeste del pa\u00eds, con una intensa se\u00f1al h\u00fameda en junio, una disminuci\u00f3n de su actividad durante julio, y volver\u00e1 a intensificarse con lluvias por arriba del promedio durante septiembre y octubre\u201d, inform\u00f3.<\/p>\n<p>Mundial coincidir\u00e1 con la temporada de lluvias<br \/>\nEste panorama coincide con el Mundial 2026, que tendr\u00e1 partidos en M\u00e9xico del 11 de junio al 5 de julio en:<\/p>\n<p>Ciudad de M\u00e9xico<\/p>\n<p>Guadalajara<\/p>\n<p>Monterrey<\/p>\n<p>El SMN confirm\u00f3 que la FIFA ya est\u00e1 informada y preparada ante este escenario.<\/p>\n<p>Estuvimos en pl\u00e1ticas con la FIFA por varios meses y est\u00e1n preparados para un escenario de lluvias. Ya se les dijo c\u00f3mo se comporta la temporada en la Ciudad de M\u00e9xico; c\u00f3mo se comporta en Monterrey; c\u00f3mo se comporta en Guadalajara\u201d, explic\u00f3 V\u00e1zquez Roma\u00f1a.<\/p>\n<p>Riesgo de afectaciones en CDMX<br \/>\nEn los \u00faltimos a\u00f1os, la temporada de lluvias en la Ciudad de M\u00e9xico ha estado marcada por inundaciones y afectaciones a la movilidad.<\/p>\n<p>Entre los principales problemas destacan:<\/p>\n<p>Calles y avenidas encharcadas<\/p>\n<p>Accidentes viales<\/p>\n<p>Reducci\u00f3n en la velocidad del tr\u00e1nsito<\/p>\n<p>Los aficionados que asistan a los partidos del Mundial en M\u00e9xico deber\u00e1n tomas sus precauciones\/Pixabay<br \/>\nPartidos del Mundial 2026 en M\u00e9xico<br \/>\nCiudad de M\u00e9xico (Estadio Azteca)<br \/>\n11 de junio: M\u00e9xico vs. Sud\u00e1frica (Grupo A &#8211; Inauguraci\u00f3n)<\/p>\n<p>17 de junio: Uzbekist\u00e1n vs. Colombia (Grupo K)<\/p>\n<p>24 de junio: Chequia vs. M\u00e9xico (Grupo A)<\/p>\n<p>30 de junio: Dieciseisavos de Final<\/p>\n<p>5 de julio: Octavos de Final<\/p>\n<p>Guadalajara (Estadio Akron)<br \/>\n11 de junio: Corea del Sur vs. Chequia (Grupo B)<\/p>\n<p>18 de junio: M\u00e9xico vs. Corea del Sur (Grupo A)<\/p>\n<p>23 de junio: Ganador eliminatoria vs. Colombia (Grupo K)<\/p>\n<p>26 de junio: Uruguay vs. Espa\u00f1a (Grupo G)<\/p>\n<p>Monterrey (Estadio BBVA)<br \/>\n14 de junio: Ganador eliminatoria vs. T\u00fanez (Grupo L)<\/p>\n<p>20 de junio: T\u00fanez vs. Jap\u00f3n (Grupo L)<\/p>\n<p>24 de junio: Sud\u00e1frica vs. Corea del Sur (Grupo A)<\/p>\n<p>29 de junio: Dieciseisavos de Final.<\/p>\n","protected":false},"excerpt":{"rendered":"<p>\ud83d\udd38 Seg\u00fan el pron\u00f3stico del tiempo, la temporada de precipitaciones comenzar\u00e1 en mayo y tomar\u00e1 mayor fuerza durante<\/p>\n","protected":false},"author":1,"featured_media":42660,"comment_status":"open","ping_status":"closed","sticky":false,"template":"","format":"standard","meta":{"footnotes":""},"categories":[7],"tags":[],"class_list":["post-42658","post","type-post","status-publish","format-standard","has-post-thumbnail","hentry","category-nacional"],"yoast_head":"<!-- This site is optimized with the Yoast SEO plugin v27.4 - https:\/\/yoast.com\/product\/yoast-seo-wordpress\/ -->\n<title>Conagua alerta a FIFA por fuertes lluvias en M\u00e9xico durante el Mundial 2026 - El Estatal de M\u00e9xico<\/title>\n<meta name=\"robots\" content=\"index, follow, max-snippet:-1, max-image-preview:large, max-video-preview:-1\" \/>\n<link rel=\"canonical\" href=\"https:\/\/elestataldemexico.com\/index.php\/2026\/04\/28\/conagua-alerta-a-fifa-por-fuertes-lluvias-en-mexico-durante-el-mundial-2026\/\" \/>\n<meta property=\"og:locale\" content=\"es_ES\" \/>\n<meta property=\"og:type\" content=\"article\" \/>\n<meta property=\"og:title\" content=\"Conagua alerta a FIFA por fuertes lluvias en M\u00e9xico durante el Mundial 2026 - El Estatal de M\u00e9xico\" \/>\n<meta property=\"og:description\" content=\"\ud83d\udd38 Seg\u00fan el pron\u00f3stico del tiempo, la temporada de precipitaciones comenzar\u00e1 en mayo y tomar\u00e1 mayor fuerza durante\" \/>\n<meta property=\"og:url\" content=\"https:\/\/elestataldemexico.com\/index.php\/2026\/04\/28\/conagua-alerta-a-fifa-por-fuertes-lluvias-en-mexico-durante-el-mundial-2026\/\" \/>\n<meta property=\"og:site_name\" content=\"El Estatal de M\u00e9xico\" \/>\n<meta property=\"article:published_time\" content=\"2026-04-28T20:00:50+00:00\" \/>\n<meta property=\"og:image\" content=\"https:\/\/elestataldemexico.com\/wp-content\/uploads\/2026\/04\/WhatsApp-Image-2026-04-28-at-11.07.06.jpeg\" \/>\n\t<meta property=\"og:image:width\" content=\"860\" \/>\n\t<meta property=\"og:image:height\" content=\"484\" \/>\n\t<meta property=\"og:image:type\" content=\"image\/jpeg\" \/>\n<meta name=\"author\" content=\"admin\" \/>\n<meta name=\"twitter:card\" content=\"summary_large_image\" \/>\n<meta name=\"twitter:label1\" content=\"Escrito por\" \/>\n\t<meta name=\"twitter:data1\" content=\"admin\" \/>\n\t<meta name=\"twitter:label2\" content=\"Tiempo de lectura\" \/>\n\t<meta name=\"twitter:data2\" content=\"2 minutos\" \/>\n<script type=\"application\/ld+json\" class=\"yoast-schema-graph\">{\"@context\":\"https:\\\/\\\/schema.org\",\"@graph\":[{\"@type\":\"Article\",\"@id\":\"https:\\\/\\\/elestataldemexico.com\\\/index.php\\\/2026\\\/04\\\/28\\\/conagua-alerta-a-fifa-por-fuertes-lluvias-en-mexico-durante-el-mundial-2026\\\/#article\",\"isPartOf\":{\"@id\":\"https:\\\/\\\/elestataldemexico.com\\\/index.php\\\/2026\\\/04\\\/28\\\/conagua-alerta-a-fifa-por-fuertes-lluvias-en-mexico-durante-el-mundial-2026\\\/\"},\"author\":{\"name\":\"admin\",\"@id\":\"https:\\\/\\\/elestataldemexico.com\\\/#\\\/schema\\\/person\\\/6c7813c13d2c1571771f592f0fe866bb\"},\"headline\":\"Conagua alerta a FIFA por fuertes lluvias en M\u00e9xico durante el Mundial 2026\",\"datePublished\":\"2026-04-28T20:00:50+00:00\",\"mainEntityOfPage\":{\"@id\":\"https:\\\/\\\/elestataldemexico.com\\\/index.php\\\/2026\\\/04\\\/28\\\/conagua-alerta-a-fifa-por-fuertes-lluvias-en-mexico-durante-el-mundial-2026\\\/\"},\"wordCount\":473,\"commentCount\":0,\"publisher\":{\"@id\":\"https:\\\/\\\/elestataldemexico.com\\\/#organization\"},\"image\":{\"@id\":\"https:\\\/\\\/elestataldemexico.com\\\/index.php\\\/2026\\\/04\\\/28\\\/conagua-alerta-a-fifa-por-fuertes-lluvias-en-mexico-durante-el-mundial-2026\\\/#primaryimage\"},\"thumbnailUrl\":\"https:\\\/\\\/elestataldemexico.com\\\/wp-content\\\/uploads\\\/2026\\\/04\\\/WhatsApp-Image-2026-04-28-at-11.07.06.jpeg\",\"articleSection\":[\"Nacional\"],\"inLanguage\":\"es\",\"potentialAction\":[{\"@type\":\"CommentAction\",\"name\":\"Comment\",\"target\":[\"https:\\\/\\\/elestataldemexico.com\\\/index.php\\\/2026\\\/04\\\/28\\\/conagua-alerta-a-fifa-por-fuertes-lluvias-en-mexico-durante-el-mundial-2026\\\/#respond\"]}]},{\"@type\":\"WebPage\",\"@id\":\"https:\\\/\\\/elestataldemexico.com\\\/index.php\\\/2026\\\/04\\\/28\\\/conagua-alerta-a-fifa-por-fuertes-lluvias-en-mexico-durante-el-mundial-2026\\\/\",\"url\":\"https:\\\/\\\/elestataldemexico.com\\\/index.php\\\/2026\\\/04\\\/28\\\/conagua-alerta-a-fifa-por-fuertes-lluvias-en-mexico-durante-el-mundial-2026\\\/\",\"name\":\"Conagua alerta a FIFA por fuertes lluvias en M\u00e9xico durante el Mundial 2026 - El Estatal de M\u00e9xico\",\"isPartOf\":{\"@id\":\"https:\\\/\\\/elestataldemexico.com\\\/#website\"},\"primaryImageOfPage\":{\"@id\":\"https:\\\/\\\/elestataldemexico.com\\\/index.php\\\/2026\\\/04\\\/28\\\/conagua-alerta-a-fifa-por-fuertes-lluvias-en-mexico-durante-el-mundial-2026\\\/#primaryimage\"},\"image\":{\"@id\":\"https:\\\/\\\/elestataldemexico.com\\\/index.php\\\/2026\\\/04\\\/28\\\/conagua-alerta-a-fifa-por-fuertes-lluvias-en-mexico-durante-el-mundial-2026\\\/#primaryimage\"},\"thumbnailUrl\":\"https:\\\/\\\/elestataldemexico.com\\\/wp-content\\\/uploads\\\/2026\\\/04\\\/WhatsApp-Image-2026-04-28-at-11.07.06.jpeg\",\"datePublished\":\"2026-04-28T20:00:50+00:00\",\"breadcrumb\":{\"@id\":\"https:\\\/\\\/elestataldemexico.com\\\/index.php\\\/2026\\\/04\\\/28\\\/conagua-alerta-a-fifa-por-fuertes-lluvias-en-mexico-durante-el-mundial-2026\\\/#breadcrumb\"},\"inLanguage\":\"es\",\"potentialAction\":[{\"@type\":\"ReadAction\",\"target\":[\"https:\\\/\\\/elestataldemexico.com\\\/index.php\\\/2026\\\/04\\\/28\\\/conagua-alerta-a-fifa-por-fuertes-lluvias-en-mexico-durante-el-mundial-2026\\\/\"]}]},{\"@type\":\"ImageObject\",\"inLanguage\":\"es\",\"@id\":\"https:\\\/\\\/elestataldemexico.com\\\/index.php\\\/2026\\\/04\\\/28\\\/conagua-alerta-a-fifa-por-fuertes-lluvias-en-mexico-durante-el-mundial-2026\\\/#primaryimage\",\"url\":\"https:\\\/\\\/elestataldemexico.com\\\/wp-content\\\/uploads\\\/2026\\\/04\\\/WhatsApp-Image-2026-04-28-at-11.07.06.jpeg\",\"contentUrl\":\"https:\\\/\\\/elestataldemexico.com\\\/wp-content\\\/uploads\\\/2026\\\/04\\\/WhatsApp-Image-2026-04-28-at-11.07.06.jpeg\",\"width\":860,\"height\":484},{\"@type\":\"BreadcrumbList\",\"@id\":\"https:\\\/\\\/elestataldemexico.com\\\/index.php\\\/2026\\\/04\\\/28\\\/conagua-alerta-a-fifa-por-fuertes-lluvias-en-mexico-durante-el-mundial-2026\\\/#breadcrumb\",\"itemListElement\":[{\"@type\":\"ListItem\",\"position\":1,\"name\":\"Portada\",\"item\":\"https:\\\/\\\/elestataldemexico.com\\\/\"},{\"@type\":\"ListItem\",\"position\":2,\"name\":\"Conagua alerta a FIFA por fuertes lluvias en M\u00e9xico durante el Mundial 2026\"}]},{\"@type\":\"WebSite\",\"@id\":\"https:\\\/\\\/elestataldemexico.com\\\/#website\",\"url\":\"https:\\\/\\\/elestataldemexico.com\\\/\",\"name\":\"El Estatal de M\u00e9xico\",\"description\":\"\",\"publisher\":{\"@id\":\"https:\\\/\\\/elestataldemexico.com\\\/#organization\"},\"potentialAction\":[{\"@type\":\"SearchAction\",\"target\":{\"@type\":\"EntryPoint\",\"urlTemplate\":\"https:\\\/\\\/elestataldemexico.com\\\/?s={search_term_string}\"},\"query-input\":{\"@type\":\"PropertyValueSpecification\",\"valueRequired\":true,\"valueName\":\"search_term_string\"}}],\"inLanguage\":\"es\"},{\"@type\":\"Organization\",\"@id\":\"https:\\\/\\\/elestataldemexico.com\\\/#organization\",\"name\":\"El Estatal de M\u00e9xico\",\"url\":\"https:\\\/\\\/elestataldemexico.com\\\/\",\"logo\":{\"@type\":\"ImageObject\",\"inLanguage\":\"es\",\"@id\":\"https:\\\/\\\/elestataldemexico.com\\\/#\\\/schema\\\/logo\\\/image\\\/\",\"url\":\"https:\\\/\\\/elestataldemexico.com\\\/wp-content\\\/uploads\\\/2025\\\/05\\\/cropped-elestatal.png\",\"contentUrl\":\"https:\\\/\\\/elestataldemexico.com\\\/wp-content\\\/uploads\\\/2025\\\/05\\\/cropped-elestatal.png\",\"width\":504,\"height\":97,\"caption\":\"El Estatal de M\u00e9xico\"},\"image\":{\"@id\":\"https:\\\/\\\/elestataldemexico.com\\\/#\\\/schema\\\/logo\\\/image\\\/\"}},{\"@type\":\"Person\",\"@id\":\"https:\\\/\\\/elestataldemexico.com\\\/#\\\/schema\\\/person\\\/6c7813c13d2c1571771f592f0fe866bb\",\"name\":\"admin\",\"image\":{\"@type\":\"ImageObject\",\"inLanguage\":\"es\",\"@id\":\"https:\\\/\\\/secure.gravatar.com\\\/avatar\\\/d5ed2db9923a3ad3c0a47f6b3aec7abcb43924b9322251ade16472fc06f7bb5b?s=96&d=mm&r=g\",\"url\":\"https:\\\/\\\/secure.gravatar.com\\\/avatar\\\/d5ed2db9923a3ad3c0a47f6b3aec7abcb43924b9322251ade16472fc06f7bb5b?s=96&d=mm&r=g\",\"contentUrl\":\"https:\\\/\\\/secure.gravatar.com\\\/avatar\\\/d5ed2db9923a3ad3c0a47f6b3aec7abcb43924b9322251ade16472fc06f7bb5b?s=96&d=mm&r=g\",\"caption\":\"admin\"},\"sameAs\":[\"https:\\\/\\\/elestataldemexico.com\"],\"url\":\"https:\\\/\\\/elestataldemexico.com\\\/index.php\\\/author\\\/info_qk62m3p3\\\/\"}]}<\/script>\n<!-- \/ Yoast SEO plugin. -->","yoast_head_json":{"title":"Conagua alerta a FIFA por fuertes lluvias en M\u00e9xico durante el Mundial 2026 - El Estatal de M\u00e9xico","robots":{"index":"index","follow":"follow","max-snippet":"max-snippet:-1","max-image-preview":"max-image-preview:large","max-video-preview":"max-video-preview:-1"},"canonical":"https:\/\/elestataldemexico.com\/index.php\/2026\/04\/28\/conagua-alerta-a-fifa-por-fuertes-lluvias-en-mexico-durante-el-mundial-2026\/","og_locale":"es_ES","og_type":"article","og_title":"Conagua alerta a FIFA por fuertes lluvias en M\u00e9xico durante el Mundial 2026 - El Estatal de M\u00e9xico","og_description":"\ud83d\udd38 Seg\u00fan el pron\u00f3stico del tiempo, la temporada de precipitaciones comenzar\u00e1 en mayo y tomar\u00e1 mayor fuerza durante","og_url":"https:\/\/elestataldemexico.com\/index.php\/2026\/04\/28\/conagua-alerta-a-fifa-por-fuertes-lluvias-en-mexico-durante-el-mundial-2026\/","og_site_name":"El Estatal de M\u00e9xico","article_published_time":"2026-04-28T20:00:50+00:00","og_image":[{"width":860,"height":484,"url":"https:\/\/elestataldemexico.com\/wp-content\/uploads\/2026\/04\/WhatsApp-Image-2026-04-28-at-11.07.06.jpeg","type":"image\/jpeg"}],"author":"admin","twitter_card":"summary_large_image","twitter_misc":{"Escrito por":"admin","Tiempo de lectura":"2 minutos"},"schema":{"@context":"https:\/\/schema.org","@graph":[{"@type":"Article","@id":"https:\/\/elestataldemexico.com\/index.php\/2026\/04\/28\/conagua-alerta-a-fifa-por-fuertes-lluvias-en-mexico-durante-el-mundial-2026\/#article","isPartOf":{"@id":"https:\/\/elestataldemexico.com\/index.php\/2026\/04\/28\/conagua-alerta-a-fifa-por-fuertes-lluvias-en-mexico-durante-el-mundial-2026\/"},"author":{"name":"admin","@id":"https:\/\/elestataldemexico.com\/#\/schema\/person\/6c7813c13d2c1571771f592f0fe866bb"},"headline":"Conagua alerta a FIFA por fuertes lluvias en M\u00e9xico durante el Mundial 2026","datePublished":"2026-04-28T20:00:50+00:00","mainEntityOfPage":{"@id":"https:\/\/elestataldemexico.com\/index.php\/2026\/04\/28\/conagua-alerta-a-fifa-por-fuertes-lluvias-en-mexico-durante-el-mundial-2026\/"},"wordCount":473,"commentCount":0,"publisher":{"@id":"https:\/\/elestataldemexico.com\/#organization"},"image":{"@id":"https:\/\/elestataldemexico.com\/index.php\/2026\/04\/28\/conagua-alerta-a-fifa-por-fuertes-lluvias-en-mexico-durante-el-mundial-2026\/#primaryimage"},"thumbnailUrl":"https:\/\/elestataldemexico.com\/wp-content\/uploads\/2026\/04\/WhatsApp-Image-2026-04-28-at-11.07.06.jpeg","articleSection":["Nacional"],"inLanguage":"es","potentialAction":[{"@type":"CommentAction","name":"Comment","target":["https:\/\/elestataldemexico.com\/index.php\/2026\/04\/28\/conagua-alerta-a-fifa-por-fuertes-lluvias-en-mexico-durante-el-mundial-2026\/#respond"]}]},{"@type":"WebPage","@id":"https:\/\/elestataldemexico.com\/index.php\/2026\/04\/28\/conagua-alerta-a-fifa-por-fuertes-lluvias-en-mexico-durante-el-mundial-2026\/","url":"https:\/\/elestataldemexico.com\/index.php\/2026\/04\/28\/conagua-alerta-a-fifa-por-fuertes-lluvias-en-mexico-durante-el-mundial-2026\/","name":"Conagua alerta a FIFA por fuertes lluvias en M\u00e9xico durante el Mundial 2026 - El Estatal de M\u00e9xico","isPartOf":{"@id":"https:\/\/elestataldemexico.com\/#website"},"primaryImageOfPage":{"@id":"https:\/\/elestataldemexico.com\/index.php\/2026\/04\/28\/conagua-alerta-a-fifa-por-fuertes-lluvias-en-mexico-durante-el-mundial-2026\/#primaryimage"},"image":{"@id":"https:\/\/elestataldemexico.com\/index.php\/2026\/04\/28\/conagua-alerta-a-fifa-por-fuertes-lluvias-en-mexico-durante-el-mundial-2026\/#primaryimage"},"thumbnailUrl":"https:\/\/elestataldemexico.com\/wp-content\/uploads\/2026\/04\/WhatsApp-Image-2026-04-28-at-11.07.06.jpeg","datePublished":"2026-04-28T20:00:50+00:00","breadcrumb":{"@id":"https:\/\/elestataldemexico.com\/index.php\/2026\/04\/28\/conagua-alerta-a-fifa-por-fuertes-lluvias-en-mexico-durante-el-mundial-2026\/#breadcrumb"},"inLanguage":"es","potentialAction":[{"@type":"ReadAction","target":["https:\/\/elestataldemexico.com\/index.php\/2026\/04\/28\/conagua-alerta-a-fifa-por-fuertes-lluvias-en-mexico-durante-el-mundial-2026\/"]}]},{"@type":"ImageObject","inLanguage":"es","@id":"https:\/\/elestataldemexico.com\/index.php\/2026\/04\/28\/conagua-alerta-a-fifa-por-fuertes-lluvias-en-mexico-durante-el-mundial-2026\/#primaryimage","url":"https:\/\/elestataldemexico.com\/wp-content\/uploads\/2026\/04\/WhatsApp-Image-2026-04-28-at-11.07.06.jpeg","contentUrl":"https:\/\/elestataldemexico.com\/wp-content\/uploads\/2026\/04\/WhatsApp-Image-2026-04-28-at-11.07.06.jpeg","width":860,"height":484},{"@type":"BreadcrumbList","@id":"https:\/\/elestataldemexico.com\/index.php\/2026\/04\/28\/conagua-alerta-a-fifa-por-fuertes-lluvias-en-mexico-durante-el-mundial-2026\/#breadcrumb","itemListElement":[{"@type":"ListItem","position":1,"name":"Portada","item":"https:\/\/elestataldemexico.com\/"},{"@type":"ListItem","position":2,"name":"Conagua alerta a FIFA por fuertes lluvias en M\u00e9xico durante el Mundial 2026"}]},{"@type":"WebSite","@id":"https:\/\/elestataldemexico.com\/#website","url":"https:\/\/elestataldemexico.com\/","name":"El Estatal de M\u00e9xico","description":"","publisher":{"@id":"https:\/\/elestataldemexico.com\/#organization"},"potentialAction":[{"@type":"SearchAction","target":{"@type":"EntryPoint","urlTemplate":"https:\/\/elestataldemexico.com\/?s={search_term_string}"},"query-input":{"@type":"PropertyValueSpecification","valueRequired":true,"valueName":"search_term_string"}}],"inLanguage":"es"},{"@type":"Organization","@id":"https:\/\/elestataldemexico.com\/#organization","name":"El Estatal de M\u00e9xico","url":"https:\/\/elestataldemexico.com\/","logo":{"@type":"ImageObject","inLanguage":"es","@id":"https:\/\/elestataldemexico.com\/#\/schema\/logo\/image\/","url":"https:\/\/elestataldemexico.com\/wp-content\/uploads\/2025\/05\/cropped-elestatal.png","contentUrl":"https:\/\/elestataldemexico.com\/wp-content\/uploads\/2025\/05\/cropped-elestatal.png","width":504,"height":97,"caption":"El Estatal de M\u00e9xico"},"image":{"@id":"https:\/\/elestataldemexico.com\/#\/schema\/logo\/image\/"}},{"@type":"Person","@id":"https:\/\/elestataldemexico.com\/#\/schema\/person\/6c7813c13d2c1571771f592f0fe866bb","name":"admin","image":{"@type":"ImageObject","inLanguage":"es","@id":"https:\/\/secure.gravatar.com\/avatar\/d5ed2db9923a3ad3c0a47f6b3aec7abcb43924b9322251ade16472fc06f7bb5b?s=96&d=mm&r=g","url":"https:\/\/secure.gravatar.com\/avatar\/d5ed2db9923a3ad3c0a47f6b3aec7abcb43924b9322251ade16472fc06f7bb5b?s=96&d=mm&r=g","contentUrl":"https:\/\/secure.gravatar.com\/avatar\/d5ed2db9923a3ad3c0a47f6b3aec7abcb43924b9322251ade16472fc06f7bb5b?s=96&d=mm&r=g","caption":"admin"},"sameAs":["https:\/\/elestataldemexico.com"],"url":"https:\/\/elestataldemexico.com\/index.php\/author\/info_qk62m3p3\/"}]}},"_links":{"self":[{"href":"https:\/\/elestataldemexico.com\/index.php\/wp-json\/wp\/v2\/posts\/42658","targetHints":{"allow":["GET"]}}],"collection":[{"href":"https:\/\/elestataldemexico.com\/index.php\/wp-json\/wp\/v2\/posts"}],"about":[{"href":"https:\/\/elestataldemexico.com\/index.php\/wp-json\/wp\/v2\/types\/post"}],"author":[{"embeddable":true,"href":"https:\/\/elestataldemexico.com\/index.php\/wp-json\/wp\/v2\/users\/1"}],"replies":[{"embeddable":true,"href":"https:\/\/elestataldemexico.com\/index.php\/wp-json\/wp\/v2\/comments?post=42658"}],"version-history":[{"count":1,"href":"https:\/\/elestataldemexico.com\/index.php\/wp-json\/wp\/v2\/posts\/42658\/revisions"}],"predecessor-version":[{"id":42659,"href":"https:\/\/elestataldemexico.com\/index.php\/wp-json\/wp\/v2\/posts\/42658\/revisions\/42659"}],"wp:featuredmedia":[{"embeddable":true,"href":"https:\/\/elestataldemexico.com\/index.php\/wp-json\/wp\/v2\/media\/42660"}],"wp:attachment":[{"href":"https:\/\/elestataldemexico.com\/index.php\/wp-json\/wp\/v2\/media?parent=42658"}],"wp:term":[{"taxonomy":"category","embeddable":true,"href":"https:\/\/elestataldemexico.com\/index.php\/wp-json\/wp\/v2\/categories?post=42658"},{"taxonomy":"post_tag","embeddable":true,"href":"https:\/\/elestataldemexico.com\/index.php\/wp-json\/wp\/v2\/tags?post=42658"}],"curies":[{"name":"wp","href":"https:\/\/api.w.org\/{rel}","templated":true}]}}