{"id":42655,"date":"2026-04-28T14:00:10","date_gmt":"2026-04-28T19:00:10","guid":{"rendered":"https:\/\/elestataldemexico.com\/?p=42655"},"modified":"2026-04-28T11:37:18","modified_gmt":"2026-04-28T16:37:18","slug":"las-carreras-de-ruta-en-la-cdmx-en-mayo","status":"publish","type":"post","link":"https:\/\/elestataldemexico.com\/index.php\/2026\/04\/28\/las-carreras-de-ruta-en-la-cdmx-en-mayo\/","title":{"rendered":"Las carreras de ruta en la CdMx en mayo"},"content":{"rendered":"<p>\ud83d\udd38 Se podr\u00e1n correr distancias desde los cinco kil\u00f3metros hasta medio marat\u00f3n.<\/p>\n<p>#CDMX | Desde los cinco kil\u00f3metros y hasta medio marat\u00f3n son las distancias que se pueden correr en la Ciudad de M\u00e9xico en el quinto mes del a\u00f1o para seguir manteniendo la salud y la convivencia en la comunidad de runners.<\/p>\n<p>Aunque no hay tantos recorridos tem\u00e1ticos como en otros meses, la oferta de trazados es atractiva y por eso se ha presentado el calendario de carreras de ruta en el Valle de M\u00e9xico de la CdMx y la zona conurbada de la capital del pa\u00eds en mayo.<\/p>\n<p>2 Electric Run Series, 5 kil\u00f3metros, 19:30 horas 1a. Secci\u00f3n Bosque de Chapultepec y el cupo es limitado.<br \/>\nLas inscripciones podr\u00e1n realizarse en la p\u00e1gina: www.asdeporte.com.<\/p>\n<p>3 carrera San Rafael Balance, 5 kil\u00f3metros y 10 kil\u00f3metros, 06:30 horas, Paseo de la Reforma y el cupo es limitado. Las inscripciones podr\u00e1n realizarse en: www.asdeporte.com y tiendas de conveniencia.<\/p>\n<p>10 Splits Adidas, 12 kil\u00f3metros, 06:30 horas, Ruta por confirmar, 8 mil corredores. Las Inscripciones podr\u00e1n realizarse en: www.hubsports.mx.<\/p>\n<p>17 Medio Marat\u00f3n Emoci\u00f3n Deportiva, 21 kil\u00f3metros, 06:15 horas, Avenida Zacat\u00e9petl, Perif\u00e9rico Sur y<br \/>\nel cupo es limitado. Las inscripciones podr\u00e1n realizarse en: www.emociondeportiva.com y Tiendas Mart\u00ed.<\/p>\n<p>23 Carrera Instituto Politecnico Nacional (IPN), 5 kil\u00f3metros, 11 kil\u00f3metros y 21 kil\u00f3metros, hora por confirmar, estadio Wilfrido Massieu, Zacatenco y el cupo es limitado. Las inscripcionespodr\u00e1n realizarse en: IPN e Indeporte de la CdMx.<\/p>\n<p>24 Circuito Estaciones\/Primavera, 5 kil\u00f3metros y 10 kil\u00f3metros, 07:00 horas, Segunda Secci\u00f3n Bosque de Chapultepec y el cupo es limitado. Las inscripciones se podr\u00e1n realizar en: www.asdeporte.com.<\/p>\n<p>31 Carrera Panini, 5 kil\u00f3metros y 10 kil\u00f3metros, 06:30 horas, Paseo de la Reforma y el cupo es limitado. Las inscripciones podr\u00e1n realizarse en: www.emociondeportiva.com y www.paninifwc26mexico.mx.<\/p>\n<p>31 Carrera Total Play, 5 kil\u00f3metros, 10 kil\u00f3metros y 15 kil\u00f3metros, 07:00 horas, Segunda Secci\u00f3n Bosque de Chapultepec y el cupo es limitado. Las inscripciones podr\u00e1n realizarse en: www.emociondeportiva.com y Tiendas Mart\u00ed.<\/p>\n<p>31 Xochimilco 5 kil\u00f3metros, 5 kil\u00f3metros, 07:00 horas, Parque Ecol\u00f3gico Xochimilco y el cupo es limitado. Las inscripciones podr\u00e1n realizarse en el Parque Ecol\u00f3gico Xochimilco y en la p\u00e1gina www.asdeporte.com.<\/p>\n<p>Finalmente informaron que los cambios de fecha, horario, ruta o cancelaciones de \u00faltimo momento son responsabilidad de las organizadoras de carreras.<\/p>\n<p>#Carreras #Ruta #CdMx #Mes #Mayo<\/p>\n","protected":false},"excerpt":{"rendered":"<p>\ud83d\udd38 Se podr\u00e1n correr distancias desde los cinco kil\u00f3metros hasta medio marat\u00f3n. #CDMX | Desde los cinco kil\u00f3metros<\/p>\n","protected":false},"author":1,"featured_media":42657,"comment_status":"open","ping_status":"closed","sticky":false,"template":"","format":"standard","meta":{"footnotes":""},"categories":[19],"tags":[],"class_list":["post-42655","post","type-post","status-publish","format-standard","has-post-thumbnail","hentry","category-cdmx"],"yoast_head":"<!-- This site is optimized with the Yoast SEO plugin v27.4 - https:\/\/yoast.com\/product\/yoast-seo-wordpress\/ -->\n<title>Las carreras de ruta en la CdMx en mayo - El Estatal de M\u00e9xico<\/title>\n<meta name=\"robots\" content=\"index, follow, max-snippet:-1, max-image-preview:large, max-video-preview:-1\" \/>\n<link rel=\"canonical\" href=\"https:\/\/elestataldemexico.com\/index.php\/2026\/04\/28\/las-carreras-de-ruta-en-la-cdmx-en-mayo\/\" \/>\n<meta property=\"og:locale\" content=\"es_ES\" \/>\n<meta property=\"og:type\" content=\"article\" \/>\n<meta property=\"og:title\" content=\"Las carreras de ruta en la CdMx en mayo - El Estatal de M\u00e9xico\" \/>\n<meta property=\"og:description\" content=\"\ud83d\udd38 Se podr\u00e1n correr distancias desde los cinco kil\u00f3metros hasta medio marat\u00f3n. #CDMX | Desde los cinco kil\u00f3metros\" \/>\n<meta property=\"og:url\" content=\"https:\/\/elestataldemexico.com\/index.php\/2026\/04\/28\/las-carreras-de-ruta-en-la-cdmx-en-mayo\/\" \/>\n<meta property=\"og:site_name\" content=\"El Estatal de M\u00e9xico\" \/>\n<meta property=\"article:published_time\" content=\"2026-04-28T19:00:10+00:00\" \/>\n<meta property=\"og:image\" content=\"https:\/\/elestataldemexico.com\/wp-content\/uploads\/2026\/04\/WhatsApp-Image-2026-04-28-at-10.39.38.jpeg\" \/>\n\t<meta property=\"og:image:width\" content=\"909\" \/>\n\t<meta property=\"og:image:height\" content=\"601\" \/>\n\t<meta property=\"og:image:type\" content=\"image\/jpeg\" \/>\n<meta name=\"author\" content=\"admin\" \/>\n<meta name=\"twitter:card\" content=\"summary_large_image\" \/>\n<meta name=\"twitter:label1\" content=\"Escrito por\" \/>\n\t<meta name=\"twitter:data1\" content=\"admin\" \/>\n\t<meta name=\"twitter:label2\" content=\"Tiempo de lectura\" \/>\n\t<meta name=\"twitter:data2\" content=\"2 minutos\" \/>\n<script type=\"application\/ld+json\" class=\"yoast-schema-graph\">{\"@context\":\"https:\\\/\\\/schema.org\",\"@graph\":[{\"@type\":\"Article\",\"@id\":\"https:\\\/\\\/elestataldemexico.com\\\/index.php\\\/2026\\\/04\\\/28\\\/las-carreras-de-ruta-en-la-cdmx-en-mayo\\\/#article\",\"isPartOf\":{\"@id\":\"https:\\\/\\\/elestataldemexico.com\\\/index.php\\\/2026\\\/04\\\/28\\\/las-carreras-de-ruta-en-la-cdmx-en-mayo\\\/\"},\"author\":{\"name\":\"admin\",\"@id\":\"https:\\\/\\\/elestataldemexico.com\\\/#\\\/schema\\\/person\\\/6c7813c13d2c1571771f592f0fe866bb\"},\"headline\":\"Las carreras de ruta en la CdMx en mayo\",\"datePublished\":\"2026-04-28T19:00:10+00:00\",\"mainEntityOfPage\":{\"@id\":\"https:\\\/\\\/elestataldemexico.com\\\/index.php\\\/2026\\\/04\\\/28\\\/las-carreras-de-ruta-en-la-cdmx-en-mayo\\\/\"},\"wordCount\":419,\"commentCount\":0,\"publisher\":{\"@id\":\"https:\\\/\\\/elestataldemexico.com\\\/#organization\"},\"image\":{\"@id\":\"https:\\\/\\\/elestataldemexico.com\\\/index.php\\\/2026\\\/04\\\/28\\\/las-carreras-de-ruta-en-la-cdmx-en-mayo\\\/#primaryimage\"},\"thumbnailUrl\":\"https:\\\/\\\/elestataldemexico.com\\\/wp-content\\\/uploads\\\/2026\\\/04\\\/WhatsApp-Image-2026-04-28-at-10.39.38.jpeg\",\"articleSection\":[\"CDMX\"],\"inLanguage\":\"es\",\"potentialAction\":[{\"@type\":\"CommentAction\",\"name\":\"Comment\",\"target\":[\"https:\\\/\\\/elestataldemexico.com\\\/index.php\\\/2026\\\/04\\\/28\\\/las-carreras-de-ruta-en-la-cdmx-en-mayo\\\/#respond\"]}]},{\"@type\":\"WebPage\",\"@id\":\"https:\\\/\\\/elestataldemexico.com\\\/index.php\\\/2026\\\/04\\\/28\\\/las-carreras-de-ruta-en-la-cdmx-en-mayo\\\/\",\"url\":\"https:\\\/\\\/elestataldemexico.com\\\/index.php\\\/2026\\\/04\\\/28\\\/las-carreras-de-ruta-en-la-cdmx-en-mayo\\\/\",\"name\":\"Las carreras de ruta en la CdMx en mayo - El Estatal de M\u00e9xico\",\"isPartOf\":{\"@id\":\"https:\\\/\\\/elestataldemexico.com\\\/#website\"},\"primaryImageOfPage\":{\"@id\":\"https:\\\/\\\/elestataldemexico.com\\\/index.php\\\/2026\\\/04\\\/28\\\/las-carreras-de-ruta-en-la-cdmx-en-mayo\\\/#primaryimage\"},\"image\":{\"@id\":\"https:\\\/\\\/elestataldemexico.com\\\/index.php\\\/2026\\\/04\\\/28\\\/las-carreras-de-ruta-en-la-cdmx-en-mayo\\\/#primaryimage\"},\"thumbnailUrl\":\"https:\\\/\\\/elestataldemexico.com\\\/wp-content\\\/uploads\\\/2026\\\/04\\\/WhatsApp-Image-2026-04-28-at-10.39.38.jpeg\",\"datePublished\":\"2026-04-28T19:00:10+00:00\",\"breadcrumb\":{\"@id\":\"https:\\\/\\\/elestataldemexico.com\\\/index.php\\\/2026\\\/04\\\/28\\\/las-carreras-de-ruta-en-la-cdmx-en-mayo\\\/#breadcrumb\"},\"inLanguage\":\"es\",\"potentialAction\":[{\"@type\":\"ReadAction\",\"target\":[\"https:\\\/\\\/elestataldemexico.com\\\/index.php\\\/2026\\\/04\\\/28\\\/las-carreras-de-ruta-en-la-cdmx-en-mayo\\\/\"]}]},{\"@type\":\"ImageObject\",\"inLanguage\":\"es\",\"@id\":\"https:\\\/\\\/elestataldemexico.com\\\/index.php\\\/2026\\\/04\\\/28\\\/las-carreras-de-ruta-en-la-cdmx-en-mayo\\\/#primaryimage\",\"url\":\"https:\\\/\\\/elestataldemexico.com\\\/wp-content\\\/uploads\\\/2026\\\/04\\\/WhatsApp-Image-2026-04-28-at-10.39.38.jpeg\",\"contentUrl\":\"https:\\\/\\\/elestataldemexico.com\\\/wp-content\\\/uploads\\\/2026\\\/04\\\/WhatsApp-Image-2026-04-28-at-10.39.38.jpeg\",\"width\":909,\"height\":601},{\"@type\":\"BreadcrumbList\",\"@id\":\"https:\\\/\\\/elestataldemexico.com\\\/index.php\\\/2026\\\/04\\\/28\\\/las-carreras-de-ruta-en-la-cdmx-en-mayo\\\/#breadcrumb\",\"itemListElement\":[{\"@type\":\"ListItem\",\"position\":1,\"name\":\"Portada\",\"item\":\"https:\\\/\\\/elestataldemexico.com\\\/\"},{\"@type\":\"ListItem\",\"position\":2,\"name\":\"Las carreras de ruta en la CdMx en mayo\"}]},{\"@type\":\"WebSite\",\"@id\":\"https:\\\/\\\/elestataldemexico.com\\\/#website\",\"url\":\"https:\\\/\\\/elestataldemexico.com\\\/\",\"name\":\"El Estatal de M\u00e9xico\",\"description\":\"\",\"publisher\":{\"@id\":\"https:\\\/\\\/elestataldemexico.com\\\/#organization\"},\"potentialAction\":[{\"@type\":\"SearchAction\",\"target\":{\"@type\":\"EntryPoint\",\"urlTemplate\":\"https:\\\/\\\/elestataldemexico.com\\\/?s={search_term_string}\"},\"query-input\":{\"@type\":\"PropertyValueSpecification\",\"valueRequired\":true,\"valueName\":\"search_term_string\"}}],\"inLanguage\":\"es\"},{\"@type\":\"Organization\",\"@id\":\"https:\\\/\\\/elestataldemexico.com\\\/#organization\",\"name\":\"El Estatal de M\u00e9xico\",\"url\":\"https:\\\/\\\/elestataldemexico.com\\\/\",\"logo\":{\"@type\":\"ImageObject\",\"inLanguage\":\"es\",\"@id\":\"https:\\\/\\\/elestataldemexico.com\\\/#\\\/schema\\\/logo\\\/image\\\/\",\"url\":\"https:\\\/\\\/elestataldemexico.com\\\/wp-content\\\/uploads\\\/2025\\\/05\\\/cropped-elestatal.png\",\"contentUrl\":\"https:\\\/\\\/elestataldemexico.com\\\/wp-content\\\/uploads\\\/2025\\\/05\\\/cropped-elestatal.png\",\"width\":504,\"height\":97,\"caption\":\"El Estatal de M\u00e9xico\"},\"image\":{\"@id\":\"https:\\\/\\\/elestataldemexico.com\\\/#\\\/schema\\\/logo\\\/image\\\/\"}},{\"@type\":\"Person\",\"@id\":\"https:\\\/\\\/elestataldemexico.com\\\/#\\\/schema\\\/person\\\/6c7813c13d2c1571771f592f0fe866bb\",\"name\":\"admin\",\"image\":{\"@type\":\"ImageObject\",\"inLanguage\":\"es\",\"@id\":\"https:\\\/\\\/secure.gravatar.com\\\/avatar\\\/d5ed2db9923a3ad3c0a47f6b3aec7abcb43924b9322251ade16472fc06f7bb5b?s=96&d=mm&r=g\",\"url\":\"https:\\\/\\\/secure.gravatar.com\\\/avatar\\\/d5ed2db9923a3ad3c0a47f6b3aec7abcb43924b9322251ade16472fc06f7bb5b?s=96&d=mm&r=g\",\"contentUrl\":\"https:\\\/\\\/secure.gravatar.com\\\/avatar\\\/d5ed2db9923a3ad3c0a47f6b3aec7abcb43924b9322251ade16472fc06f7bb5b?s=96&d=mm&r=g\",\"caption\":\"admin\"},\"sameAs\":[\"https:\\\/\\\/elestataldemexico.com\"],\"url\":\"https:\\\/\\\/elestataldemexico.com\\\/index.php\\\/author\\\/info_qk62m3p3\\\/\"}]}<\/script>\n<!-- \/ Yoast SEO plugin. -->","yoast_head_json":{"title":"Las carreras de ruta en la CdMx en mayo - El Estatal de M\u00e9xico","robots":{"index":"index","follow":"follow","max-snippet":"max-snippet:-1","max-image-preview":"max-image-preview:large","max-video-preview":"max-video-preview:-1"},"canonical":"https:\/\/elestataldemexico.com\/index.php\/2026\/04\/28\/las-carreras-de-ruta-en-la-cdmx-en-mayo\/","og_locale":"es_ES","og_type":"article","og_title":"Las carreras de ruta en la CdMx en mayo - El Estatal de M\u00e9xico","og_description":"\ud83d\udd38 Se podr\u00e1n correr distancias desde los cinco kil\u00f3metros hasta medio marat\u00f3n. #CDMX | Desde los cinco kil\u00f3metros","og_url":"https:\/\/elestataldemexico.com\/index.php\/2026\/04\/28\/las-carreras-de-ruta-en-la-cdmx-en-mayo\/","og_site_name":"El Estatal de M\u00e9xico","article_published_time":"2026-04-28T19:00:10+00:00","og_image":[{"width":909,"height":601,"url":"https:\/\/elestataldemexico.com\/wp-content\/uploads\/2026\/04\/WhatsApp-Image-2026-04-28-at-10.39.38.jpeg","type":"image\/jpeg"}],"author":"admin","twitter_card":"summary_large_image","twitter_misc":{"Escrito por":"admin","Tiempo de lectura":"2 minutos"},"schema":{"@context":"https:\/\/schema.org","@graph":[{"@type":"Article","@id":"https:\/\/elestataldemexico.com\/index.php\/2026\/04\/28\/las-carreras-de-ruta-en-la-cdmx-en-mayo\/#article","isPartOf":{"@id":"https:\/\/elestataldemexico.com\/index.php\/2026\/04\/28\/las-carreras-de-ruta-en-la-cdmx-en-mayo\/"},"author":{"name":"admin","@id":"https:\/\/elestataldemexico.com\/#\/schema\/person\/6c7813c13d2c1571771f592f0fe866bb"},"headline":"Las carreras de ruta en la CdMx en mayo","datePublished":"2026-04-28T19:00:10+00:00","mainEntityOfPage":{"@id":"https:\/\/elestataldemexico.com\/index.php\/2026\/04\/28\/las-carreras-de-ruta-en-la-cdmx-en-mayo\/"},"wordCount":419,"commentCount":0,"publisher":{"@id":"https:\/\/elestataldemexico.com\/#organization"},"image":{"@id":"https:\/\/elestataldemexico.com\/index.php\/2026\/04\/28\/las-carreras-de-ruta-en-la-cdmx-en-mayo\/#primaryimage"},"thumbnailUrl":"https:\/\/elestataldemexico.com\/wp-content\/uploads\/2026\/04\/WhatsApp-Image-2026-04-28-at-10.39.38.jpeg","articleSection":["CDMX"],"inLanguage":"es","potentialAction":[{"@type":"CommentAction","name":"Comment","target":["https:\/\/elestataldemexico.com\/index.php\/2026\/04\/28\/las-carreras-de-ruta-en-la-cdmx-en-mayo\/#respond"]}]},{"@type":"WebPage","@id":"https:\/\/elestataldemexico.com\/index.php\/2026\/04\/28\/las-carreras-de-ruta-en-la-cdmx-en-mayo\/","url":"https:\/\/elestataldemexico.com\/index.php\/2026\/04\/28\/las-carreras-de-ruta-en-la-cdmx-en-mayo\/","name":"Las carreras de ruta en la CdMx en mayo - El Estatal de M\u00e9xico","isPartOf":{"@id":"https:\/\/elestataldemexico.com\/#website"},"primaryImageOfPage":{"@id":"https:\/\/elestataldemexico.com\/index.php\/2026\/04\/28\/las-carreras-de-ruta-en-la-cdmx-en-mayo\/#primaryimage"},"image":{"@id":"https:\/\/elestataldemexico.com\/index.php\/2026\/04\/28\/las-carreras-de-ruta-en-la-cdmx-en-mayo\/#primaryimage"},"thumbnailUrl":"https:\/\/elestataldemexico.com\/wp-content\/uploads\/2026\/04\/WhatsApp-Image-2026-04-28-at-10.39.38.jpeg","datePublished":"2026-04-28T19:00:10+00:00","breadcrumb":{"@id":"https:\/\/elestataldemexico.com\/index.php\/2026\/04\/28\/las-carreras-de-ruta-en-la-cdmx-en-mayo\/#breadcrumb"},"inLanguage":"es","potentialAction":[{"@type":"ReadAction","target":["https:\/\/elestataldemexico.com\/index.php\/2026\/04\/28\/las-carreras-de-ruta-en-la-cdmx-en-mayo\/"]}]},{"@type":"ImageObject","inLanguage":"es","@id":"https:\/\/elestataldemexico.com\/index.php\/2026\/04\/28\/las-carreras-de-ruta-en-la-cdmx-en-mayo\/#primaryimage","url":"https:\/\/elestataldemexico.com\/wp-content\/uploads\/2026\/04\/WhatsApp-Image-2026-04-28-at-10.39.38.jpeg","contentUrl":"https:\/\/elestataldemexico.com\/wp-content\/uploads\/2026\/04\/WhatsApp-Image-2026-04-28-at-10.39.38.jpeg","width":909,"height":601},{"@type":"BreadcrumbList","@id":"https:\/\/elestataldemexico.com\/index.php\/2026\/04\/28\/las-carreras-de-ruta-en-la-cdmx-en-mayo\/#breadcrumb","itemListElement":[{"@type":"ListItem","position":1,"name":"Portada","item":"https:\/\/elestataldemexico.com\/"},{"@type":"ListItem","position":2,"name":"Las carreras de ruta en la CdMx en mayo"}]},{"@type":"WebSite","@id":"https:\/\/elestataldemexico.com\/#website","url":"https:\/\/elestataldemexico.com\/","name":"El Estatal de M\u00e9xico","description":"","publisher":{"@id":"https:\/\/elestataldemexico.com\/#organization"},"potentialAction":[{"@type":"SearchAction","target":{"@type":"EntryPoint","urlTemplate":"https:\/\/elestataldemexico.com\/?s={search_term_string}"},"query-input":{"@type":"PropertyValueSpecification","valueRequired":true,"valueName":"search_term_string"}}],"inLanguage":"es"},{"@type":"Organization","@id":"https:\/\/elestataldemexico.com\/#organization","name":"El Estatal de M\u00e9xico","url":"https:\/\/elestataldemexico.com\/","logo":{"@type":"ImageObject","inLanguage":"es","@id":"https:\/\/elestataldemexico.com\/#\/schema\/logo\/image\/","url":"https:\/\/elestataldemexico.com\/wp-content\/uploads\/2025\/05\/cropped-elestatal.png","contentUrl":"https:\/\/elestataldemexico.com\/wp-content\/uploads\/2025\/05\/cropped-elestatal.png","width":504,"height":97,"caption":"El Estatal de M\u00e9xico"},"image":{"@id":"https:\/\/elestataldemexico.com\/#\/schema\/logo\/image\/"}},{"@type":"Person","@id":"https:\/\/elestataldemexico.com\/#\/schema\/person\/6c7813c13d2c1571771f592f0fe866bb","name":"admin","image":{"@type":"ImageObject","inLanguage":"es","@id":"https:\/\/secure.gravatar.com\/avatar\/d5ed2db9923a3ad3c0a47f6b3aec7abcb43924b9322251ade16472fc06f7bb5b?s=96&d=mm&r=g","url":"https:\/\/secure.gravatar.com\/avatar\/d5ed2db9923a3ad3c0a47f6b3aec7abcb43924b9322251ade16472fc06f7bb5b?s=96&d=mm&r=g","contentUrl":"https:\/\/secure.gravatar.com\/avatar\/d5ed2db9923a3ad3c0a47f6b3aec7abcb43924b9322251ade16472fc06f7bb5b?s=96&d=mm&r=g","caption":"admin"},"sameAs":["https:\/\/elestataldemexico.com"],"url":"https:\/\/elestataldemexico.com\/index.php\/author\/info_qk62m3p3\/"}]}},"_links":{"self":[{"href":"https:\/\/elestataldemexico.com\/index.php\/wp-json\/wp\/v2\/posts\/42655","targetHints":{"allow":["GET"]}}],"collection":[{"href":"https:\/\/elestataldemexico.com\/index.php\/wp-json\/wp\/v2\/posts"}],"about":[{"href":"https:\/\/elestataldemexico.com\/index.php\/wp-json\/wp\/v2\/types\/post"}],"author":[{"embeddable":true,"href":"https:\/\/elestataldemexico.com\/index.php\/wp-json\/wp\/v2\/users\/1"}],"replies":[{"embeddable":true,"href":"https:\/\/elestataldemexico.com\/index.php\/wp-json\/wp\/v2\/comments?post=42655"}],"version-history":[{"count":1,"href":"https:\/\/elestataldemexico.com\/index.php\/wp-json\/wp\/v2\/posts\/42655\/revisions"}],"predecessor-version":[{"id":42656,"href":"https:\/\/elestataldemexico.com\/index.php\/wp-json\/wp\/v2\/posts\/42655\/revisions\/42656"}],"wp:featuredmedia":[{"embeddable":true,"href":"https:\/\/elestataldemexico.com\/index.php\/wp-json\/wp\/v2\/media\/42657"}],"wp:attachment":[{"href":"https:\/\/elestataldemexico.com\/index.php\/wp-json\/wp\/v2\/media?parent=42655"}],"wp:term":[{"taxonomy":"category","embeddable":true,"href":"https:\/\/elestataldemexico.com\/index.php\/wp-json\/wp\/v2\/categories?post=42655"},{"taxonomy":"post_tag","embeddable":true,"href":"https:\/\/elestataldemexico.com\/index.php\/wp-json\/wp\/v2\/tags?post=42655"}],"curies":[{"name":"wp","href":"https:\/\/api.w.org\/{rel}","templated":true}]}}