{"id":42637,"date":"2026-04-28T08:00:50","date_gmt":"2026-04-28T13:00:50","guid":{"rendered":"https:\/\/elestataldemexico.com\/?p=42637"},"modified":"2026-04-28T11:42:35","modified_gmt":"2026-04-28T16:42:35","slug":"emiratos-arabes-unidos-anuncia-su-retirada-de-la-opep-por-la-crisis-del-estrecho-de-ormuz","status":"publish","type":"post","link":"https:\/\/elestataldemexico.com\/index.php\/2026\/04\/28\/emiratos-arabes-unidos-anuncia-su-retirada-de-la-opep-por-la-crisis-del-estrecho-de-ormuz\/","title":{"rendered":"Emiratos \u00c1rabes Unidos anuncia su retirada de la OPEP por la crisis del estrecho de Ormuz"},"content":{"rendered":"<p>\ud83d\udd38 La agencia se\u00f1al\u00f3 que esta decisi\u00f3n es impulsada \u00abpor los intereses nacionales y el compromiso del pa\u00eds de contribuir activamente a satisfacer las necesidades urgentes del mercado\u00bb.<\/p>\n<p>#INTERNACIONAL | Emiratos \u00c1rabes Unidos (EAU) anunci\u00f3 su retirada de la Organizaci\u00f3n de Pa\u00edses Exportadores de Petr\u00f3leo (OPEP) y la alianza OPEP+ por las \u00abperturbaciones en el golfo P\u00e9rsico y el estrecho de Ormuz\u00bb a partir del pr\u00f3ximo 1 de mayo de 2026, inform\u00f3 la agencia de noticias oficial emirat\u00ed WAM.<\/p>\n<p>La agencia se\u00f1al\u00f3 que esta decisi\u00f3n es impulsada \u00abpor los intereses nacionales y el compromiso del pa\u00eds de contribuir activamente a satisfacer las necesidades urgentes del mercado, especialmente dada la actual volatilidad geopol\u00edtica a corto plazo derivada de las perturbaciones en el golfo P\u00e9rsico y el estrecho de Ormuz, que afectan a la din\u00e1mica de la oferta\u00bb.<\/p>\n<p>Asimismo, se\u00f1al\u00f3 que \u00ablas tendencias fundamentales indican un crecimiento continuo de la demanda mundial de energ\u00eda a medio y largo plazo\u00bb, y defendi\u00f3 que \u00abla estabilidad del sistema energ\u00e9tico mundial depende de la disponibilidad de suministros flexibles, fiables y asequibles\u00bb.<\/p>\n<p>La retirada de los Emiratos llega en un momento en que la producci\u00f3n de OPEP se redujo en marzo casi 8 millones de barriles diarios (mbd), 27.5 por ciento menos de lo bombeado en febrero, debido a la guerra de Ir\u00e1n y al bloqueo del estrecho de Ormuz, que afect\u00f3 sobre todo a Irak y a los pa\u00edses del golfo P\u00e9rsico.<\/p>\n<p>El ministro de Energ\u00eda e Infraestructura del pa\u00eds, Suhail bin Mohamed Al Mazrouei, defendi\u00f3 que la retirada de la OPEP \u00abrefleja una evoluci\u00f3n pol\u00edtica alineada con los fundamentos del mercado a largo plazo\u00bb.<\/p>\n<p>Emiratos se uni\u00f3 a la OPEP en 1967 a trav\u00e9s del Emirato de Abu Dabi y mantuvo su membres\u00eda tras la creaci\u00f3n del pa\u00eds en 1971, y \u00abdurante todo este periodo, el pa\u00eds ha desempe\u00f1ado un papel activo en el apoyo a la estabilidad del mercado petrolero mundial y en el fomento del di\u00e1logo entre los pa\u00edses productores\u00bb, a\u00f1adi\u00f3 WAM.<\/p>\n<p>Destac\u00f3 que EAU \u00abes un productor fiable de algunos de los petr\u00f3leos m\u00e1s competitivos en precio y con menor intensidad de carbono del mundo, contribuyendo al crecimiento global y a la reducci\u00f3n de emisiones\u00bb.<\/p>\n<p>No obstante, defendi\u00f3 que, \u00abtras su salida de la OPEP, EAU continuar\u00e1 desempe\u00f1ando su papel responsable aumentando la producci\u00f3n de forma gradual y prudente\u00bb, y seguir\u00e1 \u00abcolaborando con sus socios para desarrollar recursos\u00bb.<\/p>\n<p>Destac\u00f3 que \u00abesta decisi\u00f3n no altera el compromiso de EAU con la estabilidad del mercado global ni su enfoque basado en la cooperaci\u00f3n con productores y consumidores\u00bb, justific\u00f3.<\/p>\n<p>Emiratos, asimismo, expres\u00f3 \u00absu agradecimiento\u00bb por los esfuerzos tanto de la OPEP como de la alianza OPEP+, liderada por Arabia Saud\u00ed y Rusia, pero subray\u00f3 que \u00abha llegado el momento de centrar los esfuerzos en los intereses nacionales de EAU\u00bb.<\/p>\n<p>\u00abEAU continuar\u00e1 invirtiendo en toda la cadena de valor energ\u00e9tica, incluyendo petr\u00f3leo y gas, energ\u00edas renovables y soluciones bajas en carbono, para fortalecer la resiliencia y la transformaci\u00f3n a largo plazo de su sistema energ\u00e9tico\u00bb, concluy\u00f3.<\/p>\n<p>La decisi\u00f3n de Emiratos tiene lugar en un momento de tensi\u00f3n con sus vecinos \u00e1rabes del golfo P\u00e9rsico, a los que ha acusado de no coordinar posturas contra los ataques de Ir\u00e1n contra la infraestructura energ\u00e9tica de esta regi\u00f3n rica en petr\u00f3leo.<\/p>\n<p>Asimismo, se produce ante las cr\u00edticas del presidente estadunidense, Donald Trump, a la OPEP, organizaci\u00f3n a la que ha acusado de inflar los precios del petr\u00f3leo.<\/p>\n<p>#Emiratos\u00c1rabesUnidos #Anuncia #Retirada #OPEP #Por #Crisis #EstrechoDeOrmuz<\/p>\n","protected":false},"excerpt":{"rendered":"<p>\ud83d\udd38 La agencia se\u00f1al\u00f3 que esta decisi\u00f3n es impulsada \u00abpor los intereses nacionales y el compromiso del pa\u00eds<\/p>\n","protected":false},"author":1,"featured_media":42639,"comment_status":"open","ping_status":"closed","sticky":false,"template":"","format":"standard","meta":{"footnotes":""},"categories":[10],"tags":[],"class_list":["post-42637","post","type-post","status-publish","format-standard","has-post-thumbnail","hentry","category-internacional"],"yoast_head":"<!-- This site is optimized with the Yoast SEO plugin v27.4 - https:\/\/yoast.com\/product\/yoast-seo-wordpress\/ -->\n<title>Emiratos \u00c1rabes Unidos anuncia su retirada de la OPEP por la crisis del estrecho de Ormuz - El Estatal de M\u00e9xico<\/title>\n<meta name=\"robots\" content=\"index, follow, max-snippet:-1, max-image-preview:large, max-video-preview:-1\" \/>\n<link rel=\"canonical\" href=\"https:\/\/elestataldemexico.com\/index.php\/2026\/04\/28\/emiratos-arabes-unidos-anuncia-su-retirada-de-la-opep-por-la-crisis-del-estrecho-de-ormuz\/\" \/>\n<meta property=\"og:locale\" content=\"es_ES\" \/>\n<meta property=\"og:type\" content=\"article\" \/>\n<meta property=\"og:title\" content=\"Emiratos \u00c1rabes Unidos anuncia su retirada de la OPEP por la crisis del estrecho de Ormuz - El Estatal de M\u00e9xico\" \/>\n<meta property=\"og:description\" content=\"\ud83d\udd38 La agencia se\u00f1al\u00f3 que esta decisi\u00f3n es impulsada \u00abpor los intereses nacionales y el compromiso del pa\u00eds\" \/>\n<meta property=\"og:url\" content=\"https:\/\/elestataldemexico.com\/index.php\/2026\/04\/28\/emiratos-arabes-unidos-anuncia-su-retirada-de-la-opep-por-la-crisis-del-estrecho-de-ormuz\/\" \/>\n<meta property=\"og:site_name\" content=\"El Estatal de M\u00e9xico\" \/>\n<meta property=\"article:published_time\" content=\"2026-04-28T13:00:50+00:00\" \/>\n<meta property=\"article:modified_time\" content=\"2026-04-28T16:42:35+00:00\" \/>\n<meta property=\"og:image\" content=\"https:\/\/elestataldemexico.com\/wp-content\/uploads\/2026\/04\/WhatsApp-Image-2026-04-28-at-08.54.05.jpeg\" \/>\n\t<meta property=\"og:image:width\" content=\"1035\" \/>\n\t<meta property=\"og:image:height\" content=\"584\" \/>\n\t<meta property=\"og:image:type\" content=\"image\/jpeg\" \/>\n<meta name=\"author\" content=\"admin\" \/>\n<meta name=\"twitter:card\" content=\"summary_large_image\" \/>\n<meta name=\"twitter:label1\" content=\"Escrito por\" \/>\n\t<meta name=\"twitter:data1\" content=\"admin\" \/>\n\t<meta name=\"twitter:label2\" content=\"Tiempo de lectura\" \/>\n\t<meta name=\"twitter:data2\" content=\"3 minutos\" \/>\n<script type=\"application\/ld+json\" class=\"yoast-schema-graph\">{\"@context\":\"https:\\\/\\\/schema.org\",\"@graph\":[{\"@type\":\"Article\",\"@id\":\"https:\\\/\\\/elestataldemexico.com\\\/index.php\\\/2026\\\/04\\\/28\\\/emiratos-arabes-unidos-anuncia-su-retirada-de-la-opep-por-la-crisis-del-estrecho-de-ormuz\\\/#article\",\"isPartOf\":{\"@id\":\"https:\\\/\\\/elestataldemexico.com\\\/index.php\\\/2026\\\/04\\\/28\\\/emiratos-arabes-unidos-anuncia-su-retirada-de-la-opep-por-la-crisis-del-estrecho-de-ormuz\\\/\"},\"author\":{\"name\":\"admin\",\"@id\":\"https:\\\/\\\/elestataldemexico.com\\\/#\\\/schema\\\/person\\\/6c7813c13d2c1571771f592f0fe866bb\"},\"headline\":\"Emiratos \u00c1rabes Unidos anuncia su retirada de la OPEP por la crisis del estrecho de Ormuz\",\"datePublished\":\"2026-04-28T13:00:50+00:00\",\"dateModified\":\"2026-04-28T16:42:35+00:00\",\"mainEntityOfPage\":{\"@id\":\"https:\\\/\\\/elestataldemexico.com\\\/index.php\\\/2026\\\/04\\\/28\\\/emiratos-arabes-unidos-anuncia-su-retirada-de-la-opep-por-la-crisis-del-estrecho-de-ormuz\\\/\"},\"wordCount\":641,\"commentCount\":0,\"publisher\":{\"@id\":\"https:\\\/\\\/elestataldemexico.com\\\/#organization\"},\"image\":{\"@id\":\"https:\\\/\\\/elestataldemexico.com\\\/index.php\\\/2026\\\/04\\\/28\\\/emiratos-arabes-unidos-anuncia-su-retirada-de-la-opep-por-la-crisis-del-estrecho-de-ormuz\\\/#primaryimage\"},\"thumbnailUrl\":\"https:\\\/\\\/elestataldemexico.com\\\/wp-content\\\/uploads\\\/2026\\\/04\\\/WhatsApp-Image-2026-04-28-at-08.54.05.jpeg\",\"articleSection\":[\"Internacional\"],\"inLanguage\":\"es\",\"potentialAction\":[{\"@type\":\"CommentAction\",\"name\":\"Comment\",\"target\":[\"https:\\\/\\\/elestataldemexico.com\\\/index.php\\\/2026\\\/04\\\/28\\\/emiratos-arabes-unidos-anuncia-su-retirada-de-la-opep-por-la-crisis-del-estrecho-de-ormuz\\\/#respond\"]}]},{\"@type\":\"WebPage\",\"@id\":\"https:\\\/\\\/elestataldemexico.com\\\/index.php\\\/2026\\\/04\\\/28\\\/emiratos-arabes-unidos-anuncia-su-retirada-de-la-opep-por-la-crisis-del-estrecho-de-ormuz\\\/\",\"url\":\"https:\\\/\\\/elestataldemexico.com\\\/index.php\\\/2026\\\/04\\\/28\\\/emiratos-arabes-unidos-anuncia-su-retirada-de-la-opep-por-la-crisis-del-estrecho-de-ormuz\\\/\",\"name\":\"Emiratos \u00c1rabes Unidos anuncia su retirada de la OPEP por la crisis del estrecho de Ormuz - El Estatal de M\u00e9xico\",\"isPartOf\":{\"@id\":\"https:\\\/\\\/elestataldemexico.com\\\/#website\"},\"primaryImageOfPage\":{\"@id\":\"https:\\\/\\\/elestataldemexico.com\\\/index.php\\\/2026\\\/04\\\/28\\\/emiratos-arabes-unidos-anuncia-su-retirada-de-la-opep-por-la-crisis-del-estrecho-de-ormuz\\\/#primaryimage\"},\"image\":{\"@id\":\"https:\\\/\\\/elestataldemexico.com\\\/index.php\\\/2026\\\/04\\\/28\\\/emiratos-arabes-unidos-anuncia-su-retirada-de-la-opep-por-la-crisis-del-estrecho-de-ormuz\\\/#primaryimage\"},\"thumbnailUrl\":\"https:\\\/\\\/elestataldemexico.com\\\/wp-content\\\/uploads\\\/2026\\\/04\\\/WhatsApp-Image-2026-04-28-at-08.54.05.jpeg\",\"datePublished\":\"2026-04-28T13:00:50+00:00\",\"dateModified\":\"2026-04-28T16:42:35+00:00\",\"breadcrumb\":{\"@id\":\"https:\\\/\\\/elestataldemexico.com\\\/index.php\\\/2026\\\/04\\\/28\\\/emiratos-arabes-unidos-anuncia-su-retirada-de-la-opep-por-la-crisis-del-estrecho-de-ormuz\\\/#breadcrumb\"},\"inLanguage\":\"es\",\"potentialAction\":[{\"@type\":\"ReadAction\",\"target\":[\"https:\\\/\\\/elestataldemexico.com\\\/index.php\\\/2026\\\/04\\\/28\\\/emiratos-arabes-unidos-anuncia-su-retirada-de-la-opep-por-la-crisis-del-estrecho-de-ormuz\\\/\"]}]},{\"@type\":\"ImageObject\",\"inLanguage\":\"es\",\"@id\":\"https:\\\/\\\/elestataldemexico.com\\\/index.php\\\/2026\\\/04\\\/28\\\/emiratos-arabes-unidos-anuncia-su-retirada-de-la-opep-por-la-crisis-del-estrecho-de-ormuz\\\/#primaryimage\",\"url\":\"https:\\\/\\\/elestataldemexico.com\\\/wp-content\\\/uploads\\\/2026\\\/04\\\/WhatsApp-Image-2026-04-28-at-08.54.05.jpeg\",\"contentUrl\":\"https:\\\/\\\/elestataldemexico.com\\\/wp-content\\\/uploads\\\/2026\\\/04\\\/WhatsApp-Image-2026-04-28-at-08.54.05.jpeg\",\"width\":1035,\"height\":584},{\"@type\":\"BreadcrumbList\",\"@id\":\"https:\\\/\\\/elestataldemexico.com\\\/index.php\\\/2026\\\/04\\\/28\\\/emiratos-arabes-unidos-anuncia-su-retirada-de-la-opep-por-la-crisis-del-estrecho-de-ormuz\\\/#breadcrumb\",\"itemListElement\":[{\"@type\":\"ListItem\",\"position\":1,\"name\":\"Portada\",\"item\":\"https:\\\/\\\/elestataldemexico.com\\\/\"},{\"@type\":\"ListItem\",\"position\":2,\"name\":\"Emiratos \u00c1rabes Unidos anuncia su retirada de la OPEP por la crisis del estrecho de Ormuz\"}]},{\"@type\":\"WebSite\",\"@id\":\"https:\\\/\\\/elestataldemexico.com\\\/#website\",\"url\":\"https:\\\/\\\/elestataldemexico.com\\\/\",\"name\":\"El Estatal de M\u00e9xico\",\"description\":\"\",\"publisher\":{\"@id\":\"https:\\\/\\\/elestataldemexico.com\\\/#organization\"},\"potentialAction\":[{\"@type\":\"SearchAction\",\"target\":{\"@type\":\"EntryPoint\",\"urlTemplate\":\"https:\\\/\\\/elestataldemexico.com\\\/?s={search_term_string}\"},\"query-input\":{\"@type\":\"PropertyValueSpecification\",\"valueRequired\":true,\"valueName\":\"search_term_string\"}}],\"inLanguage\":\"es\"},{\"@type\":\"Organization\",\"@id\":\"https:\\\/\\\/elestataldemexico.com\\\/#organization\",\"name\":\"El Estatal de M\u00e9xico\",\"url\":\"https:\\\/\\\/elestataldemexico.com\\\/\",\"logo\":{\"@type\":\"ImageObject\",\"inLanguage\":\"es\",\"@id\":\"https:\\\/\\\/elestataldemexico.com\\\/#\\\/schema\\\/logo\\\/image\\\/\",\"url\":\"https:\\\/\\\/elestataldemexico.com\\\/wp-content\\\/uploads\\\/2025\\\/05\\\/cropped-elestatal.png\",\"contentUrl\":\"https:\\\/\\\/elestataldemexico.com\\\/wp-content\\\/uploads\\\/2025\\\/05\\\/cropped-elestatal.png\",\"width\":504,\"height\":97,\"caption\":\"El Estatal de M\u00e9xico\"},\"image\":{\"@id\":\"https:\\\/\\\/elestataldemexico.com\\\/#\\\/schema\\\/logo\\\/image\\\/\"}},{\"@type\":\"Person\",\"@id\":\"https:\\\/\\\/elestataldemexico.com\\\/#\\\/schema\\\/person\\\/6c7813c13d2c1571771f592f0fe866bb\",\"name\":\"admin\",\"image\":{\"@type\":\"ImageObject\",\"inLanguage\":\"es\",\"@id\":\"https:\\\/\\\/secure.gravatar.com\\\/avatar\\\/d5ed2db9923a3ad3c0a47f6b3aec7abcb43924b9322251ade16472fc06f7bb5b?s=96&d=mm&r=g\",\"url\":\"https:\\\/\\\/secure.gravatar.com\\\/avatar\\\/d5ed2db9923a3ad3c0a47f6b3aec7abcb43924b9322251ade16472fc06f7bb5b?s=96&d=mm&r=g\",\"contentUrl\":\"https:\\\/\\\/secure.gravatar.com\\\/avatar\\\/d5ed2db9923a3ad3c0a47f6b3aec7abcb43924b9322251ade16472fc06f7bb5b?s=96&d=mm&r=g\",\"caption\":\"admin\"},\"sameAs\":[\"https:\\\/\\\/elestataldemexico.com\"],\"url\":\"https:\\\/\\\/elestataldemexico.com\\\/index.php\\\/author\\\/info_qk62m3p3\\\/\"}]}<\/script>\n<!-- \/ Yoast SEO plugin. -->","yoast_head_json":{"title":"Emiratos \u00c1rabes Unidos anuncia su retirada de la OPEP por la crisis del estrecho de Ormuz - El Estatal de M\u00e9xico","robots":{"index":"index","follow":"follow","max-snippet":"max-snippet:-1","max-image-preview":"max-image-preview:large","max-video-preview":"max-video-preview:-1"},"canonical":"https:\/\/elestataldemexico.com\/index.php\/2026\/04\/28\/emiratos-arabes-unidos-anuncia-su-retirada-de-la-opep-por-la-crisis-del-estrecho-de-ormuz\/","og_locale":"es_ES","og_type":"article","og_title":"Emiratos \u00c1rabes Unidos anuncia su retirada de la OPEP por la crisis del estrecho de Ormuz - El Estatal de M\u00e9xico","og_description":"\ud83d\udd38 La agencia se\u00f1al\u00f3 que esta decisi\u00f3n es impulsada \u00abpor los intereses nacionales y el compromiso del pa\u00eds","og_url":"https:\/\/elestataldemexico.com\/index.php\/2026\/04\/28\/emiratos-arabes-unidos-anuncia-su-retirada-de-la-opep-por-la-crisis-del-estrecho-de-ormuz\/","og_site_name":"El Estatal de M\u00e9xico","article_published_time":"2026-04-28T13:00:50+00:00","article_modified_time":"2026-04-28T16:42:35+00:00","og_image":[{"width":1035,"height":584,"url":"https:\/\/elestataldemexico.com\/wp-content\/uploads\/2026\/04\/WhatsApp-Image-2026-04-28-at-08.54.05.jpeg","type":"image\/jpeg"}],"author":"admin","twitter_card":"summary_large_image","twitter_misc":{"Escrito por":"admin","Tiempo de lectura":"3 minutos"},"schema":{"@context":"https:\/\/schema.org","@graph":[{"@type":"Article","@id":"https:\/\/elestataldemexico.com\/index.php\/2026\/04\/28\/emiratos-arabes-unidos-anuncia-su-retirada-de-la-opep-por-la-crisis-del-estrecho-de-ormuz\/#article","isPartOf":{"@id":"https:\/\/elestataldemexico.com\/index.php\/2026\/04\/28\/emiratos-arabes-unidos-anuncia-su-retirada-de-la-opep-por-la-crisis-del-estrecho-de-ormuz\/"},"author":{"name":"admin","@id":"https:\/\/elestataldemexico.com\/#\/schema\/person\/6c7813c13d2c1571771f592f0fe866bb"},"headline":"Emiratos \u00c1rabes Unidos anuncia su retirada de la OPEP por la crisis del estrecho de Ormuz","datePublished":"2026-04-28T13:00:50+00:00","dateModified":"2026-04-28T16:42:35+00:00","mainEntityOfPage":{"@id":"https:\/\/elestataldemexico.com\/index.php\/2026\/04\/28\/emiratos-arabes-unidos-anuncia-su-retirada-de-la-opep-por-la-crisis-del-estrecho-de-ormuz\/"},"wordCount":641,"commentCount":0,"publisher":{"@id":"https:\/\/elestataldemexico.com\/#organization"},"image":{"@id":"https:\/\/elestataldemexico.com\/index.php\/2026\/04\/28\/emiratos-arabes-unidos-anuncia-su-retirada-de-la-opep-por-la-crisis-del-estrecho-de-ormuz\/#primaryimage"},"thumbnailUrl":"https:\/\/elestataldemexico.com\/wp-content\/uploads\/2026\/04\/WhatsApp-Image-2026-04-28-at-08.54.05.jpeg","articleSection":["Internacional"],"inLanguage":"es","potentialAction":[{"@type":"CommentAction","name":"Comment","target":["https:\/\/elestataldemexico.com\/index.php\/2026\/04\/28\/emiratos-arabes-unidos-anuncia-su-retirada-de-la-opep-por-la-crisis-del-estrecho-de-ormuz\/#respond"]}]},{"@type":"WebPage","@id":"https:\/\/elestataldemexico.com\/index.php\/2026\/04\/28\/emiratos-arabes-unidos-anuncia-su-retirada-de-la-opep-por-la-crisis-del-estrecho-de-ormuz\/","url":"https:\/\/elestataldemexico.com\/index.php\/2026\/04\/28\/emiratos-arabes-unidos-anuncia-su-retirada-de-la-opep-por-la-crisis-del-estrecho-de-ormuz\/","name":"Emiratos \u00c1rabes Unidos anuncia su retirada de la OPEP por la crisis del estrecho de Ormuz - El Estatal de M\u00e9xico","isPartOf":{"@id":"https:\/\/elestataldemexico.com\/#website"},"primaryImageOfPage":{"@id":"https:\/\/elestataldemexico.com\/index.php\/2026\/04\/28\/emiratos-arabes-unidos-anuncia-su-retirada-de-la-opep-por-la-crisis-del-estrecho-de-ormuz\/#primaryimage"},"image":{"@id":"https:\/\/elestataldemexico.com\/index.php\/2026\/04\/28\/emiratos-arabes-unidos-anuncia-su-retirada-de-la-opep-por-la-crisis-del-estrecho-de-ormuz\/#primaryimage"},"thumbnailUrl":"https:\/\/elestataldemexico.com\/wp-content\/uploads\/2026\/04\/WhatsApp-Image-2026-04-28-at-08.54.05.jpeg","datePublished":"2026-04-28T13:00:50+00:00","dateModified":"2026-04-28T16:42:35+00:00","breadcrumb":{"@id":"https:\/\/elestataldemexico.com\/index.php\/2026\/04\/28\/emiratos-arabes-unidos-anuncia-su-retirada-de-la-opep-por-la-crisis-del-estrecho-de-ormuz\/#breadcrumb"},"inLanguage":"es","potentialAction":[{"@type":"ReadAction","target":["https:\/\/elestataldemexico.com\/index.php\/2026\/04\/28\/emiratos-arabes-unidos-anuncia-su-retirada-de-la-opep-por-la-crisis-del-estrecho-de-ormuz\/"]}]},{"@type":"ImageObject","inLanguage":"es","@id":"https:\/\/elestataldemexico.com\/index.php\/2026\/04\/28\/emiratos-arabes-unidos-anuncia-su-retirada-de-la-opep-por-la-crisis-del-estrecho-de-ormuz\/#primaryimage","url":"https:\/\/elestataldemexico.com\/wp-content\/uploads\/2026\/04\/WhatsApp-Image-2026-04-28-at-08.54.05.jpeg","contentUrl":"https:\/\/elestataldemexico.com\/wp-content\/uploads\/2026\/04\/WhatsApp-Image-2026-04-28-at-08.54.05.jpeg","width":1035,"height":584},{"@type":"BreadcrumbList","@id":"https:\/\/elestataldemexico.com\/index.php\/2026\/04\/28\/emiratos-arabes-unidos-anuncia-su-retirada-de-la-opep-por-la-crisis-del-estrecho-de-ormuz\/#breadcrumb","itemListElement":[{"@type":"ListItem","position":1,"name":"Portada","item":"https:\/\/elestataldemexico.com\/"},{"@type":"ListItem","position":2,"name":"Emiratos \u00c1rabes Unidos anuncia su retirada de la OPEP por la crisis del estrecho de Ormuz"}]},{"@type":"WebSite","@id":"https:\/\/elestataldemexico.com\/#website","url":"https:\/\/elestataldemexico.com\/","name":"El Estatal de M\u00e9xico","description":"","publisher":{"@id":"https:\/\/elestataldemexico.com\/#organization"},"potentialAction":[{"@type":"SearchAction","target":{"@type":"EntryPoint","urlTemplate":"https:\/\/elestataldemexico.com\/?s={search_term_string}"},"query-input":{"@type":"PropertyValueSpecification","valueRequired":true,"valueName":"search_term_string"}}],"inLanguage":"es"},{"@type":"Organization","@id":"https:\/\/elestataldemexico.com\/#organization","name":"El Estatal de M\u00e9xico","url":"https:\/\/elestataldemexico.com\/","logo":{"@type":"ImageObject","inLanguage":"es","@id":"https:\/\/elestataldemexico.com\/#\/schema\/logo\/image\/","url":"https:\/\/elestataldemexico.com\/wp-content\/uploads\/2025\/05\/cropped-elestatal.png","contentUrl":"https:\/\/elestataldemexico.com\/wp-content\/uploads\/2025\/05\/cropped-elestatal.png","width":504,"height":97,"caption":"El Estatal de M\u00e9xico"},"image":{"@id":"https:\/\/elestataldemexico.com\/#\/schema\/logo\/image\/"}},{"@type":"Person","@id":"https:\/\/elestataldemexico.com\/#\/schema\/person\/6c7813c13d2c1571771f592f0fe866bb","name":"admin","image":{"@type":"ImageObject","inLanguage":"es","@id":"https:\/\/secure.gravatar.com\/avatar\/d5ed2db9923a3ad3c0a47f6b3aec7abcb43924b9322251ade16472fc06f7bb5b?s=96&d=mm&r=g","url":"https:\/\/secure.gravatar.com\/avatar\/d5ed2db9923a3ad3c0a47f6b3aec7abcb43924b9322251ade16472fc06f7bb5b?s=96&d=mm&r=g","contentUrl":"https:\/\/secure.gravatar.com\/avatar\/d5ed2db9923a3ad3c0a47f6b3aec7abcb43924b9322251ade16472fc06f7bb5b?s=96&d=mm&r=g","caption":"admin"},"sameAs":["https:\/\/elestataldemexico.com"],"url":"https:\/\/elestataldemexico.com\/index.php\/author\/info_qk62m3p3\/"}]}},"_links":{"self":[{"href":"https:\/\/elestataldemexico.com\/index.php\/wp-json\/wp\/v2\/posts\/42637","targetHints":{"allow":["GET"]}}],"collection":[{"href":"https:\/\/elestataldemexico.com\/index.php\/wp-json\/wp\/v2\/posts"}],"about":[{"href":"https:\/\/elestataldemexico.com\/index.php\/wp-json\/wp\/v2\/types\/post"}],"author":[{"embeddable":true,"href":"https:\/\/elestataldemexico.com\/index.php\/wp-json\/wp\/v2\/users\/1"}],"replies":[{"embeddable":true,"href":"https:\/\/elestataldemexico.com\/index.php\/wp-json\/wp\/v2\/comments?post=42637"}],"version-history":[{"count":1,"href":"https:\/\/elestataldemexico.com\/index.php\/wp-json\/wp\/v2\/posts\/42637\/revisions"}],"predecessor-version":[{"id":42638,"href":"https:\/\/elestataldemexico.com\/index.php\/wp-json\/wp\/v2\/posts\/42637\/revisions\/42638"}],"wp:featuredmedia":[{"embeddable":true,"href":"https:\/\/elestataldemexico.com\/index.php\/wp-json\/wp\/v2\/media\/42639"}],"wp:attachment":[{"href":"https:\/\/elestataldemexico.com\/index.php\/wp-json\/wp\/v2\/media?parent=42637"}],"wp:term":[{"taxonomy":"category","embeddable":true,"href":"https:\/\/elestataldemexico.com\/index.php\/wp-json\/wp\/v2\/categories?post=42637"},{"taxonomy":"post_tag","embeddable":true,"href":"https:\/\/elestataldemexico.com\/index.php\/wp-json\/wp\/v2\/tags?post=42637"}],"curies":[{"name":"wp","href":"https:\/\/api.w.org\/{rel}","templated":true}]}}