{"id":42634,"date":"2026-04-28T07:00:36","date_gmt":"2026-04-28T12:00:36","guid":{"rendered":"https:\/\/elestataldemexico.com\/?p=42634"},"modified":"2026-04-28T11:15:55","modified_gmt":"2026-04-28T16:15:55","slug":"pronostican-ambiente-caluroso-a-extremadamente-caluroso-sobre-la-republica-mexicana","status":"publish","type":"post","link":"https:\/\/elestataldemexico.com\/index.php\/2026\/04\/28\/pronostican-ambiente-caluroso-a-extremadamente-caluroso-sobre-la-republica-mexicana\/","title":{"rendered":"Pronostican ambiente caluroso a extremadamente caluroso sobre la Rep\u00fablica Mexicana"},"content":{"rendered":"<p>#NACIONAL\ud83c\uddf2\ud83c\uddfd II Buenos d\u00edas \u2600\ufe0fll El Servicio Meteorol\u00f3gico Nacional informa que para hoy, un\u00a0anticicl\u00f3n en niveles medios de la atm\u00f3sfera\u00a0prevalecer\u00e1 sobre el territorio nacional, preservando ambiente caluroso a extremadamente caluroso sobre la Rep\u00fablica Mexicana, y manteniendo la\u00a0onda de calor\u00a0en Sinaloa (centro y sur), Chihuahua (suroeste), Coahuila (suroeste), Nuevo Le\u00f3n (sur), Durango (noroeste y sur), Zacatecas (norte y sur), Aguascalientes, San Luis Potos\u00ed (norte, centro y sur), Nayarit (norte y sur), Jalisco (oeste, sur y suroeste), Colima (este), Michoac\u00e1n, Guanajuato (noreste), Quer\u00e9taro (centro y norte), Hidalgo (norte), Puebla (norte y suroeste), Tlaxcala (sur), Morelos, Estado de M\u00e9xico (centro y suroeste), Ciudad de M\u00e9xico, Tamaulipas (suroeste), Veracruz (centro), Guerrero, Oaxaca (sur y este) y Chiapas (centro y oeste), finalizando a partir de este d\u00eda en Tabasco, Campeche, Yucat\u00e1n y Quintana Roo.<\/p>\n<p>A su vez, en el noreste mexicano, una\u00a0l\u00ednea seca\u00a0y la\u00a0corriente en chorro subtropical, ocasionar\u00e1n lluvias con chubascos y rachas fuertes de viento en Nuevo Le\u00f3n, Tamaulipas y San Luis Potos\u00ed, adem\u00e1s de probabilidad de formaci\u00f3n de torbellinos en el norte de Coahuila.<\/p>\n<p>Finalmente, un\u00a0canal de baja presi\u00f3n\u00a0y la afluencia de\u00a0aire h\u00famedo\u00a0del golfo de M\u00e9xico y oc\u00e9ano Pac\u00edfico hacia el centro, sur y sureste mexicano, propiciar\u00e1n lluvias con intervalos de chubascos en Morelos y Michoac\u00e1n; y lluvias aisladas en Chiapas, Oaxaca, Guerrero, Hidalgo, Quer\u00e9taro y Guanajuato, las cuales podr\u00edan acompa\u00f1arse con descargas el\u00e9ctricas.<\/p>\n","protected":false},"excerpt":{"rendered":"<p>#NACIONAL\ud83c\uddf2\ud83c\uddfd II Buenos d\u00edas \u2600\ufe0fll El Servicio Meteorol\u00f3gico Nacional informa que para hoy, un\u00a0anticicl\u00f3n en niveles medios de<\/p>\n","protected":false},"author":1,"featured_media":42636,"comment_status":"open","ping_status":"closed","sticky":false,"template":"","format":"standard","meta":{"footnotes":""},"categories":[7],"tags":[],"class_list":["post-42634","post","type-post","status-publish","format-standard","has-post-thumbnail","hentry","category-nacional"],"yoast_head":"<!-- This site is optimized with the Yoast SEO plugin v27.4 - https:\/\/yoast.com\/product\/yoast-seo-wordpress\/ -->\n<title>Pronostican ambiente caluroso a extremadamente caluroso sobre la Rep\u00fablica Mexicana - El Estatal de M\u00e9xico<\/title>\n<meta name=\"robots\" content=\"index, follow, max-snippet:-1, max-image-preview:large, max-video-preview:-1\" \/>\n<link rel=\"canonical\" href=\"https:\/\/elestataldemexico.com\/index.php\/2026\/04\/28\/pronostican-ambiente-caluroso-a-extremadamente-caluroso-sobre-la-republica-mexicana\/\" \/>\n<meta property=\"og:locale\" content=\"es_ES\" \/>\n<meta property=\"og:type\" content=\"article\" \/>\n<meta property=\"og:title\" content=\"Pronostican ambiente caluroso a extremadamente caluroso sobre la Rep\u00fablica Mexicana - El Estatal de M\u00e9xico\" \/>\n<meta property=\"og:description\" content=\"#NACIONAL\ud83c\uddf2\ud83c\uddfd II Buenos d\u00edas \u2600\ufe0fll El Servicio Meteorol\u00f3gico Nacional informa que para hoy, un\u00a0anticicl\u00f3n en niveles medios de\" \/>\n<meta property=\"og:url\" content=\"https:\/\/elestataldemexico.com\/index.php\/2026\/04\/28\/pronostican-ambiente-caluroso-a-extremadamente-caluroso-sobre-la-republica-mexicana\/\" \/>\n<meta property=\"og:site_name\" content=\"El Estatal de M\u00e9xico\" \/>\n<meta property=\"article:published_time\" content=\"2026-04-28T12:00:36+00:00\" \/>\n<meta property=\"article:modified_time\" content=\"2026-04-28T16:15:55+00:00\" \/>\n<meta name=\"author\" content=\"admin\" \/>\n<meta name=\"twitter:card\" content=\"summary_large_image\" \/>\n<meta name=\"twitter:label1\" content=\"Escrito por\" \/>\n\t<meta name=\"twitter:data1\" content=\"admin\" \/>\n\t<meta name=\"twitter:label2\" content=\"Tiempo de lectura\" \/>\n\t<meta name=\"twitter:data2\" content=\"1 minuto\" \/>\n<script type=\"application\/ld+json\" class=\"yoast-schema-graph\">{\"@context\":\"https:\\\/\\\/schema.org\",\"@graph\":[{\"@type\":\"Article\",\"@id\":\"https:\\\/\\\/elestataldemexico.com\\\/index.php\\\/2026\\\/04\\\/28\\\/pronostican-ambiente-caluroso-a-extremadamente-caluroso-sobre-la-republica-mexicana\\\/#article\",\"isPartOf\":{\"@id\":\"https:\\\/\\\/elestataldemexico.com\\\/index.php\\\/2026\\\/04\\\/28\\\/pronostican-ambiente-caluroso-a-extremadamente-caluroso-sobre-la-republica-mexicana\\\/\"},\"author\":{\"name\":\"admin\",\"@id\":\"https:\\\/\\\/elestataldemexico.com\\\/#\\\/schema\\\/person\\\/6c7813c13d2c1571771f592f0fe866bb\"},\"headline\":\"Pronostican ambiente caluroso a extremadamente caluroso sobre la Rep\u00fablica Mexicana\",\"datePublished\":\"2026-04-28T12:00:36+00:00\",\"dateModified\":\"2026-04-28T16:15:55+00:00\",\"mainEntityOfPage\":{\"@id\":\"https:\\\/\\\/elestataldemexico.com\\\/index.php\\\/2026\\\/04\\\/28\\\/pronostican-ambiente-caluroso-a-extremadamente-caluroso-sobre-la-republica-mexicana\\\/\"},\"wordCount\":271,\"commentCount\":0,\"publisher\":{\"@id\":\"https:\\\/\\\/elestataldemexico.com\\\/#organization\"},\"image\":{\"@id\":\"https:\\\/\\\/elestataldemexico.com\\\/index.php\\\/2026\\\/04\\\/28\\\/pronostican-ambiente-caluroso-a-extremadamente-caluroso-sobre-la-republica-mexicana\\\/#primaryimage\"},\"thumbnailUrl\":\"https:\\\/\\\/elestataldemexico.com\\\/wp-content\\\/uploads\\\/2026\\\/04\\\/WhatsApp-Image-2026-04-28-at-08.04.11.jpeg\",\"articleSection\":[\"Nacional\"],\"inLanguage\":\"es\",\"potentialAction\":[{\"@type\":\"CommentAction\",\"name\":\"Comment\",\"target\":[\"https:\\\/\\\/elestataldemexico.com\\\/index.php\\\/2026\\\/04\\\/28\\\/pronostican-ambiente-caluroso-a-extremadamente-caluroso-sobre-la-republica-mexicana\\\/#respond\"]}]},{\"@type\":\"WebPage\",\"@id\":\"https:\\\/\\\/elestataldemexico.com\\\/index.php\\\/2026\\\/04\\\/28\\\/pronostican-ambiente-caluroso-a-extremadamente-caluroso-sobre-la-republica-mexicana\\\/\",\"url\":\"https:\\\/\\\/elestataldemexico.com\\\/index.php\\\/2026\\\/04\\\/28\\\/pronostican-ambiente-caluroso-a-extremadamente-caluroso-sobre-la-republica-mexicana\\\/\",\"name\":\"Pronostican ambiente caluroso a extremadamente caluroso sobre la Rep\u00fablica Mexicana - El Estatal de M\u00e9xico\",\"isPartOf\":{\"@id\":\"https:\\\/\\\/elestataldemexico.com\\\/#website\"},\"primaryImageOfPage\":{\"@id\":\"https:\\\/\\\/elestataldemexico.com\\\/index.php\\\/2026\\\/04\\\/28\\\/pronostican-ambiente-caluroso-a-extremadamente-caluroso-sobre-la-republica-mexicana\\\/#primaryimage\"},\"image\":{\"@id\":\"https:\\\/\\\/elestataldemexico.com\\\/index.php\\\/2026\\\/04\\\/28\\\/pronostican-ambiente-caluroso-a-extremadamente-caluroso-sobre-la-republica-mexicana\\\/#primaryimage\"},\"thumbnailUrl\":\"https:\\\/\\\/elestataldemexico.com\\\/wp-content\\\/uploads\\\/2026\\\/04\\\/WhatsApp-Image-2026-04-28-at-08.04.11.jpeg\",\"datePublished\":\"2026-04-28T12:00:36+00:00\",\"dateModified\":\"2026-04-28T16:15:55+00:00\",\"breadcrumb\":{\"@id\":\"https:\\\/\\\/elestataldemexico.com\\\/index.php\\\/2026\\\/04\\\/28\\\/pronostican-ambiente-caluroso-a-extremadamente-caluroso-sobre-la-republica-mexicana\\\/#breadcrumb\"},\"inLanguage\":\"es\",\"potentialAction\":[{\"@type\":\"ReadAction\",\"target\":[\"https:\\\/\\\/elestataldemexico.com\\\/index.php\\\/2026\\\/04\\\/28\\\/pronostican-ambiente-caluroso-a-extremadamente-caluroso-sobre-la-republica-mexicana\\\/\"]}]},{\"@type\":\"ImageObject\",\"inLanguage\":\"es\",\"@id\":\"https:\\\/\\\/elestataldemexico.com\\\/index.php\\\/2026\\\/04\\\/28\\\/pronostican-ambiente-caluroso-a-extremadamente-caluroso-sobre-la-republica-mexicana\\\/#primaryimage\",\"url\":\"https:\\\/\\\/elestataldemexico.com\\\/wp-content\\\/uploads\\\/2026\\\/04\\\/WhatsApp-Image-2026-04-28-at-08.04.11.jpeg\",\"contentUrl\":\"https:\\\/\\\/elestataldemexico.com\\\/wp-content\\\/uploads\\\/2026\\\/04\\\/WhatsApp-Image-2026-04-28-at-08.04.11.jpeg\",\"width\":1352,\"height\":791},{\"@type\":\"BreadcrumbList\",\"@id\":\"https:\\\/\\\/elestataldemexico.com\\\/index.php\\\/2026\\\/04\\\/28\\\/pronostican-ambiente-caluroso-a-extremadamente-caluroso-sobre-la-republica-mexicana\\\/#breadcrumb\",\"itemListElement\":[{\"@type\":\"ListItem\",\"position\":1,\"name\":\"Portada\",\"item\":\"https:\\\/\\\/elestataldemexico.com\\\/\"},{\"@type\":\"ListItem\",\"position\":2,\"name\":\"Pronostican ambiente caluroso a extremadamente caluroso sobre la Rep\u00fablica Mexicana\"}]},{\"@type\":\"WebSite\",\"@id\":\"https:\\\/\\\/elestataldemexico.com\\\/#website\",\"url\":\"https:\\\/\\\/elestataldemexico.com\\\/\",\"name\":\"El Estatal de M\u00e9xico\",\"description\":\"\",\"publisher\":{\"@id\":\"https:\\\/\\\/elestataldemexico.com\\\/#organization\"},\"potentialAction\":[{\"@type\":\"SearchAction\",\"target\":{\"@type\":\"EntryPoint\",\"urlTemplate\":\"https:\\\/\\\/elestataldemexico.com\\\/?s={search_term_string}\"},\"query-input\":{\"@type\":\"PropertyValueSpecification\",\"valueRequired\":true,\"valueName\":\"search_term_string\"}}],\"inLanguage\":\"es\"},{\"@type\":\"Organization\",\"@id\":\"https:\\\/\\\/elestataldemexico.com\\\/#organization\",\"name\":\"El Estatal de M\u00e9xico\",\"url\":\"https:\\\/\\\/elestataldemexico.com\\\/\",\"logo\":{\"@type\":\"ImageObject\",\"inLanguage\":\"es\",\"@id\":\"https:\\\/\\\/elestataldemexico.com\\\/#\\\/schema\\\/logo\\\/image\\\/\",\"url\":\"https:\\\/\\\/elestataldemexico.com\\\/wp-content\\\/uploads\\\/2025\\\/05\\\/cropped-elestatal.png\",\"contentUrl\":\"https:\\\/\\\/elestataldemexico.com\\\/wp-content\\\/uploads\\\/2025\\\/05\\\/cropped-elestatal.png\",\"width\":504,\"height\":97,\"caption\":\"El Estatal de M\u00e9xico\"},\"image\":{\"@id\":\"https:\\\/\\\/elestataldemexico.com\\\/#\\\/schema\\\/logo\\\/image\\\/\"}},{\"@type\":\"Person\",\"@id\":\"https:\\\/\\\/elestataldemexico.com\\\/#\\\/schema\\\/person\\\/6c7813c13d2c1571771f592f0fe866bb\",\"name\":\"admin\",\"image\":{\"@type\":\"ImageObject\",\"inLanguage\":\"es\",\"@id\":\"https:\\\/\\\/secure.gravatar.com\\\/avatar\\\/d5ed2db9923a3ad3c0a47f6b3aec7abcb43924b9322251ade16472fc06f7bb5b?s=96&d=mm&r=g\",\"url\":\"https:\\\/\\\/secure.gravatar.com\\\/avatar\\\/d5ed2db9923a3ad3c0a47f6b3aec7abcb43924b9322251ade16472fc06f7bb5b?s=96&d=mm&r=g\",\"contentUrl\":\"https:\\\/\\\/secure.gravatar.com\\\/avatar\\\/d5ed2db9923a3ad3c0a47f6b3aec7abcb43924b9322251ade16472fc06f7bb5b?s=96&d=mm&r=g\",\"caption\":\"admin\"},\"sameAs\":[\"https:\\\/\\\/elestataldemexico.com\"],\"url\":\"https:\\\/\\\/elestataldemexico.com\\\/index.php\\\/author\\\/info_qk62m3p3\\\/\"}]}<\/script>\n<!-- \/ Yoast SEO plugin. -->","yoast_head_json":{"title":"Pronostican ambiente caluroso a extremadamente caluroso sobre la Rep\u00fablica Mexicana - El Estatal de M\u00e9xico","robots":{"index":"index","follow":"follow","max-snippet":"max-snippet:-1","max-image-preview":"max-image-preview:large","max-video-preview":"max-video-preview:-1"},"canonical":"https:\/\/elestataldemexico.com\/index.php\/2026\/04\/28\/pronostican-ambiente-caluroso-a-extremadamente-caluroso-sobre-la-republica-mexicana\/","og_locale":"es_ES","og_type":"article","og_title":"Pronostican ambiente caluroso a extremadamente caluroso sobre la Rep\u00fablica Mexicana - El Estatal de M\u00e9xico","og_description":"#NACIONAL\ud83c\uddf2\ud83c\uddfd II Buenos d\u00edas \u2600\ufe0fll El Servicio Meteorol\u00f3gico Nacional informa que para hoy, un\u00a0anticicl\u00f3n en niveles medios de","og_url":"https:\/\/elestataldemexico.com\/index.php\/2026\/04\/28\/pronostican-ambiente-caluroso-a-extremadamente-caluroso-sobre-la-republica-mexicana\/","og_site_name":"El Estatal de M\u00e9xico","article_published_time":"2026-04-28T12:00:36+00:00","article_modified_time":"2026-04-28T16:15:55+00:00","author":"admin","twitter_card":"summary_large_image","twitter_misc":{"Escrito por":"admin","Tiempo de lectura":"1 minuto"},"schema":{"@context":"https:\/\/schema.org","@graph":[{"@type":"Article","@id":"https:\/\/elestataldemexico.com\/index.php\/2026\/04\/28\/pronostican-ambiente-caluroso-a-extremadamente-caluroso-sobre-la-republica-mexicana\/#article","isPartOf":{"@id":"https:\/\/elestataldemexico.com\/index.php\/2026\/04\/28\/pronostican-ambiente-caluroso-a-extremadamente-caluroso-sobre-la-republica-mexicana\/"},"author":{"name":"admin","@id":"https:\/\/elestataldemexico.com\/#\/schema\/person\/6c7813c13d2c1571771f592f0fe866bb"},"headline":"Pronostican ambiente caluroso a extremadamente caluroso sobre la Rep\u00fablica Mexicana","datePublished":"2026-04-28T12:00:36+00:00","dateModified":"2026-04-28T16:15:55+00:00","mainEntityOfPage":{"@id":"https:\/\/elestataldemexico.com\/index.php\/2026\/04\/28\/pronostican-ambiente-caluroso-a-extremadamente-caluroso-sobre-la-republica-mexicana\/"},"wordCount":271,"commentCount":0,"publisher":{"@id":"https:\/\/elestataldemexico.com\/#organization"},"image":{"@id":"https:\/\/elestataldemexico.com\/index.php\/2026\/04\/28\/pronostican-ambiente-caluroso-a-extremadamente-caluroso-sobre-la-republica-mexicana\/#primaryimage"},"thumbnailUrl":"https:\/\/elestataldemexico.com\/wp-content\/uploads\/2026\/04\/WhatsApp-Image-2026-04-28-at-08.04.11.jpeg","articleSection":["Nacional"],"inLanguage":"es","potentialAction":[{"@type":"CommentAction","name":"Comment","target":["https:\/\/elestataldemexico.com\/index.php\/2026\/04\/28\/pronostican-ambiente-caluroso-a-extremadamente-caluroso-sobre-la-republica-mexicana\/#respond"]}]},{"@type":"WebPage","@id":"https:\/\/elestataldemexico.com\/index.php\/2026\/04\/28\/pronostican-ambiente-caluroso-a-extremadamente-caluroso-sobre-la-republica-mexicana\/","url":"https:\/\/elestataldemexico.com\/index.php\/2026\/04\/28\/pronostican-ambiente-caluroso-a-extremadamente-caluroso-sobre-la-republica-mexicana\/","name":"Pronostican ambiente caluroso a extremadamente caluroso sobre la Rep\u00fablica Mexicana - El Estatal de M\u00e9xico","isPartOf":{"@id":"https:\/\/elestataldemexico.com\/#website"},"primaryImageOfPage":{"@id":"https:\/\/elestataldemexico.com\/index.php\/2026\/04\/28\/pronostican-ambiente-caluroso-a-extremadamente-caluroso-sobre-la-republica-mexicana\/#primaryimage"},"image":{"@id":"https:\/\/elestataldemexico.com\/index.php\/2026\/04\/28\/pronostican-ambiente-caluroso-a-extremadamente-caluroso-sobre-la-republica-mexicana\/#primaryimage"},"thumbnailUrl":"https:\/\/elestataldemexico.com\/wp-content\/uploads\/2026\/04\/WhatsApp-Image-2026-04-28-at-08.04.11.jpeg","datePublished":"2026-04-28T12:00:36+00:00","dateModified":"2026-04-28T16:15:55+00:00","breadcrumb":{"@id":"https:\/\/elestataldemexico.com\/index.php\/2026\/04\/28\/pronostican-ambiente-caluroso-a-extremadamente-caluroso-sobre-la-republica-mexicana\/#breadcrumb"},"inLanguage":"es","potentialAction":[{"@type":"ReadAction","target":["https:\/\/elestataldemexico.com\/index.php\/2026\/04\/28\/pronostican-ambiente-caluroso-a-extremadamente-caluroso-sobre-la-republica-mexicana\/"]}]},{"@type":"ImageObject","inLanguage":"es","@id":"https:\/\/elestataldemexico.com\/index.php\/2026\/04\/28\/pronostican-ambiente-caluroso-a-extremadamente-caluroso-sobre-la-republica-mexicana\/#primaryimage","url":"https:\/\/elestataldemexico.com\/wp-content\/uploads\/2026\/04\/WhatsApp-Image-2026-04-28-at-08.04.11.jpeg","contentUrl":"https:\/\/elestataldemexico.com\/wp-content\/uploads\/2026\/04\/WhatsApp-Image-2026-04-28-at-08.04.11.jpeg","width":1352,"height":791},{"@type":"BreadcrumbList","@id":"https:\/\/elestataldemexico.com\/index.php\/2026\/04\/28\/pronostican-ambiente-caluroso-a-extremadamente-caluroso-sobre-la-republica-mexicana\/#breadcrumb","itemListElement":[{"@type":"ListItem","position":1,"name":"Portada","item":"https:\/\/elestataldemexico.com\/"},{"@type":"ListItem","position":2,"name":"Pronostican ambiente caluroso a extremadamente caluroso sobre la Rep\u00fablica Mexicana"}]},{"@type":"WebSite","@id":"https:\/\/elestataldemexico.com\/#website","url":"https:\/\/elestataldemexico.com\/","name":"El Estatal de M\u00e9xico","description":"","publisher":{"@id":"https:\/\/elestataldemexico.com\/#organization"},"potentialAction":[{"@type":"SearchAction","target":{"@type":"EntryPoint","urlTemplate":"https:\/\/elestataldemexico.com\/?s={search_term_string}"},"query-input":{"@type":"PropertyValueSpecification","valueRequired":true,"valueName":"search_term_string"}}],"inLanguage":"es"},{"@type":"Organization","@id":"https:\/\/elestataldemexico.com\/#organization","name":"El Estatal de M\u00e9xico","url":"https:\/\/elestataldemexico.com\/","logo":{"@type":"ImageObject","inLanguage":"es","@id":"https:\/\/elestataldemexico.com\/#\/schema\/logo\/image\/","url":"https:\/\/elestataldemexico.com\/wp-content\/uploads\/2025\/05\/cropped-elestatal.png","contentUrl":"https:\/\/elestataldemexico.com\/wp-content\/uploads\/2025\/05\/cropped-elestatal.png","width":504,"height":97,"caption":"El Estatal de M\u00e9xico"},"image":{"@id":"https:\/\/elestataldemexico.com\/#\/schema\/logo\/image\/"}},{"@type":"Person","@id":"https:\/\/elestataldemexico.com\/#\/schema\/person\/6c7813c13d2c1571771f592f0fe866bb","name":"admin","image":{"@type":"ImageObject","inLanguage":"es","@id":"https:\/\/secure.gravatar.com\/avatar\/d5ed2db9923a3ad3c0a47f6b3aec7abcb43924b9322251ade16472fc06f7bb5b?s=96&d=mm&r=g","url":"https:\/\/secure.gravatar.com\/avatar\/d5ed2db9923a3ad3c0a47f6b3aec7abcb43924b9322251ade16472fc06f7bb5b?s=96&d=mm&r=g","contentUrl":"https:\/\/secure.gravatar.com\/avatar\/d5ed2db9923a3ad3c0a47f6b3aec7abcb43924b9322251ade16472fc06f7bb5b?s=96&d=mm&r=g","caption":"admin"},"sameAs":["https:\/\/elestataldemexico.com"],"url":"https:\/\/elestataldemexico.com\/index.php\/author\/info_qk62m3p3\/"}]}},"_links":{"self":[{"href":"https:\/\/elestataldemexico.com\/index.php\/wp-json\/wp\/v2\/posts\/42634","targetHints":{"allow":["GET"]}}],"collection":[{"href":"https:\/\/elestataldemexico.com\/index.php\/wp-json\/wp\/v2\/posts"}],"about":[{"href":"https:\/\/elestataldemexico.com\/index.php\/wp-json\/wp\/v2\/types\/post"}],"author":[{"embeddable":true,"href":"https:\/\/elestataldemexico.com\/index.php\/wp-json\/wp\/v2\/users\/1"}],"replies":[{"embeddable":true,"href":"https:\/\/elestataldemexico.com\/index.php\/wp-json\/wp\/v2\/comments?post=42634"}],"version-history":[{"count":1,"href":"https:\/\/elestataldemexico.com\/index.php\/wp-json\/wp\/v2\/posts\/42634\/revisions"}],"predecessor-version":[{"id":42635,"href":"https:\/\/elestataldemexico.com\/index.php\/wp-json\/wp\/v2\/posts\/42634\/revisions\/42635"}],"wp:featuredmedia":[{"embeddable":true,"href":"https:\/\/elestataldemexico.com\/index.php\/wp-json\/wp\/v2\/media\/42636"}],"wp:attachment":[{"href":"https:\/\/elestataldemexico.com\/index.php\/wp-json\/wp\/v2\/media?parent=42634"}],"wp:term":[{"taxonomy":"category","embeddable":true,"href":"https:\/\/elestataldemexico.com\/index.php\/wp-json\/wp\/v2\/categories?post=42634"},{"taxonomy":"post_tag","embeddable":true,"href":"https:\/\/elestataldemexico.com\/index.php\/wp-json\/wp\/v2\/tags?post=42634"}],"curies":[{"name":"wp","href":"https:\/\/api.w.org\/{rel}","templated":true}]}}