{"id":42631,"date":"2026-04-28T09:33:11","date_gmt":"2026-04-28T14:33:11","guid":{"rendered":"https:\/\/elestataldemexico.com\/?p=42631"},"modified":"2026-04-28T09:33:11","modified_gmt":"2026-04-28T14:33:11","slug":"proyecta-morelos-su-riqueza-en-el-tianguis-turistico-mexico-2026","status":"publish","type":"post","link":"https:\/\/elestataldemexico.com\/index.php\/2026\/04\/28\/proyecta-morelos-su-riqueza-en-el-tianguis-turistico-mexico-2026\/","title":{"rendered":"Proyecta Morelos su riqueza en el Tianguis Tur\u00edstico M\u00e9xico 2026"},"content":{"rendered":"<div class=\"morv3-section-header\">\n<div class=\"morv3-headingl-contenth\">\ud83d\udd38La titular del Poder Ejecutivo, Margarita Gonz\u00e1lez Saravia, asisti\u00f3 a la inauguraci\u00f3n de este gran encuentro en su edici\u00f3n n\u00famero 50 * Junto con la secretaria de Turismo del Gobierno de M\u00e9xico, Josefina Rodr\u00edguez y la gobernadora de Guerrero, Evelyn Salgado, realizaron el corte de list\u00f3n que marc\u00f3 el inicio oficial de actividades en el stand morelense<\/div>\n<\/div>\n<div class=\"morv3-prensa-text-container\">\n<div class=\"morv3-bodyl-contentl-justify w-richtext\">\n<p>#MORELOS | La gobernadora Margarita Gonz\u00e1lez Saravia particip\u00f3 esta tarde en la inauguraci\u00f3n del Tianguis Tur\u00edstico M\u00e9xico 2026, en su edici\u00f3n n\u00famero 50, considerado el escaparate m\u00e1s importante del pa\u00eds para la promoci\u00f3n de destinos, productos y servicios del sector tur\u00edstico.<\/p>\n<p>El acto protocolario fue encabezado por Rosa Icela Rodr\u00edguez Vel\u00e1zquez y Josefina Rodr\u00edguez Zamora, secretarias de Gobernaci\u00f3n y Turismo del Gobierno de M\u00e9xico, respectivamente, as\u00ed como por la gobernadora de Guerrero, Evelyn Salgado Pineda.<\/p>\n<p>Cabe se\u00f1alar que, en esta edici\u00f3n, por primera vez se incorporan pa\u00edses invitados, entre ellos Colombia, adem\u00e1s de reunir a miles de asistentes y compradores internacionales, lo que reafirma al turismo como motor de desarrollo econ\u00f3mico, generaci\u00f3n de empleo y bienestar para las entidades federativas.<\/p>\n<p>Durante tres d\u00edas, \u201cLa tierra que nos une\u201d a trav\u00e9s de una delegaci\u00f3n de 36 empresarios en citas de negocios y 38 invitados estrat\u00e9gicos, presentar\u00e1 su oferta tur\u00edstica con \u00e9nfasis en cultura, gastronom\u00eda, tradiciones y segmentos relevantes como turismo comunitario, de reuniones, bodas, pantalla, naturaleza y bienestar, para mostrar al pa\u00eds y al mundo la diversidad que distingue a la entidad.<\/p>\n<p>Al concluir la ceremonia inaugural, Margarita Gonz\u00e1lez Saravia y autoridades federales y su hom\u00f3loga guerrerense, acudieron al stand morelense donde realizaron el corte de list\u00f3n que marc\u00f3 el inicio oficial de actividades, adem\u00e1s de un recorrido en el que observaron la riqueza, identidad y servicios tur\u00edsticos que ofrece el estado.<\/p>\n<p>Lo anterior, fortalece la proyecci\u00f3n de Morelos como un destino competitivo del centro del pa\u00eds, con capacidad de integrarse a circuitos nacionales e internacionales.<\/p>\n<\/div>\n<\/div>\n","protected":false},"excerpt":{"rendered":"<p>\ud83d\udd38La titular del Poder Ejecutivo, Margarita Gonz\u00e1lez Saravia, asisti\u00f3 a la inauguraci\u00f3n de este gran encuentro en su<\/p>\n","protected":false},"author":1,"featured_media":0,"comment_status":"open","ping_status":"closed","sticky":false,"template":"","format":"standard","meta":{"footnotes":""},"categories":[18,7],"tags":[],"class_list":["post-42631","post","type-post","status-publish","format-standard","hentry","category-morelos","category-nacional"],"yoast_head":"<!-- This site is optimized with the Yoast SEO plugin v27.4 - https:\/\/yoast.com\/product\/yoast-seo-wordpress\/ -->\n<title>Proyecta Morelos su riqueza en el Tianguis Tur\u00edstico M\u00e9xico 2026 - El Estatal de M\u00e9xico<\/title>\n<meta name=\"robots\" content=\"index, follow, max-snippet:-1, max-image-preview:large, max-video-preview:-1\" \/>\n<link rel=\"canonical\" href=\"https:\/\/elestataldemexico.com\/index.php\/2026\/04\/28\/proyecta-morelos-su-riqueza-en-el-tianguis-turistico-mexico-2026\/\" \/>\n<meta property=\"og:locale\" content=\"es_ES\" \/>\n<meta property=\"og:type\" content=\"article\" \/>\n<meta property=\"og:title\" content=\"Proyecta Morelos su riqueza en el Tianguis Tur\u00edstico M\u00e9xico 2026 - El Estatal de M\u00e9xico\" \/>\n<meta property=\"og:description\" content=\"\ud83d\udd38La titular del Poder Ejecutivo, Margarita Gonz\u00e1lez Saravia, asisti\u00f3 a la inauguraci\u00f3n de este gran encuentro en su\" \/>\n<meta property=\"og:url\" content=\"https:\/\/elestataldemexico.com\/index.php\/2026\/04\/28\/proyecta-morelos-su-riqueza-en-el-tianguis-turistico-mexico-2026\/\" \/>\n<meta property=\"og:site_name\" content=\"El Estatal de M\u00e9xico\" \/>\n<meta property=\"article:published_time\" content=\"2026-04-28T14:33:11+00:00\" \/>\n<meta property=\"og:image\" content=\"https:\/\/elestataldemexico.com\/wp-content\/uploads\/2026\/04\/69f054eb256ad0dd7ca61a32_WhatsApp-Image-2026-04-27-at-8.09.50-PM.jpeg\" \/>\n\t<meta property=\"og:image:width\" content=\"1040\" \/>\n\t<meta property=\"og:image:height\" content=\"690\" \/>\n\t<meta property=\"og:image:type\" content=\"image\/jpeg\" \/>\n<meta name=\"author\" content=\"admin\" \/>\n<meta name=\"twitter:card\" content=\"summary_large_image\" \/>\n<meta name=\"twitter:image\" content=\"https:\/\/elestataldemexico.com\/wp-content\/uploads\/2026\/04\/69f054eb256ad0dd7ca61a32_WhatsApp-Image-2026-04-27-at-8.09.50-PM.jpeg\" \/>\n<meta name=\"twitter:label1\" content=\"Escrito por\" \/>\n\t<meta name=\"twitter:data1\" content=\"admin\" \/>\n\t<meta name=\"twitter:label2\" content=\"Tiempo de lectura\" \/>\n\t<meta name=\"twitter:data2\" content=\"2 minutos\" \/>\n<script type=\"application\/ld+json\" class=\"yoast-schema-graph\">{\"@context\":\"https:\\\/\\\/schema.org\",\"@graph\":[{\"@type\":\"Article\",\"@id\":\"https:\\\/\\\/elestataldemexico.com\\\/index.php\\\/2026\\\/04\\\/28\\\/proyecta-morelos-su-riqueza-en-el-tianguis-turistico-mexico-2026\\\/#article\",\"isPartOf\":{\"@id\":\"https:\\\/\\\/elestataldemexico.com\\\/index.php\\\/2026\\\/04\\\/28\\\/proyecta-morelos-su-riqueza-en-el-tianguis-turistico-mexico-2026\\\/\"},\"author\":{\"name\":\"admin\",\"@id\":\"https:\\\/\\\/elestataldemexico.com\\\/#\\\/schema\\\/person\\\/6c7813c13d2c1571771f592f0fe866bb\"},\"headline\":\"Proyecta Morelos su riqueza en el Tianguis Tur\u00edstico M\u00e9xico 2026\",\"datePublished\":\"2026-04-28T14:33:11+00:00\",\"mainEntityOfPage\":{\"@id\":\"https:\\\/\\\/elestataldemexico.com\\\/index.php\\\/2026\\\/04\\\/28\\\/proyecta-morelos-su-riqueza-en-el-tianguis-turistico-mexico-2026\\\/\"},\"wordCount\":358,\"commentCount\":0,\"publisher\":{\"@id\":\"https:\\\/\\\/elestataldemexico.com\\\/#organization\"},\"articleSection\":[\"Morelos\",\"Nacional\"],\"inLanguage\":\"es\",\"potentialAction\":[{\"@type\":\"CommentAction\",\"name\":\"Comment\",\"target\":[\"https:\\\/\\\/elestataldemexico.com\\\/index.php\\\/2026\\\/04\\\/28\\\/proyecta-morelos-su-riqueza-en-el-tianguis-turistico-mexico-2026\\\/#respond\"]}]},{\"@type\":\"WebPage\",\"@id\":\"https:\\\/\\\/elestataldemexico.com\\\/index.php\\\/2026\\\/04\\\/28\\\/proyecta-morelos-su-riqueza-en-el-tianguis-turistico-mexico-2026\\\/\",\"url\":\"https:\\\/\\\/elestataldemexico.com\\\/index.php\\\/2026\\\/04\\\/28\\\/proyecta-morelos-su-riqueza-en-el-tianguis-turistico-mexico-2026\\\/\",\"name\":\"Proyecta Morelos su riqueza en el Tianguis Tur\u00edstico M\u00e9xico 2026 - El Estatal de M\u00e9xico\",\"isPartOf\":{\"@id\":\"https:\\\/\\\/elestataldemexico.com\\\/#website\"},\"datePublished\":\"2026-04-28T14:33:11+00:00\",\"breadcrumb\":{\"@id\":\"https:\\\/\\\/elestataldemexico.com\\\/index.php\\\/2026\\\/04\\\/28\\\/proyecta-morelos-su-riqueza-en-el-tianguis-turistico-mexico-2026\\\/#breadcrumb\"},\"inLanguage\":\"es\",\"potentialAction\":[{\"@type\":\"ReadAction\",\"target\":[\"https:\\\/\\\/elestataldemexico.com\\\/index.php\\\/2026\\\/04\\\/28\\\/proyecta-morelos-su-riqueza-en-el-tianguis-turistico-mexico-2026\\\/\"]}]},{\"@type\":\"BreadcrumbList\",\"@id\":\"https:\\\/\\\/elestataldemexico.com\\\/index.php\\\/2026\\\/04\\\/28\\\/proyecta-morelos-su-riqueza-en-el-tianguis-turistico-mexico-2026\\\/#breadcrumb\",\"itemListElement\":[{\"@type\":\"ListItem\",\"position\":1,\"name\":\"Portada\",\"item\":\"https:\\\/\\\/elestataldemexico.com\\\/\"},{\"@type\":\"ListItem\",\"position\":2,\"name\":\"Proyecta Morelos su riqueza en el Tianguis Tur\u00edstico M\u00e9xico 2026\"}]},{\"@type\":\"WebSite\",\"@id\":\"https:\\\/\\\/elestataldemexico.com\\\/#website\",\"url\":\"https:\\\/\\\/elestataldemexico.com\\\/\",\"name\":\"El Estatal de M\u00e9xico\",\"description\":\"\",\"publisher\":{\"@id\":\"https:\\\/\\\/elestataldemexico.com\\\/#organization\"},\"potentialAction\":[{\"@type\":\"SearchAction\",\"target\":{\"@type\":\"EntryPoint\",\"urlTemplate\":\"https:\\\/\\\/elestataldemexico.com\\\/?s={search_term_string}\"},\"query-input\":{\"@type\":\"PropertyValueSpecification\",\"valueRequired\":true,\"valueName\":\"search_term_string\"}}],\"inLanguage\":\"es\"},{\"@type\":\"Organization\",\"@id\":\"https:\\\/\\\/elestataldemexico.com\\\/#organization\",\"name\":\"El Estatal de M\u00e9xico\",\"url\":\"https:\\\/\\\/elestataldemexico.com\\\/\",\"logo\":{\"@type\":\"ImageObject\",\"inLanguage\":\"es\",\"@id\":\"https:\\\/\\\/elestataldemexico.com\\\/#\\\/schema\\\/logo\\\/image\\\/\",\"url\":\"https:\\\/\\\/elestataldemexico.com\\\/wp-content\\\/uploads\\\/2025\\\/05\\\/cropped-elestatal.png\",\"contentUrl\":\"https:\\\/\\\/elestataldemexico.com\\\/wp-content\\\/uploads\\\/2025\\\/05\\\/cropped-elestatal.png\",\"width\":504,\"height\":97,\"caption\":\"El Estatal de M\u00e9xico\"},\"image\":{\"@id\":\"https:\\\/\\\/elestataldemexico.com\\\/#\\\/schema\\\/logo\\\/image\\\/\"}},{\"@type\":\"Person\",\"@id\":\"https:\\\/\\\/elestataldemexico.com\\\/#\\\/schema\\\/person\\\/6c7813c13d2c1571771f592f0fe866bb\",\"name\":\"admin\",\"image\":{\"@type\":\"ImageObject\",\"inLanguage\":\"es\",\"@id\":\"https:\\\/\\\/secure.gravatar.com\\\/avatar\\\/d5ed2db9923a3ad3c0a47f6b3aec7abcb43924b9322251ade16472fc06f7bb5b?s=96&d=mm&r=g\",\"url\":\"https:\\\/\\\/secure.gravatar.com\\\/avatar\\\/d5ed2db9923a3ad3c0a47f6b3aec7abcb43924b9322251ade16472fc06f7bb5b?s=96&d=mm&r=g\",\"contentUrl\":\"https:\\\/\\\/secure.gravatar.com\\\/avatar\\\/d5ed2db9923a3ad3c0a47f6b3aec7abcb43924b9322251ade16472fc06f7bb5b?s=96&d=mm&r=g\",\"caption\":\"admin\"},\"sameAs\":[\"https:\\\/\\\/elestataldemexico.com\"],\"url\":\"https:\\\/\\\/elestataldemexico.com\\\/index.php\\\/author\\\/info_qk62m3p3\\\/\"}]}<\/script>\n<!-- \/ Yoast SEO plugin. -->","yoast_head_json":{"title":"Proyecta Morelos su riqueza en el Tianguis Tur\u00edstico M\u00e9xico 2026 - El Estatal de M\u00e9xico","robots":{"index":"index","follow":"follow","max-snippet":"max-snippet:-1","max-image-preview":"max-image-preview:large","max-video-preview":"max-video-preview:-1"},"canonical":"https:\/\/elestataldemexico.com\/index.php\/2026\/04\/28\/proyecta-morelos-su-riqueza-en-el-tianguis-turistico-mexico-2026\/","og_locale":"es_ES","og_type":"article","og_title":"Proyecta Morelos su riqueza en el Tianguis Tur\u00edstico M\u00e9xico 2026 - El Estatal de M\u00e9xico","og_description":"\ud83d\udd38La titular del Poder Ejecutivo, Margarita Gonz\u00e1lez Saravia, asisti\u00f3 a la inauguraci\u00f3n de este gran encuentro en su","og_url":"https:\/\/elestataldemexico.com\/index.php\/2026\/04\/28\/proyecta-morelos-su-riqueza-en-el-tianguis-turistico-mexico-2026\/","og_site_name":"El Estatal de M\u00e9xico","article_published_time":"2026-04-28T14:33:11+00:00","og_image":[{"width":1040,"height":690,"url":"https:\/\/elestataldemexico.com\/wp-content\/uploads\/2026\/04\/69f054eb256ad0dd7ca61a32_WhatsApp-Image-2026-04-27-at-8.09.50-PM.jpeg","type":"image\/jpeg"}],"author":"admin","twitter_card":"summary_large_image","twitter_image":"https:\/\/elestataldemexico.com\/wp-content\/uploads\/2026\/04\/69f054eb256ad0dd7ca61a32_WhatsApp-Image-2026-04-27-at-8.09.50-PM.jpeg","twitter_misc":{"Escrito por":"admin","Tiempo de lectura":"2 minutos"},"schema":{"@context":"https:\/\/schema.org","@graph":[{"@type":"Article","@id":"https:\/\/elestataldemexico.com\/index.php\/2026\/04\/28\/proyecta-morelos-su-riqueza-en-el-tianguis-turistico-mexico-2026\/#article","isPartOf":{"@id":"https:\/\/elestataldemexico.com\/index.php\/2026\/04\/28\/proyecta-morelos-su-riqueza-en-el-tianguis-turistico-mexico-2026\/"},"author":{"name":"admin","@id":"https:\/\/elestataldemexico.com\/#\/schema\/person\/6c7813c13d2c1571771f592f0fe866bb"},"headline":"Proyecta Morelos su riqueza en el Tianguis Tur\u00edstico M\u00e9xico 2026","datePublished":"2026-04-28T14:33:11+00:00","mainEntityOfPage":{"@id":"https:\/\/elestataldemexico.com\/index.php\/2026\/04\/28\/proyecta-morelos-su-riqueza-en-el-tianguis-turistico-mexico-2026\/"},"wordCount":358,"commentCount":0,"publisher":{"@id":"https:\/\/elestataldemexico.com\/#organization"},"articleSection":["Morelos","Nacional"],"inLanguage":"es","potentialAction":[{"@type":"CommentAction","name":"Comment","target":["https:\/\/elestataldemexico.com\/index.php\/2026\/04\/28\/proyecta-morelos-su-riqueza-en-el-tianguis-turistico-mexico-2026\/#respond"]}]},{"@type":"WebPage","@id":"https:\/\/elestataldemexico.com\/index.php\/2026\/04\/28\/proyecta-morelos-su-riqueza-en-el-tianguis-turistico-mexico-2026\/","url":"https:\/\/elestataldemexico.com\/index.php\/2026\/04\/28\/proyecta-morelos-su-riqueza-en-el-tianguis-turistico-mexico-2026\/","name":"Proyecta Morelos su riqueza en el Tianguis Tur\u00edstico M\u00e9xico 2026 - El Estatal de M\u00e9xico","isPartOf":{"@id":"https:\/\/elestataldemexico.com\/#website"},"datePublished":"2026-04-28T14:33:11+00:00","breadcrumb":{"@id":"https:\/\/elestataldemexico.com\/index.php\/2026\/04\/28\/proyecta-morelos-su-riqueza-en-el-tianguis-turistico-mexico-2026\/#breadcrumb"},"inLanguage":"es","potentialAction":[{"@type":"ReadAction","target":["https:\/\/elestataldemexico.com\/index.php\/2026\/04\/28\/proyecta-morelos-su-riqueza-en-el-tianguis-turistico-mexico-2026\/"]}]},{"@type":"BreadcrumbList","@id":"https:\/\/elestataldemexico.com\/index.php\/2026\/04\/28\/proyecta-morelos-su-riqueza-en-el-tianguis-turistico-mexico-2026\/#breadcrumb","itemListElement":[{"@type":"ListItem","position":1,"name":"Portada","item":"https:\/\/elestataldemexico.com\/"},{"@type":"ListItem","position":2,"name":"Proyecta Morelos su riqueza en el Tianguis Tur\u00edstico M\u00e9xico 2026"}]},{"@type":"WebSite","@id":"https:\/\/elestataldemexico.com\/#website","url":"https:\/\/elestataldemexico.com\/","name":"El Estatal de M\u00e9xico","description":"","publisher":{"@id":"https:\/\/elestataldemexico.com\/#organization"},"potentialAction":[{"@type":"SearchAction","target":{"@type":"EntryPoint","urlTemplate":"https:\/\/elestataldemexico.com\/?s={search_term_string}"},"query-input":{"@type":"PropertyValueSpecification","valueRequired":true,"valueName":"search_term_string"}}],"inLanguage":"es"},{"@type":"Organization","@id":"https:\/\/elestataldemexico.com\/#organization","name":"El Estatal de M\u00e9xico","url":"https:\/\/elestataldemexico.com\/","logo":{"@type":"ImageObject","inLanguage":"es","@id":"https:\/\/elestataldemexico.com\/#\/schema\/logo\/image\/","url":"https:\/\/elestataldemexico.com\/wp-content\/uploads\/2025\/05\/cropped-elestatal.png","contentUrl":"https:\/\/elestataldemexico.com\/wp-content\/uploads\/2025\/05\/cropped-elestatal.png","width":504,"height":97,"caption":"El Estatal de M\u00e9xico"},"image":{"@id":"https:\/\/elestataldemexico.com\/#\/schema\/logo\/image\/"}},{"@type":"Person","@id":"https:\/\/elestataldemexico.com\/#\/schema\/person\/6c7813c13d2c1571771f592f0fe866bb","name":"admin","image":{"@type":"ImageObject","inLanguage":"es","@id":"https:\/\/secure.gravatar.com\/avatar\/d5ed2db9923a3ad3c0a47f6b3aec7abcb43924b9322251ade16472fc06f7bb5b?s=96&d=mm&r=g","url":"https:\/\/secure.gravatar.com\/avatar\/d5ed2db9923a3ad3c0a47f6b3aec7abcb43924b9322251ade16472fc06f7bb5b?s=96&d=mm&r=g","contentUrl":"https:\/\/secure.gravatar.com\/avatar\/d5ed2db9923a3ad3c0a47f6b3aec7abcb43924b9322251ade16472fc06f7bb5b?s=96&d=mm&r=g","caption":"admin"},"sameAs":["https:\/\/elestataldemexico.com"],"url":"https:\/\/elestataldemexico.com\/index.php\/author\/info_qk62m3p3\/"}]}},"_links":{"self":[{"href":"https:\/\/elestataldemexico.com\/index.php\/wp-json\/wp\/v2\/posts\/42631","targetHints":{"allow":["GET"]}}],"collection":[{"href":"https:\/\/elestataldemexico.com\/index.php\/wp-json\/wp\/v2\/posts"}],"about":[{"href":"https:\/\/elestataldemexico.com\/index.php\/wp-json\/wp\/v2\/types\/post"}],"author":[{"embeddable":true,"href":"https:\/\/elestataldemexico.com\/index.php\/wp-json\/wp\/v2\/users\/1"}],"replies":[{"embeddable":true,"href":"https:\/\/elestataldemexico.com\/index.php\/wp-json\/wp\/v2\/comments?post=42631"}],"version-history":[{"count":1,"href":"https:\/\/elestataldemexico.com\/index.php\/wp-json\/wp\/v2\/posts\/42631\/revisions"}],"predecessor-version":[{"id":42633,"href":"https:\/\/elestataldemexico.com\/index.php\/wp-json\/wp\/v2\/posts\/42631\/revisions\/42633"}],"wp:attachment":[{"href":"https:\/\/elestataldemexico.com\/index.php\/wp-json\/wp\/v2\/media?parent=42631"}],"wp:term":[{"taxonomy":"category","embeddable":true,"href":"https:\/\/elestataldemexico.com\/index.php\/wp-json\/wp\/v2\/categories?post=42631"},{"taxonomy":"post_tag","embeddable":true,"href":"https:\/\/elestataldemexico.com\/index.php\/wp-json\/wp\/v2\/tags?post=42631"}],"curies":[{"name":"wp","href":"https:\/\/api.w.org\/{rel}","templated":true}]}}