{"id":42628,"date":"2026-04-27T11:01:10","date_gmt":"2026-04-27T16:01:10","guid":{"rendered":"https:\/\/elestataldemexico.com\/?p=42628"},"modified":"2026-04-27T11:01:10","modified_gmt":"2026-04-27T16:01:10","slug":"destaca-margarita-gonzalez-saravia-riqueza-gastronomica-de-morelos-en-evento-mesas-de-campo","status":"publish","type":"post","link":"https:\/\/elestataldemexico.com\/index.php\/2026\/04\/27\/destaca-margarita-gonzalez-saravia-riqueza-gastronomica-de-morelos-en-evento-mesas-de-campo\/","title":{"rendered":"Destaca Margarita Gonz\u00e1lez Saravia riqueza gastron\u00f3mica de Morelos en evento \u201cMesas de Campo"},"content":{"rendered":"<p>\ud83d\udd38 La titular del Poder Ejecutivo resalt\u00f3 la tradici\u00f3n e innovaci\u00f3n culinaria, a trav\u00e9s de cocineras tradicionales y chefs, que promueven productos con denominaci\u00f3n de origen del estado<\/p>\n<p>&nbsp;<\/p>\n<p>&nbsp;<\/p>\n<p>&nbsp;<\/p>\n<p>#MORELOS | La gobernadora Margarita Gonz\u00e1lez Saravia asisti\u00f3 al evento \u201cMesas de Campo, sabores de Morelos con Denominaci\u00f3n de Origen\u201d, en su edici\u00f3n primavera, un espacio que fortalece la identidad gastron\u00f3mica de la entidad.<\/p>\n<p>&nbsp;<\/p>\n<p>La actividad, realizada en el municipio de Tepoztl\u00e1n, reuni\u00f3 a cocineras tradicionales y chefs que colaboraron en la creaci\u00f3n de platillos elaborados con insumos locales, entre ellos productos con denominaci\u00f3n de origen, como el arroz de Morelos y el mezcal, lo que garantiza autenticidad, calidad y valor cultural en cada preparaci\u00f3n.<\/p>\n<p>&nbsp;<\/p>\n<p>La mandataria estatal, acompa\u00f1ada de Javier Garc\u00eda Ch\u00e1vez, jefe de la Oficina de la Gubernatura, e integrantes del gabinete, destac\u00f3 que estas iniciativas contribuyen a preservar las tradiciones culinarias de \u201cLa tierra que nos une\u201d, adem\u00e1s de impulsar la innovaci\u00f3n gastron\u00f3mica y generar nuevas propuestas que posicionan al estado como referente nacional.<\/p>\n<p>&nbsp;<\/p>\n<p>\u201cMesas de Campo ha sido un gran evento en donde hemos tenido cocineras tradicionales y chefs; el objetivo de este encuentro es conectar a nuestros productores agropecuarios, porque Morelos produce cosas extraordinarias: aguacate, nopales, pulque, jitomate, cebolla, arroz y mezcal con Denominaci\u00f3n de Origen; aqu\u00ed los chefs est\u00e1n conectando con nuestros productores y con las cocineras para hacer platillos\u201d, puntualiz\u00f3.<\/p>\n<p>&nbsp;<\/p>\n<p>En este sentido, la cocinera tradicional Graciela G\u00f3mez Espinosa, del municipio de Huitzilac, trabaj\u00f3 junto al chef Benito Molina en la preparaci\u00f3n de conejo en mixiote, receta heredada de su abuela, elaborada con mezcla de chiles, condimentos, nopales y hoja de maguey.<\/p>\n<p>&nbsp;<\/p>\n<p>\u201cFusionamos la comida tradicional con la moderna; con este tipo de eventos damos a conocer toda la gastronom\u00eda que tenemos en nuestro estado\u201d, coment\u00f3.<\/p>\n<p>&nbsp;<\/p>\n<p>Por su parte, el chef Benito Molina se\u00f1al\u00f3: \u201cLo m\u00e1s importante de esto es dar a conocer los productos del campo de Morelos, como el arroz y el mezcal que est\u00e1n presentes; en nuestro caso marinamos unos higos con mezcal, y el arroz lo hizo la maestra Graciela, y le qued\u00f3 fant\u00e1stico\u201d.<\/p>\n<p>&nbsp;<\/p>\n<p>Adem\u00e1s, Yadira Figueroa Dom\u00ednguez, representante de la Destiladora de Mezcal Casa Vieja, del municipio de Tetecala, expres\u00f3: \u201cEstamos muy emocionados porque nuestro mezcal es parte de la preparaci\u00f3n de alimentos y bebidas en este gran evento\u201d.<\/p>\n<p>&nbsp;<\/p>\n<p>Durante esta actividad se present\u00f3 una pasarela con dise\u00f1os de prendas confeccionadas por artesanas del municipio ind\u00edgena de Hueyapan. Al finalizar, la Gobernadora entreg\u00f3 reconocimientos a las y los participantes de esta jornada culinaria.<\/p>\n","protected":false},"excerpt":{"rendered":"<p>\ud83d\udd38 La titular del Poder Ejecutivo resalt\u00f3 la tradici\u00f3n e innovaci\u00f3n culinaria, a trav\u00e9s de cocineras tradicionales y<\/p>\n","protected":false},"author":1,"featured_media":42629,"comment_status":"open","ping_status":"closed","sticky":false,"template":"","format":"standard","meta":{"footnotes":""},"categories":[18,7],"tags":[],"class_list":["post-42628","post","type-post","status-publish","format-standard","has-post-thumbnail","hentry","category-morelos","category-nacional"],"yoast_head":"<!-- This site is optimized with the Yoast SEO plugin v27.4 - https:\/\/yoast.com\/product\/yoast-seo-wordpress\/ -->\n<title>Destaca Margarita Gonz\u00e1lez Saravia riqueza gastron\u00f3mica de Morelos en evento \u201cMesas de Campo - El Estatal de M\u00e9xico<\/title>\n<meta name=\"robots\" content=\"index, follow, max-snippet:-1, max-image-preview:large, max-video-preview:-1\" \/>\n<link rel=\"canonical\" href=\"https:\/\/elestataldemexico.com\/index.php\/2026\/04\/27\/destaca-margarita-gonzalez-saravia-riqueza-gastronomica-de-morelos-en-evento-mesas-de-campo\/\" \/>\n<meta property=\"og:locale\" content=\"es_ES\" \/>\n<meta property=\"og:type\" content=\"article\" \/>\n<meta property=\"og:title\" content=\"Destaca Margarita Gonz\u00e1lez Saravia riqueza gastron\u00f3mica de Morelos en evento \u201cMesas de Campo - El Estatal de M\u00e9xico\" \/>\n<meta property=\"og:description\" content=\"\ud83d\udd38 La titular del Poder Ejecutivo resalt\u00f3 la tradici\u00f3n e innovaci\u00f3n culinaria, a trav\u00e9s de cocineras tradicionales y\" \/>\n<meta property=\"og:url\" content=\"https:\/\/elestataldemexico.com\/index.php\/2026\/04\/27\/destaca-margarita-gonzalez-saravia-riqueza-gastronomica-de-morelos-en-evento-mesas-de-campo\/\" \/>\n<meta property=\"og:site_name\" content=\"El Estatal de M\u00e9xico\" \/>\n<meta property=\"article:published_time\" content=\"2026-04-27T16:01:10+00:00\" \/>\n<meta property=\"og:image\" content=\"https:\/\/elestataldemexico.com\/wp-content\/uploads\/2026\/04\/69ecce34111f7ca473828435_b0df7269-333a-4b2a-bb09-df0f23350ee4.jpg\" \/>\n\t<meta property=\"og:image:width\" content=\"1268\" \/>\n\t<meta property=\"og:image:height\" content=\"846\" \/>\n\t<meta property=\"og:image:type\" content=\"image\/jpeg\" \/>\n<meta name=\"author\" content=\"admin\" \/>\n<meta name=\"twitter:card\" content=\"summary_large_image\" \/>\n<meta name=\"twitter:image\" content=\"https:\/\/elestataldemexico.com\/wp-content\/uploads\/2026\/04\/69ecce34111f7ca473828435_b0df7269-333a-4b2a-bb09-df0f23350ee4.jpg\" \/>\n<meta name=\"twitter:label1\" content=\"Escrito por\" \/>\n\t<meta name=\"twitter:data1\" content=\"admin\" \/>\n\t<meta name=\"twitter:label2\" content=\"Tiempo de lectura\" \/>\n\t<meta name=\"twitter:data2\" content=\"3 minutos\" \/>\n<script type=\"application\/ld+json\" class=\"yoast-schema-graph\">{\"@context\":\"https:\\\/\\\/schema.org\",\"@graph\":[{\"@type\":\"Article\",\"@id\":\"https:\\\/\\\/elestataldemexico.com\\\/index.php\\\/2026\\\/04\\\/27\\\/destaca-margarita-gonzalez-saravia-riqueza-gastronomica-de-morelos-en-evento-mesas-de-campo\\\/#article\",\"isPartOf\":{\"@id\":\"https:\\\/\\\/elestataldemexico.com\\\/index.php\\\/2026\\\/04\\\/27\\\/destaca-margarita-gonzalez-saravia-riqueza-gastronomica-de-morelos-en-evento-mesas-de-campo\\\/\"},\"author\":{\"name\":\"admin\",\"@id\":\"https:\\\/\\\/elestataldemexico.com\\\/#\\\/schema\\\/person\\\/6c7813c13d2c1571771f592f0fe866bb\"},\"headline\":\"Destaca Margarita Gonz\u00e1lez Saravia riqueza gastron\u00f3mica de Morelos en evento \u201cMesas de Campo\",\"datePublished\":\"2026-04-27T16:01:10+00:00\",\"mainEntityOfPage\":{\"@id\":\"https:\\\/\\\/elestataldemexico.com\\\/index.php\\\/2026\\\/04\\\/27\\\/destaca-margarita-gonzalez-saravia-riqueza-gastronomica-de-morelos-en-evento-mesas-de-campo\\\/\"},\"wordCount\":469,\"commentCount\":0,\"publisher\":{\"@id\":\"https:\\\/\\\/elestataldemexico.com\\\/#organization\"},\"image\":{\"@id\":\"https:\\\/\\\/elestataldemexico.com\\\/index.php\\\/2026\\\/04\\\/27\\\/destaca-margarita-gonzalez-saravia-riqueza-gastronomica-de-morelos-en-evento-mesas-de-campo\\\/#primaryimage\"},\"thumbnailUrl\":\"https:\\\/\\\/elestataldemexico.com\\\/wp-content\\\/uploads\\\/2026\\\/04\\\/69ecce34111f7ca473828435_b0df7269-333a-4b2a-bb09-df0f23350ee4.jpg\",\"articleSection\":[\"Morelos\",\"Nacional\"],\"inLanguage\":\"es\",\"potentialAction\":[{\"@type\":\"CommentAction\",\"name\":\"Comment\",\"target\":[\"https:\\\/\\\/elestataldemexico.com\\\/index.php\\\/2026\\\/04\\\/27\\\/destaca-margarita-gonzalez-saravia-riqueza-gastronomica-de-morelos-en-evento-mesas-de-campo\\\/#respond\"]}]},{\"@type\":\"WebPage\",\"@id\":\"https:\\\/\\\/elestataldemexico.com\\\/index.php\\\/2026\\\/04\\\/27\\\/destaca-margarita-gonzalez-saravia-riqueza-gastronomica-de-morelos-en-evento-mesas-de-campo\\\/\",\"url\":\"https:\\\/\\\/elestataldemexico.com\\\/index.php\\\/2026\\\/04\\\/27\\\/destaca-margarita-gonzalez-saravia-riqueza-gastronomica-de-morelos-en-evento-mesas-de-campo\\\/\",\"name\":\"Destaca Margarita Gonz\u00e1lez Saravia riqueza gastron\u00f3mica de Morelos en evento \u201cMesas de Campo - El Estatal de M\u00e9xico\",\"isPartOf\":{\"@id\":\"https:\\\/\\\/elestataldemexico.com\\\/#website\"},\"primaryImageOfPage\":{\"@id\":\"https:\\\/\\\/elestataldemexico.com\\\/index.php\\\/2026\\\/04\\\/27\\\/destaca-margarita-gonzalez-saravia-riqueza-gastronomica-de-morelos-en-evento-mesas-de-campo\\\/#primaryimage\"},\"image\":{\"@id\":\"https:\\\/\\\/elestataldemexico.com\\\/index.php\\\/2026\\\/04\\\/27\\\/destaca-margarita-gonzalez-saravia-riqueza-gastronomica-de-morelos-en-evento-mesas-de-campo\\\/#primaryimage\"},\"thumbnailUrl\":\"https:\\\/\\\/elestataldemexico.com\\\/wp-content\\\/uploads\\\/2026\\\/04\\\/69ecce34111f7ca473828435_b0df7269-333a-4b2a-bb09-df0f23350ee4.jpg\",\"datePublished\":\"2026-04-27T16:01:10+00:00\",\"breadcrumb\":{\"@id\":\"https:\\\/\\\/elestataldemexico.com\\\/index.php\\\/2026\\\/04\\\/27\\\/destaca-margarita-gonzalez-saravia-riqueza-gastronomica-de-morelos-en-evento-mesas-de-campo\\\/#breadcrumb\"},\"inLanguage\":\"es\",\"potentialAction\":[{\"@type\":\"ReadAction\",\"target\":[\"https:\\\/\\\/elestataldemexico.com\\\/index.php\\\/2026\\\/04\\\/27\\\/destaca-margarita-gonzalez-saravia-riqueza-gastronomica-de-morelos-en-evento-mesas-de-campo\\\/\"]}]},{\"@type\":\"ImageObject\",\"inLanguage\":\"es\",\"@id\":\"https:\\\/\\\/elestataldemexico.com\\\/index.php\\\/2026\\\/04\\\/27\\\/destaca-margarita-gonzalez-saravia-riqueza-gastronomica-de-morelos-en-evento-mesas-de-campo\\\/#primaryimage\",\"url\":\"https:\\\/\\\/elestataldemexico.com\\\/wp-content\\\/uploads\\\/2026\\\/04\\\/69ecce34111f7ca473828435_b0df7269-333a-4b2a-bb09-df0f23350ee4.jpg\",\"contentUrl\":\"https:\\\/\\\/elestataldemexico.com\\\/wp-content\\\/uploads\\\/2026\\\/04\\\/69ecce34111f7ca473828435_b0df7269-333a-4b2a-bb09-df0f23350ee4.jpg\",\"width\":1268,\"height\":846},{\"@type\":\"BreadcrumbList\",\"@id\":\"https:\\\/\\\/elestataldemexico.com\\\/index.php\\\/2026\\\/04\\\/27\\\/destaca-margarita-gonzalez-saravia-riqueza-gastronomica-de-morelos-en-evento-mesas-de-campo\\\/#breadcrumb\",\"itemListElement\":[{\"@type\":\"ListItem\",\"position\":1,\"name\":\"Portada\",\"item\":\"https:\\\/\\\/elestataldemexico.com\\\/\"},{\"@type\":\"ListItem\",\"position\":2,\"name\":\"Destaca Margarita Gonz\u00e1lez Saravia riqueza gastron\u00f3mica de Morelos en evento \u201cMesas de Campo\"}]},{\"@type\":\"WebSite\",\"@id\":\"https:\\\/\\\/elestataldemexico.com\\\/#website\",\"url\":\"https:\\\/\\\/elestataldemexico.com\\\/\",\"name\":\"El Estatal de M\u00e9xico\",\"description\":\"\",\"publisher\":{\"@id\":\"https:\\\/\\\/elestataldemexico.com\\\/#organization\"},\"potentialAction\":[{\"@type\":\"SearchAction\",\"target\":{\"@type\":\"EntryPoint\",\"urlTemplate\":\"https:\\\/\\\/elestataldemexico.com\\\/?s={search_term_string}\"},\"query-input\":{\"@type\":\"PropertyValueSpecification\",\"valueRequired\":true,\"valueName\":\"search_term_string\"}}],\"inLanguage\":\"es\"},{\"@type\":\"Organization\",\"@id\":\"https:\\\/\\\/elestataldemexico.com\\\/#organization\",\"name\":\"El Estatal de M\u00e9xico\",\"url\":\"https:\\\/\\\/elestataldemexico.com\\\/\",\"logo\":{\"@type\":\"ImageObject\",\"inLanguage\":\"es\",\"@id\":\"https:\\\/\\\/elestataldemexico.com\\\/#\\\/schema\\\/logo\\\/image\\\/\",\"url\":\"https:\\\/\\\/elestataldemexico.com\\\/wp-content\\\/uploads\\\/2025\\\/05\\\/cropped-elestatal.png\",\"contentUrl\":\"https:\\\/\\\/elestataldemexico.com\\\/wp-content\\\/uploads\\\/2025\\\/05\\\/cropped-elestatal.png\",\"width\":504,\"height\":97,\"caption\":\"El Estatal de M\u00e9xico\"},\"image\":{\"@id\":\"https:\\\/\\\/elestataldemexico.com\\\/#\\\/schema\\\/logo\\\/image\\\/\"}},{\"@type\":\"Person\",\"@id\":\"https:\\\/\\\/elestataldemexico.com\\\/#\\\/schema\\\/person\\\/6c7813c13d2c1571771f592f0fe866bb\",\"name\":\"admin\",\"image\":{\"@type\":\"ImageObject\",\"inLanguage\":\"es\",\"@id\":\"https:\\\/\\\/secure.gravatar.com\\\/avatar\\\/d5ed2db9923a3ad3c0a47f6b3aec7abcb43924b9322251ade16472fc06f7bb5b?s=96&d=mm&r=g\",\"url\":\"https:\\\/\\\/secure.gravatar.com\\\/avatar\\\/d5ed2db9923a3ad3c0a47f6b3aec7abcb43924b9322251ade16472fc06f7bb5b?s=96&d=mm&r=g\",\"contentUrl\":\"https:\\\/\\\/secure.gravatar.com\\\/avatar\\\/d5ed2db9923a3ad3c0a47f6b3aec7abcb43924b9322251ade16472fc06f7bb5b?s=96&d=mm&r=g\",\"caption\":\"admin\"},\"sameAs\":[\"https:\\\/\\\/elestataldemexico.com\"],\"url\":\"https:\\\/\\\/elestataldemexico.com\\\/index.php\\\/author\\\/info_qk62m3p3\\\/\"}]}<\/script>\n<!-- \/ Yoast SEO plugin. -->","yoast_head_json":{"title":"Destaca Margarita Gonz\u00e1lez Saravia riqueza gastron\u00f3mica de Morelos en evento \u201cMesas de Campo - El Estatal de M\u00e9xico","robots":{"index":"index","follow":"follow","max-snippet":"max-snippet:-1","max-image-preview":"max-image-preview:large","max-video-preview":"max-video-preview:-1"},"canonical":"https:\/\/elestataldemexico.com\/index.php\/2026\/04\/27\/destaca-margarita-gonzalez-saravia-riqueza-gastronomica-de-morelos-en-evento-mesas-de-campo\/","og_locale":"es_ES","og_type":"article","og_title":"Destaca Margarita Gonz\u00e1lez Saravia riqueza gastron\u00f3mica de Morelos en evento \u201cMesas de Campo - El Estatal de M\u00e9xico","og_description":"\ud83d\udd38 La titular del Poder Ejecutivo resalt\u00f3 la tradici\u00f3n e innovaci\u00f3n culinaria, a trav\u00e9s de cocineras tradicionales y","og_url":"https:\/\/elestataldemexico.com\/index.php\/2026\/04\/27\/destaca-margarita-gonzalez-saravia-riqueza-gastronomica-de-morelos-en-evento-mesas-de-campo\/","og_site_name":"El Estatal de M\u00e9xico","article_published_time":"2026-04-27T16:01:10+00:00","og_image":[{"width":1268,"height":846,"url":"https:\/\/elestataldemexico.com\/wp-content\/uploads\/2026\/04\/69ecce34111f7ca473828435_b0df7269-333a-4b2a-bb09-df0f23350ee4.jpg","type":"image\/jpeg"}],"author":"admin","twitter_card":"summary_large_image","twitter_image":"https:\/\/elestataldemexico.com\/wp-content\/uploads\/2026\/04\/69ecce34111f7ca473828435_b0df7269-333a-4b2a-bb09-df0f23350ee4.jpg","twitter_misc":{"Escrito por":"admin","Tiempo de lectura":"3 minutos"},"schema":{"@context":"https:\/\/schema.org","@graph":[{"@type":"Article","@id":"https:\/\/elestataldemexico.com\/index.php\/2026\/04\/27\/destaca-margarita-gonzalez-saravia-riqueza-gastronomica-de-morelos-en-evento-mesas-de-campo\/#article","isPartOf":{"@id":"https:\/\/elestataldemexico.com\/index.php\/2026\/04\/27\/destaca-margarita-gonzalez-saravia-riqueza-gastronomica-de-morelos-en-evento-mesas-de-campo\/"},"author":{"name":"admin","@id":"https:\/\/elestataldemexico.com\/#\/schema\/person\/6c7813c13d2c1571771f592f0fe866bb"},"headline":"Destaca Margarita Gonz\u00e1lez Saravia riqueza gastron\u00f3mica de Morelos en evento \u201cMesas de Campo","datePublished":"2026-04-27T16:01:10+00:00","mainEntityOfPage":{"@id":"https:\/\/elestataldemexico.com\/index.php\/2026\/04\/27\/destaca-margarita-gonzalez-saravia-riqueza-gastronomica-de-morelos-en-evento-mesas-de-campo\/"},"wordCount":469,"commentCount":0,"publisher":{"@id":"https:\/\/elestataldemexico.com\/#organization"},"image":{"@id":"https:\/\/elestataldemexico.com\/index.php\/2026\/04\/27\/destaca-margarita-gonzalez-saravia-riqueza-gastronomica-de-morelos-en-evento-mesas-de-campo\/#primaryimage"},"thumbnailUrl":"https:\/\/elestataldemexico.com\/wp-content\/uploads\/2026\/04\/69ecce34111f7ca473828435_b0df7269-333a-4b2a-bb09-df0f23350ee4.jpg","articleSection":["Morelos","Nacional"],"inLanguage":"es","potentialAction":[{"@type":"CommentAction","name":"Comment","target":["https:\/\/elestataldemexico.com\/index.php\/2026\/04\/27\/destaca-margarita-gonzalez-saravia-riqueza-gastronomica-de-morelos-en-evento-mesas-de-campo\/#respond"]}]},{"@type":"WebPage","@id":"https:\/\/elestataldemexico.com\/index.php\/2026\/04\/27\/destaca-margarita-gonzalez-saravia-riqueza-gastronomica-de-morelos-en-evento-mesas-de-campo\/","url":"https:\/\/elestataldemexico.com\/index.php\/2026\/04\/27\/destaca-margarita-gonzalez-saravia-riqueza-gastronomica-de-morelos-en-evento-mesas-de-campo\/","name":"Destaca Margarita Gonz\u00e1lez Saravia riqueza gastron\u00f3mica de Morelos en evento \u201cMesas de Campo - El Estatal de M\u00e9xico","isPartOf":{"@id":"https:\/\/elestataldemexico.com\/#website"},"primaryImageOfPage":{"@id":"https:\/\/elestataldemexico.com\/index.php\/2026\/04\/27\/destaca-margarita-gonzalez-saravia-riqueza-gastronomica-de-morelos-en-evento-mesas-de-campo\/#primaryimage"},"image":{"@id":"https:\/\/elestataldemexico.com\/index.php\/2026\/04\/27\/destaca-margarita-gonzalez-saravia-riqueza-gastronomica-de-morelos-en-evento-mesas-de-campo\/#primaryimage"},"thumbnailUrl":"https:\/\/elestataldemexico.com\/wp-content\/uploads\/2026\/04\/69ecce34111f7ca473828435_b0df7269-333a-4b2a-bb09-df0f23350ee4.jpg","datePublished":"2026-04-27T16:01:10+00:00","breadcrumb":{"@id":"https:\/\/elestataldemexico.com\/index.php\/2026\/04\/27\/destaca-margarita-gonzalez-saravia-riqueza-gastronomica-de-morelos-en-evento-mesas-de-campo\/#breadcrumb"},"inLanguage":"es","potentialAction":[{"@type":"ReadAction","target":["https:\/\/elestataldemexico.com\/index.php\/2026\/04\/27\/destaca-margarita-gonzalez-saravia-riqueza-gastronomica-de-morelos-en-evento-mesas-de-campo\/"]}]},{"@type":"ImageObject","inLanguage":"es","@id":"https:\/\/elestataldemexico.com\/index.php\/2026\/04\/27\/destaca-margarita-gonzalez-saravia-riqueza-gastronomica-de-morelos-en-evento-mesas-de-campo\/#primaryimage","url":"https:\/\/elestataldemexico.com\/wp-content\/uploads\/2026\/04\/69ecce34111f7ca473828435_b0df7269-333a-4b2a-bb09-df0f23350ee4.jpg","contentUrl":"https:\/\/elestataldemexico.com\/wp-content\/uploads\/2026\/04\/69ecce34111f7ca473828435_b0df7269-333a-4b2a-bb09-df0f23350ee4.jpg","width":1268,"height":846},{"@type":"BreadcrumbList","@id":"https:\/\/elestataldemexico.com\/index.php\/2026\/04\/27\/destaca-margarita-gonzalez-saravia-riqueza-gastronomica-de-morelos-en-evento-mesas-de-campo\/#breadcrumb","itemListElement":[{"@type":"ListItem","position":1,"name":"Portada","item":"https:\/\/elestataldemexico.com\/"},{"@type":"ListItem","position":2,"name":"Destaca Margarita Gonz\u00e1lez Saravia riqueza gastron\u00f3mica de Morelos en evento \u201cMesas de Campo"}]},{"@type":"WebSite","@id":"https:\/\/elestataldemexico.com\/#website","url":"https:\/\/elestataldemexico.com\/","name":"El Estatal de M\u00e9xico","description":"","publisher":{"@id":"https:\/\/elestataldemexico.com\/#organization"},"potentialAction":[{"@type":"SearchAction","target":{"@type":"EntryPoint","urlTemplate":"https:\/\/elestataldemexico.com\/?s={search_term_string}"},"query-input":{"@type":"PropertyValueSpecification","valueRequired":true,"valueName":"search_term_string"}}],"inLanguage":"es"},{"@type":"Organization","@id":"https:\/\/elestataldemexico.com\/#organization","name":"El Estatal de M\u00e9xico","url":"https:\/\/elestataldemexico.com\/","logo":{"@type":"ImageObject","inLanguage":"es","@id":"https:\/\/elestataldemexico.com\/#\/schema\/logo\/image\/","url":"https:\/\/elestataldemexico.com\/wp-content\/uploads\/2025\/05\/cropped-elestatal.png","contentUrl":"https:\/\/elestataldemexico.com\/wp-content\/uploads\/2025\/05\/cropped-elestatal.png","width":504,"height":97,"caption":"El Estatal de M\u00e9xico"},"image":{"@id":"https:\/\/elestataldemexico.com\/#\/schema\/logo\/image\/"}},{"@type":"Person","@id":"https:\/\/elestataldemexico.com\/#\/schema\/person\/6c7813c13d2c1571771f592f0fe866bb","name":"admin","image":{"@type":"ImageObject","inLanguage":"es","@id":"https:\/\/secure.gravatar.com\/avatar\/d5ed2db9923a3ad3c0a47f6b3aec7abcb43924b9322251ade16472fc06f7bb5b?s=96&d=mm&r=g","url":"https:\/\/secure.gravatar.com\/avatar\/d5ed2db9923a3ad3c0a47f6b3aec7abcb43924b9322251ade16472fc06f7bb5b?s=96&d=mm&r=g","contentUrl":"https:\/\/secure.gravatar.com\/avatar\/d5ed2db9923a3ad3c0a47f6b3aec7abcb43924b9322251ade16472fc06f7bb5b?s=96&d=mm&r=g","caption":"admin"},"sameAs":["https:\/\/elestataldemexico.com"],"url":"https:\/\/elestataldemexico.com\/index.php\/author\/info_qk62m3p3\/"}]}},"_links":{"self":[{"href":"https:\/\/elestataldemexico.com\/index.php\/wp-json\/wp\/v2\/posts\/42628","targetHints":{"allow":["GET"]}}],"collection":[{"href":"https:\/\/elestataldemexico.com\/index.php\/wp-json\/wp\/v2\/posts"}],"about":[{"href":"https:\/\/elestataldemexico.com\/index.php\/wp-json\/wp\/v2\/types\/post"}],"author":[{"embeddable":true,"href":"https:\/\/elestataldemexico.com\/index.php\/wp-json\/wp\/v2\/users\/1"}],"replies":[{"embeddable":true,"href":"https:\/\/elestataldemexico.com\/index.php\/wp-json\/wp\/v2\/comments?post=42628"}],"version-history":[{"count":1,"href":"https:\/\/elestataldemexico.com\/index.php\/wp-json\/wp\/v2\/posts\/42628\/revisions"}],"predecessor-version":[{"id":42630,"href":"https:\/\/elestataldemexico.com\/index.php\/wp-json\/wp\/v2\/posts\/42628\/revisions\/42630"}],"wp:featuredmedia":[{"embeddable":true,"href":"https:\/\/elestataldemexico.com\/index.php\/wp-json\/wp\/v2\/media\/42629"}],"wp:attachment":[{"href":"https:\/\/elestataldemexico.com\/index.php\/wp-json\/wp\/v2\/media?parent=42628"}],"wp:term":[{"taxonomy":"category","embeddable":true,"href":"https:\/\/elestataldemexico.com\/index.php\/wp-json\/wp\/v2\/categories?post=42628"},{"taxonomy":"post_tag","embeddable":true,"href":"https:\/\/elestataldemexico.com\/index.php\/wp-json\/wp\/v2\/tags?post=42628"}],"curies":[{"name":"wp","href":"https:\/\/api.w.org\/{rel}","templated":true}]}}