{"id":42607,"date":"2026-04-27T10:00:04","date_gmt":"2026-04-27T15:00:04","guid":{"rendered":"https:\/\/elestataldemexico.com\/?p=42607"},"modified":"2026-04-27T09:36:12","modified_gmt":"2026-04-27T14:36:12","slug":"crisis-forense-exhibe-abandono-oficial","status":"publish","type":"post","link":"https:\/\/elestataldemexico.com\/index.php\/2026\/04\/27\/crisis-forense-exhibe-abandono-oficial\/","title":{"rendered":"Crisis forense exhibe abandono oficial"},"content":{"rendered":"<p>\ud83d\udd38 Expertos alertaron que identificar m\u00e1s de 75 mil cuerpos tomar\u00eda hasta 150 a\u00f1os y denunciaron graves fallas en los procesos forenses<\/p>\n<p>&nbsp;<\/p>\n<p>#CDMX | La crisis forense en M\u00e9xico volvi\u00f3 a encender alarmas tras revelarse que identificar a m\u00e1s de 75 mil cuerpos sin nombre podr\u00eda tomar hasta 150 a\u00f1os, reflejo del colapso institucional que enfrentan fiscal\u00edas y servicios periciales del pa\u00eds.<\/p>\n<p>Durante el Primer Congreso Nacional Multidisciplinario en B\u00fasqueda de Personas, especialistas, colectivos y familiares denunciaron falta de recursos, rezago en bases gen\u00e9ticas, deficiencias en identificaci\u00f3n de restos y una impunidad que ronda el 99 por ciento. Advirtieron que miles de restos recuperados en fosas clandestinas contin\u00faan sin poder ser identificados.<\/p>\n<p>Peritos se\u00f1alaron que la saturaci\u00f3n de los servicios forenses y la escasa coordinaci\u00f3n institucional han profundizado una crisis que mantiene a miles de familias en incertidumbre, mientras colectivos acusaron que muchos centros de resguardo corren el riesgo de convertirse solo en sitios de almacenamiento.<\/p>\n<p>En el encuentro tambi\u00e9n se plante\u00f3 fortalecer herramientas cient\u00edficas para acelerar procesos de identificaci\u00f3n, mientras buscadoras exigieron resultados y justicia ante un problema que, afirmaron, ha sido rebasado por el abandono oficial.<\/p>\n","protected":false},"excerpt":{"rendered":"<p>\ud83d\udd38 Expertos alertaron que identificar m\u00e1s de 75 mil cuerpos tomar\u00eda hasta 150 a\u00f1os y denunciaron graves fallas<\/p>\n","protected":false},"author":1,"featured_media":42609,"comment_status":"open","ping_status":"closed","sticky":false,"template":"","format":"standard","meta":{"footnotes":""},"categories":[19,7],"tags":[],"class_list":["post-42607","post","type-post","status-publish","format-standard","has-post-thumbnail","hentry","category-cdmx","category-nacional"],"yoast_head":"<!-- This site is optimized with the Yoast SEO plugin v27.4 - https:\/\/yoast.com\/product\/yoast-seo-wordpress\/ -->\n<title>Crisis forense exhibe abandono oficial - El Estatal de M\u00e9xico<\/title>\n<meta name=\"robots\" content=\"index, follow, max-snippet:-1, max-image-preview:large, max-video-preview:-1\" \/>\n<link rel=\"canonical\" href=\"https:\/\/elestataldemexico.com\/index.php\/2026\/04\/27\/crisis-forense-exhibe-abandono-oficial\/\" \/>\n<meta property=\"og:locale\" content=\"es_ES\" \/>\n<meta property=\"og:type\" content=\"article\" \/>\n<meta property=\"og:title\" content=\"Crisis forense exhibe abandono oficial - El Estatal de M\u00e9xico\" \/>\n<meta property=\"og:description\" content=\"\ud83d\udd38 Expertos alertaron que identificar m\u00e1s de 75 mil cuerpos tomar\u00eda hasta 150 a\u00f1os y denunciaron graves fallas\" \/>\n<meta property=\"og:url\" content=\"https:\/\/elestataldemexico.com\/index.php\/2026\/04\/27\/crisis-forense-exhibe-abandono-oficial\/\" \/>\n<meta property=\"og:site_name\" content=\"El Estatal de M\u00e9xico\" \/>\n<meta property=\"article:published_time\" content=\"2026-04-27T15:00:04+00:00\" \/>\n<meta property=\"og:image\" content=\"https:\/\/elestataldemexico.com\/wp-content\/uploads\/2026\/04\/WhatsApp-Image-2026-04-27-at-08.52.17.jpeg\" \/>\n\t<meta property=\"og:image:width\" content=\"1081\" \/>\n\t<meta property=\"og:image:height\" content=\"666\" \/>\n\t<meta property=\"og:image:type\" content=\"image\/jpeg\" \/>\n<meta name=\"author\" content=\"admin\" \/>\n<meta name=\"twitter:card\" content=\"summary_large_image\" \/>\n<meta name=\"twitter:label1\" content=\"Escrito por\" \/>\n\t<meta name=\"twitter:data1\" content=\"admin\" \/>\n\t<meta name=\"twitter:label2\" content=\"Tiempo de lectura\" \/>\n\t<meta name=\"twitter:data2\" content=\"1 minuto\" \/>\n<script type=\"application\/ld+json\" class=\"yoast-schema-graph\">{\"@context\":\"https:\\\/\\\/schema.org\",\"@graph\":[{\"@type\":\"Article\",\"@id\":\"https:\\\/\\\/elestataldemexico.com\\\/index.php\\\/2026\\\/04\\\/27\\\/crisis-forense-exhibe-abandono-oficial\\\/#article\",\"isPartOf\":{\"@id\":\"https:\\\/\\\/elestataldemexico.com\\\/index.php\\\/2026\\\/04\\\/27\\\/crisis-forense-exhibe-abandono-oficial\\\/\"},\"author\":{\"name\":\"admin\",\"@id\":\"https:\\\/\\\/elestataldemexico.com\\\/#\\\/schema\\\/person\\\/6c7813c13d2c1571771f592f0fe866bb\"},\"headline\":\"Crisis forense exhibe abandono oficial\",\"datePublished\":\"2026-04-27T15:00:04+00:00\",\"mainEntityOfPage\":{\"@id\":\"https:\\\/\\\/elestataldemexico.com\\\/index.php\\\/2026\\\/04\\\/27\\\/crisis-forense-exhibe-abandono-oficial\\\/\"},\"wordCount\":206,\"commentCount\":0,\"publisher\":{\"@id\":\"https:\\\/\\\/elestataldemexico.com\\\/#organization\"},\"image\":{\"@id\":\"https:\\\/\\\/elestataldemexico.com\\\/index.php\\\/2026\\\/04\\\/27\\\/crisis-forense-exhibe-abandono-oficial\\\/#primaryimage\"},\"thumbnailUrl\":\"https:\\\/\\\/elestataldemexico.com\\\/wp-content\\\/uploads\\\/2026\\\/04\\\/WhatsApp-Image-2026-04-27-at-08.52.17.jpeg\",\"articleSection\":[\"CDMX\",\"Nacional\"],\"inLanguage\":\"es\",\"potentialAction\":[{\"@type\":\"CommentAction\",\"name\":\"Comment\",\"target\":[\"https:\\\/\\\/elestataldemexico.com\\\/index.php\\\/2026\\\/04\\\/27\\\/crisis-forense-exhibe-abandono-oficial\\\/#respond\"]}]},{\"@type\":\"WebPage\",\"@id\":\"https:\\\/\\\/elestataldemexico.com\\\/index.php\\\/2026\\\/04\\\/27\\\/crisis-forense-exhibe-abandono-oficial\\\/\",\"url\":\"https:\\\/\\\/elestataldemexico.com\\\/index.php\\\/2026\\\/04\\\/27\\\/crisis-forense-exhibe-abandono-oficial\\\/\",\"name\":\"Crisis forense exhibe abandono oficial - El Estatal de M\u00e9xico\",\"isPartOf\":{\"@id\":\"https:\\\/\\\/elestataldemexico.com\\\/#website\"},\"primaryImageOfPage\":{\"@id\":\"https:\\\/\\\/elestataldemexico.com\\\/index.php\\\/2026\\\/04\\\/27\\\/crisis-forense-exhibe-abandono-oficial\\\/#primaryimage\"},\"image\":{\"@id\":\"https:\\\/\\\/elestataldemexico.com\\\/index.php\\\/2026\\\/04\\\/27\\\/crisis-forense-exhibe-abandono-oficial\\\/#primaryimage\"},\"thumbnailUrl\":\"https:\\\/\\\/elestataldemexico.com\\\/wp-content\\\/uploads\\\/2026\\\/04\\\/WhatsApp-Image-2026-04-27-at-08.52.17.jpeg\",\"datePublished\":\"2026-04-27T15:00:04+00:00\",\"breadcrumb\":{\"@id\":\"https:\\\/\\\/elestataldemexico.com\\\/index.php\\\/2026\\\/04\\\/27\\\/crisis-forense-exhibe-abandono-oficial\\\/#breadcrumb\"},\"inLanguage\":\"es\",\"potentialAction\":[{\"@type\":\"ReadAction\",\"target\":[\"https:\\\/\\\/elestataldemexico.com\\\/index.php\\\/2026\\\/04\\\/27\\\/crisis-forense-exhibe-abandono-oficial\\\/\"]}]},{\"@type\":\"ImageObject\",\"inLanguage\":\"es\",\"@id\":\"https:\\\/\\\/elestataldemexico.com\\\/index.php\\\/2026\\\/04\\\/27\\\/crisis-forense-exhibe-abandono-oficial\\\/#primaryimage\",\"url\":\"https:\\\/\\\/elestataldemexico.com\\\/wp-content\\\/uploads\\\/2026\\\/04\\\/WhatsApp-Image-2026-04-27-at-08.52.17.jpeg\",\"contentUrl\":\"https:\\\/\\\/elestataldemexico.com\\\/wp-content\\\/uploads\\\/2026\\\/04\\\/WhatsApp-Image-2026-04-27-at-08.52.17.jpeg\",\"width\":1081,\"height\":666},{\"@type\":\"BreadcrumbList\",\"@id\":\"https:\\\/\\\/elestataldemexico.com\\\/index.php\\\/2026\\\/04\\\/27\\\/crisis-forense-exhibe-abandono-oficial\\\/#breadcrumb\",\"itemListElement\":[{\"@type\":\"ListItem\",\"position\":1,\"name\":\"Portada\",\"item\":\"https:\\\/\\\/elestataldemexico.com\\\/\"},{\"@type\":\"ListItem\",\"position\":2,\"name\":\"Crisis forense exhibe abandono oficial\"}]},{\"@type\":\"WebSite\",\"@id\":\"https:\\\/\\\/elestataldemexico.com\\\/#website\",\"url\":\"https:\\\/\\\/elestataldemexico.com\\\/\",\"name\":\"El Estatal de M\u00e9xico\",\"description\":\"\",\"publisher\":{\"@id\":\"https:\\\/\\\/elestataldemexico.com\\\/#organization\"},\"potentialAction\":[{\"@type\":\"SearchAction\",\"target\":{\"@type\":\"EntryPoint\",\"urlTemplate\":\"https:\\\/\\\/elestataldemexico.com\\\/?s={search_term_string}\"},\"query-input\":{\"@type\":\"PropertyValueSpecification\",\"valueRequired\":true,\"valueName\":\"search_term_string\"}}],\"inLanguage\":\"es\"},{\"@type\":\"Organization\",\"@id\":\"https:\\\/\\\/elestataldemexico.com\\\/#organization\",\"name\":\"El Estatal de M\u00e9xico\",\"url\":\"https:\\\/\\\/elestataldemexico.com\\\/\",\"logo\":{\"@type\":\"ImageObject\",\"inLanguage\":\"es\",\"@id\":\"https:\\\/\\\/elestataldemexico.com\\\/#\\\/schema\\\/logo\\\/image\\\/\",\"url\":\"https:\\\/\\\/elestataldemexico.com\\\/wp-content\\\/uploads\\\/2025\\\/05\\\/cropped-elestatal.png\",\"contentUrl\":\"https:\\\/\\\/elestataldemexico.com\\\/wp-content\\\/uploads\\\/2025\\\/05\\\/cropped-elestatal.png\",\"width\":504,\"height\":97,\"caption\":\"El Estatal de M\u00e9xico\"},\"image\":{\"@id\":\"https:\\\/\\\/elestataldemexico.com\\\/#\\\/schema\\\/logo\\\/image\\\/\"}},{\"@type\":\"Person\",\"@id\":\"https:\\\/\\\/elestataldemexico.com\\\/#\\\/schema\\\/person\\\/6c7813c13d2c1571771f592f0fe866bb\",\"name\":\"admin\",\"image\":{\"@type\":\"ImageObject\",\"inLanguage\":\"es\",\"@id\":\"https:\\\/\\\/secure.gravatar.com\\\/avatar\\\/d5ed2db9923a3ad3c0a47f6b3aec7abcb43924b9322251ade16472fc06f7bb5b?s=96&d=mm&r=g\",\"url\":\"https:\\\/\\\/secure.gravatar.com\\\/avatar\\\/d5ed2db9923a3ad3c0a47f6b3aec7abcb43924b9322251ade16472fc06f7bb5b?s=96&d=mm&r=g\",\"contentUrl\":\"https:\\\/\\\/secure.gravatar.com\\\/avatar\\\/d5ed2db9923a3ad3c0a47f6b3aec7abcb43924b9322251ade16472fc06f7bb5b?s=96&d=mm&r=g\",\"caption\":\"admin\"},\"sameAs\":[\"https:\\\/\\\/elestataldemexico.com\"],\"url\":\"https:\\\/\\\/elestataldemexico.com\\\/index.php\\\/author\\\/info_qk62m3p3\\\/\"}]}<\/script>\n<!-- \/ Yoast SEO plugin. -->","yoast_head_json":{"title":"Crisis forense exhibe abandono oficial - El Estatal de M\u00e9xico","robots":{"index":"index","follow":"follow","max-snippet":"max-snippet:-1","max-image-preview":"max-image-preview:large","max-video-preview":"max-video-preview:-1"},"canonical":"https:\/\/elestataldemexico.com\/index.php\/2026\/04\/27\/crisis-forense-exhibe-abandono-oficial\/","og_locale":"es_ES","og_type":"article","og_title":"Crisis forense exhibe abandono oficial - El Estatal de M\u00e9xico","og_description":"\ud83d\udd38 Expertos alertaron que identificar m\u00e1s de 75 mil cuerpos tomar\u00eda hasta 150 a\u00f1os y denunciaron graves fallas","og_url":"https:\/\/elestataldemexico.com\/index.php\/2026\/04\/27\/crisis-forense-exhibe-abandono-oficial\/","og_site_name":"El Estatal de M\u00e9xico","article_published_time":"2026-04-27T15:00:04+00:00","og_image":[{"width":1081,"height":666,"url":"https:\/\/elestataldemexico.com\/wp-content\/uploads\/2026\/04\/WhatsApp-Image-2026-04-27-at-08.52.17.jpeg","type":"image\/jpeg"}],"author":"admin","twitter_card":"summary_large_image","twitter_misc":{"Escrito por":"admin","Tiempo de lectura":"1 minuto"},"schema":{"@context":"https:\/\/schema.org","@graph":[{"@type":"Article","@id":"https:\/\/elestataldemexico.com\/index.php\/2026\/04\/27\/crisis-forense-exhibe-abandono-oficial\/#article","isPartOf":{"@id":"https:\/\/elestataldemexico.com\/index.php\/2026\/04\/27\/crisis-forense-exhibe-abandono-oficial\/"},"author":{"name":"admin","@id":"https:\/\/elestataldemexico.com\/#\/schema\/person\/6c7813c13d2c1571771f592f0fe866bb"},"headline":"Crisis forense exhibe abandono oficial","datePublished":"2026-04-27T15:00:04+00:00","mainEntityOfPage":{"@id":"https:\/\/elestataldemexico.com\/index.php\/2026\/04\/27\/crisis-forense-exhibe-abandono-oficial\/"},"wordCount":206,"commentCount":0,"publisher":{"@id":"https:\/\/elestataldemexico.com\/#organization"},"image":{"@id":"https:\/\/elestataldemexico.com\/index.php\/2026\/04\/27\/crisis-forense-exhibe-abandono-oficial\/#primaryimage"},"thumbnailUrl":"https:\/\/elestataldemexico.com\/wp-content\/uploads\/2026\/04\/WhatsApp-Image-2026-04-27-at-08.52.17.jpeg","articleSection":["CDMX","Nacional"],"inLanguage":"es","potentialAction":[{"@type":"CommentAction","name":"Comment","target":["https:\/\/elestataldemexico.com\/index.php\/2026\/04\/27\/crisis-forense-exhibe-abandono-oficial\/#respond"]}]},{"@type":"WebPage","@id":"https:\/\/elestataldemexico.com\/index.php\/2026\/04\/27\/crisis-forense-exhibe-abandono-oficial\/","url":"https:\/\/elestataldemexico.com\/index.php\/2026\/04\/27\/crisis-forense-exhibe-abandono-oficial\/","name":"Crisis forense exhibe abandono oficial - El Estatal de M\u00e9xico","isPartOf":{"@id":"https:\/\/elestataldemexico.com\/#website"},"primaryImageOfPage":{"@id":"https:\/\/elestataldemexico.com\/index.php\/2026\/04\/27\/crisis-forense-exhibe-abandono-oficial\/#primaryimage"},"image":{"@id":"https:\/\/elestataldemexico.com\/index.php\/2026\/04\/27\/crisis-forense-exhibe-abandono-oficial\/#primaryimage"},"thumbnailUrl":"https:\/\/elestataldemexico.com\/wp-content\/uploads\/2026\/04\/WhatsApp-Image-2026-04-27-at-08.52.17.jpeg","datePublished":"2026-04-27T15:00:04+00:00","breadcrumb":{"@id":"https:\/\/elestataldemexico.com\/index.php\/2026\/04\/27\/crisis-forense-exhibe-abandono-oficial\/#breadcrumb"},"inLanguage":"es","potentialAction":[{"@type":"ReadAction","target":["https:\/\/elestataldemexico.com\/index.php\/2026\/04\/27\/crisis-forense-exhibe-abandono-oficial\/"]}]},{"@type":"ImageObject","inLanguage":"es","@id":"https:\/\/elestataldemexico.com\/index.php\/2026\/04\/27\/crisis-forense-exhibe-abandono-oficial\/#primaryimage","url":"https:\/\/elestataldemexico.com\/wp-content\/uploads\/2026\/04\/WhatsApp-Image-2026-04-27-at-08.52.17.jpeg","contentUrl":"https:\/\/elestataldemexico.com\/wp-content\/uploads\/2026\/04\/WhatsApp-Image-2026-04-27-at-08.52.17.jpeg","width":1081,"height":666},{"@type":"BreadcrumbList","@id":"https:\/\/elestataldemexico.com\/index.php\/2026\/04\/27\/crisis-forense-exhibe-abandono-oficial\/#breadcrumb","itemListElement":[{"@type":"ListItem","position":1,"name":"Portada","item":"https:\/\/elestataldemexico.com\/"},{"@type":"ListItem","position":2,"name":"Crisis forense exhibe abandono oficial"}]},{"@type":"WebSite","@id":"https:\/\/elestataldemexico.com\/#website","url":"https:\/\/elestataldemexico.com\/","name":"El Estatal de M\u00e9xico","description":"","publisher":{"@id":"https:\/\/elestataldemexico.com\/#organization"},"potentialAction":[{"@type":"SearchAction","target":{"@type":"EntryPoint","urlTemplate":"https:\/\/elestataldemexico.com\/?s={search_term_string}"},"query-input":{"@type":"PropertyValueSpecification","valueRequired":true,"valueName":"search_term_string"}}],"inLanguage":"es"},{"@type":"Organization","@id":"https:\/\/elestataldemexico.com\/#organization","name":"El Estatal de M\u00e9xico","url":"https:\/\/elestataldemexico.com\/","logo":{"@type":"ImageObject","inLanguage":"es","@id":"https:\/\/elestataldemexico.com\/#\/schema\/logo\/image\/","url":"https:\/\/elestataldemexico.com\/wp-content\/uploads\/2025\/05\/cropped-elestatal.png","contentUrl":"https:\/\/elestataldemexico.com\/wp-content\/uploads\/2025\/05\/cropped-elestatal.png","width":504,"height":97,"caption":"El Estatal de M\u00e9xico"},"image":{"@id":"https:\/\/elestataldemexico.com\/#\/schema\/logo\/image\/"}},{"@type":"Person","@id":"https:\/\/elestataldemexico.com\/#\/schema\/person\/6c7813c13d2c1571771f592f0fe866bb","name":"admin","image":{"@type":"ImageObject","inLanguage":"es","@id":"https:\/\/secure.gravatar.com\/avatar\/d5ed2db9923a3ad3c0a47f6b3aec7abcb43924b9322251ade16472fc06f7bb5b?s=96&d=mm&r=g","url":"https:\/\/secure.gravatar.com\/avatar\/d5ed2db9923a3ad3c0a47f6b3aec7abcb43924b9322251ade16472fc06f7bb5b?s=96&d=mm&r=g","contentUrl":"https:\/\/secure.gravatar.com\/avatar\/d5ed2db9923a3ad3c0a47f6b3aec7abcb43924b9322251ade16472fc06f7bb5b?s=96&d=mm&r=g","caption":"admin"},"sameAs":["https:\/\/elestataldemexico.com"],"url":"https:\/\/elestataldemexico.com\/index.php\/author\/info_qk62m3p3\/"}]}},"_links":{"self":[{"href":"https:\/\/elestataldemexico.com\/index.php\/wp-json\/wp\/v2\/posts\/42607","targetHints":{"allow":["GET"]}}],"collection":[{"href":"https:\/\/elestataldemexico.com\/index.php\/wp-json\/wp\/v2\/posts"}],"about":[{"href":"https:\/\/elestataldemexico.com\/index.php\/wp-json\/wp\/v2\/types\/post"}],"author":[{"embeddable":true,"href":"https:\/\/elestataldemexico.com\/index.php\/wp-json\/wp\/v2\/users\/1"}],"replies":[{"embeddable":true,"href":"https:\/\/elestataldemexico.com\/index.php\/wp-json\/wp\/v2\/comments?post=42607"}],"version-history":[{"count":1,"href":"https:\/\/elestataldemexico.com\/index.php\/wp-json\/wp\/v2\/posts\/42607\/revisions"}],"predecessor-version":[{"id":42608,"href":"https:\/\/elestataldemexico.com\/index.php\/wp-json\/wp\/v2\/posts\/42607\/revisions\/42608"}],"wp:featuredmedia":[{"embeddable":true,"href":"https:\/\/elestataldemexico.com\/index.php\/wp-json\/wp\/v2\/media\/42609"}],"wp:attachment":[{"href":"https:\/\/elestataldemexico.com\/index.php\/wp-json\/wp\/v2\/media?parent=42607"}],"wp:term":[{"taxonomy":"category","embeddable":true,"href":"https:\/\/elestataldemexico.com\/index.php\/wp-json\/wp\/v2\/categories?post=42607"},{"taxonomy":"post_tag","embeddable":true,"href":"https:\/\/elestataldemexico.com\/index.php\/wp-json\/wp\/v2\/tags?post=42607"}],"curies":[{"name":"wp","href":"https:\/\/api.w.org\/{rel}","templated":true}]}}