{"id":42598,"date":"2026-04-27T07:00:23","date_gmt":"2026-04-27T12:00:23","guid":{"rendered":"https:\/\/elestataldemexico.com\/?p=42598"},"modified":"2026-04-27T09:32:46","modified_gmt":"2026-04-27T14:32:46","slug":"onda-de-calor-sigue-en-mexico-en-contraste-el-frente-frio-numero-47-recorrera-el-norte","status":"publish","type":"post","link":"https:\/\/elestataldemexico.com\/index.php\/2026\/04\/27\/onda-de-calor-sigue-en-mexico-en-contraste-el-frente-frio-numero-47-recorrera-el-norte\/","title":{"rendered":"Onda de calor sigue en M\u00e9xico; en contraste, el frente fr\u00edo n\u00famero 47 recorrer\u00e1 el norte"},"content":{"rendered":"<p>#NACIONAL\ud83c\uddf2\ud83c\uddfd II Buenos d\u00edas \u2600\ufe0fll El Servicio Meteorol\u00f3gico Nacional informa que este d\u00eda, una circulaci\u00f3n anticicl\u00f3nica en niveles medios de la atm\u00f3sfera continuar\u00e1 sobre el interior de la Rep\u00fablica Mexicana, generando un ascenso de las temperaturas.<\/p>\n<p>Se mantendr\u00e1 la onda de calor en Durango (noroeste), Sinaloa (centro), Nayarit (sur), Jalisco (oeste y sur), Colima (este), Michoac\u00e1n (sur y suroeste), Guerrero (noroeste, este y sur), Morelos, Nuevo Le\u00f3n (sur), Tamaulipas (suroeste), San Luis Potos\u00ed (centro y sur), Guanajuato (noreste), Quer\u00e9taro (centro), Hidalgo (norte y este), Veracruz (centro), Oaxaca (sur), Chiapas (centro y noreste), Zacatecas (norte, centro y sur), Aguascalientes, Puebla (norte y suroeste), Tlaxcala (este y sur), Estado de M\u00e9xico (noreste y suroeste), Ciudad de M\u00e9xico, Tabasco (centro y este), Campeche (costa), Yucat\u00e1n (oeste y suroeste) y Quintana Roo (oeste), iniciando en Chihuahua (suroeste).<\/p>\n<p>Por otra parte, el frente fr\u00edo n\u00famero 47 recorrer\u00e1 el norte del pa\u00eds y en interacci\u00f3n con una l\u00ednea seca en el noreste de M\u00e9xico y con la corriente en chorro subtropical, ocasionar\u00e1n lluvias con chubascos, descargas el\u00e9ctricas, posible ca\u00edda de granizo, y rachas de viento en las regiones mencionadas.<\/p>\n<p>Finalmente, un canal de baja presi\u00f3n sobre el oriente y sureste del pa\u00eds, inestabilidad atmosf\u00e9rica y el ingreso de humedad del oc\u00e9ano Pac\u00edfico y golfo de M\u00e9xico, originar\u00e1n lluvias y chubascos en las regiones mencionadas, adem\u00e1s de zonas del centro y sur de la Rep\u00fablica Mexicana, incluido el Valle de M\u00e9xico.<\/p>\n","protected":false},"excerpt":{"rendered":"<p>#NACIONAL\ud83c\uddf2\ud83c\uddfd II Buenos d\u00edas \u2600\ufe0fll El Servicio Meteorol\u00f3gico Nacional informa que este d\u00eda, una circulaci\u00f3n anticicl\u00f3nica en niveles<\/p>\n","protected":false},"author":1,"featured_media":42600,"comment_status":"open","ping_status":"closed","sticky":false,"template":"","format":"standard","meta":{"footnotes":""},"categories":[7],"tags":[],"class_list":["post-42598","post","type-post","status-publish","format-standard","has-post-thumbnail","hentry","category-nacional"],"yoast_head":"<!-- This site is optimized with the Yoast SEO plugin v27.4 - https:\/\/yoast.com\/product\/yoast-seo-wordpress\/ -->\n<title>Onda de calor sigue en M\u00e9xico; en contraste, el frente fr\u00edo n\u00famero 47 recorrer\u00e1 el norte - El Estatal de M\u00e9xico<\/title>\n<meta name=\"robots\" content=\"index, follow, max-snippet:-1, max-image-preview:large, max-video-preview:-1\" \/>\n<link rel=\"canonical\" href=\"https:\/\/elestataldemexico.com\/index.php\/2026\/04\/27\/onda-de-calor-sigue-en-mexico-en-contraste-el-frente-frio-numero-47-recorrera-el-norte\/\" \/>\n<meta property=\"og:locale\" content=\"es_ES\" \/>\n<meta property=\"og:type\" content=\"article\" \/>\n<meta property=\"og:title\" content=\"Onda de calor sigue en M\u00e9xico; en contraste, el frente fr\u00edo n\u00famero 47 recorrer\u00e1 el norte - El Estatal de M\u00e9xico\" \/>\n<meta property=\"og:description\" content=\"#NACIONAL\ud83c\uddf2\ud83c\uddfd II Buenos d\u00edas \u2600\ufe0fll El Servicio Meteorol\u00f3gico Nacional informa que este d\u00eda, una circulaci\u00f3n anticicl\u00f3nica en niveles\" \/>\n<meta property=\"og:url\" content=\"https:\/\/elestataldemexico.com\/index.php\/2026\/04\/27\/onda-de-calor-sigue-en-mexico-en-contraste-el-frente-frio-numero-47-recorrera-el-norte\/\" \/>\n<meta property=\"og:site_name\" content=\"El Estatal de M\u00e9xico\" \/>\n<meta property=\"article:published_time\" content=\"2026-04-27T12:00:23+00:00\" \/>\n<meta property=\"article:modified_time\" content=\"2026-04-27T14:32:46+00:00\" \/>\n<meta name=\"author\" content=\"admin\" \/>\n<meta name=\"twitter:card\" content=\"summary_large_image\" \/>\n<meta name=\"twitter:label1\" content=\"Escrito por\" \/>\n\t<meta name=\"twitter:data1\" content=\"admin\" \/>\n\t<meta name=\"twitter:label2\" content=\"Tiempo de lectura\" \/>\n\t<meta name=\"twitter:data2\" content=\"1 minuto\" \/>\n<script type=\"application\/ld+json\" class=\"yoast-schema-graph\">{\"@context\":\"https:\\\/\\\/schema.org\",\"@graph\":[{\"@type\":\"Article\",\"@id\":\"https:\\\/\\\/elestataldemexico.com\\\/index.php\\\/2026\\\/04\\\/27\\\/onda-de-calor-sigue-en-mexico-en-contraste-el-frente-frio-numero-47-recorrera-el-norte\\\/#article\",\"isPartOf\":{\"@id\":\"https:\\\/\\\/elestataldemexico.com\\\/index.php\\\/2026\\\/04\\\/27\\\/onda-de-calor-sigue-en-mexico-en-contraste-el-frente-frio-numero-47-recorrera-el-norte\\\/\"},\"author\":{\"name\":\"admin\",\"@id\":\"https:\\\/\\\/elestataldemexico.com\\\/#\\\/schema\\\/person\\\/6c7813c13d2c1571771f592f0fe866bb\"},\"headline\":\"Onda de calor sigue en M\u00e9xico; en contraste, el frente fr\u00edo n\u00famero 47 recorrer\u00e1 el norte\",\"datePublished\":\"2026-04-27T12:00:23+00:00\",\"dateModified\":\"2026-04-27T14:32:46+00:00\",\"mainEntityOfPage\":{\"@id\":\"https:\\\/\\\/elestataldemexico.com\\\/index.php\\\/2026\\\/04\\\/27\\\/onda-de-calor-sigue-en-mexico-en-contraste-el-frente-frio-numero-47-recorrera-el-norte\\\/\"},\"wordCount\":283,\"commentCount\":0,\"publisher\":{\"@id\":\"https:\\\/\\\/elestataldemexico.com\\\/#organization\"},\"image\":{\"@id\":\"https:\\\/\\\/elestataldemexico.com\\\/index.php\\\/2026\\\/04\\\/27\\\/onda-de-calor-sigue-en-mexico-en-contraste-el-frente-frio-numero-47-recorrera-el-norte\\\/#primaryimage\"},\"thumbnailUrl\":\"https:\\\/\\\/elestataldemexico.com\\\/wp-content\\\/uploads\\\/2026\\\/04\\\/WhatsApp-Image-2026-04-27-at-08.05.44.jpeg\",\"articleSection\":[\"Nacional\"],\"inLanguage\":\"es\",\"potentialAction\":[{\"@type\":\"CommentAction\",\"name\":\"Comment\",\"target\":[\"https:\\\/\\\/elestataldemexico.com\\\/index.php\\\/2026\\\/04\\\/27\\\/onda-de-calor-sigue-en-mexico-en-contraste-el-frente-frio-numero-47-recorrera-el-norte\\\/#respond\"]}]},{\"@type\":\"WebPage\",\"@id\":\"https:\\\/\\\/elestataldemexico.com\\\/index.php\\\/2026\\\/04\\\/27\\\/onda-de-calor-sigue-en-mexico-en-contraste-el-frente-frio-numero-47-recorrera-el-norte\\\/\",\"url\":\"https:\\\/\\\/elestataldemexico.com\\\/index.php\\\/2026\\\/04\\\/27\\\/onda-de-calor-sigue-en-mexico-en-contraste-el-frente-frio-numero-47-recorrera-el-norte\\\/\",\"name\":\"Onda de calor sigue en M\u00e9xico; en contraste, el frente fr\u00edo n\u00famero 47 recorrer\u00e1 el norte - El Estatal de M\u00e9xico\",\"isPartOf\":{\"@id\":\"https:\\\/\\\/elestataldemexico.com\\\/#website\"},\"primaryImageOfPage\":{\"@id\":\"https:\\\/\\\/elestataldemexico.com\\\/index.php\\\/2026\\\/04\\\/27\\\/onda-de-calor-sigue-en-mexico-en-contraste-el-frente-frio-numero-47-recorrera-el-norte\\\/#primaryimage\"},\"image\":{\"@id\":\"https:\\\/\\\/elestataldemexico.com\\\/index.php\\\/2026\\\/04\\\/27\\\/onda-de-calor-sigue-en-mexico-en-contraste-el-frente-frio-numero-47-recorrera-el-norte\\\/#primaryimage\"},\"thumbnailUrl\":\"https:\\\/\\\/elestataldemexico.com\\\/wp-content\\\/uploads\\\/2026\\\/04\\\/WhatsApp-Image-2026-04-27-at-08.05.44.jpeg\",\"datePublished\":\"2026-04-27T12:00:23+00:00\",\"dateModified\":\"2026-04-27T14:32:46+00:00\",\"breadcrumb\":{\"@id\":\"https:\\\/\\\/elestataldemexico.com\\\/index.php\\\/2026\\\/04\\\/27\\\/onda-de-calor-sigue-en-mexico-en-contraste-el-frente-frio-numero-47-recorrera-el-norte\\\/#breadcrumb\"},\"inLanguage\":\"es\",\"potentialAction\":[{\"@type\":\"ReadAction\",\"target\":[\"https:\\\/\\\/elestataldemexico.com\\\/index.php\\\/2026\\\/04\\\/27\\\/onda-de-calor-sigue-en-mexico-en-contraste-el-frente-frio-numero-47-recorrera-el-norte\\\/\"]}]},{\"@type\":\"ImageObject\",\"inLanguage\":\"es\",\"@id\":\"https:\\\/\\\/elestataldemexico.com\\\/index.php\\\/2026\\\/04\\\/27\\\/onda-de-calor-sigue-en-mexico-en-contraste-el-frente-frio-numero-47-recorrera-el-norte\\\/#primaryimage\",\"url\":\"https:\\\/\\\/elestataldemexico.com\\\/wp-content\\\/uploads\\\/2026\\\/04\\\/WhatsApp-Image-2026-04-27-at-08.05.44.jpeg\",\"contentUrl\":\"https:\\\/\\\/elestataldemexico.com\\\/wp-content\\\/uploads\\\/2026\\\/04\\\/WhatsApp-Image-2026-04-27-at-08.05.44.jpeg\",\"width\":1352,\"height\":791},{\"@type\":\"BreadcrumbList\",\"@id\":\"https:\\\/\\\/elestataldemexico.com\\\/index.php\\\/2026\\\/04\\\/27\\\/onda-de-calor-sigue-en-mexico-en-contraste-el-frente-frio-numero-47-recorrera-el-norte\\\/#breadcrumb\",\"itemListElement\":[{\"@type\":\"ListItem\",\"position\":1,\"name\":\"Portada\",\"item\":\"https:\\\/\\\/elestataldemexico.com\\\/\"},{\"@type\":\"ListItem\",\"position\":2,\"name\":\"Onda de calor sigue en M\u00e9xico; en contraste, el frente fr\u00edo n\u00famero 47 recorrer\u00e1 el norte\"}]},{\"@type\":\"WebSite\",\"@id\":\"https:\\\/\\\/elestataldemexico.com\\\/#website\",\"url\":\"https:\\\/\\\/elestataldemexico.com\\\/\",\"name\":\"El Estatal de M\u00e9xico\",\"description\":\"\",\"publisher\":{\"@id\":\"https:\\\/\\\/elestataldemexico.com\\\/#organization\"},\"potentialAction\":[{\"@type\":\"SearchAction\",\"target\":{\"@type\":\"EntryPoint\",\"urlTemplate\":\"https:\\\/\\\/elestataldemexico.com\\\/?s={search_term_string}\"},\"query-input\":{\"@type\":\"PropertyValueSpecification\",\"valueRequired\":true,\"valueName\":\"search_term_string\"}}],\"inLanguage\":\"es\"},{\"@type\":\"Organization\",\"@id\":\"https:\\\/\\\/elestataldemexico.com\\\/#organization\",\"name\":\"El Estatal de M\u00e9xico\",\"url\":\"https:\\\/\\\/elestataldemexico.com\\\/\",\"logo\":{\"@type\":\"ImageObject\",\"inLanguage\":\"es\",\"@id\":\"https:\\\/\\\/elestataldemexico.com\\\/#\\\/schema\\\/logo\\\/image\\\/\",\"url\":\"https:\\\/\\\/elestataldemexico.com\\\/wp-content\\\/uploads\\\/2025\\\/05\\\/cropped-elestatal.png\",\"contentUrl\":\"https:\\\/\\\/elestataldemexico.com\\\/wp-content\\\/uploads\\\/2025\\\/05\\\/cropped-elestatal.png\",\"width\":504,\"height\":97,\"caption\":\"El Estatal de M\u00e9xico\"},\"image\":{\"@id\":\"https:\\\/\\\/elestataldemexico.com\\\/#\\\/schema\\\/logo\\\/image\\\/\"}},{\"@type\":\"Person\",\"@id\":\"https:\\\/\\\/elestataldemexico.com\\\/#\\\/schema\\\/person\\\/6c7813c13d2c1571771f592f0fe866bb\",\"name\":\"admin\",\"image\":{\"@type\":\"ImageObject\",\"inLanguage\":\"es\",\"@id\":\"https:\\\/\\\/secure.gravatar.com\\\/avatar\\\/d5ed2db9923a3ad3c0a47f6b3aec7abcb43924b9322251ade16472fc06f7bb5b?s=96&d=mm&r=g\",\"url\":\"https:\\\/\\\/secure.gravatar.com\\\/avatar\\\/d5ed2db9923a3ad3c0a47f6b3aec7abcb43924b9322251ade16472fc06f7bb5b?s=96&d=mm&r=g\",\"contentUrl\":\"https:\\\/\\\/secure.gravatar.com\\\/avatar\\\/d5ed2db9923a3ad3c0a47f6b3aec7abcb43924b9322251ade16472fc06f7bb5b?s=96&d=mm&r=g\",\"caption\":\"admin\"},\"sameAs\":[\"https:\\\/\\\/elestataldemexico.com\"],\"url\":\"https:\\\/\\\/elestataldemexico.com\\\/index.php\\\/author\\\/info_qk62m3p3\\\/\"}]}<\/script>\n<!-- \/ Yoast SEO plugin. -->","yoast_head_json":{"title":"Onda de calor sigue en M\u00e9xico; en contraste, el frente fr\u00edo n\u00famero 47 recorrer\u00e1 el norte - El Estatal de M\u00e9xico","robots":{"index":"index","follow":"follow","max-snippet":"max-snippet:-1","max-image-preview":"max-image-preview:large","max-video-preview":"max-video-preview:-1"},"canonical":"https:\/\/elestataldemexico.com\/index.php\/2026\/04\/27\/onda-de-calor-sigue-en-mexico-en-contraste-el-frente-frio-numero-47-recorrera-el-norte\/","og_locale":"es_ES","og_type":"article","og_title":"Onda de calor sigue en M\u00e9xico; en contraste, el frente fr\u00edo n\u00famero 47 recorrer\u00e1 el norte - El Estatal de M\u00e9xico","og_description":"#NACIONAL\ud83c\uddf2\ud83c\uddfd II Buenos d\u00edas \u2600\ufe0fll El Servicio Meteorol\u00f3gico Nacional informa que este d\u00eda, una circulaci\u00f3n anticicl\u00f3nica en niveles","og_url":"https:\/\/elestataldemexico.com\/index.php\/2026\/04\/27\/onda-de-calor-sigue-en-mexico-en-contraste-el-frente-frio-numero-47-recorrera-el-norte\/","og_site_name":"El Estatal de M\u00e9xico","article_published_time":"2026-04-27T12:00:23+00:00","article_modified_time":"2026-04-27T14:32:46+00:00","author":"admin","twitter_card":"summary_large_image","twitter_misc":{"Escrito por":"admin","Tiempo de lectura":"1 minuto"},"schema":{"@context":"https:\/\/schema.org","@graph":[{"@type":"Article","@id":"https:\/\/elestataldemexico.com\/index.php\/2026\/04\/27\/onda-de-calor-sigue-en-mexico-en-contraste-el-frente-frio-numero-47-recorrera-el-norte\/#article","isPartOf":{"@id":"https:\/\/elestataldemexico.com\/index.php\/2026\/04\/27\/onda-de-calor-sigue-en-mexico-en-contraste-el-frente-frio-numero-47-recorrera-el-norte\/"},"author":{"name":"admin","@id":"https:\/\/elestataldemexico.com\/#\/schema\/person\/6c7813c13d2c1571771f592f0fe866bb"},"headline":"Onda de calor sigue en M\u00e9xico; en contraste, el frente fr\u00edo n\u00famero 47 recorrer\u00e1 el norte","datePublished":"2026-04-27T12:00:23+00:00","dateModified":"2026-04-27T14:32:46+00:00","mainEntityOfPage":{"@id":"https:\/\/elestataldemexico.com\/index.php\/2026\/04\/27\/onda-de-calor-sigue-en-mexico-en-contraste-el-frente-frio-numero-47-recorrera-el-norte\/"},"wordCount":283,"commentCount":0,"publisher":{"@id":"https:\/\/elestataldemexico.com\/#organization"},"image":{"@id":"https:\/\/elestataldemexico.com\/index.php\/2026\/04\/27\/onda-de-calor-sigue-en-mexico-en-contraste-el-frente-frio-numero-47-recorrera-el-norte\/#primaryimage"},"thumbnailUrl":"https:\/\/elestataldemexico.com\/wp-content\/uploads\/2026\/04\/WhatsApp-Image-2026-04-27-at-08.05.44.jpeg","articleSection":["Nacional"],"inLanguage":"es","potentialAction":[{"@type":"CommentAction","name":"Comment","target":["https:\/\/elestataldemexico.com\/index.php\/2026\/04\/27\/onda-de-calor-sigue-en-mexico-en-contraste-el-frente-frio-numero-47-recorrera-el-norte\/#respond"]}]},{"@type":"WebPage","@id":"https:\/\/elestataldemexico.com\/index.php\/2026\/04\/27\/onda-de-calor-sigue-en-mexico-en-contraste-el-frente-frio-numero-47-recorrera-el-norte\/","url":"https:\/\/elestataldemexico.com\/index.php\/2026\/04\/27\/onda-de-calor-sigue-en-mexico-en-contraste-el-frente-frio-numero-47-recorrera-el-norte\/","name":"Onda de calor sigue en M\u00e9xico; en contraste, el frente fr\u00edo n\u00famero 47 recorrer\u00e1 el norte - El Estatal de M\u00e9xico","isPartOf":{"@id":"https:\/\/elestataldemexico.com\/#website"},"primaryImageOfPage":{"@id":"https:\/\/elestataldemexico.com\/index.php\/2026\/04\/27\/onda-de-calor-sigue-en-mexico-en-contraste-el-frente-frio-numero-47-recorrera-el-norte\/#primaryimage"},"image":{"@id":"https:\/\/elestataldemexico.com\/index.php\/2026\/04\/27\/onda-de-calor-sigue-en-mexico-en-contraste-el-frente-frio-numero-47-recorrera-el-norte\/#primaryimage"},"thumbnailUrl":"https:\/\/elestataldemexico.com\/wp-content\/uploads\/2026\/04\/WhatsApp-Image-2026-04-27-at-08.05.44.jpeg","datePublished":"2026-04-27T12:00:23+00:00","dateModified":"2026-04-27T14:32:46+00:00","breadcrumb":{"@id":"https:\/\/elestataldemexico.com\/index.php\/2026\/04\/27\/onda-de-calor-sigue-en-mexico-en-contraste-el-frente-frio-numero-47-recorrera-el-norte\/#breadcrumb"},"inLanguage":"es","potentialAction":[{"@type":"ReadAction","target":["https:\/\/elestataldemexico.com\/index.php\/2026\/04\/27\/onda-de-calor-sigue-en-mexico-en-contraste-el-frente-frio-numero-47-recorrera-el-norte\/"]}]},{"@type":"ImageObject","inLanguage":"es","@id":"https:\/\/elestataldemexico.com\/index.php\/2026\/04\/27\/onda-de-calor-sigue-en-mexico-en-contraste-el-frente-frio-numero-47-recorrera-el-norte\/#primaryimage","url":"https:\/\/elestataldemexico.com\/wp-content\/uploads\/2026\/04\/WhatsApp-Image-2026-04-27-at-08.05.44.jpeg","contentUrl":"https:\/\/elestataldemexico.com\/wp-content\/uploads\/2026\/04\/WhatsApp-Image-2026-04-27-at-08.05.44.jpeg","width":1352,"height":791},{"@type":"BreadcrumbList","@id":"https:\/\/elestataldemexico.com\/index.php\/2026\/04\/27\/onda-de-calor-sigue-en-mexico-en-contraste-el-frente-frio-numero-47-recorrera-el-norte\/#breadcrumb","itemListElement":[{"@type":"ListItem","position":1,"name":"Portada","item":"https:\/\/elestataldemexico.com\/"},{"@type":"ListItem","position":2,"name":"Onda de calor sigue en M\u00e9xico; en contraste, el frente fr\u00edo n\u00famero 47 recorrer\u00e1 el norte"}]},{"@type":"WebSite","@id":"https:\/\/elestataldemexico.com\/#website","url":"https:\/\/elestataldemexico.com\/","name":"El Estatal de M\u00e9xico","description":"","publisher":{"@id":"https:\/\/elestataldemexico.com\/#organization"},"potentialAction":[{"@type":"SearchAction","target":{"@type":"EntryPoint","urlTemplate":"https:\/\/elestataldemexico.com\/?s={search_term_string}"},"query-input":{"@type":"PropertyValueSpecification","valueRequired":true,"valueName":"search_term_string"}}],"inLanguage":"es"},{"@type":"Organization","@id":"https:\/\/elestataldemexico.com\/#organization","name":"El Estatal de M\u00e9xico","url":"https:\/\/elestataldemexico.com\/","logo":{"@type":"ImageObject","inLanguage":"es","@id":"https:\/\/elestataldemexico.com\/#\/schema\/logo\/image\/","url":"https:\/\/elestataldemexico.com\/wp-content\/uploads\/2025\/05\/cropped-elestatal.png","contentUrl":"https:\/\/elestataldemexico.com\/wp-content\/uploads\/2025\/05\/cropped-elestatal.png","width":504,"height":97,"caption":"El Estatal de M\u00e9xico"},"image":{"@id":"https:\/\/elestataldemexico.com\/#\/schema\/logo\/image\/"}},{"@type":"Person","@id":"https:\/\/elestataldemexico.com\/#\/schema\/person\/6c7813c13d2c1571771f592f0fe866bb","name":"admin","image":{"@type":"ImageObject","inLanguage":"es","@id":"https:\/\/secure.gravatar.com\/avatar\/d5ed2db9923a3ad3c0a47f6b3aec7abcb43924b9322251ade16472fc06f7bb5b?s=96&d=mm&r=g","url":"https:\/\/secure.gravatar.com\/avatar\/d5ed2db9923a3ad3c0a47f6b3aec7abcb43924b9322251ade16472fc06f7bb5b?s=96&d=mm&r=g","contentUrl":"https:\/\/secure.gravatar.com\/avatar\/d5ed2db9923a3ad3c0a47f6b3aec7abcb43924b9322251ade16472fc06f7bb5b?s=96&d=mm&r=g","caption":"admin"},"sameAs":["https:\/\/elestataldemexico.com"],"url":"https:\/\/elestataldemexico.com\/index.php\/author\/info_qk62m3p3\/"}]}},"_links":{"self":[{"href":"https:\/\/elestataldemexico.com\/index.php\/wp-json\/wp\/v2\/posts\/42598","targetHints":{"allow":["GET"]}}],"collection":[{"href":"https:\/\/elestataldemexico.com\/index.php\/wp-json\/wp\/v2\/posts"}],"about":[{"href":"https:\/\/elestataldemexico.com\/index.php\/wp-json\/wp\/v2\/types\/post"}],"author":[{"embeddable":true,"href":"https:\/\/elestataldemexico.com\/index.php\/wp-json\/wp\/v2\/users\/1"}],"replies":[{"embeddable":true,"href":"https:\/\/elestataldemexico.com\/index.php\/wp-json\/wp\/v2\/comments?post=42598"}],"version-history":[{"count":1,"href":"https:\/\/elestataldemexico.com\/index.php\/wp-json\/wp\/v2\/posts\/42598\/revisions"}],"predecessor-version":[{"id":42599,"href":"https:\/\/elestataldemexico.com\/index.php\/wp-json\/wp\/v2\/posts\/42598\/revisions\/42599"}],"wp:featuredmedia":[{"embeddable":true,"href":"https:\/\/elestataldemexico.com\/index.php\/wp-json\/wp\/v2\/media\/42600"}],"wp:attachment":[{"href":"https:\/\/elestataldemexico.com\/index.php\/wp-json\/wp\/v2\/media?parent=42598"}],"wp:term":[{"taxonomy":"category","embeddable":true,"href":"https:\/\/elestataldemexico.com\/index.php\/wp-json\/wp\/v2\/categories?post=42598"},{"taxonomy":"post_tag","embeddable":true,"href":"https:\/\/elestataldemexico.com\/index.php\/wp-json\/wp\/v2\/tags?post=42598"}],"curies":[{"name":"wp","href":"https:\/\/api.w.org\/{rel}","templated":true}]}}