{"id":42556,"date":"2026-04-25T08:00:08","date_gmt":"2026-04-25T13:00:08","guid":{"rendered":"https:\/\/elestataldemexico.com\/?p=42556"},"modified":"2026-04-26T08:31:00","modified_gmt":"2026-04-26T13:31:00","slug":"necesita-mexico-la-unidad-nacional-frente-a-la-hostilidad-extranjera-ricardo-monreal","status":"publish","type":"post","link":"https:\/\/elestataldemexico.com\/index.php\/2026\/04\/25\/necesita-mexico-la-unidad-nacional-frente-a-la-hostilidad-extranjera-ricardo-monreal\/","title":{"rendered":"\u201cNecesita M\u00e9xico la unidad nacional frente a la hostilidad extranjera: Ricardo Monreal"},"content":{"rendered":"<p>\ud83d\udd38 \u00abNo podemos dividirnos\u201d, se\u00f1al\u00f3 el coordinador del Grupo Parlamentario de Morena y presidente de la Jucopo.<\/p>\n<p>#CDMX | El diputado Ricardo Monreal \u00c1vila, coordinador del Grupo Parlamentario de Morena y presidente de la Junta de Coordinaci\u00f3n Pol\u00edtica, se\u00f1al\u00f3 que M\u00e9xico \u201cnecesita mantener la unidad nacional frente a la hostilidad del gobierno extranjero. Nosotros no podemos dividirnos. Hay que caminar fortaleciendo la conducci\u00f3n y el liderazgo de la presidenta Claudia Sheinbaum\u201d.<\/p>\n<p>En declaraciones a representantes de medios de comunicaci\u00f3n, cuestionado sobre la participaci\u00f3n de agentes de Estados Unidos en un operativo en Chihuahua, sin conocimiento y autorizaci\u00f3n del Gobierno Federal, Monreal \u00c1vila indic\u00f3 que \u201cel pa\u00eds no est\u00e1 para buscar confrontaciones, sino para buscar la unidad.<\/p>\n<p>\u201cCoincido plenamente con lo expresado hoy por la presidenta de M\u00e9xico, Claudia Sheinbaum. Ella es muy cuidadosa, pero sobre todo muy en\u00e9rgica en el respeto a la soberan\u00eda, en la no injerencia y en el respeto a los principios de la pol\u00edtica internacional.<\/p>\n<p>\u201cPor eso yo creo que ella simplemente est\u00e1 intentando que se respete la soberan\u00eda del pa\u00eds y que nadie se vea inmerso en v\u00eeolac\u00eeones a la ley de seguridad y a la propia Constituci\u00f3n.<\/p>\n<p>\u201cRespetamos y avalamos lo expresado por la presidenta Claudia Sheinbaum. Y hacemos votos porque se dirima esta controversia por la v\u00eda diplom\u00e1tica, por la v\u00eda pac\u00edfica, por la v\u00eda del di\u00e1logo con el Parlamento mexicano\u201d.<\/p>\n<p>Insisti\u00f3 en que \u201cson momentos complejos en donde se requiere la unidad nacional. Y tengo respeto por Chihuahua y por sus autoridades. Si hubo alguna alteraci\u00f3n, desatenci\u00f3n o incumplimiento de una norma jur\u00eddica, hay que llevarla a cabo de manera prudente.<\/p>\n<p>\u201cSiempre busco la conciliaci\u00f3n. Y me gustar\u00eda que si van a asistir la gobernadora y el fiscal, el ambiente se diera en t\u00e9rminos de respeto, que seguramente se dar\u00e1 as\u00ed. Puede incluso la gobernadora declinar la invitaci\u00f3n, que tampoco ser\u00eda conveniente.<\/p>\n<p>\u201cLa C\u00e1mara de Diputados no tiene en este caso ninguna opini\u00f3n contraria a lo que se est\u00e1 ventilando. Lo \u00fanico que hacemos es convocar a la prudencia y a la sensatez\u201d.<\/p>\n<p>Anot\u00f3 que \u201chay que esperar la investigaci\u00f3n\u201d de los \u00f3rganos de procuraci\u00f3n de justicia y la Secretar\u00eda de Seguridad, como lo se\u00f1al\u00f3 la presidenta\u201d.<\/p>\n<p>Afirm\u00f3 que \u201cs\u00ed es un elemento que puede distorsionar nuestra relaci\u00f3n con cualquier pa\u00eds que tiene agentes actuando en el territorio, porque la ley y la Constituci\u00f3n lo proh\u00edben.<\/p>\n<p>\u201cPero tambi\u00e9n se puede buscar un entendimiento para que no ocurra m\u00e1s y para que se explique en qu\u00e9 plano o con qu\u00e9 prop\u00f3sito se dio esta colaboraci\u00f3n sin el consentimiento de la Federaci\u00f3n y sin del Gobierno Federal\u201d.<\/p>\n<p>Asever\u00f3 que el Senado de la Rep\u00fablica tiene facultades para invitar a cualquier gobernador o gobernadora; \u201cs\u00ed tiene facultades expl\u00edcitas e impl\u00edcitas porque el Senado representa a los estados. El Senado es el reflejo del pacto federal de nuestro pa\u00eds y tiene facultades para llamar a los gobernadores o gobernadoras cuando existe una violaci\u00f3n aparente de la Constituci\u00f3n y la ley.<\/p>\n<p>\u201cPero yo plantear\u00eda que se llevara a cabo en un plano de di\u00e1logo y de sensatez de todas las partes, y atendiendo la preocupaci\u00f3n de la Presidenta de la Rep\u00fablica, simplemente dirimir qu\u00e9 sucedi\u00f3 y establecer con precisi\u00f3n que no debe suceder con ning\u00fan estado, ninguna intromisi\u00f3n o colaboraci\u00f3n al margen del Gobierno Federal y de la ley, que eso es lo que reclama la presidenta Claudia Sheinbaum, y tiene raz\u00f3n\u201d.<\/p>\n<p>Cuestionado acerca del aviso del coordinador del Grupo Parlamentario del PT, en el sentido de solicitar juicio pol\u00edtico contra la gobernadora de Chihuahua, Monreal \u00c1vila dijo: \u201cYo me inclino m\u00e1s por el di\u00e1logo, me inclino m\u00e1s por la conciliaci\u00f3n. No me gusta la confrontaci\u00f3n.<\/p>\n<p>\u201cY no soy part\u00edcipe de juicios pol\u00edticos que alteren la relaci\u00f3n republicana de gobernadores con la Presidenta de la Rep\u00fablica o con el Gobierno Federal.<\/p>\n<p>\u201cPero es su derecho que lo plantee. Lo respeto, no sab\u00eda. Platicar\u00e9 con \u00e9l y vamos a conversar sobre el sentido, el prop\u00f3sito y el alcance de este juicio pol\u00edtico que presentan contra la gobernadora de Chihuahua\u201d.<\/p>\n<p>Por otra parte, interrogado sobre el cambio de embajador de M\u00e9xico en Estados Unidos, Monreal \u00c1vila indic\u00f3 que ese pa\u00eds \u201cno ha otorgado el benepl\u00e1cito, seg\u00fan expres\u00f3 la presidenta Claudia Sheinbaum. Ya el proceso se inici\u00f3 de nombramiento del nuevo embajador en Estados Unidos. Y la presidenta dijo que est\u00e1 esperando el benepl\u00e1cito de Estados Unidos para formalizarlo y para enviarlo al Senado para su ratificaci\u00f3n\u201d.<\/p>\n<p>Agreg\u00f3 que Esteban Moctezuma Barrag\u00e1n, actual embajador de M\u00e9xico en Estados Unidos \u201ces un pol\u00edtico y un internacionalista que ha sido muy bueno para M\u00e9xico. Es un buen servidor p\u00fablico y un hombre ponderado, capaz, incluso acad\u00e9micamente muy sostenible.<\/p>\n<p>\u201cLe ayud\u00f3 mucho al Gobierno Federal, tanto con el presidente L\u00f3pez Obrador como con la presidenta Claudia Sheinbaum. Seguramente todav\u00eda le tocan otras encomiendas para el bien de la Rep\u00fablica y para el bien de nuestro pa\u00eds. As\u00ed es que vamos a esperar\u201d.<\/p>\n<p>Cuestionado sobre la designaci\u00f3n del nuevo coordinador estatal de la Defensa de la Transformaci\u00f3n en Campeche, Monreal \u00c1vila se\u00f1al\u00f3: \u201cYo tengo una buena opini\u00f3n del alcalde de Ciudad del Carmen. Tengo una buena opini\u00f3n de \u00e9l y no s\u00e9 qu\u00e9 sucedi\u00f3 ah\u00ed. Quiz\u00e1s en este proceso en el que est\u00e1 ausente una direcci\u00f3n formal del partido, se tom\u00f3 en cuenta este prop\u00f3sito de nombrar coordinador de la defensa para la transformaci\u00f3n. Creo que as\u00ed se llama la figura pol\u00edtica.<\/p>\n<p>\u201cRespeto lo que pasa en Campeche. Tengo buena opini\u00f3n del alcalde, pero ser\u00e1n los \u00f3rganos del partido los que emitan un veredicto final sobre \u00e9l. El partido tendr\u00e1 que tomar una decisi\u00f3n y tomar una opini\u00f3n sobre esta situaci\u00f3n de Campeche.<\/p>\n<p>\u201cNo me quiero involucrar en Campeche. Tengo mucho cari\u00f1o por los campechanos y las campechanas y no quiero generar conflicto ni tampoco controversia\u201d con la decisi\u00f3n que ya tomaron, concluy\u00f3 Monreal \u00c1vila.<\/p>\n<p>#RicardoMonreal #Llama #Unidad #Nacional #Frente #Hostilidad #Extranjera<\/p>\n","protected":false},"excerpt":{"rendered":"<p>\ud83d\udd38 \u00abNo podemos dividirnos\u201d, se\u00f1al\u00f3 el coordinador del Grupo Parlamentario de Morena y presidente de la Jucopo. #CDMX<\/p>\n","protected":false},"author":1,"featured_media":42558,"comment_status":"open","ping_status":"closed","sticky":false,"template":"","format":"standard","meta":{"footnotes":""},"categories":[19,7],"tags":[],"class_list":["post-42556","post","type-post","status-publish","format-standard","has-post-thumbnail","hentry","category-cdmx","category-nacional"],"yoast_head":"<!-- This site is optimized with the Yoast SEO plugin v27.4 - https:\/\/yoast.com\/product\/yoast-seo-wordpress\/ -->\n<title>\u201cNecesita M\u00e9xico la unidad nacional frente a la hostilidad extranjera: Ricardo Monreal - El Estatal de M\u00e9xico<\/title>\n<meta name=\"robots\" content=\"index, follow, max-snippet:-1, max-image-preview:large, max-video-preview:-1\" \/>\n<link rel=\"canonical\" href=\"https:\/\/elestataldemexico.com\/index.php\/2026\/04\/25\/necesita-mexico-la-unidad-nacional-frente-a-la-hostilidad-extranjera-ricardo-monreal\/\" \/>\n<meta property=\"og:locale\" content=\"es_ES\" \/>\n<meta property=\"og:type\" content=\"article\" \/>\n<meta property=\"og:title\" content=\"\u201cNecesita M\u00e9xico la unidad nacional frente a la hostilidad extranjera: Ricardo Monreal - El Estatal de M\u00e9xico\" \/>\n<meta property=\"og:description\" content=\"\ud83d\udd38 \u00abNo podemos dividirnos\u201d, se\u00f1al\u00f3 el coordinador del Grupo Parlamentario de Morena y presidente de la Jucopo. #CDMX\" \/>\n<meta property=\"og:url\" content=\"https:\/\/elestataldemexico.com\/index.php\/2026\/04\/25\/necesita-mexico-la-unidad-nacional-frente-a-la-hostilidad-extranjera-ricardo-monreal\/\" \/>\n<meta property=\"og:site_name\" content=\"El Estatal de M\u00e9xico\" \/>\n<meta property=\"article:published_time\" content=\"2026-04-25T13:00:08+00:00\" \/>\n<meta property=\"article:modified_time\" content=\"2026-04-26T13:31:00+00:00\" \/>\n<meta name=\"author\" content=\"admin\" \/>\n<meta name=\"twitter:card\" content=\"summary_large_image\" \/>\n<meta name=\"twitter:label1\" content=\"Escrito por\" \/>\n\t<meta name=\"twitter:data1\" content=\"admin\" \/>\n\t<meta name=\"twitter:label2\" content=\"Tiempo de lectura\" \/>\n\t<meta name=\"twitter:data2\" content=\"5 minutos\" \/>\n<script type=\"application\/ld+json\" class=\"yoast-schema-graph\">{\"@context\":\"https:\\\/\\\/schema.org\",\"@graph\":[{\"@type\":\"Article\",\"@id\":\"https:\\\/\\\/elestataldemexico.com\\\/index.php\\\/2026\\\/04\\\/25\\\/necesita-mexico-la-unidad-nacional-frente-a-la-hostilidad-extranjera-ricardo-monreal\\\/#article\",\"isPartOf\":{\"@id\":\"https:\\\/\\\/elestataldemexico.com\\\/index.php\\\/2026\\\/04\\\/25\\\/necesita-mexico-la-unidad-nacional-frente-a-la-hostilidad-extranjera-ricardo-monreal\\\/\"},\"author\":{\"name\":\"admin\",\"@id\":\"https:\\\/\\\/elestataldemexico.com\\\/#\\\/schema\\\/person\\\/6c7813c13d2c1571771f592f0fe866bb\"},\"headline\":\"\u201cNecesita M\u00e9xico la unidad nacional frente a la hostilidad extranjera: Ricardo Monreal\",\"datePublished\":\"2026-04-25T13:00:08+00:00\",\"dateModified\":\"2026-04-26T13:31:00+00:00\",\"mainEntityOfPage\":{\"@id\":\"https:\\\/\\\/elestataldemexico.com\\\/index.php\\\/2026\\\/04\\\/25\\\/necesita-mexico-la-unidad-nacional-frente-a-la-hostilidad-extranjera-ricardo-monreal\\\/\"},\"wordCount\":1098,\"commentCount\":0,\"publisher\":{\"@id\":\"https:\\\/\\\/elestataldemexico.com\\\/#organization\"},\"image\":{\"@id\":\"https:\\\/\\\/elestataldemexico.com\\\/index.php\\\/2026\\\/04\\\/25\\\/necesita-mexico-la-unidad-nacional-frente-a-la-hostilidad-extranjera-ricardo-monreal\\\/#primaryimage\"},\"thumbnailUrl\":\"https:\\\/\\\/elestataldemexico.com\\\/wp-content\\\/uploads\\\/2026\\\/04\\\/WhatsApp-Image-2026-04-25-at-09.00.08.jpeg\",\"articleSection\":[\"CDMX\",\"Nacional\"],\"inLanguage\":\"es\",\"potentialAction\":[{\"@type\":\"CommentAction\",\"name\":\"Comment\",\"target\":[\"https:\\\/\\\/elestataldemexico.com\\\/index.php\\\/2026\\\/04\\\/25\\\/necesita-mexico-la-unidad-nacional-frente-a-la-hostilidad-extranjera-ricardo-monreal\\\/#respond\"]}]},{\"@type\":\"WebPage\",\"@id\":\"https:\\\/\\\/elestataldemexico.com\\\/index.php\\\/2026\\\/04\\\/25\\\/necesita-mexico-la-unidad-nacional-frente-a-la-hostilidad-extranjera-ricardo-monreal\\\/\",\"url\":\"https:\\\/\\\/elestataldemexico.com\\\/index.php\\\/2026\\\/04\\\/25\\\/necesita-mexico-la-unidad-nacional-frente-a-la-hostilidad-extranjera-ricardo-monreal\\\/\",\"name\":\"\u201cNecesita M\u00e9xico la unidad nacional frente a la hostilidad extranjera: Ricardo Monreal - El Estatal de M\u00e9xico\",\"isPartOf\":{\"@id\":\"https:\\\/\\\/elestataldemexico.com\\\/#website\"},\"primaryImageOfPage\":{\"@id\":\"https:\\\/\\\/elestataldemexico.com\\\/index.php\\\/2026\\\/04\\\/25\\\/necesita-mexico-la-unidad-nacional-frente-a-la-hostilidad-extranjera-ricardo-monreal\\\/#primaryimage\"},\"image\":{\"@id\":\"https:\\\/\\\/elestataldemexico.com\\\/index.php\\\/2026\\\/04\\\/25\\\/necesita-mexico-la-unidad-nacional-frente-a-la-hostilidad-extranjera-ricardo-monreal\\\/#primaryimage\"},\"thumbnailUrl\":\"https:\\\/\\\/elestataldemexico.com\\\/wp-content\\\/uploads\\\/2026\\\/04\\\/WhatsApp-Image-2026-04-25-at-09.00.08.jpeg\",\"datePublished\":\"2026-04-25T13:00:08+00:00\",\"dateModified\":\"2026-04-26T13:31:00+00:00\",\"breadcrumb\":{\"@id\":\"https:\\\/\\\/elestataldemexico.com\\\/index.php\\\/2026\\\/04\\\/25\\\/necesita-mexico-la-unidad-nacional-frente-a-la-hostilidad-extranjera-ricardo-monreal\\\/#breadcrumb\"},\"inLanguage\":\"es\",\"potentialAction\":[{\"@type\":\"ReadAction\",\"target\":[\"https:\\\/\\\/elestataldemexico.com\\\/index.php\\\/2026\\\/04\\\/25\\\/necesita-mexico-la-unidad-nacional-frente-a-la-hostilidad-extranjera-ricardo-monreal\\\/\"]}]},{\"@type\":\"ImageObject\",\"inLanguage\":\"es\",\"@id\":\"https:\\\/\\\/elestataldemexico.com\\\/index.php\\\/2026\\\/04\\\/25\\\/necesita-mexico-la-unidad-nacional-frente-a-la-hostilidad-extranjera-ricardo-monreal\\\/#primaryimage\",\"url\":\"https:\\\/\\\/elestataldemexico.com\\\/wp-content\\\/uploads\\\/2026\\\/04\\\/WhatsApp-Image-2026-04-25-at-09.00.08.jpeg\",\"contentUrl\":\"https:\\\/\\\/elestataldemexico.com\\\/wp-content\\\/uploads\\\/2026\\\/04\\\/WhatsApp-Image-2026-04-25-at-09.00.08.jpeg\",\"width\":1160,\"height\":700},{\"@type\":\"BreadcrumbList\",\"@id\":\"https:\\\/\\\/elestataldemexico.com\\\/index.php\\\/2026\\\/04\\\/25\\\/necesita-mexico-la-unidad-nacional-frente-a-la-hostilidad-extranjera-ricardo-monreal\\\/#breadcrumb\",\"itemListElement\":[{\"@type\":\"ListItem\",\"position\":1,\"name\":\"Portada\",\"item\":\"https:\\\/\\\/elestataldemexico.com\\\/\"},{\"@type\":\"ListItem\",\"position\":2,\"name\":\"\u201cNecesita M\u00e9xico la unidad nacional frente a la hostilidad extranjera: Ricardo Monreal\"}]},{\"@type\":\"WebSite\",\"@id\":\"https:\\\/\\\/elestataldemexico.com\\\/#website\",\"url\":\"https:\\\/\\\/elestataldemexico.com\\\/\",\"name\":\"El Estatal de M\u00e9xico\",\"description\":\"\",\"publisher\":{\"@id\":\"https:\\\/\\\/elestataldemexico.com\\\/#organization\"},\"potentialAction\":[{\"@type\":\"SearchAction\",\"target\":{\"@type\":\"EntryPoint\",\"urlTemplate\":\"https:\\\/\\\/elestataldemexico.com\\\/?s={search_term_string}\"},\"query-input\":{\"@type\":\"PropertyValueSpecification\",\"valueRequired\":true,\"valueName\":\"search_term_string\"}}],\"inLanguage\":\"es\"},{\"@type\":\"Organization\",\"@id\":\"https:\\\/\\\/elestataldemexico.com\\\/#organization\",\"name\":\"El Estatal de M\u00e9xico\",\"url\":\"https:\\\/\\\/elestataldemexico.com\\\/\",\"logo\":{\"@type\":\"ImageObject\",\"inLanguage\":\"es\",\"@id\":\"https:\\\/\\\/elestataldemexico.com\\\/#\\\/schema\\\/logo\\\/image\\\/\",\"url\":\"https:\\\/\\\/elestataldemexico.com\\\/wp-content\\\/uploads\\\/2025\\\/05\\\/cropped-elestatal.png\",\"contentUrl\":\"https:\\\/\\\/elestataldemexico.com\\\/wp-content\\\/uploads\\\/2025\\\/05\\\/cropped-elestatal.png\",\"width\":504,\"height\":97,\"caption\":\"El Estatal de M\u00e9xico\"},\"image\":{\"@id\":\"https:\\\/\\\/elestataldemexico.com\\\/#\\\/schema\\\/logo\\\/image\\\/\"}},{\"@type\":\"Person\",\"@id\":\"https:\\\/\\\/elestataldemexico.com\\\/#\\\/schema\\\/person\\\/6c7813c13d2c1571771f592f0fe866bb\",\"name\":\"admin\",\"image\":{\"@type\":\"ImageObject\",\"inLanguage\":\"es\",\"@id\":\"https:\\\/\\\/secure.gravatar.com\\\/avatar\\\/d5ed2db9923a3ad3c0a47f6b3aec7abcb43924b9322251ade16472fc06f7bb5b?s=96&d=mm&r=g\",\"url\":\"https:\\\/\\\/secure.gravatar.com\\\/avatar\\\/d5ed2db9923a3ad3c0a47f6b3aec7abcb43924b9322251ade16472fc06f7bb5b?s=96&d=mm&r=g\",\"contentUrl\":\"https:\\\/\\\/secure.gravatar.com\\\/avatar\\\/d5ed2db9923a3ad3c0a47f6b3aec7abcb43924b9322251ade16472fc06f7bb5b?s=96&d=mm&r=g\",\"caption\":\"admin\"},\"sameAs\":[\"https:\\\/\\\/elestataldemexico.com\"],\"url\":\"https:\\\/\\\/elestataldemexico.com\\\/index.php\\\/author\\\/info_qk62m3p3\\\/\"}]}<\/script>\n<!-- \/ Yoast SEO plugin. -->","yoast_head_json":{"title":"\u201cNecesita M\u00e9xico la unidad nacional frente a la hostilidad extranjera: Ricardo Monreal - El Estatal de M\u00e9xico","robots":{"index":"index","follow":"follow","max-snippet":"max-snippet:-1","max-image-preview":"max-image-preview:large","max-video-preview":"max-video-preview:-1"},"canonical":"https:\/\/elestataldemexico.com\/index.php\/2026\/04\/25\/necesita-mexico-la-unidad-nacional-frente-a-la-hostilidad-extranjera-ricardo-monreal\/","og_locale":"es_ES","og_type":"article","og_title":"\u201cNecesita M\u00e9xico la unidad nacional frente a la hostilidad extranjera: Ricardo Monreal - El Estatal de M\u00e9xico","og_description":"\ud83d\udd38 \u00abNo podemos dividirnos\u201d, se\u00f1al\u00f3 el coordinador del Grupo Parlamentario de Morena y presidente de la Jucopo. #CDMX","og_url":"https:\/\/elestataldemexico.com\/index.php\/2026\/04\/25\/necesita-mexico-la-unidad-nacional-frente-a-la-hostilidad-extranjera-ricardo-monreal\/","og_site_name":"El Estatal de M\u00e9xico","article_published_time":"2026-04-25T13:00:08+00:00","article_modified_time":"2026-04-26T13:31:00+00:00","author":"admin","twitter_card":"summary_large_image","twitter_misc":{"Escrito por":"admin","Tiempo de lectura":"5 minutos"},"schema":{"@context":"https:\/\/schema.org","@graph":[{"@type":"Article","@id":"https:\/\/elestataldemexico.com\/index.php\/2026\/04\/25\/necesita-mexico-la-unidad-nacional-frente-a-la-hostilidad-extranjera-ricardo-monreal\/#article","isPartOf":{"@id":"https:\/\/elestataldemexico.com\/index.php\/2026\/04\/25\/necesita-mexico-la-unidad-nacional-frente-a-la-hostilidad-extranjera-ricardo-monreal\/"},"author":{"name":"admin","@id":"https:\/\/elestataldemexico.com\/#\/schema\/person\/6c7813c13d2c1571771f592f0fe866bb"},"headline":"\u201cNecesita M\u00e9xico la unidad nacional frente a la hostilidad extranjera: Ricardo Monreal","datePublished":"2026-04-25T13:00:08+00:00","dateModified":"2026-04-26T13:31:00+00:00","mainEntityOfPage":{"@id":"https:\/\/elestataldemexico.com\/index.php\/2026\/04\/25\/necesita-mexico-la-unidad-nacional-frente-a-la-hostilidad-extranjera-ricardo-monreal\/"},"wordCount":1098,"commentCount":0,"publisher":{"@id":"https:\/\/elestataldemexico.com\/#organization"},"image":{"@id":"https:\/\/elestataldemexico.com\/index.php\/2026\/04\/25\/necesita-mexico-la-unidad-nacional-frente-a-la-hostilidad-extranjera-ricardo-monreal\/#primaryimage"},"thumbnailUrl":"https:\/\/elestataldemexico.com\/wp-content\/uploads\/2026\/04\/WhatsApp-Image-2026-04-25-at-09.00.08.jpeg","articleSection":["CDMX","Nacional"],"inLanguage":"es","potentialAction":[{"@type":"CommentAction","name":"Comment","target":["https:\/\/elestataldemexico.com\/index.php\/2026\/04\/25\/necesita-mexico-la-unidad-nacional-frente-a-la-hostilidad-extranjera-ricardo-monreal\/#respond"]}]},{"@type":"WebPage","@id":"https:\/\/elestataldemexico.com\/index.php\/2026\/04\/25\/necesita-mexico-la-unidad-nacional-frente-a-la-hostilidad-extranjera-ricardo-monreal\/","url":"https:\/\/elestataldemexico.com\/index.php\/2026\/04\/25\/necesita-mexico-la-unidad-nacional-frente-a-la-hostilidad-extranjera-ricardo-monreal\/","name":"\u201cNecesita M\u00e9xico la unidad nacional frente a la hostilidad extranjera: Ricardo Monreal - El Estatal de M\u00e9xico","isPartOf":{"@id":"https:\/\/elestataldemexico.com\/#website"},"primaryImageOfPage":{"@id":"https:\/\/elestataldemexico.com\/index.php\/2026\/04\/25\/necesita-mexico-la-unidad-nacional-frente-a-la-hostilidad-extranjera-ricardo-monreal\/#primaryimage"},"image":{"@id":"https:\/\/elestataldemexico.com\/index.php\/2026\/04\/25\/necesita-mexico-la-unidad-nacional-frente-a-la-hostilidad-extranjera-ricardo-monreal\/#primaryimage"},"thumbnailUrl":"https:\/\/elestataldemexico.com\/wp-content\/uploads\/2026\/04\/WhatsApp-Image-2026-04-25-at-09.00.08.jpeg","datePublished":"2026-04-25T13:00:08+00:00","dateModified":"2026-04-26T13:31:00+00:00","breadcrumb":{"@id":"https:\/\/elestataldemexico.com\/index.php\/2026\/04\/25\/necesita-mexico-la-unidad-nacional-frente-a-la-hostilidad-extranjera-ricardo-monreal\/#breadcrumb"},"inLanguage":"es","potentialAction":[{"@type":"ReadAction","target":["https:\/\/elestataldemexico.com\/index.php\/2026\/04\/25\/necesita-mexico-la-unidad-nacional-frente-a-la-hostilidad-extranjera-ricardo-monreal\/"]}]},{"@type":"ImageObject","inLanguage":"es","@id":"https:\/\/elestataldemexico.com\/index.php\/2026\/04\/25\/necesita-mexico-la-unidad-nacional-frente-a-la-hostilidad-extranjera-ricardo-monreal\/#primaryimage","url":"https:\/\/elestataldemexico.com\/wp-content\/uploads\/2026\/04\/WhatsApp-Image-2026-04-25-at-09.00.08.jpeg","contentUrl":"https:\/\/elestataldemexico.com\/wp-content\/uploads\/2026\/04\/WhatsApp-Image-2026-04-25-at-09.00.08.jpeg","width":1160,"height":700},{"@type":"BreadcrumbList","@id":"https:\/\/elestataldemexico.com\/index.php\/2026\/04\/25\/necesita-mexico-la-unidad-nacional-frente-a-la-hostilidad-extranjera-ricardo-monreal\/#breadcrumb","itemListElement":[{"@type":"ListItem","position":1,"name":"Portada","item":"https:\/\/elestataldemexico.com\/"},{"@type":"ListItem","position":2,"name":"\u201cNecesita M\u00e9xico la unidad nacional frente a la hostilidad extranjera: Ricardo Monreal"}]},{"@type":"WebSite","@id":"https:\/\/elestataldemexico.com\/#website","url":"https:\/\/elestataldemexico.com\/","name":"El Estatal de M\u00e9xico","description":"","publisher":{"@id":"https:\/\/elestataldemexico.com\/#organization"},"potentialAction":[{"@type":"SearchAction","target":{"@type":"EntryPoint","urlTemplate":"https:\/\/elestataldemexico.com\/?s={search_term_string}"},"query-input":{"@type":"PropertyValueSpecification","valueRequired":true,"valueName":"search_term_string"}}],"inLanguage":"es"},{"@type":"Organization","@id":"https:\/\/elestataldemexico.com\/#organization","name":"El Estatal de M\u00e9xico","url":"https:\/\/elestataldemexico.com\/","logo":{"@type":"ImageObject","inLanguage":"es","@id":"https:\/\/elestataldemexico.com\/#\/schema\/logo\/image\/","url":"https:\/\/elestataldemexico.com\/wp-content\/uploads\/2025\/05\/cropped-elestatal.png","contentUrl":"https:\/\/elestataldemexico.com\/wp-content\/uploads\/2025\/05\/cropped-elestatal.png","width":504,"height":97,"caption":"El Estatal de M\u00e9xico"},"image":{"@id":"https:\/\/elestataldemexico.com\/#\/schema\/logo\/image\/"}},{"@type":"Person","@id":"https:\/\/elestataldemexico.com\/#\/schema\/person\/6c7813c13d2c1571771f592f0fe866bb","name":"admin","image":{"@type":"ImageObject","inLanguage":"es","@id":"https:\/\/secure.gravatar.com\/avatar\/d5ed2db9923a3ad3c0a47f6b3aec7abcb43924b9322251ade16472fc06f7bb5b?s=96&d=mm&r=g","url":"https:\/\/secure.gravatar.com\/avatar\/d5ed2db9923a3ad3c0a47f6b3aec7abcb43924b9322251ade16472fc06f7bb5b?s=96&d=mm&r=g","contentUrl":"https:\/\/secure.gravatar.com\/avatar\/d5ed2db9923a3ad3c0a47f6b3aec7abcb43924b9322251ade16472fc06f7bb5b?s=96&d=mm&r=g","caption":"admin"},"sameAs":["https:\/\/elestataldemexico.com"],"url":"https:\/\/elestataldemexico.com\/index.php\/author\/info_qk62m3p3\/"}]}},"_links":{"self":[{"href":"https:\/\/elestataldemexico.com\/index.php\/wp-json\/wp\/v2\/posts\/42556","targetHints":{"allow":["GET"]}}],"collection":[{"href":"https:\/\/elestataldemexico.com\/index.php\/wp-json\/wp\/v2\/posts"}],"about":[{"href":"https:\/\/elestataldemexico.com\/index.php\/wp-json\/wp\/v2\/types\/post"}],"author":[{"embeddable":true,"href":"https:\/\/elestataldemexico.com\/index.php\/wp-json\/wp\/v2\/users\/1"}],"replies":[{"embeddable":true,"href":"https:\/\/elestataldemexico.com\/index.php\/wp-json\/wp\/v2\/comments?post=42556"}],"version-history":[{"count":1,"href":"https:\/\/elestataldemexico.com\/index.php\/wp-json\/wp\/v2\/posts\/42556\/revisions"}],"predecessor-version":[{"id":42557,"href":"https:\/\/elestataldemexico.com\/index.php\/wp-json\/wp\/v2\/posts\/42556\/revisions\/42557"}],"wp:featuredmedia":[{"embeddable":true,"href":"https:\/\/elestataldemexico.com\/index.php\/wp-json\/wp\/v2\/media\/42558"}],"wp:attachment":[{"href":"https:\/\/elestataldemexico.com\/index.php\/wp-json\/wp\/v2\/media?parent=42556"}],"wp:term":[{"taxonomy":"category","embeddable":true,"href":"https:\/\/elestataldemexico.com\/index.php\/wp-json\/wp\/v2\/categories?post=42556"},{"taxonomy":"post_tag","embeddable":true,"href":"https:\/\/elestataldemexico.com\/index.php\/wp-json\/wp\/v2\/tags?post=42556"}],"curies":[{"name":"wp","href":"https:\/\/api.w.org\/{rel}","templated":true}]}}