{"id":41873,"date":"2026-04-06T13:00:48","date_gmt":"2026-04-06T18:00:48","guid":{"rendered":"https:\/\/elestataldemexico.com\/?p=41873"},"modified":"2026-04-06T11:02:57","modified_gmt":"2026-04-06T16:02:57","slug":"marina-rescata-a-una-persona-en-playa-el-malecon-en-san-felipe-baja-california","status":"publish","type":"post","link":"https:\/\/elestataldemexico.com\/index.php\/2026\/04\/06\/marina-rescata-a-una-persona-en-playa-el-malecon-en-san-felipe-baja-california\/","title":{"rendered":"Marina rescata a una persona en playa El Malec\u00f3n, en San Felipe, Baja California"},"content":{"rendered":"<p>\ud83d\udd38 La Semar detall\u00f3 que, tras el reporte, el personal naval realiz\u00f3 el salvamento y traslad\u00f3 a la persona a un \u00e1rea segura<\/p>\n<p>&nbsp;<\/p>\n<p>#BAJACALIFORNIA | La Secretar\u00eda de Marina (Semar) inform\u00f3 que personal del Sector Naval de San Felipe, en funciones de Guardia Costera, rescat\u00f3 a una persona en la playa El Malec\u00f3n, en San Felipe, Baja California, durante el operativo vacacional \u201cOperaci\u00f3n Salvavidas Semana Santa 2026\u201d.<\/p>\n<p>De acuerdo con la dependencia, la acci\u00f3n se llev\u00f3 a cabo durante recorridos de vigilancia, cuando elementos navales detectaron a una persona con dificultad para salir del mar, por lo que activaron de inmediato los protocolos de auxilio.<\/p>\n<p>La Semar detall\u00f3 que, tras el reporte, el personal naval realiz\u00f3 el rescate y traslad\u00f3 a la persona a un \u00e1rea segura.<\/p>\n<p>&nbsp;<\/p>\n<p>Posteriormente, recibi\u00f3 atenci\u00f3n m\u00e9dica por parte de personal de Sanidad Naval y de brigadas de rescate locales, antes de ser trasladada al Centro de Salud de esa localidad, donde fue reportada estable.<\/p>\n<p>La Secretar\u00eda de Marina puso a disposici\u00f3n de la ciudadan\u00eda, para atenci\u00f3n de emergencias en el mar, el n\u00famero telef\u00f3nico del Sector Naval de San Felipe: 686 577 60 45, as\u00ed como el n\u00famero nacional 800 627 4621 (800 MARINA 1).<\/p>\n<p>La dependencia reiter\u00f3 que, a trav\u00e9s de la Armada de M\u00e9xico y en funciones de Guardia Costera, mantiene acciones para salvaguardar la vida humana en el mar durante el actual periodo vacacional.<\/p>\n","protected":false},"excerpt":{"rendered":"<p>\ud83d\udd38 La Semar detall\u00f3 que, tras el reporte, el personal naval realiz\u00f3 el salvamento y traslad\u00f3 a la<\/p>\n","protected":false},"author":1,"featured_media":41875,"comment_status":"open","ping_status":"closed","sticky":false,"template":"","format":"standard","meta":{"footnotes":""},"categories":[20,7],"tags":[],"class_list":["post-41873","post","type-post","status-publish","format-standard","has-post-thumbnail","hentry","category-baja-california","category-nacional"],"yoast_head":"<!-- This site is optimized with the Yoast SEO plugin v27.4 - https:\/\/yoast.com\/product\/yoast-seo-wordpress\/ -->\n<title>Marina rescata a una persona en playa El Malec\u00f3n, en San Felipe, Baja California - El Estatal de M\u00e9xico<\/title>\n<meta name=\"robots\" content=\"index, follow, max-snippet:-1, max-image-preview:large, max-video-preview:-1\" \/>\n<link rel=\"canonical\" href=\"https:\/\/elestataldemexico.com\/index.php\/2026\/04\/06\/marina-rescata-a-una-persona-en-playa-el-malecon-en-san-felipe-baja-california\/\" \/>\n<meta property=\"og:locale\" content=\"es_ES\" \/>\n<meta property=\"og:type\" content=\"article\" \/>\n<meta property=\"og:title\" content=\"Marina rescata a una persona en playa El Malec\u00f3n, en San Felipe, Baja California - El Estatal de M\u00e9xico\" \/>\n<meta property=\"og:description\" content=\"\ud83d\udd38 La Semar detall\u00f3 que, tras el reporte, el personal naval realiz\u00f3 el salvamento y traslad\u00f3 a la\" \/>\n<meta property=\"og:url\" content=\"https:\/\/elestataldemexico.com\/index.php\/2026\/04\/06\/marina-rescata-a-una-persona-en-playa-el-malecon-en-san-felipe-baja-california\/\" \/>\n<meta property=\"og:site_name\" content=\"El Estatal de M\u00e9xico\" \/>\n<meta property=\"article:published_time\" content=\"2026-04-06T18:00:48+00:00\" \/>\n<meta property=\"og:image\" content=\"https:\/\/elestataldemexico.com\/wp-content\/uploads\/2026\/04\/WhatsApp-Image-2026-04-06-at-10.10.18.jpeg\" \/>\n\t<meta property=\"og:image:width\" content=\"1200\" \/>\n\t<meta property=\"og:image:height\" content=\"740\" \/>\n\t<meta property=\"og:image:type\" content=\"image\/jpeg\" \/>\n<meta name=\"author\" content=\"admin\" \/>\n<meta name=\"twitter:card\" content=\"summary_large_image\" \/>\n<meta name=\"twitter:label1\" content=\"Escrito por\" \/>\n\t<meta name=\"twitter:data1\" content=\"admin\" \/>\n\t<meta name=\"twitter:label2\" content=\"Tiempo de lectura\" \/>\n\t<meta name=\"twitter:data2\" content=\"1 minuto\" \/>\n<script type=\"application\/ld+json\" class=\"yoast-schema-graph\">{\"@context\":\"https:\\\/\\\/schema.org\",\"@graph\":[{\"@type\":\"Article\",\"@id\":\"https:\\\/\\\/elestataldemexico.com\\\/index.php\\\/2026\\\/04\\\/06\\\/marina-rescata-a-una-persona-en-playa-el-malecon-en-san-felipe-baja-california\\\/#article\",\"isPartOf\":{\"@id\":\"https:\\\/\\\/elestataldemexico.com\\\/index.php\\\/2026\\\/04\\\/06\\\/marina-rescata-a-una-persona-en-playa-el-malecon-en-san-felipe-baja-california\\\/\"},\"author\":{\"name\":\"admin\",\"@id\":\"https:\\\/\\\/elestataldemexico.com\\\/#\\\/schema\\\/person\\\/6c7813c13d2c1571771f592f0fe866bb\"},\"headline\":\"Marina rescata a una persona en playa El Malec\u00f3n, en San Felipe, Baja California\",\"datePublished\":\"2026-04-06T18:00:48+00:00\",\"mainEntityOfPage\":{\"@id\":\"https:\\\/\\\/elestataldemexico.com\\\/index.php\\\/2026\\\/04\\\/06\\\/marina-rescata-a-una-persona-en-playa-el-malecon-en-san-felipe-baja-california\\\/\"},\"wordCount\":252,\"commentCount\":0,\"publisher\":{\"@id\":\"https:\\\/\\\/elestataldemexico.com\\\/#organization\"},\"image\":{\"@id\":\"https:\\\/\\\/elestataldemexico.com\\\/index.php\\\/2026\\\/04\\\/06\\\/marina-rescata-a-una-persona-en-playa-el-malecon-en-san-felipe-baja-california\\\/#primaryimage\"},\"thumbnailUrl\":\"https:\\\/\\\/elestataldemexico.com\\\/wp-content\\\/uploads\\\/2026\\\/04\\\/WhatsApp-Image-2026-04-06-at-10.10.18.jpeg\",\"articleSection\":[\"Baja California\",\"Nacional\"],\"inLanguage\":\"es\",\"potentialAction\":[{\"@type\":\"CommentAction\",\"name\":\"Comment\",\"target\":[\"https:\\\/\\\/elestataldemexico.com\\\/index.php\\\/2026\\\/04\\\/06\\\/marina-rescata-a-una-persona-en-playa-el-malecon-en-san-felipe-baja-california\\\/#respond\"]}]},{\"@type\":\"WebPage\",\"@id\":\"https:\\\/\\\/elestataldemexico.com\\\/index.php\\\/2026\\\/04\\\/06\\\/marina-rescata-a-una-persona-en-playa-el-malecon-en-san-felipe-baja-california\\\/\",\"url\":\"https:\\\/\\\/elestataldemexico.com\\\/index.php\\\/2026\\\/04\\\/06\\\/marina-rescata-a-una-persona-en-playa-el-malecon-en-san-felipe-baja-california\\\/\",\"name\":\"Marina rescata a una persona en playa El Malec\u00f3n, en San Felipe, Baja California - El Estatal de M\u00e9xico\",\"isPartOf\":{\"@id\":\"https:\\\/\\\/elestataldemexico.com\\\/#website\"},\"primaryImageOfPage\":{\"@id\":\"https:\\\/\\\/elestataldemexico.com\\\/index.php\\\/2026\\\/04\\\/06\\\/marina-rescata-a-una-persona-en-playa-el-malecon-en-san-felipe-baja-california\\\/#primaryimage\"},\"image\":{\"@id\":\"https:\\\/\\\/elestataldemexico.com\\\/index.php\\\/2026\\\/04\\\/06\\\/marina-rescata-a-una-persona-en-playa-el-malecon-en-san-felipe-baja-california\\\/#primaryimage\"},\"thumbnailUrl\":\"https:\\\/\\\/elestataldemexico.com\\\/wp-content\\\/uploads\\\/2026\\\/04\\\/WhatsApp-Image-2026-04-06-at-10.10.18.jpeg\",\"datePublished\":\"2026-04-06T18:00:48+00:00\",\"breadcrumb\":{\"@id\":\"https:\\\/\\\/elestataldemexico.com\\\/index.php\\\/2026\\\/04\\\/06\\\/marina-rescata-a-una-persona-en-playa-el-malecon-en-san-felipe-baja-california\\\/#breadcrumb\"},\"inLanguage\":\"es\",\"potentialAction\":[{\"@type\":\"ReadAction\",\"target\":[\"https:\\\/\\\/elestataldemexico.com\\\/index.php\\\/2026\\\/04\\\/06\\\/marina-rescata-a-una-persona-en-playa-el-malecon-en-san-felipe-baja-california\\\/\"]}]},{\"@type\":\"ImageObject\",\"inLanguage\":\"es\",\"@id\":\"https:\\\/\\\/elestataldemexico.com\\\/index.php\\\/2026\\\/04\\\/06\\\/marina-rescata-a-una-persona-en-playa-el-malecon-en-san-felipe-baja-california\\\/#primaryimage\",\"url\":\"https:\\\/\\\/elestataldemexico.com\\\/wp-content\\\/uploads\\\/2026\\\/04\\\/WhatsApp-Image-2026-04-06-at-10.10.18.jpeg\",\"contentUrl\":\"https:\\\/\\\/elestataldemexico.com\\\/wp-content\\\/uploads\\\/2026\\\/04\\\/WhatsApp-Image-2026-04-06-at-10.10.18.jpeg\",\"width\":1200,\"height\":740},{\"@type\":\"BreadcrumbList\",\"@id\":\"https:\\\/\\\/elestataldemexico.com\\\/index.php\\\/2026\\\/04\\\/06\\\/marina-rescata-a-una-persona-en-playa-el-malecon-en-san-felipe-baja-california\\\/#breadcrumb\",\"itemListElement\":[{\"@type\":\"ListItem\",\"position\":1,\"name\":\"Portada\",\"item\":\"https:\\\/\\\/elestataldemexico.com\\\/\"},{\"@type\":\"ListItem\",\"position\":2,\"name\":\"Marina rescata a una persona en playa El Malec\u00f3n, en San Felipe, Baja California\"}]},{\"@type\":\"WebSite\",\"@id\":\"https:\\\/\\\/elestataldemexico.com\\\/#website\",\"url\":\"https:\\\/\\\/elestataldemexico.com\\\/\",\"name\":\"El Estatal de M\u00e9xico\",\"description\":\"\",\"publisher\":{\"@id\":\"https:\\\/\\\/elestataldemexico.com\\\/#organization\"},\"potentialAction\":[{\"@type\":\"SearchAction\",\"target\":{\"@type\":\"EntryPoint\",\"urlTemplate\":\"https:\\\/\\\/elestataldemexico.com\\\/?s={search_term_string}\"},\"query-input\":{\"@type\":\"PropertyValueSpecification\",\"valueRequired\":true,\"valueName\":\"search_term_string\"}}],\"inLanguage\":\"es\"},{\"@type\":\"Organization\",\"@id\":\"https:\\\/\\\/elestataldemexico.com\\\/#organization\",\"name\":\"El Estatal de M\u00e9xico\",\"url\":\"https:\\\/\\\/elestataldemexico.com\\\/\",\"logo\":{\"@type\":\"ImageObject\",\"inLanguage\":\"es\",\"@id\":\"https:\\\/\\\/elestataldemexico.com\\\/#\\\/schema\\\/logo\\\/image\\\/\",\"url\":\"https:\\\/\\\/elestataldemexico.com\\\/wp-content\\\/uploads\\\/2025\\\/05\\\/cropped-elestatal.png\",\"contentUrl\":\"https:\\\/\\\/elestataldemexico.com\\\/wp-content\\\/uploads\\\/2025\\\/05\\\/cropped-elestatal.png\",\"width\":504,\"height\":97,\"caption\":\"El Estatal de M\u00e9xico\"},\"image\":{\"@id\":\"https:\\\/\\\/elestataldemexico.com\\\/#\\\/schema\\\/logo\\\/image\\\/\"}},{\"@type\":\"Person\",\"@id\":\"https:\\\/\\\/elestataldemexico.com\\\/#\\\/schema\\\/person\\\/6c7813c13d2c1571771f592f0fe866bb\",\"name\":\"admin\",\"image\":{\"@type\":\"ImageObject\",\"inLanguage\":\"es\",\"@id\":\"https:\\\/\\\/secure.gravatar.com\\\/avatar\\\/d5ed2db9923a3ad3c0a47f6b3aec7abcb43924b9322251ade16472fc06f7bb5b?s=96&d=mm&r=g\",\"url\":\"https:\\\/\\\/secure.gravatar.com\\\/avatar\\\/d5ed2db9923a3ad3c0a47f6b3aec7abcb43924b9322251ade16472fc06f7bb5b?s=96&d=mm&r=g\",\"contentUrl\":\"https:\\\/\\\/secure.gravatar.com\\\/avatar\\\/d5ed2db9923a3ad3c0a47f6b3aec7abcb43924b9322251ade16472fc06f7bb5b?s=96&d=mm&r=g\",\"caption\":\"admin\"},\"sameAs\":[\"https:\\\/\\\/elestataldemexico.com\"],\"url\":\"https:\\\/\\\/elestataldemexico.com\\\/index.php\\\/author\\\/info_qk62m3p3\\\/\"}]}<\/script>\n<!-- \/ Yoast SEO plugin. -->","yoast_head_json":{"title":"Marina rescata a una persona en playa El Malec\u00f3n, en San Felipe, Baja California - El Estatal de M\u00e9xico","robots":{"index":"index","follow":"follow","max-snippet":"max-snippet:-1","max-image-preview":"max-image-preview:large","max-video-preview":"max-video-preview:-1"},"canonical":"https:\/\/elestataldemexico.com\/index.php\/2026\/04\/06\/marina-rescata-a-una-persona-en-playa-el-malecon-en-san-felipe-baja-california\/","og_locale":"es_ES","og_type":"article","og_title":"Marina rescata a una persona en playa El Malec\u00f3n, en San Felipe, Baja California - El Estatal de M\u00e9xico","og_description":"\ud83d\udd38 La Semar detall\u00f3 que, tras el reporte, el personal naval realiz\u00f3 el salvamento y traslad\u00f3 a la","og_url":"https:\/\/elestataldemexico.com\/index.php\/2026\/04\/06\/marina-rescata-a-una-persona-en-playa-el-malecon-en-san-felipe-baja-california\/","og_site_name":"El Estatal de M\u00e9xico","article_published_time":"2026-04-06T18:00:48+00:00","og_image":[{"width":1200,"height":740,"url":"https:\/\/elestataldemexico.com\/wp-content\/uploads\/2026\/04\/WhatsApp-Image-2026-04-06-at-10.10.18.jpeg","type":"image\/jpeg"}],"author":"admin","twitter_card":"summary_large_image","twitter_misc":{"Escrito por":"admin","Tiempo de lectura":"1 minuto"},"schema":{"@context":"https:\/\/schema.org","@graph":[{"@type":"Article","@id":"https:\/\/elestataldemexico.com\/index.php\/2026\/04\/06\/marina-rescata-a-una-persona-en-playa-el-malecon-en-san-felipe-baja-california\/#article","isPartOf":{"@id":"https:\/\/elestataldemexico.com\/index.php\/2026\/04\/06\/marina-rescata-a-una-persona-en-playa-el-malecon-en-san-felipe-baja-california\/"},"author":{"name":"admin","@id":"https:\/\/elestataldemexico.com\/#\/schema\/person\/6c7813c13d2c1571771f592f0fe866bb"},"headline":"Marina rescata a una persona en playa El Malec\u00f3n, en San Felipe, Baja California","datePublished":"2026-04-06T18:00:48+00:00","mainEntityOfPage":{"@id":"https:\/\/elestataldemexico.com\/index.php\/2026\/04\/06\/marina-rescata-a-una-persona-en-playa-el-malecon-en-san-felipe-baja-california\/"},"wordCount":252,"commentCount":0,"publisher":{"@id":"https:\/\/elestataldemexico.com\/#organization"},"image":{"@id":"https:\/\/elestataldemexico.com\/index.php\/2026\/04\/06\/marina-rescata-a-una-persona-en-playa-el-malecon-en-san-felipe-baja-california\/#primaryimage"},"thumbnailUrl":"https:\/\/elestataldemexico.com\/wp-content\/uploads\/2026\/04\/WhatsApp-Image-2026-04-06-at-10.10.18.jpeg","articleSection":["Baja California","Nacional"],"inLanguage":"es","potentialAction":[{"@type":"CommentAction","name":"Comment","target":["https:\/\/elestataldemexico.com\/index.php\/2026\/04\/06\/marina-rescata-a-una-persona-en-playa-el-malecon-en-san-felipe-baja-california\/#respond"]}]},{"@type":"WebPage","@id":"https:\/\/elestataldemexico.com\/index.php\/2026\/04\/06\/marina-rescata-a-una-persona-en-playa-el-malecon-en-san-felipe-baja-california\/","url":"https:\/\/elestataldemexico.com\/index.php\/2026\/04\/06\/marina-rescata-a-una-persona-en-playa-el-malecon-en-san-felipe-baja-california\/","name":"Marina rescata a una persona en playa El Malec\u00f3n, en San Felipe, Baja California - El Estatal de M\u00e9xico","isPartOf":{"@id":"https:\/\/elestataldemexico.com\/#website"},"primaryImageOfPage":{"@id":"https:\/\/elestataldemexico.com\/index.php\/2026\/04\/06\/marina-rescata-a-una-persona-en-playa-el-malecon-en-san-felipe-baja-california\/#primaryimage"},"image":{"@id":"https:\/\/elestataldemexico.com\/index.php\/2026\/04\/06\/marina-rescata-a-una-persona-en-playa-el-malecon-en-san-felipe-baja-california\/#primaryimage"},"thumbnailUrl":"https:\/\/elestataldemexico.com\/wp-content\/uploads\/2026\/04\/WhatsApp-Image-2026-04-06-at-10.10.18.jpeg","datePublished":"2026-04-06T18:00:48+00:00","breadcrumb":{"@id":"https:\/\/elestataldemexico.com\/index.php\/2026\/04\/06\/marina-rescata-a-una-persona-en-playa-el-malecon-en-san-felipe-baja-california\/#breadcrumb"},"inLanguage":"es","potentialAction":[{"@type":"ReadAction","target":["https:\/\/elestataldemexico.com\/index.php\/2026\/04\/06\/marina-rescata-a-una-persona-en-playa-el-malecon-en-san-felipe-baja-california\/"]}]},{"@type":"ImageObject","inLanguage":"es","@id":"https:\/\/elestataldemexico.com\/index.php\/2026\/04\/06\/marina-rescata-a-una-persona-en-playa-el-malecon-en-san-felipe-baja-california\/#primaryimage","url":"https:\/\/elestataldemexico.com\/wp-content\/uploads\/2026\/04\/WhatsApp-Image-2026-04-06-at-10.10.18.jpeg","contentUrl":"https:\/\/elestataldemexico.com\/wp-content\/uploads\/2026\/04\/WhatsApp-Image-2026-04-06-at-10.10.18.jpeg","width":1200,"height":740},{"@type":"BreadcrumbList","@id":"https:\/\/elestataldemexico.com\/index.php\/2026\/04\/06\/marina-rescata-a-una-persona-en-playa-el-malecon-en-san-felipe-baja-california\/#breadcrumb","itemListElement":[{"@type":"ListItem","position":1,"name":"Portada","item":"https:\/\/elestataldemexico.com\/"},{"@type":"ListItem","position":2,"name":"Marina rescata a una persona en playa El Malec\u00f3n, en San Felipe, Baja California"}]},{"@type":"WebSite","@id":"https:\/\/elestataldemexico.com\/#website","url":"https:\/\/elestataldemexico.com\/","name":"El Estatal de M\u00e9xico","description":"","publisher":{"@id":"https:\/\/elestataldemexico.com\/#organization"},"potentialAction":[{"@type":"SearchAction","target":{"@type":"EntryPoint","urlTemplate":"https:\/\/elestataldemexico.com\/?s={search_term_string}"},"query-input":{"@type":"PropertyValueSpecification","valueRequired":true,"valueName":"search_term_string"}}],"inLanguage":"es"},{"@type":"Organization","@id":"https:\/\/elestataldemexico.com\/#organization","name":"El Estatal de M\u00e9xico","url":"https:\/\/elestataldemexico.com\/","logo":{"@type":"ImageObject","inLanguage":"es","@id":"https:\/\/elestataldemexico.com\/#\/schema\/logo\/image\/","url":"https:\/\/elestataldemexico.com\/wp-content\/uploads\/2025\/05\/cropped-elestatal.png","contentUrl":"https:\/\/elestataldemexico.com\/wp-content\/uploads\/2025\/05\/cropped-elestatal.png","width":504,"height":97,"caption":"El Estatal de M\u00e9xico"},"image":{"@id":"https:\/\/elestataldemexico.com\/#\/schema\/logo\/image\/"}},{"@type":"Person","@id":"https:\/\/elestataldemexico.com\/#\/schema\/person\/6c7813c13d2c1571771f592f0fe866bb","name":"admin","image":{"@type":"ImageObject","inLanguage":"es","@id":"https:\/\/secure.gravatar.com\/avatar\/d5ed2db9923a3ad3c0a47f6b3aec7abcb43924b9322251ade16472fc06f7bb5b?s=96&d=mm&r=g","url":"https:\/\/secure.gravatar.com\/avatar\/d5ed2db9923a3ad3c0a47f6b3aec7abcb43924b9322251ade16472fc06f7bb5b?s=96&d=mm&r=g","contentUrl":"https:\/\/secure.gravatar.com\/avatar\/d5ed2db9923a3ad3c0a47f6b3aec7abcb43924b9322251ade16472fc06f7bb5b?s=96&d=mm&r=g","caption":"admin"},"sameAs":["https:\/\/elestataldemexico.com"],"url":"https:\/\/elestataldemexico.com\/index.php\/author\/info_qk62m3p3\/"}]}},"_links":{"self":[{"href":"https:\/\/elestataldemexico.com\/index.php\/wp-json\/wp\/v2\/posts\/41873","targetHints":{"allow":["GET"]}}],"collection":[{"href":"https:\/\/elestataldemexico.com\/index.php\/wp-json\/wp\/v2\/posts"}],"about":[{"href":"https:\/\/elestataldemexico.com\/index.php\/wp-json\/wp\/v2\/types\/post"}],"author":[{"embeddable":true,"href":"https:\/\/elestataldemexico.com\/index.php\/wp-json\/wp\/v2\/users\/1"}],"replies":[{"embeddable":true,"href":"https:\/\/elestataldemexico.com\/index.php\/wp-json\/wp\/v2\/comments?post=41873"}],"version-history":[{"count":1,"href":"https:\/\/elestataldemexico.com\/index.php\/wp-json\/wp\/v2\/posts\/41873\/revisions"}],"predecessor-version":[{"id":41874,"href":"https:\/\/elestataldemexico.com\/index.php\/wp-json\/wp\/v2\/posts\/41873\/revisions\/41874"}],"wp:featuredmedia":[{"embeddable":true,"href":"https:\/\/elestataldemexico.com\/index.php\/wp-json\/wp\/v2\/media\/41875"}],"wp:attachment":[{"href":"https:\/\/elestataldemexico.com\/index.php\/wp-json\/wp\/v2\/media?parent=41873"}],"wp:term":[{"taxonomy":"category","embeddable":true,"href":"https:\/\/elestataldemexico.com\/index.php\/wp-json\/wp\/v2\/categories?post=41873"},{"taxonomy":"post_tag","embeddable":true,"href":"https:\/\/elestataldemexico.com\/index.php\/wp-json\/wp\/v2\/tags?post=41873"}],"curies":[{"name":"wp","href":"https:\/\/api.w.org\/{rel}","templated":true}]}}