{"id":41870,"date":"2026-04-06T12:00:45","date_gmt":"2026-04-06T17:00:45","guid":{"rendered":"https:\/\/elestataldemexico.com\/?p=41870"},"modified":"2026-04-06T10:47:08","modified_gmt":"2026-04-06T15:47:08","slug":"indignacion-en-mexico-por-sentencias-minimas-a-responsables-del-fallecimiento-de-una-menor-de-edad","status":"publish","type":"post","link":"https:\/\/elestataldemexico.com\/index.php\/2026\/04\/06\/indignacion-en-mexico-por-sentencias-minimas-a-responsables-del-fallecimiento-de-una-menor-de-edad\/","title":{"rendered":"Indignaci\u00f3n en M\u00e9xico por sentencias m\u00ednimas a responsables del fallecimiento de una menor de edad"},"content":{"rendered":"<p>\ud83d\udd38 La justicia para adolescentes impuso penas de 2 a\u00f1os 10 meses y 11 meses a las menores que ultimaron a Leyla Monserrat, de 15 a\u00f1os, y fij\u00f3 una reparaci\u00f3n econ\u00f3mica de apenas 5 mil 677 pesos, insuficiente para cubrir los gastos funerarios<\/p>\n<p>#SONORA | La muerte de Leyla Monserrat, una adolescente de 15 a\u00f1os, gener\u00f3 indignaci\u00f3n en M\u00e9xico tras conocerse que sus agresoras \u2014dos menores presuntamente amigas de la v\u00edctima\u2014 recibieron penas m\u00ednimas tras planear y ejecutar el feminicidio, grabado en video. La joven fue citada el 25 de septiembre de 2025 por Britany Michel (15 a\u00f1os) y Monserrat (13 a\u00f1os) bajo enga\u00f1os a una vivienda en el ejido El Desierto, municipio de General Plutarco El\u00edas Calles, donde fue atada, vendada y estrangulada mientras una de las menores registraba el crimen con un tel\u00e9fono m\u00f3vil.<\/p>\n<p>El cuerpo fue enterrado en el patio de una de las agresoras y hallado una semana despu\u00e9s, obligando a sellar el ata\u00fad e impidiendo que la madre de Leyla se despidiera de su hija. La causa de muerte fue asfixia mec\u00e1nica.<\/p>\n<p>El juzgado del Sistema Integral de Justicia Penal para Adolescentes determin\u00f3 2 a\u00f1os y 10 meses de internamiento para Britany Michel y 11 meses de libertad asistida para Monserrat, adem\u00e1s de una reparaci\u00f3n econ\u00f3mica de 5 mil 677 pesos, insuficiente frente a los gastos funerarios que superaron los 30.000 pesos.<\/p>\n<p>La madre de la v\u00edctima, Carmen Ang\u00e9lica Becerra, anunci\u00f3 que apelar\u00e1 la sentencia y cuestion\u00f3 la brecha entre la gravedad del crimen y la sanci\u00f3n legal: \u201cLos adolescentes deben ser castigados como actuaron, si actuaron como grandes lo m\u00ednimo es que se les d\u00e9 lo justo por el da\u00f1o tan grande que causaron\u201d.<\/p>\n<p>El caso desat\u00f3 protestas y una ola de indignaci\u00f3n en redes sociales, mientras colectivos y ciudadanos demandan mayor justicia y penas proporcionales a la violencia cometida contra menores.<\/p>\n","protected":false},"excerpt":{"rendered":"<p>\ud83d\udd38 La justicia para adolescentes impuso penas de 2 a\u00f1os 10 meses y 11 meses a las menores<\/p>\n","protected":false},"author":1,"featured_media":41872,"comment_status":"open","ping_status":"closed","sticky":false,"template":"","format":"standard","meta":{"footnotes":""},"categories":[7,42],"tags":[],"class_list":["post-41870","post","type-post","status-publish","format-standard","has-post-thumbnail","hentry","category-nacional","category-sonora"],"yoast_head":"<!-- This site is optimized with the Yoast SEO plugin v27.4 - https:\/\/yoast.com\/product\/yoast-seo-wordpress\/ -->\n<title>Indignaci\u00f3n en M\u00e9xico por sentencias m\u00ednimas a responsables del fallecimiento de una menor de edad - El Estatal de M\u00e9xico<\/title>\n<meta name=\"robots\" content=\"index, follow, max-snippet:-1, max-image-preview:large, max-video-preview:-1\" \/>\n<link rel=\"canonical\" href=\"https:\/\/elestataldemexico.com\/index.php\/2026\/04\/06\/indignacion-en-mexico-por-sentencias-minimas-a-responsables-del-fallecimiento-de-una-menor-de-edad\/\" \/>\n<meta property=\"og:locale\" content=\"es_ES\" \/>\n<meta property=\"og:type\" content=\"article\" \/>\n<meta property=\"og:title\" content=\"Indignaci\u00f3n en M\u00e9xico por sentencias m\u00ednimas a responsables del fallecimiento de una menor de edad - El Estatal de M\u00e9xico\" \/>\n<meta property=\"og:description\" content=\"\ud83d\udd38 La justicia para adolescentes impuso penas de 2 a\u00f1os 10 meses y 11 meses a las menores\" \/>\n<meta property=\"og:url\" content=\"https:\/\/elestataldemexico.com\/index.php\/2026\/04\/06\/indignacion-en-mexico-por-sentencias-minimas-a-responsables-del-fallecimiento-de-una-menor-de-edad\/\" \/>\n<meta property=\"og:site_name\" content=\"El Estatal de M\u00e9xico\" \/>\n<meta property=\"article:published_time\" content=\"2026-04-06T17:00:45+00:00\" \/>\n<meta property=\"og:image\" content=\"https:\/\/elestataldemexico.com\/wp-content\/uploads\/2026\/04\/WhatsApp-Image-2026-04-06-at-09.48.35.jpeg\" \/>\n\t<meta property=\"og:image:width\" content=\"992\" \/>\n\t<meta property=\"og:image:height\" content=\"558\" \/>\n\t<meta property=\"og:image:type\" content=\"image\/jpeg\" \/>\n<meta name=\"author\" content=\"admin\" \/>\n<meta name=\"twitter:card\" content=\"summary_large_image\" \/>\n<meta name=\"twitter:label1\" content=\"Escrito por\" \/>\n\t<meta name=\"twitter:data1\" content=\"admin\" \/>\n\t<meta name=\"twitter:label2\" content=\"Tiempo de lectura\" \/>\n\t<meta name=\"twitter:data2\" content=\"2 minutos\" \/>\n<script type=\"application\/ld+json\" class=\"yoast-schema-graph\">{\"@context\":\"https:\\\/\\\/schema.org\",\"@graph\":[{\"@type\":\"Article\",\"@id\":\"https:\\\/\\\/elestataldemexico.com\\\/index.php\\\/2026\\\/04\\\/06\\\/indignacion-en-mexico-por-sentencias-minimas-a-responsables-del-fallecimiento-de-una-menor-de-edad\\\/#article\",\"isPartOf\":{\"@id\":\"https:\\\/\\\/elestataldemexico.com\\\/index.php\\\/2026\\\/04\\\/06\\\/indignacion-en-mexico-por-sentencias-minimas-a-responsables-del-fallecimiento-de-una-menor-de-edad\\\/\"},\"author\":{\"name\":\"admin\",\"@id\":\"https:\\\/\\\/elestataldemexico.com\\\/#\\\/schema\\\/person\\\/6c7813c13d2c1571771f592f0fe866bb\"},\"headline\":\"Indignaci\u00f3n en M\u00e9xico por sentencias m\u00ednimas a responsables del fallecimiento de una menor de edad\",\"datePublished\":\"2026-04-06T17:00:45+00:00\",\"mainEntityOfPage\":{\"@id\":\"https:\\\/\\\/elestataldemexico.com\\\/index.php\\\/2026\\\/04\\\/06\\\/indignacion-en-mexico-por-sentencias-minimas-a-responsables-del-fallecimiento-de-una-menor-de-edad\\\/\"},\"wordCount\":335,\"commentCount\":0,\"publisher\":{\"@id\":\"https:\\\/\\\/elestataldemexico.com\\\/#organization\"},\"image\":{\"@id\":\"https:\\\/\\\/elestataldemexico.com\\\/index.php\\\/2026\\\/04\\\/06\\\/indignacion-en-mexico-por-sentencias-minimas-a-responsables-del-fallecimiento-de-una-menor-de-edad\\\/#primaryimage\"},\"thumbnailUrl\":\"https:\\\/\\\/elestataldemexico.com\\\/wp-content\\\/uploads\\\/2026\\\/04\\\/WhatsApp-Image-2026-04-06-at-09.48.35.jpeg\",\"articleSection\":[\"Nacional\",\"SONORA\"],\"inLanguage\":\"es\",\"potentialAction\":[{\"@type\":\"CommentAction\",\"name\":\"Comment\",\"target\":[\"https:\\\/\\\/elestataldemexico.com\\\/index.php\\\/2026\\\/04\\\/06\\\/indignacion-en-mexico-por-sentencias-minimas-a-responsables-del-fallecimiento-de-una-menor-de-edad\\\/#respond\"]}]},{\"@type\":\"WebPage\",\"@id\":\"https:\\\/\\\/elestataldemexico.com\\\/index.php\\\/2026\\\/04\\\/06\\\/indignacion-en-mexico-por-sentencias-minimas-a-responsables-del-fallecimiento-de-una-menor-de-edad\\\/\",\"url\":\"https:\\\/\\\/elestataldemexico.com\\\/index.php\\\/2026\\\/04\\\/06\\\/indignacion-en-mexico-por-sentencias-minimas-a-responsables-del-fallecimiento-de-una-menor-de-edad\\\/\",\"name\":\"Indignaci\u00f3n en M\u00e9xico por sentencias m\u00ednimas a responsables del fallecimiento de una menor de edad - El Estatal de M\u00e9xico\",\"isPartOf\":{\"@id\":\"https:\\\/\\\/elestataldemexico.com\\\/#website\"},\"primaryImageOfPage\":{\"@id\":\"https:\\\/\\\/elestataldemexico.com\\\/index.php\\\/2026\\\/04\\\/06\\\/indignacion-en-mexico-por-sentencias-minimas-a-responsables-del-fallecimiento-de-una-menor-de-edad\\\/#primaryimage\"},\"image\":{\"@id\":\"https:\\\/\\\/elestataldemexico.com\\\/index.php\\\/2026\\\/04\\\/06\\\/indignacion-en-mexico-por-sentencias-minimas-a-responsables-del-fallecimiento-de-una-menor-de-edad\\\/#primaryimage\"},\"thumbnailUrl\":\"https:\\\/\\\/elestataldemexico.com\\\/wp-content\\\/uploads\\\/2026\\\/04\\\/WhatsApp-Image-2026-04-06-at-09.48.35.jpeg\",\"datePublished\":\"2026-04-06T17:00:45+00:00\",\"breadcrumb\":{\"@id\":\"https:\\\/\\\/elestataldemexico.com\\\/index.php\\\/2026\\\/04\\\/06\\\/indignacion-en-mexico-por-sentencias-minimas-a-responsables-del-fallecimiento-de-una-menor-de-edad\\\/#breadcrumb\"},\"inLanguage\":\"es\",\"potentialAction\":[{\"@type\":\"ReadAction\",\"target\":[\"https:\\\/\\\/elestataldemexico.com\\\/index.php\\\/2026\\\/04\\\/06\\\/indignacion-en-mexico-por-sentencias-minimas-a-responsables-del-fallecimiento-de-una-menor-de-edad\\\/\"]}]},{\"@type\":\"ImageObject\",\"inLanguage\":\"es\",\"@id\":\"https:\\\/\\\/elestataldemexico.com\\\/index.php\\\/2026\\\/04\\\/06\\\/indignacion-en-mexico-por-sentencias-minimas-a-responsables-del-fallecimiento-de-una-menor-de-edad\\\/#primaryimage\",\"url\":\"https:\\\/\\\/elestataldemexico.com\\\/wp-content\\\/uploads\\\/2026\\\/04\\\/WhatsApp-Image-2026-04-06-at-09.48.35.jpeg\",\"contentUrl\":\"https:\\\/\\\/elestataldemexico.com\\\/wp-content\\\/uploads\\\/2026\\\/04\\\/WhatsApp-Image-2026-04-06-at-09.48.35.jpeg\",\"width\":992,\"height\":558},{\"@type\":\"BreadcrumbList\",\"@id\":\"https:\\\/\\\/elestataldemexico.com\\\/index.php\\\/2026\\\/04\\\/06\\\/indignacion-en-mexico-por-sentencias-minimas-a-responsables-del-fallecimiento-de-una-menor-de-edad\\\/#breadcrumb\",\"itemListElement\":[{\"@type\":\"ListItem\",\"position\":1,\"name\":\"Portada\",\"item\":\"https:\\\/\\\/elestataldemexico.com\\\/\"},{\"@type\":\"ListItem\",\"position\":2,\"name\":\"Indignaci\u00f3n en M\u00e9xico por sentencias m\u00ednimas a responsables del fallecimiento de una menor de edad\"}]},{\"@type\":\"WebSite\",\"@id\":\"https:\\\/\\\/elestataldemexico.com\\\/#website\",\"url\":\"https:\\\/\\\/elestataldemexico.com\\\/\",\"name\":\"El Estatal de M\u00e9xico\",\"description\":\"\",\"publisher\":{\"@id\":\"https:\\\/\\\/elestataldemexico.com\\\/#organization\"},\"potentialAction\":[{\"@type\":\"SearchAction\",\"target\":{\"@type\":\"EntryPoint\",\"urlTemplate\":\"https:\\\/\\\/elestataldemexico.com\\\/?s={search_term_string}\"},\"query-input\":{\"@type\":\"PropertyValueSpecification\",\"valueRequired\":true,\"valueName\":\"search_term_string\"}}],\"inLanguage\":\"es\"},{\"@type\":\"Organization\",\"@id\":\"https:\\\/\\\/elestataldemexico.com\\\/#organization\",\"name\":\"El Estatal de M\u00e9xico\",\"url\":\"https:\\\/\\\/elestataldemexico.com\\\/\",\"logo\":{\"@type\":\"ImageObject\",\"inLanguage\":\"es\",\"@id\":\"https:\\\/\\\/elestataldemexico.com\\\/#\\\/schema\\\/logo\\\/image\\\/\",\"url\":\"https:\\\/\\\/elestataldemexico.com\\\/wp-content\\\/uploads\\\/2025\\\/05\\\/cropped-elestatal.png\",\"contentUrl\":\"https:\\\/\\\/elestataldemexico.com\\\/wp-content\\\/uploads\\\/2025\\\/05\\\/cropped-elestatal.png\",\"width\":504,\"height\":97,\"caption\":\"El Estatal de M\u00e9xico\"},\"image\":{\"@id\":\"https:\\\/\\\/elestataldemexico.com\\\/#\\\/schema\\\/logo\\\/image\\\/\"}},{\"@type\":\"Person\",\"@id\":\"https:\\\/\\\/elestataldemexico.com\\\/#\\\/schema\\\/person\\\/6c7813c13d2c1571771f592f0fe866bb\",\"name\":\"admin\",\"image\":{\"@type\":\"ImageObject\",\"inLanguage\":\"es\",\"@id\":\"https:\\\/\\\/secure.gravatar.com\\\/avatar\\\/d5ed2db9923a3ad3c0a47f6b3aec7abcb43924b9322251ade16472fc06f7bb5b?s=96&d=mm&r=g\",\"url\":\"https:\\\/\\\/secure.gravatar.com\\\/avatar\\\/d5ed2db9923a3ad3c0a47f6b3aec7abcb43924b9322251ade16472fc06f7bb5b?s=96&d=mm&r=g\",\"contentUrl\":\"https:\\\/\\\/secure.gravatar.com\\\/avatar\\\/d5ed2db9923a3ad3c0a47f6b3aec7abcb43924b9322251ade16472fc06f7bb5b?s=96&d=mm&r=g\",\"caption\":\"admin\"},\"sameAs\":[\"https:\\\/\\\/elestataldemexico.com\"],\"url\":\"https:\\\/\\\/elestataldemexico.com\\\/index.php\\\/author\\\/info_qk62m3p3\\\/\"}]}<\/script>\n<!-- \/ Yoast SEO plugin. -->","yoast_head_json":{"title":"Indignaci\u00f3n en M\u00e9xico por sentencias m\u00ednimas a responsables del fallecimiento de una menor de edad - El Estatal de M\u00e9xico","robots":{"index":"index","follow":"follow","max-snippet":"max-snippet:-1","max-image-preview":"max-image-preview:large","max-video-preview":"max-video-preview:-1"},"canonical":"https:\/\/elestataldemexico.com\/index.php\/2026\/04\/06\/indignacion-en-mexico-por-sentencias-minimas-a-responsables-del-fallecimiento-de-una-menor-de-edad\/","og_locale":"es_ES","og_type":"article","og_title":"Indignaci\u00f3n en M\u00e9xico por sentencias m\u00ednimas a responsables del fallecimiento de una menor de edad - El Estatal de M\u00e9xico","og_description":"\ud83d\udd38 La justicia para adolescentes impuso penas de 2 a\u00f1os 10 meses y 11 meses a las menores","og_url":"https:\/\/elestataldemexico.com\/index.php\/2026\/04\/06\/indignacion-en-mexico-por-sentencias-minimas-a-responsables-del-fallecimiento-de-una-menor-de-edad\/","og_site_name":"El Estatal de M\u00e9xico","article_published_time":"2026-04-06T17:00:45+00:00","og_image":[{"width":992,"height":558,"url":"https:\/\/elestataldemexico.com\/wp-content\/uploads\/2026\/04\/WhatsApp-Image-2026-04-06-at-09.48.35.jpeg","type":"image\/jpeg"}],"author":"admin","twitter_card":"summary_large_image","twitter_misc":{"Escrito por":"admin","Tiempo de lectura":"2 minutos"},"schema":{"@context":"https:\/\/schema.org","@graph":[{"@type":"Article","@id":"https:\/\/elestataldemexico.com\/index.php\/2026\/04\/06\/indignacion-en-mexico-por-sentencias-minimas-a-responsables-del-fallecimiento-de-una-menor-de-edad\/#article","isPartOf":{"@id":"https:\/\/elestataldemexico.com\/index.php\/2026\/04\/06\/indignacion-en-mexico-por-sentencias-minimas-a-responsables-del-fallecimiento-de-una-menor-de-edad\/"},"author":{"name":"admin","@id":"https:\/\/elestataldemexico.com\/#\/schema\/person\/6c7813c13d2c1571771f592f0fe866bb"},"headline":"Indignaci\u00f3n en M\u00e9xico por sentencias m\u00ednimas a responsables del fallecimiento de una menor de edad","datePublished":"2026-04-06T17:00:45+00:00","mainEntityOfPage":{"@id":"https:\/\/elestataldemexico.com\/index.php\/2026\/04\/06\/indignacion-en-mexico-por-sentencias-minimas-a-responsables-del-fallecimiento-de-una-menor-de-edad\/"},"wordCount":335,"commentCount":0,"publisher":{"@id":"https:\/\/elestataldemexico.com\/#organization"},"image":{"@id":"https:\/\/elestataldemexico.com\/index.php\/2026\/04\/06\/indignacion-en-mexico-por-sentencias-minimas-a-responsables-del-fallecimiento-de-una-menor-de-edad\/#primaryimage"},"thumbnailUrl":"https:\/\/elestataldemexico.com\/wp-content\/uploads\/2026\/04\/WhatsApp-Image-2026-04-06-at-09.48.35.jpeg","articleSection":["Nacional","SONORA"],"inLanguage":"es","potentialAction":[{"@type":"CommentAction","name":"Comment","target":["https:\/\/elestataldemexico.com\/index.php\/2026\/04\/06\/indignacion-en-mexico-por-sentencias-minimas-a-responsables-del-fallecimiento-de-una-menor-de-edad\/#respond"]}]},{"@type":"WebPage","@id":"https:\/\/elestataldemexico.com\/index.php\/2026\/04\/06\/indignacion-en-mexico-por-sentencias-minimas-a-responsables-del-fallecimiento-de-una-menor-de-edad\/","url":"https:\/\/elestataldemexico.com\/index.php\/2026\/04\/06\/indignacion-en-mexico-por-sentencias-minimas-a-responsables-del-fallecimiento-de-una-menor-de-edad\/","name":"Indignaci\u00f3n en M\u00e9xico por sentencias m\u00ednimas a responsables del fallecimiento de una menor de edad - El Estatal de M\u00e9xico","isPartOf":{"@id":"https:\/\/elestataldemexico.com\/#website"},"primaryImageOfPage":{"@id":"https:\/\/elestataldemexico.com\/index.php\/2026\/04\/06\/indignacion-en-mexico-por-sentencias-minimas-a-responsables-del-fallecimiento-de-una-menor-de-edad\/#primaryimage"},"image":{"@id":"https:\/\/elestataldemexico.com\/index.php\/2026\/04\/06\/indignacion-en-mexico-por-sentencias-minimas-a-responsables-del-fallecimiento-de-una-menor-de-edad\/#primaryimage"},"thumbnailUrl":"https:\/\/elestataldemexico.com\/wp-content\/uploads\/2026\/04\/WhatsApp-Image-2026-04-06-at-09.48.35.jpeg","datePublished":"2026-04-06T17:00:45+00:00","breadcrumb":{"@id":"https:\/\/elestataldemexico.com\/index.php\/2026\/04\/06\/indignacion-en-mexico-por-sentencias-minimas-a-responsables-del-fallecimiento-de-una-menor-de-edad\/#breadcrumb"},"inLanguage":"es","potentialAction":[{"@type":"ReadAction","target":["https:\/\/elestataldemexico.com\/index.php\/2026\/04\/06\/indignacion-en-mexico-por-sentencias-minimas-a-responsables-del-fallecimiento-de-una-menor-de-edad\/"]}]},{"@type":"ImageObject","inLanguage":"es","@id":"https:\/\/elestataldemexico.com\/index.php\/2026\/04\/06\/indignacion-en-mexico-por-sentencias-minimas-a-responsables-del-fallecimiento-de-una-menor-de-edad\/#primaryimage","url":"https:\/\/elestataldemexico.com\/wp-content\/uploads\/2026\/04\/WhatsApp-Image-2026-04-06-at-09.48.35.jpeg","contentUrl":"https:\/\/elestataldemexico.com\/wp-content\/uploads\/2026\/04\/WhatsApp-Image-2026-04-06-at-09.48.35.jpeg","width":992,"height":558},{"@type":"BreadcrumbList","@id":"https:\/\/elestataldemexico.com\/index.php\/2026\/04\/06\/indignacion-en-mexico-por-sentencias-minimas-a-responsables-del-fallecimiento-de-una-menor-de-edad\/#breadcrumb","itemListElement":[{"@type":"ListItem","position":1,"name":"Portada","item":"https:\/\/elestataldemexico.com\/"},{"@type":"ListItem","position":2,"name":"Indignaci\u00f3n en M\u00e9xico por sentencias m\u00ednimas a responsables del fallecimiento de una menor de edad"}]},{"@type":"WebSite","@id":"https:\/\/elestataldemexico.com\/#website","url":"https:\/\/elestataldemexico.com\/","name":"El Estatal de M\u00e9xico","description":"","publisher":{"@id":"https:\/\/elestataldemexico.com\/#organization"},"potentialAction":[{"@type":"SearchAction","target":{"@type":"EntryPoint","urlTemplate":"https:\/\/elestataldemexico.com\/?s={search_term_string}"},"query-input":{"@type":"PropertyValueSpecification","valueRequired":true,"valueName":"search_term_string"}}],"inLanguage":"es"},{"@type":"Organization","@id":"https:\/\/elestataldemexico.com\/#organization","name":"El Estatal de M\u00e9xico","url":"https:\/\/elestataldemexico.com\/","logo":{"@type":"ImageObject","inLanguage":"es","@id":"https:\/\/elestataldemexico.com\/#\/schema\/logo\/image\/","url":"https:\/\/elestataldemexico.com\/wp-content\/uploads\/2025\/05\/cropped-elestatal.png","contentUrl":"https:\/\/elestataldemexico.com\/wp-content\/uploads\/2025\/05\/cropped-elestatal.png","width":504,"height":97,"caption":"El Estatal de M\u00e9xico"},"image":{"@id":"https:\/\/elestataldemexico.com\/#\/schema\/logo\/image\/"}},{"@type":"Person","@id":"https:\/\/elestataldemexico.com\/#\/schema\/person\/6c7813c13d2c1571771f592f0fe866bb","name":"admin","image":{"@type":"ImageObject","inLanguage":"es","@id":"https:\/\/secure.gravatar.com\/avatar\/d5ed2db9923a3ad3c0a47f6b3aec7abcb43924b9322251ade16472fc06f7bb5b?s=96&d=mm&r=g","url":"https:\/\/secure.gravatar.com\/avatar\/d5ed2db9923a3ad3c0a47f6b3aec7abcb43924b9322251ade16472fc06f7bb5b?s=96&d=mm&r=g","contentUrl":"https:\/\/secure.gravatar.com\/avatar\/d5ed2db9923a3ad3c0a47f6b3aec7abcb43924b9322251ade16472fc06f7bb5b?s=96&d=mm&r=g","caption":"admin"},"sameAs":["https:\/\/elestataldemexico.com"],"url":"https:\/\/elestataldemexico.com\/index.php\/author\/info_qk62m3p3\/"}]}},"_links":{"self":[{"href":"https:\/\/elestataldemexico.com\/index.php\/wp-json\/wp\/v2\/posts\/41870","targetHints":{"allow":["GET"]}}],"collection":[{"href":"https:\/\/elestataldemexico.com\/index.php\/wp-json\/wp\/v2\/posts"}],"about":[{"href":"https:\/\/elestataldemexico.com\/index.php\/wp-json\/wp\/v2\/types\/post"}],"author":[{"embeddable":true,"href":"https:\/\/elestataldemexico.com\/index.php\/wp-json\/wp\/v2\/users\/1"}],"replies":[{"embeddable":true,"href":"https:\/\/elestataldemexico.com\/index.php\/wp-json\/wp\/v2\/comments?post=41870"}],"version-history":[{"count":1,"href":"https:\/\/elestataldemexico.com\/index.php\/wp-json\/wp\/v2\/posts\/41870\/revisions"}],"predecessor-version":[{"id":41871,"href":"https:\/\/elestataldemexico.com\/index.php\/wp-json\/wp\/v2\/posts\/41870\/revisions\/41871"}],"wp:featuredmedia":[{"embeddable":true,"href":"https:\/\/elestataldemexico.com\/index.php\/wp-json\/wp\/v2\/media\/41872"}],"wp:attachment":[{"href":"https:\/\/elestataldemexico.com\/index.php\/wp-json\/wp\/v2\/media?parent=41870"}],"wp:term":[{"taxonomy":"category","embeddable":true,"href":"https:\/\/elestataldemexico.com\/index.php\/wp-json\/wp\/v2\/categories?post=41870"},{"taxonomy":"post_tag","embeddable":true,"href":"https:\/\/elestataldemexico.com\/index.php\/wp-json\/wp\/v2\/tags?post=41870"}],"curies":[{"name":"wp","href":"https:\/\/api.w.org\/{rel}","templated":true}]}}