{"id":40246,"date":"2026-02-17T13:00:08","date_gmt":"2026-02-17T18:00:08","guid":{"rendered":"https:\/\/elestataldemexico.com\/?p=40246"},"modified":"2026-02-19T09:07:29","modified_gmt":"2026-02-19T14:07:29","slug":"carlos-alonso-seguira-al-frente-de-fuerza-regia-femenil-asi-sera-el-calendario-para-la-temporada-2026","status":"publish","type":"post","link":"https:\/\/elestataldemexico.com\/index.php\/2026\/02\/17\/carlos-alonso-seguira-al-frente-de-fuerza-regia-femenil-asi-sera-el-calendario-para-la-temporada-2026\/","title":{"rendered":"Carlos Alonso seguir\u00e1 al frente de Fuerza Regia Femenil; as\u00ed ser\u00e1 el calendario para la temporada 2026"},"content":{"rendered":"<p>\ud83d\udd38 El entrenador espa\u00f1ol, quien hiciera campe\u00f3n a al conjunto regiomontano en su primer a\u00f1o al frente de la quinteta, regresa por tercera temporada consecutiva.<\/p>\n<p>#DEPORTES | El entrenador espa\u00f1ol, Carlos Alonso, regresa para dirigir a Fuerza Regia Femenil en la temporada del 2026 de la Liga Nacional de Baloncesto Profesional Femenil (LNBP).<\/p>\n<p>El malague\u00f1o, quien hiciera campe\u00f3n a al conjunto regiomontano en su primer a\u00f1o al frente de la quinteta, regresa por tercera temporada consecutiva.<\/p>\n<p>Alonso es amplio conocer del baloncesto mexicano, al formar parte del staff t\u00e9cnico de las Abejas de Le\u00f3n, varonil, cuando fue campe\u00f3n en el 2022. En el 2024 lleg\u00f3 a Fuerza Regia Femenil para llevarlas a su primer campeonato y en el 2025 las coloc\u00f3 en la final de Zona.<\/p>\n<p>Entre sus logros destacan tambi\u00e9n el campeonato de Fuerza Regia, varonil, el a\u00f1o pasado como coach asistente.<\/p>\n<p>En su natal Espa\u00f1a, dirigi\u00f3 al La Salle-LF y en Estados Unidos estuvo al frente del Link Academy\/Link Hoops.<\/p>\n<p>El malague\u00f1o tiene amplia experiencia, por lo que la directiva del club regiomontano decidi\u00f3 por \u00e9l para que siguiera al frente del conjunto neolon\u00e9s femenil.<\/p>\n<p>El equipo regiomontano Fuerza Regia Femenil iniciar\u00e1 el pr\u00f3ximo 14 de marzo su participaci\u00f3n en la LNBP Femenil, al recibir a las Freseras de Irapuato.<\/p>\n<p>La temporada del 2026 ser\u00e1 corta con 16 encuentros de campa\u00f1a regular, ocho de local e igual n\u00famero de visita. La temporada regular inicia con la serie del 14 y 15 de marzo para la escuadra regiomontana y concluye con la serie del 2 y 3 de mayo en Irapuato.<\/p>\n<p>La Asamblea de la Liga decidi\u00f3 por un torneo corto para no empatar fechas con la Copa Mundial FIFA 2026 y evitar encarecimiento de transporte y hospedaje.<\/p>\n<p>Calendario Fuerza Regia Femenil 2026: 14 y 15 de marzo\u00a0 Freseras de Irapuato, 19 y 20 de marzo\u00a0 Panteras Femenil, 26 y 27 de marzo\u00a0Santas del Potos\u00ed, 4 y 5 de abril\u00a0 Correcaminos Cd. Victoria, 09 y 10 de abril\u00a0Abejas de Le\u00f3n, 18 y 19 de abril\u00a0El Calor de Canc\u00fan, 22 y 23 de abril\u00a0Adelitas de Chihuahua y 02 y 03 de mayo\u00a0 Freseras de Irapuato.<\/p>\n<p>#CarlosAlonso #Seguir\u00e1 #Frente #FuerzaRegia #Femenil<\/p>\n","protected":false},"excerpt":{"rendered":"<p>\ud83d\udd38 El entrenador espa\u00f1ol, quien hiciera campe\u00f3n a al conjunto regiomontano en su primer a\u00f1o al frente de<\/p>\n","protected":false},"author":1,"featured_media":40248,"comment_status":"open","ping_status":"closed","sticky":false,"template":"","format":"standard","meta":{"footnotes":""},"categories":[12],"tags":[],"class_list":["post-40246","post","type-post","status-publish","format-standard","has-post-thumbnail","hentry","category-deportes"],"yoast_head":"<!-- This site is optimized with the Yoast SEO plugin v27.5 - https:\/\/yoast.com\/product\/yoast-seo-wordpress\/ -->\n<title>Carlos Alonso seguir\u00e1 al frente de Fuerza Regia Femenil; as\u00ed ser\u00e1 el calendario para la temporada 2026 - El Estatal de M\u00e9xico<\/title>\n<meta name=\"robots\" content=\"index, follow, max-snippet:-1, max-image-preview:large, max-video-preview:-1\" \/>\n<link rel=\"canonical\" href=\"https:\/\/elestataldemexico.com\/index.php\/2026\/02\/17\/carlos-alonso-seguira-al-frente-de-fuerza-regia-femenil-asi-sera-el-calendario-para-la-temporada-2026\/\" \/>\n<meta property=\"og:locale\" content=\"es_ES\" \/>\n<meta property=\"og:type\" content=\"article\" \/>\n<meta property=\"og:title\" content=\"Carlos Alonso seguir\u00e1 al frente de Fuerza Regia Femenil; as\u00ed ser\u00e1 el calendario para la temporada 2026 - El Estatal de M\u00e9xico\" \/>\n<meta property=\"og:description\" content=\"\ud83d\udd38 El entrenador espa\u00f1ol, quien hiciera campe\u00f3n a al conjunto regiomontano en su primer a\u00f1o al frente de\" \/>\n<meta property=\"og:url\" content=\"https:\/\/elestataldemexico.com\/index.php\/2026\/02\/17\/carlos-alonso-seguira-al-frente-de-fuerza-regia-femenil-asi-sera-el-calendario-para-la-temporada-2026\/\" \/>\n<meta property=\"og:site_name\" content=\"El Estatal de M\u00e9xico\" \/>\n<meta property=\"article:published_time\" content=\"2026-02-17T18:00:08+00:00\" \/>\n<meta property=\"article:modified_time\" content=\"2026-02-19T14:07:29+00:00\" \/>\n<meta name=\"author\" content=\"admin\" \/>\n<meta name=\"twitter:card\" content=\"summary_large_image\" \/>\n<meta name=\"twitter:label1\" content=\"Escrito por\" \/>\n\t<meta name=\"twitter:data1\" content=\"admin\" \/>\n\t<meta name=\"twitter:label2\" content=\"Tiempo de lectura\" \/>\n\t<meta name=\"twitter:data2\" content=\"2 minutos\" \/>\n<script type=\"application\/ld+json\" class=\"yoast-schema-graph\">{\"@context\":\"https:\\\/\\\/schema.org\",\"@graph\":[{\"@type\":\"Article\",\"@id\":\"https:\\\/\\\/elestataldemexico.com\\\/index.php\\\/2026\\\/02\\\/17\\\/carlos-alonso-seguira-al-frente-de-fuerza-regia-femenil-asi-sera-el-calendario-para-la-temporada-2026\\\/#article\",\"isPartOf\":{\"@id\":\"https:\\\/\\\/elestataldemexico.com\\\/index.php\\\/2026\\\/02\\\/17\\\/carlos-alonso-seguira-al-frente-de-fuerza-regia-femenil-asi-sera-el-calendario-para-la-temporada-2026\\\/\"},\"author\":{\"name\":\"admin\",\"@id\":\"https:\\\/\\\/elestataldemexico.com\\\/#\\\/schema\\\/person\\\/6c7813c13d2c1571771f592f0fe866bb\"},\"headline\":\"Carlos Alonso seguir\u00e1 al frente de Fuerza Regia Femenil; as\u00ed ser\u00e1 el calendario para la temporada 2026\",\"datePublished\":\"2026-02-17T18:00:08+00:00\",\"dateModified\":\"2026-02-19T14:07:29+00:00\",\"mainEntityOfPage\":{\"@id\":\"https:\\\/\\\/elestataldemexico.com\\\/index.php\\\/2026\\\/02\\\/17\\\/carlos-alonso-seguira-al-frente-de-fuerza-regia-femenil-asi-sera-el-calendario-para-la-temporada-2026\\\/\"},\"wordCount\":371,\"commentCount\":0,\"publisher\":{\"@id\":\"https:\\\/\\\/elestataldemexico.com\\\/#organization\"},\"image\":{\"@id\":\"https:\\\/\\\/elestataldemexico.com\\\/index.php\\\/2026\\\/02\\\/17\\\/carlos-alonso-seguira-al-frente-de-fuerza-regia-femenil-asi-sera-el-calendario-para-la-temporada-2026\\\/#primaryimage\"},\"thumbnailUrl\":\"https:\\\/\\\/elestataldemexico.com\\\/wp-content\\\/uploads\\\/2026\\\/02\\\/WhatsApp-Image-2026-02-17-at-10.24.59.jpeg\",\"articleSection\":[\"Deportes\"],\"inLanguage\":\"es\",\"potentialAction\":[{\"@type\":\"CommentAction\",\"name\":\"Comment\",\"target\":[\"https:\\\/\\\/elestataldemexico.com\\\/index.php\\\/2026\\\/02\\\/17\\\/carlos-alonso-seguira-al-frente-de-fuerza-regia-femenil-asi-sera-el-calendario-para-la-temporada-2026\\\/#respond\"]}]},{\"@type\":\"WebPage\",\"@id\":\"https:\\\/\\\/elestataldemexico.com\\\/index.php\\\/2026\\\/02\\\/17\\\/carlos-alonso-seguira-al-frente-de-fuerza-regia-femenil-asi-sera-el-calendario-para-la-temporada-2026\\\/\",\"url\":\"https:\\\/\\\/elestataldemexico.com\\\/index.php\\\/2026\\\/02\\\/17\\\/carlos-alonso-seguira-al-frente-de-fuerza-regia-femenil-asi-sera-el-calendario-para-la-temporada-2026\\\/\",\"name\":\"Carlos Alonso seguir\u00e1 al frente de Fuerza Regia Femenil; as\u00ed ser\u00e1 el calendario para la temporada 2026 - El Estatal de M\u00e9xico\",\"isPartOf\":{\"@id\":\"https:\\\/\\\/elestataldemexico.com\\\/#website\"},\"primaryImageOfPage\":{\"@id\":\"https:\\\/\\\/elestataldemexico.com\\\/index.php\\\/2026\\\/02\\\/17\\\/carlos-alonso-seguira-al-frente-de-fuerza-regia-femenil-asi-sera-el-calendario-para-la-temporada-2026\\\/#primaryimage\"},\"image\":{\"@id\":\"https:\\\/\\\/elestataldemexico.com\\\/index.php\\\/2026\\\/02\\\/17\\\/carlos-alonso-seguira-al-frente-de-fuerza-regia-femenil-asi-sera-el-calendario-para-la-temporada-2026\\\/#primaryimage\"},\"thumbnailUrl\":\"https:\\\/\\\/elestataldemexico.com\\\/wp-content\\\/uploads\\\/2026\\\/02\\\/WhatsApp-Image-2026-02-17-at-10.24.59.jpeg\",\"datePublished\":\"2026-02-17T18:00:08+00:00\",\"dateModified\":\"2026-02-19T14:07:29+00:00\",\"breadcrumb\":{\"@id\":\"https:\\\/\\\/elestataldemexico.com\\\/index.php\\\/2026\\\/02\\\/17\\\/carlos-alonso-seguira-al-frente-de-fuerza-regia-femenil-asi-sera-el-calendario-para-la-temporada-2026\\\/#breadcrumb\"},\"inLanguage\":\"es\",\"potentialAction\":[{\"@type\":\"ReadAction\",\"target\":[\"https:\\\/\\\/elestataldemexico.com\\\/index.php\\\/2026\\\/02\\\/17\\\/carlos-alonso-seguira-al-frente-de-fuerza-regia-femenil-asi-sera-el-calendario-para-la-temporada-2026\\\/\"]}]},{\"@type\":\"ImageObject\",\"inLanguage\":\"es\",\"@id\":\"https:\\\/\\\/elestataldemexico.com\\\/index.php\\\/2026\\\/02\\\/17\\\/carlos-alonso-seguira-al-frente-de-fuerza-regia-femenil-asi-sera-el-calendario-para-la-temporada-2026\\\/#primaryimage\",\"url\":\"https:\\\/\\\/elestataldemexico.com\\\/wp-content\\\/uploads\\\/2026\\\/02\\\/WhatsApp-Image-2026-02-17-at-10.24.59.jpeg\",\"contentUrl\":\"https:\\\/\\\/elestataldemexico.com\\\/wp-content\\\/uploads\\\/2026\\\/02\\\/WhatsApp-Image-2026-02-17-at-10.24.59.jpeg\",\"width\":1034,\"height\":583},{\"@type\":\"BreadcrumbList\",\"@id\":\"https:\\\/\\\/elestataldemexico.com\\\/index.php\\\/2026\\\/02\\\/17\\\/carlos-alonso-seguira-al-frente-de-fuerza-regia-femenil-asi-sera-el-calendario-para-la-temporada-2026\\\/#breadcrumb\",\"itemListElement\":[{\"@type\":\"ListItem\",\"position\":1,\"name\":\"Portada\",\"item\":\"https:\\\/\\\/elestataldemexico.com\\\/\"},{\"@type\":\"ListItem\",\"position\":2,\"name\":\"Carlos Alonso seguir\u00e1 al frente de Fuerza Regia Femenil; as\u00ed ser\u00e1 el calendario para la temporada 2026\"}]},{\"@type\":\"WebSite\",\"@id\":\"https:\\\/\\\/elestataldemexico.com\\\/#website\",\"url\":\"https:\\\/\\\/elestataldemexico.com\\\/\",\"name\":\"El Estatal de M\u00e9xico\",\"description\":\"\",\"publisher\":{\"@id\":\"https:\\\/\\\/elestataldemexico.com\\\/#organization\"},\"potentialAction\":[{\"@type\":\"SearchAction\",\"target\":{\"@type\":\"EntryPoint\",\"urlTemplate\":\"https:\\\/\\\/elestataldemexico.com\\\/?s={search_term_string}\"},\"query-input\":{\"@type\":\"PropertyValueSpecification\",\"valueRequired\":true,\"valueName\":\"search_term_string\"}}],\"inLanguage\":\"es\"},{\"@type\":\"Organization\",\"@id\":\"https:\\\/\\\/elestataldemexico.com\\\/#organization\",\"name\":\"El Estatal de M\u00e9xico\",\"url\":\"https:\\\/\\\/elestataldemexico.com\\\/\",\"logo\":{\"@type\":\"ImageObject\",\"inLanguage\":\"es\",\"@id\":\"https:\\\/\\\/elestataldemexico.com\\\/#\\\/schema\\\/logo\\\/image\\\/\",\"url\":\"https:\\\/\\\/elestataldemexico.com\\\/wp-content\\\/uploads\\\/2025\\\/05\\\/cropped-elestatal.png\",\"contentUrl\":\"https:\\\/\\\/elestataldemexico.com\\\/wp-content\\\/uploads\\\/2025\\\/05\\\/cropped-elestatal.png\",\"width\":504,\"height\":97,\"caption\":\"El Estatal de M\u00e9xico\"},\"image\":{\"@id\":\"https:\\\/\\\/elestataldemexico.com\\\/#\\\/schema\\\/logo\\\/image\\\/\"}},{\"@type\":\"Person\",\"@id\":\"https:\\\/\\\/elestataldemexico.com\\\/#\\\/schema\\\/person\\\/6c7813c13d2c1571771f592f0fe866bb\",\"name\":\"admin\",\"image\":{\"@type\":\"ImageObject\",\"inLanguage\":\"es\",\"@id\":\"https:\\\/\\\/secure.gravatar.com\\\/avatar\\\/d5ed2db9923a3ad3c0a47f6b3aec7abcb43924b9322251ade16472fc06f7bb5b?s=96&d=mm&r=g\",\"url\":\"https:\\\/\\\/secure.gravatar.com\\\/avatar\\\/d5ed2db9923a3ad3c0a47f6b3aec7abcb43924b9322251ade16472fc06f7bb5b?s=96&d=mm&r=g\",\"contentUrl\":\"https:\\\/\\\/secure.gravatar.com\\\/avatar\\\/d5ed2db9923a3ad3c0a47f6b3aec7abcb43924b9322251ade16472fc06f7bb5b?s=96&d=mm&r=g\",\"caption\":\"admin\"},\"sameAs\":[\"https:\\\/\\\/elestataldemexico.com\"],\"url\":\"https:\\\/\\\/elestataldemexico.com\\\/index.php\\\/author\\\/info_qk62m3p3\\\/\"}]}<\/script>\n<!-- \/ Yoast SEO plugin. -->","yoast_head_json":{"title":"Carlos Alonso seguir\u00e1 al frente de Fuerza Regia Femenil; as\u00ed ser\u00e1 el calendario para la temporada 2026 - El Estatal de M\u00e9xico","robots":{"index":"index","follow":"follow","max-snippet":"max-snippet:-1","max-image-preview":"max-image-preview:large","max-video-preview":"max-video-preview:-1"},"canonical":"https:\/\/elestataldemexico.com\/index.php\/2026\/02\/17\/carlos-alonso-seguira-al-frente-de-fuerza-regia-femenil-asi-sera-el-calendario-para-la-temporada-2026\/","og_locale":"es_ES","og_type":"article","og_title":"Carlos Alonso seguir\u00e1 al frente de Fuerza Regia Femenil; as\u00ed ser\u00e1 el calendario para la temporada 2026 - El Estatal de M\u00e9xico","og_description":"\ud83d\udd38 El entrenador espa\u00f1ol, quien hiciera campe\u00f3n a al conjunto regiomontano en su primer a\u00f1o al frente de","og_url":"https:\/\/elestataldemexico.com\/index.php\/2026\/02\/17\/carlos-alonso-seguira-al-frente-de-fuerza-regia-femenil-asi-sera-el-calendario-para-la-temporada-2026\/","og_site_name":"El Estatal de M\u00e9xico","article_published_time":"2026-02-17T18:00:08+00:00","article_modified_time":"2026-02-19T14:07:29+00:00","author":"admin","twitter_card":"summary_large_image","twitter_misc":{"Escrito por":"admin","Tiempo de lectura":"2 minutos"},"schema":{"@context":"https:\/\/schema.org","@graph":[{"@type":"Article","@id":"https:\/\/elestataldemexico.com\/index.php\/2026\/02\/17\/carlos-alonso-seguira-al-frente-de-fuerza-regia-femenil-asi-sera-el-calendario-para-la-temporada-2026\/#article","isPartOf":{"@id":"https:\/\/elestataldemexico.com\/index.php\/2026\/02\/17\/carlos-alonso-seguira-al-frente-de-fuerza-regia-femenil-asi-sera-el-calendario-para-la-temporada-2026\/"},"author":{"name":"admin","@id":"https:\/\/elestataldemexico.com\/#\/schema\/person\/6c7813c13d2c1571771f592f0fe866bb"},"headline":"Carlos Alonso seguir\u00e1 al frente de Fuerza Regia Femenil; as\u00ed ser\u00e1 el calendario para la temporada 2026","datePublished":"2026-02-17T18:00:08+00:00","dateModified":"2026-02-19T14:07:29+00:00","mainEntityOfPage":{"@id":"https:\/\/elestataldemexico.com\/index.php\/2026\/02\/17\/carlos-alonso-seguira-al-frente-de-fuerza-regia-femenil-asi-sera-el-calendario-para-la-temporada-2026\/"},"wordCount":371,"commentCount":0,"publisher":{"@id":"https:\/\/elestataldemexico.com\/#organization"},"image":{"@id":"https:\/\/elestataldemexico.com\/index.php\/2026\/02\/17\/carlos-alonso-seguira-al-frente-de-fuerza-regia-femenil-asi-sera-el-calendario-para-la-temporada-2026\/#primaryimage"},"thumbnailUrl":"https:\/\/elestataldemexico.com\/wp-content\/uploads\/2026\/02\/WhatsApp-Image-2026-02-17-at-10.24.59.jpeg","articleSection":["Deportes"],"inLanguage":"es","potentialAction":[{"@type":"CommentAction","name":"Comment","target":["https:\/\/elestataldemexico.com\/index.php\/2026\/02\/17\/carlos-alonso-seguira-al-frente-de-fuerza-regia-femenil-asi-sera-el-calendario-para-la-temporada-2026\/#respond"]}]},{"@type":"WebPage","@id":"https:\/\/elestataldemexico.com\/index.php\/2026\/02\/17\/carlos-alonso-seguira-al-frente-de-fuerza-regia-femenil-asi-sera-el-calendario-para-la-temporada-2026\/","url":"https:\/\/elestataldemexico.com\/index.php\/2026\/02\/17\/carlos-alonso-seguira-al-frente-de-fuerza-regia-femenil-asi-sera-el-calendario-para-la-temporada-2026\/","name":"Carlos Alonso seguir\u00e1 al frente de Fuerza Regia Femenil; as\u00ed ser\u00e1 el calendario para la temporada 2026 - El Estatal de M\u00e9xico","isPartOf":{"@id":"https:\/\/elestataldemexico.com\/#website"},"primaryImageOfPage":{"@id":"https:\/\/elestataldemexico.com\/index.php\/2026\/02\/17\/carlos-alonso-seguira-al-frente-de-fuerza-regia-femenil-asi-sera-el-calendario-para-la-temporada-2026\/#primaryimage"},"image":{"@id":"https:\/\/elestataldemexico.com\/index.php\/2026\/02\/17\/carlos-alonso-seguira-al-frente-de-fuerza-regia-femenil-asi-sera-el-calendario-para-la-temporada-2026\/#primaryimage"},"thumbnailUrl":"https:\/\/elestataldemexico.com\/wp-content\/uploads\/2026\/02\/WhatsApp-Image-2026-02-17-at-10.24.59.jpeg","datePublished":"2026-02-17T18:00:08+00:00","dateModified":"2026-02-19T14:07:29+00:00","breadcrumb":{"@id":"https:\/\/elestataldemexico.com\/index.php\/2026\/02\/17\/carlos-alonso-seguira-al-frente-de-fuerza-regia-femenil-asi-sera-el-calendario-para-la-temporada-2026\/#breadcrumb"},"inLanguage":"es","potentialAction":[{"@type":"ReadAction","target":["https:\/\/elestataldemexico.com\/index.php\/2026\/02\/17\/carlos-alonso-seguira-al-frente-de-fuerza-regia-femenil-asi-sera-el-calendario-para-la-temporada-2026\/"]}]},{"@type":"ImageObject","inLanguage":"es","@id":"https:\/\/elestataldemexico.com\/index.php\/2026\/02\/17\/carlos-alonso-seguira-al-frente-de-fuerza-regia-femenil-asi-sera-el-calendario-para-la-temporada-2026\/#primaryimage","url":"https:\/\/elestataldemexico.com\/wp-content\/uploads\/2026\/02\/WhatsApp-Image-2026-02-17-at-10.24.59.jpeg","contentUrl":"https:\/\/elestataldemexico.com\/wp-content\/uploads\/2026\/02\/WhatsApp-Image-2026-02-17-at-10.24.59.jpeg","width":1034,"height":583},{"@type":"BreadcrumbList","@id":"https:\/\/elestataldemexico.com\/index.php\/2026\/02\/17\/carlos-alonso-seguira-al-frente-de-fuerza-regia-femenil-asi-sera-el-calendario-para-la-temporada-2026\/#breadcrumb","itemListElement":[{"@type":"ListItem","position":1,"name":"Portada","item":"https:\/\/elestataldemexico.com\/"},{"@type":"ListItem","position":2,"name":"Carlos Alonso seguir\u00e1 al frente de Fuerza Regia Femenil; as\u00ed ser\u00e1 el calendario para la temporada 2026"}]},{"@type":"WebSite","@id":"https:\/\/elestataldemexico.com\/#website","url":"https:\/\/elestataldemexico.com\/","name":"El Estatal de M\u00e9xico","description":"","publisher":{"@id":"https:\/\/elestataldemexico.com\/#organization"},"potentialAction":[{"@type":"SearchAction","target":{"@type":"EntryPoint","urlTemplate":"https:\/\/elestataldemexico.com\/?s={search_term_string}"},"query-input":{"@type":"PropertyValueSpecification","valueRequired":true,"valueName":"search_term_string"}}],"inLanguage":"es"},{"@type":"Organization","@id":"https:\/\/elestataldemexico.com\/#organization","name":"El Estatal de M\u00e9xico","url":"https:\/\/elestataldemexico.com\/","logo":{"@type":"ImageObject","inLanguage":"es","@id":"https:\/\/elestataldemexico.com\/#\/schema\/logo\/image\/","url":"https:\/\/elestataldemexico.com\/wp-content\/uploads\/2025\/05\/cropped-elestatal.png","contentUrl":"https:\/\/elestataldemexico.com\/wp-content\/uploads\/2025\/05\/cropped-elestatal.png","width":504,"height":97,"caption":"El Estatal de M\u00e9xico"},"image":{"@id":"https:\/\/elestataldemexico.com\/#\/schema\/logo\/image\/"}},{"@type":"Person","@id":"https:\/\/elestataldemexico.com\/#\/schema\/person\/6c7813c13d2c1571771f592f0fe866bb","name":"admin","image":{"@type":"ImageObject","inLanguage":"es","@id":"https:\/\/secure.gravatar.com\/avatar\/d5ed2db9923a3ad3c0a47f6b3aec7abcb43924b9322251ade16472fc06f7bb5b?s=96&d=mm&r=g","url":"https:\/\/secure.gravatar.com\/avatar\/d5ed2db9923a3ad3c0a47f6b3aec7abcb43924b9322251ade16472fc06f7bb5b?s=96&d=mm&r=g","contentUrl":"https:\/\/secure.gravatar.com\/avatar\/d5ed2db9923a3ad3c0a47f6b3aec7abcb43924b9322251ade16472fc06f7bb5b?s=96&d=mm&r=g","caption":"admin"},"sameAs":["https:\/\/elestataldemexico.com"],"url":"https:\/\/elestataldemexico.com\/index.php\/author\/info_qk62m3p3\/"}]}},"_links":{"self":[{"href":"https:\/\/elestataldemexico.com\/index.php\/wp-json\/wp\/v2\/posts\/40246","targetHints":{"allow":["GET"]}}],"collection":[{"href":"https:\/\/elestataldemexico.com\/index.php\/wp-json\/wp\/v2\/posts"}],"about":[{"href":"https:\/\/elestataldemexico.com\/index.php\/wp-json\/wp\/v2\/types\/post"}],"author":[{"embeddable":true,"href":"https:\/\/elestataldemexico.com\/index.php\/wp-json\/wp\/v2\/users\/1"}],"replies":[{"embeddable":true,"href":"https:\/\/elestataldemexico.com\/index.php\/wp-json\/wp\/v2\/comments?post=40246"}],"version-history":[{"count":1,"href":"https:\/\/elestataldemexico.com\/index.php\/wp-json\/wp\/v2\/posts\/40246\/revisions"}],"predecessor-version":[{"id":40247,"href":"https:\/\/elestataldemexico.com\/index.php\/wp-json\/wp\/v2\/posts\/40246\/revisions\/40247"}],"wp:featuredmedia":[{"embeddable":true,"href":"https:\/\/elestataldemexico.com\/index.php\/wp-json\/wp\/v2\/media\/40248"}],"wp:attachment":[{"href":"https:\/\/elestataldemexico.com\/index.php\/wp-json\/wp\/v2\/media?parent=40246"}],"wp:term":[{"taxonomy":"category","embeddable":true,"href":"https:\/\/elestataldemexico.com\/index.php\/wp-json\/wp\/v2\/categories?post=40246"},{"taxonomy":"post_tag","embeddable":true,"href":"https:\/\/elestataldemexico.com\/index.php\/wp-json\/wp\/v2\/tags?post=40246"}],"curies":[{"name":"wp","href":"https:\/\/api.w.org\/{rel}","templated":true}]}}