{"id":40237,"date":"2026-02-17T10:00:09","date_gmt":"2026-02-17T15:00:09","guid":{"rendered":"https:\/\/elestataldemexico.com\/?p=40237"},"modified":"2026-02-19T09:03:24","modified_gmt":"2026-02-19T14:03:24","slug":"claudia-sheinbaum-informa-que-david-kershenobich-secretario-de-salud-tiene-influenza","status":"publish","type":"post","link":"https:\/\/elestataldemexico.com\/index.php\/2026\/02\/17\/claudia-sheinbaum-informa-que-david-kershenobich-secretario-de-salud-tiene-influenza\/","title":{"rendered":"Claudia Sheinbaum informa que David Kershenobich, secretario de Salud, tiene influenza"},"content":{"rendered":"<p>\ud83d\udd38 La Presidenta asegur\u00f3 que el miembro de su gabinete ya recibe atenci\u00f3n m\u00e9dica.<\/p>\n<p>#CDMX | La presidenta Claudia Sheinbaum inform\u00f3 que el secretario de Salud, David Kershenobich, est\u00e1 enfermo de influenza por lo que ya recibe atenci\u00f3n m\u00e9dica.<\/p>\n<p>\u00abEl doctor Kershenobich ahora no viene, anda medio malo de influenza. Est\u00e1 bien, sin problema, pero est\u00e1 guardado en casa\u00bb, coment\u00f3 durante la conferencia matutina.<\/p>\n<p>El funcionario p\u00fablico tiene 83 a\u00f1os, por lo que forma parte del sector de la poblaci\u00f3n m\u00e1s vulnerable ante la enfermedad, y de ah\u00ed que se extremen precauciones sobre su salud.<\/p>\n<p>El m\u00e9dico cirujano de profesi\u00f3n, egresado de la Universidad Nacional Aut\u00f3noma de M\u00e9xico, fue nombrado secretario de Salud por Claudia Sheinbaum en 2024.<\/p>\n<p>Tambi\u00e9n cuenta con un doctorado en Medicina por la Universidad de Londres, y aprob\u00f3 la especialidad en Hepatolog\u00eda en el Royal Free Hospital de Londres.<\/p>\n<p>Su trabajo acad\u00e9mico se enfoc\u00f3 en la fisiopatolog\u00eda de la cirrosis hep\u00e1tica, tambi\u00e9n se interes\u00f3 en la investigaci\u00f3n cl\u00ednica de la hepatitis C (de los primeros en el pa\u00eds).<\/p>\n<p>Es autor de 249 art\u00edculos originales, 8 libros y 114 cap\u00edtulos de libros. Es investigador em\u00e9rito nivel III del Sistema Nacional de Investigadores.<\/p>\n<p>Tambi\u00e9n form\u00f3 parte de la Junta de Gobierno de la UNAM (2005-2012). De 2010 a 2012 fue presidente de la Academia Nacional de Medicina de M\u00e9xico.<\/p>\n<p>#DavidKershenobich #SecretarioDeSalud #Tiene #Influenza #Informa #ClaudiaSheinbaum<\/p>\n","protected":false},"excerpt":{"rendered":"<p>\ud83d\udd38 La Presidenta asegur\u00f3 que el miembro de su gabinete ya recibe atenci\u00f3n m\u00e9dica. #CDMX | La presidenta<\/p>\n","protected":false},"author":1,"featured_media":40239,"comment_status":"open","ping_status":"closed","sticky":false,"template":"","format":"standard","meta":{"footnotes":""},"categories":[19,7],"tags":[],"class_list":["post-40237","post","type-post","status-publish","format-standard","has-post-thumbnail","hentry","category-cdmx","category-nacional"],"yoast_head":"<!-- This site is optimized with the Yoast SEO plugin v27.5 - https:\/\/yoast.com\/product\/yoast-seo-wordpress\/ -->\n<title>Claudia Sheinbaum informa que David Kershenobich, secretario de Salud, tiene influenza - El Estatal de M\u00e9xico<\/title>\n<meta name=\"robots\" content=\"index, follow, max-snippet:-1, max-image-preview:large, max-video-preview:-1\" \/>\n<link rel=\"canonical\" href=\"https:\/\/elestataldemexico.com\/index.php\/2026\/02\/17\/claudia-sheinbaum-informa-que-david-kershenobich-secretario-de-salud-tiene-influenza\/\" \/>\n<meta property=\"og:locale\" content=\"es_ES\" \/>\n<meta property=\"og:type\" content=\"article\" \/>\n<meta property=\"og:title\" content=\"Claudia Sheinbaum informa que David Kershenobich, secretario de Salud, tiene influenza - El Estatal de M\u00e9xico\" \/>\n<meta property=\"og:description\" content=\"\ud83d\udd38 La Presidenta asegur\u00f3 que el miembro de su gabinete ya recibe atenci\u00f3n m\u00e9dica. #CDMX | La presidenta\" \/>\n<meta property=\"og:url\" content=\"https:\/\/elestataldemexico.com\/index.php\/2026\/02\/17\/claudia-sheinbaum-informa-que-david-kershenobich-secretario-de-salud-tiene-influenza\/\" \/>\n<meta property=\"og:site_name\" content=\"El Estatal de M\u00e9xico\" \/>\n<meta property=\"article:published_time\" content=\"2026-02-17T15:00:09+00:00\" \/>\n<meta property=\"article:modified_time\" content=\"2026-02-19T14:03:24+00:00\" \/>\n<meta name=\"author\" content=\"admin\" \/>\n<meta name=\"twitter:card\" content=\"summary_large_image\" \/>\n<meta name=\"twitter:label1\" content=\"Escrito por\" \/>\n\t<meta name=\"twitter:data1\" content=\"admin\" \/>\n\t<meta name=\"twitter:label2\" content=\"Tiempo de lectura\" \/>\n\t<meta name=\"twitter:data2\" content=\"1 minuto\" \/>\n<script type=\"application\/ld+json\" class=\"yoast-schema-graph\">{\"@context\":\"https:\\\/\\\/schema.org\",\"@graph\":[{\"@type\":\"Article\",\"@id\":\"https:\\\/\\\/elestataldemexico.com\\\/index.php\\\/2026\\\/02\\\/17\\\/claudia-sheinbaum-informa-que-david-kershenobich-secretario-de-salud-tiene-influenza\\\/#article\",\"isPartOf\":{\"@id\":\"https:\\\/\\\/elestataldemexico.com\\\/index.php\\\/2026\\\/02\\\/17\\\/claudia-sheinbaum-informa-que-david-kershenobich-secretario-de-salud-tiene-influenza\\\/\"},\"author\":{\"name\":\"admin\",\"@id\":\"https:\\\/\\\/elestataldemexico.com\\\/#\\\/schema\\\/person\\\/6c7813c13d2c1571771f592f0fe866bb\"},\"headline\":\"Claudia Sheinbaum informa que David Kershenobich, secretario de Salud, tiene influenza\",\"datePublished\":\"2026-02-17T15:00:09+00:00\",\"dateModified\":\"2026-02-19T14:03:24+00:00\",\"mainEntityOfPage\":{\"@id\":\"https:\\\/\\\/elestataldemexico.com\\\/index.php\\\/2026\\\/02\\\/17\\\/claudia-sheinbaum-informa-que-david-kershenobich-secretario-de-salud-tiene-influenza\\\/\"},\"wordCount\":255,\"commentCount\":0,\"publisher\":{\"@id\":\"https:\\\/\\\/elestataldemexico.com\\\/#organization\"},\"image\":{\"@id\":\"https:\\\/\\\/elestataldemexico.com\\\/index.php\\\/2026\\\/02\\\/17\\\/claudia-sheinbaum-informa-que-david-kershenobich-secretario-de-salud-tiene-influenza\\\/#primaryimage\"},\"thumbnailUrl\":\"https:\\\/\\\/elestataldemexico.com\\\/wp-content\\\/uploads\\\/2026\\\/02\\\/WhatsApp-Image-2026-02-17-at-09.23.58.jpeg\",\"articleSection\":[\"CDMX\",\"Nacional\"],\"inLanguage\":\"es\",\"potentialAction\":[{\"@type\":\"CommentAction\",\"name\":\"Comment\",\"target\":[\"https:\\\/\\\/elestataldemexico.com\\\/index.php\\\/2026\\\/02\\\/17\\\/claudia-sheinbaum-informa-que-david-kershenobich-secretario-de-salud-tiene-influenza\\\/#respond\"]}]},{\"@type\":\"WebPage\",\"@id\":\"https:\\\/\\\/elestataldemexico.com\\\/index.php\\\/2026\\\/02\\\/17\\\/claudia-sheinbaum-informa-que-david-kershenobich-secretario-de-salud-tiene-influenza\\\/\",\"url\":\"https:\\\/\\\/elestataldemexico.com\\\/index.php\\\/2026\\\/02\\\/17\\\/claudia-sheinbaum-informa-que-david-kershenobich-secretario-de-salud-tiene-influenza\\\/\",\"name\":\"Claudia Sheinbaum informa que David Kershenobich, secretario de Salud, tiene influenza - El Estatal de M\u00e9xico\",\"isPartOf\":{\"@id\":\"https:\\\/\\\/elestataldemexico.com\\\/#website\"},\"primaryImageOfPage\":{\"@id\":\"https:\\\/\\\/elestataldemexico.com\\\/index.php\\\/2026\\\/02\\\/17\\\/claudia-sheinbaum-informa-que-david-kershenobich-secretario-de-salud-tiene-influenza\\\/#primaryimage\"},\"image\":{\"@id\":\"https:\\\/\\\/elestataldemexico.com\\\/index.php\\\/2026\\\/02\\\/17\\\/claudia-sheinbaum-informa-que-david-kershenobich-secretario-de-salud-tiene-influenza\\\/#primaryimage\"},\"thumbnailUrl\":\"https:\\\/\\\/elestataldemexico.com\\\/wp-content\\\/uploads\\\/2026\\\/02\\\/WhatsApp-Image-2026-02-17-at-09.23.58.jpeg\",\"datePublished\":\"2026-02-17T15:00:09+00:00\",\"dateModified\":\"2026-02-19T14:03:24+00:00\",\"breadcrumb\":{\"@id\":\"https:\\\/\\\/elestataldemexico.com\\\/index.php\\\/2026\\\/02\\\/17\\\/claudia-sheinbaum-informa-que-david-kershenobich-secretario-de-salud-tiene-influenza\\\/#breadcrumb\"},\"inLanguage\":\"es\",\"potentialAction\":[{\"@type\":\"ReadAction\",\"target\":[\"https:\\\/\\\/elestataldemexico.com\\\/index.php\\\/2026\\\/02\\\/17\\\/claudia-sheinbaum-informa-que-david-kershenobich-secretario-de-salud-tiene-influenza\\\/\"]}]},{\"@type\":\"ImageObject\",\"inLanguage\":\"es\",\"@id\":\"https:\\\/\\\/elestataldemexico.com\\\/index.php\\\/2026\\\/02\\\/17\\\/claudia-sheinbaum-informa-que-david-kershenobich-secretario-de-salud-tiene-influenza\\\/#primaryimage\",\"url\":\"https:\\\/\\\/elestataldemexico.com\\\/wp-content\\\/uploads\\\/2026\\\/02\\\/WhatsApp-Image-2026-02-17-at-09.23.58.jpeg\",\"contentUrl\":\"https:\\\/\\\/elestataldemexico.com\\\/wp-content\\\/uploads\\\/2026\\\/02\\\/WhatsApp-Image-2026-02-17-at-09.23.58.jpeg\",\"width\":1200,\"height\":806},{\"@type\":\"BreadcrumbList\",\"@id\":\"https:\\\/\\\/elestataldemexico.com\\\/index.php\\\/2026\\\/02\\\/17\\\/claudia-sheinbaum-informa-que-david-kershenobich-secretario-de-salud-tiene-influenza\\\/#breadcrumb\",\"itemListElement\":[{\"@type\":\"ListItem\",\"position\":1,\"name\":\"Portada\",\"item\":\"https:\\\/\\\/elestataldemexico.com\\\/\"},{\"@type\":\"ListItem\",\"position\":2,\"name\":\"Claudia Sheinbaum informa que David Kershenobich, secretario de Salud, tiene influenza\"}]},{\"@type\":\"WebSite\",\"@id\":\"https:\\\/\\\/elestataldemexico.com\\\/#website\",\"url\":\"https:\\\/\\\/elestataldemexico.com\\\/\",\"name\":\"El Estatal de M\u00e9xico\",\"description\":\"\",\"publisher\":{\"@id\":\"https:\\\/\\\/elestataldemexico.com\\\/#organization\"},\"potentialAction\":[{\"@type\":\"SearchAction\",\"target\":{\"@type\":\"EntryPoint\",\"urlTemplate\":\"https:\\\/\\\/elestataldemexico.com\\\/?s={search_term_string}\"},\"query-input\":{\"@type\":\"PropertyValueSpecification\",\"valueRequired\":true,\"valueName\":\"search_term_string\"}}],\"inLanguage\":\"es\"},{\"@type\":\"Organization\",\"@id\":\"https:\\\/\\\/elestataldemexico.com\\\/#organization\",\"name\":\"El Estatal de M\u00e9xico\",\"url\":\"https:\\\/\\\/elestataldemexico.com\\\/\",\"logo\":{\"@type\":\"ImageObject\",\"inLanguage\":\"es\",\"@id\":\"https:\\\/\\\/elestataldemexico.com\\\/#\\\/schema\\\/logo\\\/image\\\/\",\"url\":\"https:\\\/\\\/elestataldemexico.com\\\/wp-content\\\/uploads\\\/2025\\\/05\\\/cropped-elestatal.png\",\"contentUrl\":\"https:\\\/\\\/elestataldemexico.com\\\/wp-content\\\/uploads\\\/2025\\\/05\\\/cropped-elestatal.png\",\"width\":504,\"height\":97,\"caption\":\"El Estatal de M\u00e9xico\"},\"image\":{\"@id\":\"https:\\\/\\\/elestataldemexico.com\\\/#\\\/schema\\\/logo\\\/image\\\/\"}},{\"@type\":\"Person\",\"@id\":\"https:\\\/\\\/elestataldemexico.com\\\/#\\\/schema\\\/person\\\/6c7813c13d2c1571771f592f0fe866bb\",\"name\":\"admin\",\"image\":{\"@type\":\"ImageObject\",\"inLanguage\":\"es\",\"@id\":\"https:\\\/\\\/secure.gravatar.com\\\/avatar\\\/d5ed2db9923a3ad3c0a47f6b3aec7abcb43924b9322251ade16472fc06f7bb5b?s=96&d=mm&r=g\",\"url\":\"https:\\\/\\\/secure.gravatar.com\\\/avatar\\\/d5ed2db9923a3ad3c0a47f6b3aec7abcb43924b9322251ade16472fc06f7bb5b?s=96&d=mm&r=g\",\"contentUrl\":\"https:\\\/\\\/secure.gravatar.com\\\/avatar\\\/d5ed2db9923a3ad3c0a47f6b3aec7abcb43924b9322251ade16472fc06f7bb5b?s=96&d=mm&r=g\",\"caption\":\"admin\"},\"sameAs\":[\"https:\\\/\\\/elestataldemexico.com\"],\"url\":\"https:\\\/\\\/elestataldemexico.com\\\/index.php\\\/author\\\/info_qk62m3p3\\\/\"}]}<\/script>\n<!-- \/ Yoast SEO plugin. -->","yoast_head_json":{"title":"Claudia Sheinbaum informa que David Kershenobich, secretario de Salud, tiene influenza - El Estatal de M\u00e9xico","robots":{"index":"index","follow":"follow","max-snippet":"max-snippet:-1","max-image-preview":"max-image-preview:large","max-video-preview":"max-video-preview:-1"},"canonical":"https:\/\/elestataldemexico.com\/index.php\/2026\/02\/17\/claudia-sheinbaum-informa-que-david-kershenobich-secretario-de-salud-tiene-influenza\/","og_locale":"es_ES","og_type":"article","og_title":"Claudia Sheinbaum informa que David Kershenobich, secretario de Salud, tiene influenza - El Estatal de M\u00e9xico","og_description":"\ud83d\udd38 La Presidenta asegur\u00f3 que el miembro de su gabinete ya recibe atenci\u00f3n m\u00e9dica. #CDMX | La presidenta","og_url":"https:\/\/elestataldemexico.com\/index.php\/2026\/02\/17\/claudia-sheinbaum-informa-que-david-kershenobich-secretario-de-salud-tiene-influenza\/","og_site_name":"El Estatal de M\u00e9xico","article_published_time":"2026-02-17T15:00:09+00:00","article_modified_time":"2026-02-19T14:03:24+00:00","author":"admin","twitter_card":"summary_large_image","twitter_misc":{"Escrito por":"admin","Tiempo de lectura":"1 minuto"},"schema":{"@context":"https:\/\/schema.org","@graph":[{"@type":"Article","@id":"https:\/\/elestataldemexico.com\/index.php\/2026\/02\/17\/claudia-sheinbaum-informa-que-david-kershenobich-secretario-de-salud-tiene-influenza\/#article","isPartOf":{"@id":"https:\/\/elestataldemexico.com\/index.php\/2026\/02\/17\/claudia-sheinbaum-informa-que-david-kershenobich-secretario-de-salud-tiene-influenza\/"},"author":{"name":"admin","@id":"https:\/\/elestataldemexico.com\/#\/schema\/person\/6c7813c13d2c1571771f592f0fe866bb"},"headline":"Claudia Sheinbaum informa que David Kershenobich, secretario de Salud, tiene influenza","datePublished":"2026-02-17T15:00:09+00:00","dateModified":"2026-02-19T14:03:24+00:00","mainEntityOfPage":{"@id":"https:\/\/elestataldemexico.com\/index.php\/2026\/02\/17\/claudia-sheinbaum-informa-que-david-kershenobich-secretario-de-salud-tiene-influenza\/"},"wordCount":255,"commentCount":0,"publisher":{"@id":"https:\/\/elestataldemexico.com\/#organization"},"image":{"@id":"https:\/\/elestataldemexico.com\/index.php\/2026\/02\/17\/claudia-sheinbaum-informa-que-david-kershenobich-secretario-de-salud-tiene-influenza\/#primaryimage"},"thumbnailUrl":"https:\/\/elestataldemexico.com\/wp-content\/uploads\/2026\/02\/WhatsApp-Image-2026-02-17-at-09.23.58.jpeg","articleSection":["CDMX","Nacional"],"inLanguage":"es","potentialAction":[{"@type":"CommentAction","name":"Comment","target":["https:\/\/elestataldemexico.com\/index.php\/2026\/02\/17\/claudia-sheinbaum-informa-que-david-kershenobich-secretario-de-salud-tiene-influenza\/#respond"]}]},{"@type":"WebPage","@id":"https:\/\/elestataldemexico.com\/index.php\/2026\/02\/17\/claudia-sheinbaum-informa-que-david-kershenobich-secretario-de-salud-tiene-influenza\/","url":"https:\/\/elestataldemexico.com\/index.php\/2026\/02\/17\/claudia-sheinbaum-informa-que-david-kershenobich-secretario-de-salud-tiene-influenza\/","name":"Claudia Sheinbaum informa que David Kershenobich, secretario de Salud, tiene influenza - El Estatal de M\u00e9xico","isPartOf":{"@id":"https:\/\/elestataldemexico.com\/#website"},"primaryImageOfPage":{"@id":"https:\/\/elestataldemexico.com\/index.php\/2026\/02\/17\/claudia-sheinbaum-informa-que-david-kershenobich-secretario-de-salud-tiene-influenza\/#primaryimage"},"image":{"@id":"https:\/\/elestataldemexico.com\/index.php\/2026\/02\/17\/claudia-sheinbaum-informa-que-david-kershenobich-secretario-de-salud-tiene-influenza\/#primaryimage"},"thumbnailUrl":"https:\/\/elestataldemexico.com\/wp-content\/uploads\/2026\/02\/WhatsApp-Image-2026-02-17-at-09.23.58.jpeg","datePublished":"2026-02-17T15:00:09+00:00","dateModified":"2026-02-19T14:03:24+00:00","breadcrumb":{"@id":"https:\/\/elestataldemexico.com\/index.php\/2026\/02\/17\/claudia-sheinbaum-informa-que-david-kershenobich-secretario-de-salud-tiene-influenza\/#breadcrumb"},"inLanguage":"es","potentialAction":[{"@type":"ReadAction","target":["https:\/\/elestataldemexico.com\/index.php\/2026\/02\/17\/claudia-sheinbaum-informa-que-david-kershenobich-secretario-de-salud-tiene-influenza\/"]}]},{"@type":"ImageObject","inLanguage":"es","@id":"https:\/\/elestataldemexico.com\/index.php\/2026\/02\/17\/claudia-sheinbaum-informa-que-david-kershenobich-secretario-de-salud-tiene-influenza\/#primaryimage","url":"https:\/\/elestataldemexico.com\/wp-content\/uploads\/2026\/02\/WhatsApp-Image-2026-02-17-at-09.23.58.jpeg","contentUrl":"https:\/\/elestataldemexico.com\/wp-content\/uploads\/2026\/02\/WhatsApp-Image-2026-02-17-at-09.23.58.jpeg","width":1200,"height":806},{"@type":"BreadcrumbList","@id":"https:\/\/elestataldemexico.com\/index.php\/2026\/02\/17\/claudia-sheinbaum-informa-que-david-kershenobich-secretario-de-salud-tiene-influenza\/#breadcrumb","itemListElement":[{"@type":"ListItem","position":1,"name":"Portada","item":"https:\/\/elestataldemexico.com\/"},{"@type":"ListItem","position":2,"name":"Claudia Sheinbaum informa que David Kershenobich, secretario de Salud, tiene influenza"}]},{"@type":"WebSite","@id":"https:\/\/elestataldemexico.com\/#website","url":"https:\/\/elestataldemexico.com\/","name":"El Estatal de M\u00e9xico","description":"","publisher":{"@id":"https:\/\/elestataldemexico.com\/#organization"},"potentialAction":[{"@type":"SearchAction","target":{"@type":"EntryPoint","urlTemplate":"https:\/\/elestataldemexico.com\/?s={search_term_string}"},"query-input":{"@type":"PropertyValueSpecification","valueRequired":true,"valueName":"search_term_string"}}],"inLanguage":"es"},{"@type":"Organization","@id":"https:\/\/elestataldemexico.com\/#organization","name":"El Estatal de M\u00e9xico","url":"https:\/\/elestataldemexico.com\/","logo":{"@type":"ImageObject","inLanguage":"es","@id":"https:\/\/elestataldemexico.com\/#\/schema\/logo\/image\/","url":"https:\/\/elestataldemexico.com\/wp-content\/uploads\/2025\/05\/cropped-elestatal.png","contentUrl":"https:\/\/elestataldemexico.com\/wp-content\/uploads\/2025\/05\/cropped-elestatal.png","width":504,"height":97,"caption":"El Estatal de M\u00e9xico"},"image":{"@id":"https:\/\/elestataldemexico.com\/#\/schema\/logo\/image\/"}},{"@type":"Person","@id":"https:\/\/elestataldemexico.com\/#\/schema\/person\/6c7813c13d2c1571771f592f0fe866bb","name":"admin","image":{"@type":"ImageObject","inLanguage":"es","@id":"https:\/\/secure.gravatar.com\/avatar\/d5ed2db9923a3ad3c0a47f6b3aec7abcb43924b9322251ade16472fc06f7bb5b?s=96&d=mm&r=g","url":"https:\/\/secure.gravatar.com\/avatar\/d5ed2db9923a3ad3c0a47f6b3aec7abcb43924b9322251ade16472fc06f7bb5b?s=96&d=mm&r=g","contentUrl":"https:\/\/secure.gravatar.com\/avatar\/d5ed2db9923a3ad3c0a47f6b3aec7abcb43924b9322251ade16472fc06f7bb5b?s=96&d=mm&r=g","caption":"admin"},"sameAs":["https:\/\/elestataldemexico.com"],"url":"https:\/\/elestataldemexico.com\/index.php\/author\/info_qk62m3p3\/"}]}},"_links":{"self":[{"href":"https:\/\/elestataldemexico.com\/index.php\/wp-json\/wp\/v2\/posts\/40237","targetHints":{"allow":["GET"]}}],"collection":[{"href":"https:\/\/elestataldemexico.com\/index.php\/wp-json\/wp\/v2\/posts"}],"about":[{"href":"https:\/\/elestataldemexico.com\/index.php\/wp-json\/wp\/v2\/types\/post"}],"author":[{"embeddable":true,"href":"https:\/\/elestataldemexico.com\/index.php\/wp-json\/wp\/v2\/users\/1"}],"replies":[{"embeddable":true,"href":"https:\/\/elestataldemexico.com\/index.php\/wp-json\/wp\/v2\/comments?post=40237"}],"version-history":[{"count":1,"href":"https:\/\/elestataldemexico.com\/index.php\/wp-json\/wp\/v2\/posts\/40237\/revisions"}],"predecessor-version":[{"id":40238,"href":"https:\/\/elestataldemexico.com\/index.php\/wp-json\/wp\/v2\/posts\/40237\/revisions\/40238"}],"wp:featuredmedia":[{"embeddable":true,"href":"https:\/\/elestataldemexico.com\/index.php\/wp-json\/wp\/v2\/media\/40239"}],"wp:attachment":[{"href":"https:\/\/elestataldemexico.com\/index.php\/wp-json\/wp\/v2\/media?parent=40237"}],"wp:term":[{"taxonomy":"category","embeddable":true,"href":"https:\/\/elestataldemexico.com\/index.php\/wp-json\/wp\/v2\/categories?post=40237"},{"taxonomy":"post_tag","embeddable":true,"href":"https:\/\/elestataldemexico.com\/index.php\/wp-json\/wp\/v2\/tags?post=40237"}],"curies":[{"name":"wp","href":"https:\/\/api.w.org\/{rel}","templated":true}]}}