{"id":37489,"date":"2025-12-07T09:00:01","date_gmt":"2025-12-07T14:00:01","guid":{"rendered":"https:\/\/elestataldemexico.com\/?p=37489"},"modified":"2025-12-08T11:37:54","modified_gmt":"2025-12-08T16:37:54","slug":"los-jugadores-de-chivas-que-recuperaron-el-protagonismo-en-la-era-de-gabriel-milito","status":"publish","type":"post","link":"https:\/\/elestataldemexico.com\/index.php\/2025\/12\/07\/los-jugadores-de-chivas-que-recuperaron-el-protagonismo-en-la-era-de-gabriel-milito\/","title":{"rendered":"Los jugadores de Chivas que recuperaron el protagonismo en la era de Gabriel Milito"},"content":{"rendered":"<p>\ud83d\udd38 De Bryan Gonz\u00e1lez a Armando Gonz\u00e1lez hay quienes destacaron en el primer torneo del t\u00e9cnico argentino.<\/p>\n<p>#DEPORTES | El primer torneo de la era Gabriel Milito lleg\u00f3 a su fin, algunos jugadores se ganaron un rol protag\u00f3nico y otros pudieron ver sus \u00faltimos minutos con las Chivas.<\/p>\n<p>El inicio fue complicado para el Reba\u00f1o, la fase defensiva les cost\u00f3, llegaron a sumar una seguidilla de 10 partidos recibiendo anotaci\u00f3n.<\/p>\n<p>Sin embargo, el sentido de urgencia apareci\u00f3, la paciencia y continuidad rindieron frutos y la segunda mitad del campeonato fue sobresaliente, sumaron 21 puntos de 24 en disputa para clasificar de manera directa.<\/p>\n<p>El t\u00e9cnico argentino ech\u00f3 mano de jugadores poco considerados en anteriores gestiones y los dio un rol que los coloc\u00f3 como importantes.<\/p>\n<p>Los cuatro refuerzos fueron de impacto inmediato, se convirtieron en titulares y aportaron en ambas fases; Bryan Gonz\u00e1lez jug\u00f3 el 93 por ciento de los minutos y anot\u00f3 dos goles, Diego Campillo fue fundamental en fase defensiva, salida con bal\u00f3n, adem\u00e1s de que anot\u00f3 un gol, Richard Ledezma y Efra\u00edn \u00c1lvarez fueron los generadores de peligro del Reba\u00f1o, el primer dio cinco asistencias y el segundo, cuatro.<\/p>\n<p>Las sensaciones que dej\u00f3 esta versi\u00f3n rojiblanca fueron positivas, el sello Milito qued\u00f3 plasmado, volvieron a competir, algo que se perdi\u00f3 en los \u00faltimos dos torneos.<\/p>\n<p>Las conclusiones que saque la directiva ser\u00e1n importantes para depurar el plantel y fichar acertadamente, como en el pasado mercado. La base est\u00e1 y el proyecto del chiver\u00edo tiene rumbo.<\/p>\n<p>Ra\u00fal Rangel: Sus condiciones fueron explotadas, recuper\u00f3 la seguridad y tuvo atajadas sobresalientes, competir\u00e1 por la titularidad en el Mundial.<\/p>\n<p>Alan Mozo: Pocos minutos tuvo, tendr\u00e1 que mejorar sus funciones para ganarse un lugar en el siguiente torneo.<\/p>\n<p>Gilberto Sep\u00falveda: El sistema de Gabriel Milito poco le benefici\u00f3 para sus virtudes, perdi\u00f3 la marca en ocasiones y su futuro apunta a estar lejos de Verde Valle.<\/p>\n<p>Luis Romo: Fue la pieza angular en este equipo, su rol como l\u00edbero ayud\u00f3 en ambas fases, su salida con bal\u00f3n, coberturas, servicios al espacio fueron destacables.<\/p>\n<p>Miguel Tapias: Las lesiones lo limitaron a jugar la mitad de encuentros, sus caracter\u00edsticas se adaptan al sistema y podr\u00e1 ayudar para darle profundidad al plantel.<\/p>\n<p>Miguel G\u00f3mez: Respondi\u00f3 cuando fue requerido, destac\u00f3 en duelos defensivos y tambi\u00e9n aport\u00f3 sum\u00e1ndose al frente en la generaci\u00f3n de peligro.<\/p>\n<p>Daniel Aguirre: Dos torneos los vio desde la tribuna, pero con Milito se revalor\u00f3, aport\u00f3 en salida, circulaci\u00f3n, coberturas y anot\u00f3 un gol que signific\u00f3 tres puntos, ante Pumas.<\/p>\n<p>Bryan Gonz\u00e1lez: Titular en todos los juegos, dos goles, una asistencia, seis participaciones de gol, de lo mejor del chiver\u00edo. Desborde, manos a manos, velocidad, remate.<\/p>\n<p>Diego Campillo: La fractura hizo que pesara su ausencia en la recta final, su liderazgo, coberturas, pases progresivos fueron de los mejor para el funcionamiento.<\/p>\n<p>Jos\u00e9 Castillo: La recuperaci\u00f3n, los rechaces, los pases acertados, lo posicionaron como indiscutible del equipo.<\/p>\n<p>Omar Govea: De un rol secundario a titular y pieza importante en medio campo, la circulaci\u00f3n de bal\u00f3n, la calma para tocar, lo revalorizaron.<\/p>\n<p>Cade Cowell: Sus cualidades pegado a la banda, poco se adaptan al sistema, sin embargo su explosividad como otro atacante puede aportar.<\/p>\n<p>Efra\u00edn \u00c1lvarez: Su regate en corto, golpeo de bal\u00f3n, toma de decisiones y lo hicieron uno de los principales generadores de peligro.<\/p>\n<p>Isaac Brizuela: Sus mejores momentos ya pasaron, apenas jug\u00f3 22 minutos, lleg\u00f3 el momento de prescindir del Cone en cancha.<\/p>\n<p>Erick Guti\u00e9rrez: La lesi\u00f3n en el Cl\u00e1sico Nacional peg\u00f3 en su actividad, pues poco fue utilizado, sin embargo su aporte en conducci\u00f3n y aporte al frente fueron importantes.<\/p>\n<p>Rub\u00e9n Gonz\u00e1lez: El trabajo de recuperaci\u00f3n, ubicaci\u00f3n y pases en medio campo fueron importantes, sobre todo en fase defensiva.<\/p>\n<p>Richard Ledezma: Cinco asistencias fue el que m\u00e1s sum\u00f3, su velocidad, desborde, centros acertados, golpeo de bal\u00f3n fueron destacables, un fichaje que cay\u00f3 de pie.<\/p>\n<p>Santiago Sandoval: Debut\u00f3 este torneo, anot\u00f3 dos goles, sus desmarques, encare, pases progresivos, lo hacen un ilusionante prospecto.<\/p>\n<p>Samir Inda: Debut\u00f3 y anot\u00f3 su primer gol en Primera Divisi\u00f3n, ha sido seguido de cerca por el cuerpo t\u00e9cnico.<\/p>\n<p>Alan Pulido: Dos juegos como titular, fall\u00f3 un penal ante Santos, no logr\u00f3 marcar, sus mejores tiempos pasaron y podr\u00eda salir del club.<\/p>\n<p>Javier Hern\u00e1ndez: Marc\u00f3 un gol en el \u00faltimo partido de fase regular, pero su error ante Cruz Azul marc\u00f3 el fin de su etapa en el Reba\u00f1o.<\/p>\n<p>Roberto Alvarado: Fue de menos a m\u00e1s, no hacer pretemporada le cost\u00f3, lleg\u00f3 a recibir abucheos, pero encontr\u00f3 su lugar, anot\u00f3 tres goles, dio dos asistencias y particip\u00f3 en siete goles.<\/p>\n<p>Armando Gonz\u00e1lez: 22 a\u00f1os y consigui\u00f3 su primer t\u00edtulo de goleo, marc\u00f3 12, ha evolucionado en su juego y tiene hambre de m\u00e1s, es el referente de gol del Guadalajara.<\/p>\n<p>Hugo Camberos: Le cost\u00f3 adaptarse al sistema, jug\u00f3 solo siete partidos, adem\u00e1s de que tuvo actividad en el Mundial Sub 20.<\/p>\n<p>Teun Wilke: Poco aport\u00f3 cuando fue requerido, tiene cualidades, pero necesita foguearse en un club con menos exigencia donde encuentre continuidad.<\/p>\n<p>Yael Padilla: 37 minutos jug\u00f3, el cuerpo t\u00e9cnico prescindi\u00f3 de sus cualidades, deber\u00e1 pulirlas si quiere seguir en el equipo.<\/p>\n<p>#Jugadores #Chivas #Recuperaron #Protagonismo #Era #GabrielMilito<\/p>\n","protected":false},"excerpt":{"rendered":"<p>\ud83d\udd38 De Bryan Gonz\u00e1lez a Armando Gonz\u00e1lez hay quienes destacaron en el primer torneo del t\u00e9cnico argentino. #DEPORTES<\/p>\n","protected":false},"author":1,"featured_media":37491,"comment_status":"open","ping_status":"closed","sticky":false,"template":"","format":"standard","meta":{"footnotes":""},"categories":[12],"tags":[],"class_list":["post-37489","post","type-post","status-publish","format-standard","has-post-thumbnail","hentry","category-deportes"],"yoast_head":"<!-- This site is optimized with the Yoast SEO plugin v27.4 - https:\/\/yoast.com\/product\/yoast-seo-wordpress\/ -->\n<title>Los jugadores de Chivas que recuperaron el protagonismo en la era de Gabriel Milito - El Estatal de M\u00e9xico<\/title>\n<meta name=\"robots\" content=\"index, follow, max-snippet:-1, max-image-preview:large, max-video-preview:-1\" \/>\n<link rel=\"canonical\" href=\"https:\/\/elestataldemexico.com\/index.php\/2025\/12\/07\/los-jugadores-de-chivas-que-recuperaron-el-protagonismo-en-la-era-de-gabriel-milito\/\" \/>\n<meta property=\"og:locale\" content=\"es_ES\" \/>\n<meta property=\"og:type\" content=\"article\" \/>\n<meta property=\"og:title\" content=\"Los jugadores de Chivas que recuperaron el protagonismo en la era de Gabriel Milito - El Estatal de M\u00e9xico\" \/>\n<meta property=\"og:description\" content=\"\ud83d\udd38 De Bryan Gonz\u00e1lez a Armando Gonz\u00e1lez hay quienes destacaron en el primer torneo del t\u00e9cnico argentino. #DEPORTES\" \/>\n<meta property=\"og:url\" content=\"https:\/\/elestataldemexico.com\/index.php\/2025\/12\/07\/los-jugadores-de-chivas-que-recuperaron-el-protagonismo-en-la-era-de-gabriel-milito\/\" \/>\n<meta property=\"og:site_name\" content=\"El Estatal de M\u00e9xico\" \/>\n<meta property=\"article:published_time\" content=\"2025-12-07T14:00:01+00:00\" \/>\n<meta property=\"article:modified_time\" content=\"2025-12-08T16:37:54+00:00\" \/>\n<meta name=\"author\" content=\"admin\" \/>\n<meta name=\"twitter:card\" content=\"summary_large_image\" \/>\n<meta name=\"twitter:label1\" content=\"Escrito por\" \/>\n\t<meta name=\"twitter:data1\" content=\"admin\" \/>\n\t<meta name=\"twitter:label2\" content=\"Tiempo de lectura\" \/>\n\t<meta name=\"twitter:data2\" content=\"5 minutos\" \/>\n<script type=\"application\/ld+json\" class=\"yoast-schema-graph\">{\"@context\":\"https:\\\/\\\/schema.org\",\"@graph\":[{\"@type\":\"Article\",\"@id\":\"https:\\\/\\\/elestataldemexico.com\\\/index.php\\\/2025\\\/12\\\/07\\\/los-jugadores-de-chivas-que-recuperaron-el-protagonismo-en-la-era-de-gabriel-milito\\\/#article\",\"isPartOf\":{\"@id\":\"https:\\\/\\\/elestataldemexico.com\\\/index.php\\\/2025\\\/12\\\/07\\\/los-jugadores-de-chivas-que-recuperaron-el-protagonismo-en-la-era-de-gabriel-milito\\\/\"},\"author\":{\"name\":\"admin\",\"@id\":\"https:\\\/\\\/elestataldemexico.com\\\/#\\\/schema\\\/person\\\/6c7813c13d2c1571771f592f0fe866bb\"},\"headline\":\"Los jugadores de Chivas que recuperaron el protagonismo en la era de Gabriel Milito\",\"datePublished\":\"2025-12-07T14:00:01+00:00\",\"dateModified\":\"2025-12-08T16:37:54+00:00\",\"mainEntityOfPage\":{\"@id\":\"https:\\\/\\\/elestataldemexico.com\\\/index.php\\\/2025\\\/12\\\/07\\\/los-jugadores-de-chivas-que-recuperaron-el-protagonismo-en-la-era-de-gabriel-milito\\\/\"},\"wordCount\":917,\"commentCount\":0,\"publisher\":{\"@id\":\"https:\\\/\\\/elestataldemexico.com\\\/#organization\"},\"image\":{\"@id\":\"https:\\\/\\\/elestataldemexico.com\\\/index.php\\\/2025\\\/12\\\/07\\\/los-jugadores-de-chivas-que-recuperaron-el-protagonismo-en-la-era-de-gabriel-milito\\\/#primaryimage\"},\"thumbnailUrl\":\"https:\\\/\\\/elestataldemexico.com\\\/wp-content\\\/uploads\\\/2025\\\/12\\\/WhatsApp-Image-2025-12-06-at-21.11.54.jpeg\",\"articleSection\":[\"Deportes\"],\"inLanguage\":\"es\",\"potentialAction\":[{\"@type\":\"CommentAction\",\"name\":\"Comment\",\"target\":[\"https:\\\/\\\/elestataldemexico.com\\\/index.php\\\/2025\\\/12\\\/07\\\/los-jugadores-de-chivas-que-recuperaron-el-protagonismo-en-la-era-de-gabriel-milito\\\/#respond\"]}]},{\"@type\":\"WebPage\",\"@id\":\"https:\\\/\\\/elestataldemexico.com\\\/index.php\\\/2025\\\/12\\\/07\\\/los-jugadores-de-chivas-que-recuperaron-el-protagonismo-en-la-era-de-gabriel-milito\\\/\",\"url\":\"https:\\\/\\\/elestataldemexico.com\\\/index.php\\\/2025\\\/12\\\/07\\\/los-jugadores-de-chivas-que-recuperaron-el-protagonismo-en-la-era-de-gabriel-milito\\\/\",\"name\":\"Los jugadores de Chivas que recuperaron el protagonismo en la era de Gabriel Milito - El Estatal de M\u00e9xico\",\"isPartOf\":{\"@id\":\"https:\\\/\\\/elestataldemexico.com\\\/#website\"},\"primaryImageOfPage\":{\"@id\":\"https:\\\/\\\/elestataldemexico.com\\\/index.php\\\/2025\\\/12\\\/07\\\/los-jugadores-de-chivas-que-recuperaron-el-protagonismo-en-la-era-de-gabriel-milito\\\/#primaryimage\"},\"image\":{\"@id\":\"https:\\\/\\\/elestataldemexico.com\\\/index.php\\\/2025\\\/12\\\/07\\\/los-jugadores-de-chivas-que-recuperaron-el-protagonismo-en-la-era-de-gabriel-milito\\\/#primaryimage\"},\"thumbnailUrl\":\"https:\\\/\\\/elestataldemexico.com\\\/wp-content\\\/uploads\\\/2025\\\/12\\\/WhatsApp-Image-2025-12-06-at-21.11.54.jpeg\",\"datePublished\":\"2025-12-07T14:00:01+00:00\",\"dateModified\":\"2025-12-08T16:37:54+00:00\",\"breadcrumb\":{\"@id\":\"https:\\\/\\\/elestataldemexico.com\\\/index.php\\\/2025\\\/12\\\/07\\\/los-jugadores-de-chivas-que-recuperaron-el-protagonismo-en-la-era-de-gabriel-milito\\\/#breadcrumb\"},\"inLanguage\":\"es\",\"potentialAction\":[{\"@type\":\"ReadAction\",\"target\":[\"https:\\\/\\\/elestataldemexico.com\\\/index.php\\\/2025\\\/12\\\/07\\\/los-jugadores-de-chivas-que-recuperaron-el-protagonismo-en-la-era-de-gabriel-milito\\\/\"]}]},{\"@type\":\"ImageObject\",\"inLanguage\":\"es\",\"@id\":\"https:\\\/\\\/elestataldemexico.com\\\/index.php\\\/2025\\\/12\\\/07\\\/los-jugadores-de-chivas-que-recuperaron-el-protagonismo-en-la-era-de-gabriel-milito\\\/#primaryimage\",\"url\":\"https:\\\/\\\/elestataldemexico.com\\\/wp-content\\\/uploads\\\/2025\\\/12\\\/WhatsApp-Image-2025-12-06-at-21.11.54.jpeg\",\"contentUrl\":\"https:\\\/\\\/elestataldemexico.com\\\/wp-content\\\/uploads\\\/2025\\\/12\\\/WhatsApp-Image-2025-12-06-at-21.11.54.jpeg\",\"width\":1034,\"height\":582},{\"@type\":\"BreadcrumbList\",\"@id\":\"https:\\\/\\\/elestataldemexico.com\\\/index.php\\\/2025\\\/12\\\/07\\\/los-jugadores-de-chivas-que-recuperaron-el-protagonismo-en-la-era-de-gabriel-milito\\\/#breadcrumb\",\"itemListElement\":[{\"@type\":\"ListItem\",\"position\":1,\"name\":\"Portada\",\"item\":\"https:\\\/\\\/elestataldemexico.com\\\/\"},{\"@type\":\"ListItem\",\"position\":2,\"name\":\"Los jugadores de Chivas que recuperaron el protagonismo en la era de Gabriel Milito\"}]},{\"@type\":\"WebSite\",\"@id\":\"https:\\\/\\\/elestataldemexico.com\\\/#website\",\"url\":\"https:\\\/\\\/elestataldemexico.com\\\/\",\"name\":\"El Estatal de M\u00e9xico\",\"description\":\"\",\"publisher\":{\"@id\":\"https:\\\/\\\/elestataldemexico.com\\\/#organization\"},\"potentialAction\":[{\"@type\":\"SearchAction\",\"target\":{\"@type\":\"EntryPoint\",\"urlTemplate\":\"https:\\\/\\\/elestataldemexico.com\\\/?s={search_term_string}\"},\"query-input\":{\"@type\":\"PropertyValueSpecification\",\"valueRequired\":true,\"valueName\":\"search_term_string\"}}],\"inLanguage\":\"es\"},{\"@type\":\"Organization\",\"@id\":\"https:\\\/\\\/elestataldemexico.com\\\/#organization\",\"name\":\"El Estatal de M\u00e9xico\",\"url\":\"https:\\\/\\\/elestataldemexico.com\\\/\",\"logo\":{\"@type\":\"ImageObject\",\"inLanguage\":\"es\",\"@id\":\"https:\\\/\\\/elestataldemexico.com\\\/#\\\/schema\\\/logo\\\/image\\\/\",\"url\":\"https:\\\/\\\/elestataldemexico.com\\\/wp-content\\\/uploads\\\/2025\\\/05\\\/cropped-elestatal.png\",\"contentUrl\":\"https:\\\/\\\/elestataldemexico.com\\\/wp-content\\\/uploads\\\/2025\\\/05\\\/cropped-elestatal.png\",\"width\":504,\"height\":97,\"caption\":\"El Estatal de M\u00e9xico\"},\"image\":{\"@id\":\"https:\\\/\\\/elestataldemexico.com\\\/#\\\/schema\\\/logo\\\/image\\\/\"}},{\"@type\":\"Person\",\"@id\":\"https:\\\/\\\/elestataldemexico.com\\\/#\\\/schema\\\/person\\\/6c7813c13d2c1571771f592f0fe866bb\",\"name\":\"admin\",\"image\":{\"@type\":\"ImageObject\",\"inLanguage\":\"es\",\"@id\":\"https:\\\/\\\/secure.gravatar.com\\\/avatar\\\/d5ed2db9923a3ad3c0a47f6b3aec7abcb43924b9322251ade16472fc06f7bb5b?s=96&d=mm&r=g\",\"url\":\"https:\\\/\\\/secure.gravatar.com\\\/avatar\\\/d5ed2db9923a3ad3c0a47f6b3aec7abcb43924b9322251ade16472fc06f7bb5b?s=96&d=mm&r=g\",\"contentUrl\":\"https:\\\/\\\/secure.gravatar.com\\\/avatar\\\/d5ed2db9923a3ad3c0a47f6b3aec7abcb43924b9322251ade16472fc06f7bb5b?s=96&d=mm&r=g\",\"caption\":\"admin\"},\"sameAs\":[\"https:\\\/\\\/elestataldemexico.com\"],\"url\":\"https:\\\/\\\/elestataldemexico.com\\\/index.php\\\/author\\\/info_qk62m3p3\\\/\"}]}<\/script>\n<!-- \/ Yoast SEO plugin. -->","yoast_head_json":{"title":"Los jugadores de Chivas que recuperaron el protagonismo en la era de Gabriel Milito - El Estatal de M\u00e9xico","robots":{"index":"index","follow":"follow","max-snippet":"max-snippet:-1","max-image-preview":"max-image-preview:large","max-video-preview":"max-video-preview:-1"},"canonical":"https:\/\/elestataldemexico.com\/index.php\/2025\/12\/07\/los-jugadores-de-chivas-que-recuperaron-el-protagonismo-en-la-era-de-gabriel-milito\/","og_locale":"es_ES","og_type":"article","og_title":"Los jugadores de Chivas que recuperaron el protagonismo en la era de Gabriel Milito - El Estatal de M\u00e9xico","og_description":"\ud83d\udd38 De Bryan Gonz\u00e1lez a Armando Gonz\u00e1lez hay quienes destacaron en el primer torneo del t\u00e9cnico argentino. #DEPORTES","og_url":"https:\/\/elestataldemexico.com\/index.php\/2025\/12\/07\/los-jugadores-de-chivas-que-recuperaron-el-protagonismo-en-la-era-de-gabriel-milito\/","og_site_name":"El Estatal de M\u00e9xico","article_published_time":"2025-12-07T14:00:01+00:00","article_modified_time":"2025-12-08T16:37:54+00:00","author":"admin","twitter_card":"summary_large_image","twitter_misc":{"Escrito por":"admin","Tiempo de lectura":"5 minutos"},"schema":{"@context":"https:\/\/schema.org","@graph":[{"@type":"Article","@id":"https:\/\/elestataldemexico.com\/index.php\/2025\/12\/07\/los-jugadores-de-chivas-que-recuperaron-el-protagonismo-en-la-era-de-gabriel-milito\/#article","isPartOf":{"@id":"https:\/\/elestataldemexico.com\/index.php\/2025\/12\/07\/los-jugadores-de-chivas-que-recuperaron-el-protagonismo-en-la-era-de-gabriel-milito\/"},"author":{"name":"admin","@id":"https:\/\/elestataldemexico.com\/#\/schema\/person\/6c7813c13d2c1571771f592f0fe866bb"},"headline":"Los jugadores de Chivas que recuperaron el protagonismo en la era de Gabriel Milito","datePublished":"2025-12-07T14:00:01+00:00","dateModified":"2025-12-08T16:37:54+00:00","mainEntityOfPage":{"@id":"https:\/\/elestataldemexico.com\/index.php\/2025\/12\/07\/los-jugadores-de-chivas-que-recuperaron-el-protagonismo-en-la-era-de-gabriel-milito\/"},"wordCount":917,"commentCount":0,"publisher":{"@id":"https:\/\/elestataldemexico.com\/#organization"},"image":{"@id":"https:\/\/elestataldemexico.com\/index.php\/2025\/12\/07\/los-jugadores-de-chivas-que-recuperaron-el-protagonismo-en-la-era-de-gabriel-milito\/#primaryimage"},"thumbnailUrl":"https:\/\/elestataldemexico.com\/wp-content\/uploads\/2025\/12\/WhatsApp-Image-2025-12-06-at-21.11.54.jpeg","articleSection":["Deportes"],"inLanguage":"es","potentialAction":[{"@type":"CommentAction","name":"Comment","target":["https:\/\/elestataldemexico.com\/index.php\/2025\/12\/07\/los-jugadores-de-chivas-que-recuperaron-el-protagonismo-en-la-era-de-gabriel-milito\/#respond"]}]},{"@type":"WebPage","@id":"https:\/\/elestataldemexico.com\/index.php\/2025\/12\/07\/los-jugadores-de-chivas-que-recuperaron-el-protagonismo-en-la-era-de-gabriel-milito\/","url":"https:\/\/elestataldemexico.com\/index.php\/2025\/12\/07\/los-jugadores-de-chivas-que-recuperaron-el-protagonismo-en-la-era-de-gabriel-milito\/","name":"Los jugadores de Chivas que recuperaron el protagonismo en la era de Gabriel Milito - El Estatal de M\u00e9xico","isPartOf":{"@id":"https:\/\/elestataldemexico.com\/#website"},"primaryImageOfPage":{"@id":"https:\/\/elestataldemexico.com\/index.php\/2025\/12\/07\/los-jugadores-de-chivas-que-recuperaron-el-protagonismo-en-la-era-de-gabriel-milito\/#primaryimage"},"image":{"@id":"https:\/\/elestataldemexico.com\/index.php\/2025\/12\/07\/los-jugadores-de-chivas-que-recuperaron-el-protagonismo-en-la-era-de-gabriel-milito\/#primaryimage"},"thumbnailUrl":"https:\/\/elestataldemexico.com\/wp-content\/uploads\/2025\/12\/WhatsApp-Image-2025-12-06-at-21.11.54.jpeg","datePublished":"2025-12-07T14:00:01+00:00","dateModified":"2025-12-08T16:37:54+00:00","breadcrumb":{"@id":"https:\/\/elestataldemexico.com\/index.php\/2025\/12\/07\/los-jugadores-de-chivas-que-recuperaron-el-protagonismo-en-la-era-de-gabriel-milito\/#breadcrumb"},"inLanguage":"es","potentialAction":[{"@type":"ReadAction","target":["https:\/\/elestataldemexico.com\/index.php\/2025\/12\/07\/los-jugadores-de-chivas-que-recuperaron-el-protagonismo-en-la-era-de-gabriel-milito\/"]}]},{"@type":"ImageObject","inLanguage":"es","@id":"https:\/\/elestataldemexico.com\/index.php\/2025\/12\/07\/los-jugadores-de-chivas-que-recuperaron-el-protagonismo-en-la-era-de-gabriel-milito\/#primaryimage","url":"https:\/\/elestataldemexico.com\/wp-content\/uploads\/2025\/12\/WhatsApp-Image-2025-12-06-at-21.11.54.jpeg","contentUrl":"https:\/\/elestataldemexico.com\/wp-content\/uploads\/2025\/12\/WhatsApp-Image-2025-12-06-at-21.11.54.jpeg","width":1034,"height":582},{"@type":"BreadcrumbList","@id":"https:\/\/elestataldemexico.com\/index.php\/2025\/12\/07\/los-jugadores-de-chivas-que-recuperaron-el-protagonismo-en-la-era-de-gabriel-milito\/#breadcrumb","itemListElement":[{"@type":"ListItem","position":1,"name":"Portada","item":"https:\/\/elestataldemexico.com\/"},{"@type":"ListItem","position":2,"name":"Los jugadores de Chivas que recuperaron el protagonismo en la era de Gabriel Milito"}]},{"@type":"WebSite","@id":"https:\/\/elestataldemexico.com\/#website","url":"https:\/\/elestataldemexico.com\/","name":"El Estatal de M\u00e9xico","description":"","publisher":{"@id":"https:\/\/elestataldemexico.com\/#organization"},"potentialAction":[{"@type":"SearchAction","target":{"@type":"EntryPoint","urlTemplate":"https:\/\/elestataldemexico.com\/?s={search_term_string}"},"query-input":{"@type":"PropertyValueSpecification","valueRequired":true,"valueName":"search_term_string"}}],"inLanguage":"es"},{"@type":"Organization","@id":"https:\/\/elestataldemexico.com\/#organization","name":"El Estatal de M\u00e9xico","url":"https:\/\/elestataldemexico.com\/","logo":{"@type":"ImageObject","inLanguage":"es","@id":"https:\/\/elestataldemexico.com\/#\/schema\/logo\/image\/","url":"https:\/\/elestataldemexico.com\/wp-content\/uploads\/2025\/05\/cropped-elestatal.png","contentUrl":"https:\/\/elestataldemexico.com\/wp-content\/uploads\/2025\/05\/cropped-elestatal.png","width":504,"height":97,"caption":"El Estatal de M\u00e9xico"},"image":{"@id":"https:\/\/elestataldemexico.com\/#\/schema\/logo\/image\/"}},{"@type":"Person","@id":"https:\/\/elestataldemexico.com\/#\/schema\/person\/6c7813c13d2c1571771f592f0fe866bb","name":"admin","image":{"@type":"ImageObject","inLanguage":"es","@id":"https:\/\/secure.gravatar.com\/avatar\/d5ed2db9923a3ad3c0a47f6b3aec7abcb43924b9322251ade16472fc06f7bb5b?s=96&d=mm&r=g","url":"https:\/\/secure.gravatar.com\/avatar\/d5ed2db9923a3ad3c0a47f6b3aec7abcb43924b9322251ade16472fc06f7bb5b?s=96&d=mm&r=g","contentUrl":"https:\/\/secure.gravatar.com\/avatar\/d5ed2db9923a3ad3c0a47f6b3aec7abcb43924b9322251ade16472fc06f7bb5b?s=96&d=mm&r=g","caption":"admin"},"sameAs":["https:\/\/elestataldemexico.com"],"url":"https:\/\/elestataldemexico.com\/index.php\/author\/info_qk62m3p3\/"}]}},"_links":{"self":[{"href":"https:\/\/elestataldemexico.com\/index.php\/wp-json\/wp\/v2\/posts\/37489","targetHints":{"allow":["GET"]}}],"collection":[{"href":"https:\/\/elestataldemexico.com\/index.php\/wp-json\/wp\/v2\/posts"}],"about":[{"href":"https:\/\/elestataldemexico.com\/index.php\/wp-json\/wp\/v2\/types\/post"}],"author":[{"embeddable":true,"href":"https:\/\/elestataldemexico.com\/index.php\/wp-json\/wp\/v2\/users\/1"}],"replies":[{"embeddable":true,"href":"https:\/\/elestataldemexico.com\/index.php\/wp-json\/wp\/v2\/comments?post=37489"}],"version-history":[{"count":1,"href":"https:\/\/elestataldemexico.com\/index.php\/wp-json\/wp\/v2\/posts\/37489\/revisions"}],"predecessor-version":[{"id":37490,"href":"https:\/\/elestataldemexico.com\/index.php\/wp-json\/wp\/v2\/posts\/37489\/revisions\/37490"}],"wp:featuredmedia":[{"embeddable":true,"href":"https:\/\/elestataldemexico.com\/index.php\/wp-json\/wp\/v2\/media\/37491"}],"wp:attachment":[{"href":"https:\/\/elestataldemexico.com\/index.php\/wp-json\/wp\/v2\/media?parent=37489"}],"wp:term":[{"taxonomy":"category","embeddable":true,"href":"https:\/\/elestataldemexico.com\/index.php\/wp-json\/wp\/v2\/categories?post=37489"},{"taxonomy":"post_tag","embeddable":true,"href":"https:\/\/elestataldemexico.com\/index.php\/wp-json\/wp\/v2\/tags?post=37489"}],"curies":[{"name":"wp","href":"https:\/\/api.w.org\/{rel}","templated":true}]}}