{"id":35790,"date":"2025-10-25T12:00:06","date_gmt":"2025-10-25T17:00:06","guid":{"rendered":"https:\/\/elestataldemexico.com\/?p=35790"},"modified":"2025-10-26T22:51:02","modified_gmt":"2025-10-27T03:51:02","slug":"yo-no-pensaba-hacer-otro-album-ariana-grande-revela-como-su-papel-en-wicked-evito-su-retiro-tras-positions","status":"publish","type":"post","link":"https:\/\/elestataldemexico.com\/index.php\/2025\/10\/25\/yo-no-pensaba-hacer-otro-album-ariana-grande-revela-como-su-papel-en-wicked-evito-su-retiro-tras-positions\/","title":{"rendered":"\u00abYo no pensaba hacer otro \u00e1lbum\u00bb: Ariana Grande revela c\u00f3mo su papel en &#8216;Wicked&#8217; evit\u00f3 su retiro tras &#8216;Positions&#8217;"},"content":{"rendered":"<p>\ud83d\udd38 La cantante confiesa que interpretar a Glinda en &#8216;Wicked&#8217; reaviv\u00f3 su pasi\u00f3n por la m\u00fasica y la motiv\u00f3 a crear su \u00e1lbum &#8216;Eternal Sunshine&#8217;.<\/p>\n<p>#ESPECT\u00c1CULOS | La estrella confiesa en el podcast Shut Up Evan que el personaje de Wicked\u00a0la ayud\u00f3 a reconectar con su \u00abconexi\u00f3n interna\u00bb que hab\u00eda perdido debido al trauma.<\/p>\n<p>Ariana Grande\u00a0ha compartido uno de los secretos m\u00e1s sorprendentes de su carrera: tras el lanzamiento de Positions en 2020, la superestrella consider\u00f3 seriamente que ese ser\u00eda su \u00faltimo \u00e1lbum.<\/p>\n<p>La cantante ha revelado que fue su participaci\u00f3n como Glinda en la adaptaci\u00f3n cinematogr\u00e1fica de Wicked lo que revivi\u00f3 su pasi\u00f3n por la m\u00fasica.<\/p>\n<p>Al hablar sobre el impacto emocional del papel, Grande confes\u00f3 que Glinda reestructur\u00f3 su relaci\u00f3n con la creatividad: \u00abEs muy emotivo, es mucho. Ha reorganizado todo, todo con mi relaci\u00f3n con la creatividad. Yo no pens\u00e9 que iba que iba a ser otro \u00e1lbum cuando me fui a Londres, pero ese era mi secreto, \u00bfsabes?\u00bb.<\/p>\n<p>Grande explica que la inmersi\u00f3n en el rodaje de Wicked la llev\u00f3 a un punto de fortaleza personal que hab\u00eda perdido. Ella compara la superficialidad de la industria con la autenticidad que sinti\u00f3 al interpretar a Glinda:<\/p>\n<p>\u00abPuedes quitarte la peluca, pero todo lo que sientes te lo llevas a casa. Glinda es muy segura de ella misma&#8230; Ella tiene una conexi\u00f3n interna con ella misma y eso es algo que perd\u00ed a trav\u00e9s del trauma.\u00bb<br \/>\nAriana Grande describe que lo que sinti\u00f3 tras la experiencia fue una \u00abinspiraci\u00f3n, una chispa que volvi\u00f3 a encenderse\u00bb.<\/p>\n<p>El personaje la empoder\u00f3, d\u00e1ndole la motivaci\u00f3n para regresar al estudio y crear su aclamado \u00e1lbum de 2024, Eternal Sunshine, rompiendo as\u00ed el par\u00e9ntesis de cuatro a\u00f1os que pens\u00f3 ser\u00eda el fin de su carrera discogr\u00e1fica.<\/p>\n<p>La chispa creativa encendida por Glinda no se hizo esperar. Tras terminar el rodaje de Wicked, Ariana Grande canaliz\u00f3 esas emociones y esa nueva fortaleza en su s\u00e9ptimo \u00e1lbum.<\/p>\n<p>Ella misma confirm\u00f3 que el proceso de composici\u00f3n comenz\u00f3 inmediatamente despu\u00e9s de regresar de Londres, dando como primer resultado el sencillo Yes, and?.<\/p>\n<p>El \u00e1lbum debut\u00f3 con casi 60 millones de streams en Spotify a nivel mundial, estableciendo el r\u00e9cord como el \u00e1lbum con el mayor debut de streaming femenino de 2024 en ese momento.<\/p>\n<p>El \u00e1lbum, que aborda abiertamente temas de curaci\u00f3n personal y nuevos comienzos, debut\u00f3 en el No. 1 del Billboard 200.<\/p>\n<p>La cancelaci\u00f3n del retiro se confirm\u00f3 finalmente con el anuncio de \u00abThe Eternal Sunshine Tour 2026\u00bb, la primera gira de la artista en siete a\u00f1os.<\/p>\n<p>Con este tour, que recorrer\u00e1 Norteam\u00e9rica y el Reino Unido, Grande demostr\u00f3 que la experiencia de Glinda no solo la inspir\u00f3 a grabar un disco, sino a abrazar nuevamente la vida en el escenario.<\/p>\n<p>#ArianaGrande #Wicked #Positions #EternalSunshine<\/p>\n","protected":false},"excerpt":{"rendered":"<p>\ud83d\udd38 La cantante confiesa que interpretar a Glinda en &#8216;Wicked&#8217; reaviv\u00f3 su pasi\u00f3n por la m\u00fasica y la<\/p>\n","protected":false},"author":1,"featured_media":35792,"comment_status":"open","ping_status":"closed","sticky":false,"template":"","format":"standard","meta":{"footnotes":""},"categories":[11],"tags":[],"class_list":["post-35790","post","type-post","status-publish","format-standard","has-post-thumbnail","hentry","category-espectaculos"],"yoast_head":"<!-- This site is optimized with the Yoast SEO plugin v27.5 - https:\/\/yoast.com\/product\/yoast-seo-wordpress\/ -->\n<title>&quot;Yo no pensaba hacer otro \u00e1lbum&quot;: Ariana Grande revela c\u00f3mo su papel en &#039;Wicked&#039; evit\u00f3 su retiro tras &#039;Positions&#039; - El Estatal de M\u00e9xico<\/title>\n<meta name=\"robots\" content=\"index, follow, max-snippet:-1, max-image-preview:large, max-video-preview:-1\" \/>\n<link rel=\"canonical\" href=\"https:\/\/elestataldemexico.com\/index.php\/2025\/10\/25\/yo-no-pensaba-hacer-otro-album-ariana-grande-revela-como-su-papel-en-wicked-evito-su-retiro-tras-positions\/\" \/>\n<meta property=\"og:locale\" content=\"es_ES\" \/>\n<meta property=\"og:type\" content=\"article\" \/>\n<meta property=\"og:title\" content=\"&quot;Yo no pensaba hacer otro \u00e1lbum&quot;: Ariana Grande revela c\u00f3mo su papel en &#039;Wicked&#039; evit\u00f3 su retiro tras &#039;Positions&#039; - El Estatal de M\u00e9xico\" \/>\n<meta property=\"og:description\" content=\"\ud83d\udd38 La cantante confiesa que interpretar a Glinda en &#8216;Wicked&#8217; reaviv\u00f3 su pasi\u00f3n por la m\u00fasica y la\" \/>\n<meta property=\"og:url\" content=\"https:\/\/elestataldemexico.com\/index.php\/2025\/10\/25\/yo-no-pensaba-hacer-otro-album-ariana-grande-revela-como-su-papel-en-wicked-evito-su-retiro-tras-positions\/\" \/>\n<meta property=\"og:site_name\" content=\"El Estatal de M\u00e9xico\" \/>\n<meta property=\"article:published_time\" content=\"2025-10-25T17:00:06+00:00\" \/>\n<meta property=\"article:modified_time\" content=\"2025-10-27T03:51:02+00:00\" \/>\n<meta name=\"author\" content=\"admin\" \/>\n<meta name=\"twitter:card\" content=\"summary_large_image\" \/>\n<meta name=\"twitter:label1\" content=\"Escrito por\" \/>\n\t<meta name=\"twitter:data1\" content=\"admin\" \/>\n\t<meta name=\"twitter:label2\" content=\"Tiempo de lectura\" \/>\n\t<meta name=\"twitter:data2\" content=\"2 minutos\" \/>\n<script type=\"application\/ld+json\" class=\"yoast-schema-graph\">{\"@context\":\"https:\\\/\\\/schema.org\",\"@graph\":[{\"@type\":\"Article\",\"@id\":\"https:\\\/\\\/elestataldemexico.com\\\/index.php\\\/2025\\\/10\\\/25\\\/yo-no-pensaba-hacer-otro-album-ariana-grande-revela-como-su-papel-en-wicked-evito-su-retiro-tras-positions\\\/#article\",\"isPartOf\":{\"@id\":\"https:\\\/\\\/elestataldemexico.com\\\/index.php\\\/2025\\\/10\\\/25\\\/yo-no-pensaba-hacer-otro-album-ariana-grande-revela-como-su-papel-en-wicked-evito-su-retiro-tras-positions\\\/\"},\"author\":{\"name\":\"admin\",\"@id\":\"https:\\\/\\\/elestataldemexico.com\\\/#\\\/schema\\\/person\\\/6c7813c13d2c1571771f592f0fe866bb\"},\"headline\":\"\u00abYo no pensaba hacer otro \u00e1lbum\u00bb: Ariana Grande revela c\u00f3mo su papel en &#8216;Wicked&#8217; evit\u00f3 su retiro tras &#8216;Positions&#8217;\",\"datePublished\":\"2025-10-25T17:00:06+00:00\",\"dateModified\":\"2025-10-27T03:51:02+00:00\",\"mainEntityOfPage\":{\"@id\":\"https:\\\/\\\/elestataldemexico.com\\\/index.php\\\/2025\\\/10\\\/25\\\/yo-no-pensaba-hacer-otro-album-ariana-grande-revela-como-su-papel-en-wicked-evito-su-retiro-tras-positions\\\/\"},\"wordCount\":506,\"commentCount\":0,\"publisher\":{\"@id\":\"https:\\\/\\\/elestataldemexico.com\\\/#organization\"},\"image\":{\"@id\":\"https:\\\/\\\/elestataldemexico.com\\\/index.php\\\/2025\\\/10\\\/25\\\/yo-no-pensaba-hacer-otro-album-ariana-grande-revela-como-su-papel-en-wicked-evito-su-retiro-tras-positions\\\/#primaryimage\"},\"thumbnailUrl\":\"https:\\\/\\\/elestataldemexico.com\\\/wp-content\\\/uploads\\\/2025\\\/10\\\/WhatsApp-Image-2025-10-25-at-11.54.29.jpeg\",\"articleSection\":[\"Espectaculos\"],\"inLanguage\":\"es\",\"potentialAction\":[{\"@type\":\"CommentAction\",\"name\":\"Comment\",\"target\":[\"https:\\\/\\\/elestataldemexico.com\\\/index.php\\\/2025\\\/10\\\/25\\\/yo-no-pensaba-hacer-otro-album-ariana-grande-revela-como-su-papel-en-wicked-evito-su-retiro-tras-positions\\\/#respond\"]}]},{\"@type\":\"WebPage\",\"@id\":\"https:\\\/\\\/elestataldemexico.com\\\/index.php\\\/2025\\\/10\\\/25\\\/yo-no-pensaba-hacer-otro-album-ariana-grande-revela-como-su-papel-en-wicked-evito-su-retiro-tras-positions\\\/\",\"url\":\"https:\\\/\\\/elestataldemexico.com\\\/index.php\\\/2025\\\/10\\\/25\\\/yo-no-pensaba-hacer-otro-album-ariana-grande-revela-como-su-papel-en-wicked-evito-su-retiro-tras-positions\\\/\",\"name\":\"\\\"Yo no pensaba hacer otro \u00e1lbum\\\": Ariana Grande revela c\u00f3mo su papel en 'Wicked' evit\u00f3 su retiro tras 'Positions' - El Estatal de M\u00e9xico\",\"isPartOf\":{\"@id\":\"https:\\\/\\\/elestataldemexico.com\\\/#website\"},\"primaryImageOfPage\":{\"@id\":\"https:\\\/\\\/elestataldemexico.com\\\/index.php\\\/2025\\\/10\\\/25\\\/yo-no-pensaba-hacer-otro-album-ariana-grande-revela-como-su-papel-en-wicked-evito-su-retiro-tras-positions\\\/#primaryimage\"},\"image\":{\"@id\":\"https:\\\/\\\/elestataldemexico.com\\\/index.php\\\/2025\\\/10\\\/25\\\/yo-no-pensaba-hacer-otro-album-ariana-grande-revela-como-su-papel-en-wicked-evito-su-retiro-tras-positions\\\/#primaryimage\"},\"thumbnailUrl\":\"https:\\\/\\\/elestataldemexico.com\\\/wp-content\\\/uploads\\\/2025\\\/10\\\/WhatsApp-Image-2025-10-25-at-11.54.29.jpeg\",\"datePublished\":\"2025-10-25T17:00:06+00:00\",\"dateModified\":\"2025-10-27T03:51:02+00:00\",\"breadcrumb\":{\"@id\":\"https:\\\/\\\/elestataldemexico.com\\\/index.php\\\/2025\\\/10\\\/25\\\/yo-no-pensaba-hacer-otro-album-ariana-grande-revela-como-su-papel-en-wicked-evito-su-retiro-tras-positions\\\/#breadcrumb\"},\"inLanguage\":\"es\",\"potentialAction\":[{\"@type\":\"ReadAction\",\"target\":[\"https:\\\/\\\/elestataldemexico.com\\\/index.php\\\/2025\\\/10\\\/25\\\/yo-no-pensaba-hacer-otro-album-ariana-grande-revela-como-su-papel-en-wicked-evito-su-retiro-tras-positions\\\/\"]}]},{\"@type\":\"ImageObject\",\"inLanguage\":\"es\",\"@id\":\"https:\\\/\\\/elestataldemexico.com\\\/index.php\\\/2025\\\/10\\\/25\\\/yo-no-pensaba-hacer-otro-album-ariana-grande-revela-como-su-papel-en-wicked-evito-su-retiro-tras-positions\\\/#primaryimage\",\"url\":\"https:\\\/\\\/elestataldemexico.com\\\/wp-content\\\/uploads\\\/2025\\\/10\\\/WhatsApp-Image-2025-10-25-at-11.54.29.jpeg\",\"contentUrl\":\"https:\\\/\\\/elestataldemexico.com\\\/wp-content\\\/uploads\\\/2025\\\/10\\\/WhatsApp-Image-2025-10-25-at-11.54.29.jpeg\",\"width\":1200,\"height\":678},{\"@type\":\"BreadcrumbList\",\"@id\":\"https:\\\/\\\/elestataldemexico.com\\\/index.php\\\/2025\\\/10\\\/25\\\/yo-no-pensaba-hacer-otro-album-ariana-grande-revela-como-su-papel-en-wicked-evito-su-retiro-tras-positions\\\/#breadcrumb\",\"itemListElement\":[{\"@type\":\"ListItem\",\"position\":1,\"name\":\"Portada\",\"item\":\"https:\\\/\\\/elestataldemexico.com\\\/\"},{\"@type\":\"ListItem\",\"position\":2,\"name\":\"\u00abYo no pensaba hacer otro \u00e1lbum\u00bb: Ariana Grande revela c\u00f3mo su papel en &#8216;Wicked&#8217; evit\u00f3 su retiro tras &#8216;Positions&#8217;\"}]},{\"@type\":\"WebSite\",\"@id\":\"https:\\\/\\\/elestataldemexico.com\\\/#website\",\"url\":\"https:\\\/\\\/elestataldemexico.com\\\/\",\"name\":\"El Estatal de M\u00e9xico\",\"description\":\"\",\"publisher\":{\"@id\":\"https:\\\/\\\/elestataldemexico.com\\\/#organization\"},\"potentialAction\":[{\"@type\":\"SearchAction\",\"target\":{\"@type\":\"EntryPoint\",\"urlTemplate\":\"https:\\\/\\\/elestataldemexico.com\\\/?s={search_term_string}\"},\"query-input\":{\"@type\":\"PropertyValueSpecification\",\"valueRequired\":true,\"valueName\":\"search_term_string\"}}],\"inLanguage\":\"es\"},{\"@type\":\"Organization\",\"@id\":\"https:\\\/\\\/elestataldemexico.com\\\/#organization\",\"name\":\"El Estatal de M\u00e9xico\",\"url\":\"https:\\\/\\\/elestataldemexico.com\\\/\",\"logo\":{\"@type\":\"ImageObject\",\"inLanguage\":\"es\",\"@id\":\"https:\\\/\\\/elestataldemexico.com\\\/#\\\/schema\\\/logo\\\/image\\\/\",\"url\":\"https:\\\/\\\/elestataldemexico.com\\\/wp-content\\\/uploads\\\/2025\\\/05\\\/cropped-elestatal.png\",\"contentUrl\":\"https:\\\/\\\/elestataldemexico.com\\\/wp-content\\\/uploads\\\/2025\\\/05\\\/cropped-elestatal.png\",\"width\":504,\"height\":97,\"caption\":\"El Estatal de M\u00e9xico\"},\"image\":{\"@id\":\"https:\\\/\\\/elestataldemexico.com\\\/#\\\/schema\\\/logo\\\/image\\\/\"}},{\"@type\":\"Person\",\"@id\":\"https:\\\/\\\/elestataldemexico.com\\\/#\\\/schema\\\/person\\\/6c7813c13d2c1571771f592f0fe866bb\",\"name\":\"admin\",\"image\":{\"@type\":\"ImageObject\",\"inLanguage\":\"es\",\"@id\":\"https:\\\/\\\/secure.gravatar.com\\\/avatar\\\/d5ed2db9923a3ad3c0a47f6b3aec7abcb43924b9322251ade16472fc06f7bb5b?s=96&d=mm&r=g\",\"url\":\"https:\\\/\\\/secure.gravatar.com\\\/avatar\\\/d5ed2db9923a3ad3c0a47f6b3aec7abcb43924b9322251ade16472fc06f7bb5b?s=96&d=mm&r=g\",\"contentUrl\":\"https:\\\/\\\/secure.gravatar.com\\\/avatar\\\/d5ed2db9923a3ad3c0a47f6b3aec7abcb43924b9322251ade16472fc06f7bb5b?s=96&d=mm&r=g\",\"caption\":\"admin\"},\"sameAs\":[\"https:\\\/\\\/elestataldemexico.com\"],\"url\":\"https:\\\/\\\/elestataldemexico.com\\\/index.php\\\/author\\\/info_qk62m3p3\\\/\"}]}<\/script>\n<!-- \/ Yoast SEO plugin. -->","yoast_head_json":{"title":"\"Yo no pensaba hacer otro \u00e1lbum\": Ariana Grande revela c\u00f3mo su papel en 'Wicked' evit\u00f3 su retiro tras 'Positions' - El Estatal de M\u00e9xico","robots":{"index":"index","follow":"follow","max-snippet":"max-snippet:-1","max-image-preview":"max-image-preview:large","max-video-preview":"max-video-preview:-1"},"canonical":"https:\/\/elestataldemexico.com\/index.php\/2025\/10\/25\/yo-no-pensaba-hacer-otro-album-ariana-grande-revela-como-su-papel-en-wicked-evito-su-retiro-tras-positions\/","og_locale":"es_ES","og_type":"article","og_title":"\"Yo no pensaba hacer otro \u00e1lbum\": Ariana Grande revela c\u00f3mo su papel en 'Wicked' evit\u00f3 su retiro tras 'Positions' - El Estatal de M\u00e9xico","og_description":"\ud83d\udd38 La cantante confiesa que interpretar a Glinda en &#8216;Wicked&#8217; reaviv\u00f3 su pasi\u00f3n por la m\u00fasica y la","og_url":"https:\/\/elestataldemexico.com\/index.php\/2025\/10\/25\/yo-no-pensaba-hacer-otro-album-ariana-grande-revela-como-su-papel-en-wicked-evito-su-retiro-tras-positions\/","og_site_name":"El Estatal de M\u00e9xico","article_published_time":"2025-10-25T17:00:06+00:00","article_modified_time":"2025-10-27T03:51:02+00:00","author":"admin","twitter_card":"summary_large_image","twitter_misc":{"Escrito por":"admin","Tiempo de lectura":"2 minutos"},"schema":{"@context":"https:\/\/schema.org","@graph":[{"@type":"Article","@id":"https:\/\/elestataldemexico.com\/index.php\/2025\/10\/25\/yo-no-pensaba-hacer-otro-album-ariana-grande-revela-como-su-papel-en-wicked-evito-su-retiro-tras-positions\/#article","isPartOf":{"@id":"https:\/\/elestataldemexico.com\/index.php\/2025\/10\/25\/yo-no-pensaba-hacer-otro-album-ariana-grande-revela-como-su-papel-en-wicked-evito-su-retiro-tras-positions\/"},"author":{"name":"admin","@id":"https:\/\/elestataldemexico.com\/#\/schema\/person\/6c7813c13d2c1571771f592f0fe866bb"},"headline":"\u00abYo no pensaba hacer otro \u00e1lbum\u00bb: Ariana Grande revela c\u00f3mo su papel en &#8216;Wicked&#8217; evit\u00f3 su retiro tras &#8216;Positions&#8217;","datePublished":"2025-10-25T17:00:06+00:00","dateModified":"2025-10-27T03:51:02+00:00","mainEntityOfPage":{"@id":"https:\/\/elestataldemexico.com\/index.php\/2025\/10\/25\/yo-no-pensaba-hacer-otro-album-ariana-grande-revela-como-su-papel-en-wicked-evito-su-retiro-tras-positions\/"},"wordCount":506,"commentCount":0,"publisher":{"@id":"https:\/\/elestataldemexico.com\/#organization"},"image":{"@id":"https:\/\/elestataldemexico.com\/index.php\/2025\/10\/25\/yo-no-pensaba-hacer-otro-album-ariana-grande-revela-como-su-papel-en-wicked-evito-su-retiro-tras-positions\/#primaryimage"},"thumbnailUrl":"https:\/\/elestataldemexico.com\/wp-content\/uploads\/2025\/10\/WhatsApp-Image-2025-10-25-at-11.54.29.jpeg","articleSection":["Espectaculos"],"inLanguage":"es","potentialAction":[{"@type":"CommentAction","name":"Comment","target":["https:\/\/elestataldemexico.com\/index.php\/2025\/10\/25\/yo-no-pensaba-hacer-otro-album-ariana-grande-revela-como-su-papel-en-wicked-evito-su-retiro-tras-positions\/#respond"]}]},{"@type":"WebPage","@id":"https:\/\/elestataldemexico.com\/index.php\/2025\/10\/25\/yo-no-pensaba-hacer-otro-album-ariana-grande-revela-como-su-papel-en-wicked-evito-su-retiro-tras-positions\/","url":"https:\/\/elestataldemexico.com\/index.php\/2025\/10\/25\/yo-no-pensaba-hacer-otro-album-ariana-grande-revela-como-su-papel-en-wicked-evito-su-retiro-tras-positions\/","name":"\"Yo no pensaba hacer otro \u00e1lbum\": Ariana Grande revela c\u00f3mo su papel en 'Wicked' evit\u00f3 su retiro tras 'Positions' - El Estatal de M\u00e9xico","isPartOf":{"@id":"https:\/\/elestataldemexico.com\/#website"},"primaryImageOfPage":{"@id":"https:\/\/elestataldemexico.com\/index.php\/2025\/10\/25\/yo-no-pensaba-hacer-otro-album-ariana-grande-revela-como-su-papel-en-wicked-evito-su-retiro-tras-positions\/#primaryimage"},"image":{"@id":"https:\/\/elestataldemexico.com\/index.php\/2025\/10\/25\/yo-no-pensaba-hacer-otro-album-ariana-grande-revela-como-su-papel-en-wicked-evito-su-retiro-tras-positions\/#primaryimage"},"thumbnailUrl":"https:\/\/elestataldemexico.com\/wp-content\/uploads\/2025\/10\/WhatsApp-Image-2025-10-25-at-11.54.29.jpeg","datePublished":"2025-10-25T17:00:06+00:00","dateModified":"2025-10-27T03:51:02+00:00","breadcrumb":{"@id":"https:\/\/elestataldemexico.com\/index.php\/2025\/10\/25\/yo-no-pensaba-hacer-otro-album-ariana-grande-revela-como-su-papel-en-wicked-evito-su-retiro-tras-positions\/#breadcrumb"},"inLanguage":"es","potentialAction":[{"@type":"ReadAction","target":["https:\/\/elestataldemexico.com\/index.php\/2025\/10\/25\/yo-no-pensaba-hacer-otro-album-ariana-grande-revela-como-su-papel-en-wicked-evito-su-retiro-tras-positions\/"]}]},{"@type":"ImageObject","inLanguage":"es","@id":"https:\/\/elestataldemexico.com\/index.php\/2025\/10\/25\/yo-no-pensaba-hacer-otro-album-ariana-grande-revela-como-su-papel-en-wicked-evito-su-retiro-tras-positions\/#primaryimage","url":"https:\/\/elestataldemexico.com\/wp-content\/uploads\/2025\/10\/WhatsApp-Image-2025-10-25-at-11.54.29.jpeg","contentUrl":"https:\/\/elestataldemexico.com\/wp-content\/uploads\/2025\/10\/WhatsApp-Image-2025-10-25-at-11.54.29.jpeg","width":1200,"height":678},{"@type":"BreadcrumbList","@id":"https:\/\/elestataldemexico.com\/index.php\/2025\/10\/25\/yo-no-pensaba-hacer-otro-album-ariana-grande-revela-como-su-papel-en-wicked-evito-su-retiro-tras-positions\/#breadcrumb","itemListElement":[{"@type":"ListItem","position":1,"name":"Portada","item":"https:\/\/elestataldemexico.com\/"},{"@type":"ListItem","position":2,"name":"\u00abYo no pensaba hacer otro \u00e1lbum\u00bb: Ariana Grande revela c\u00f3mo su papel en &#8216;Wicked&#8217; evit\u00f3 su retiro tras &#8216;Positions&#8217;"}]},{"@type":"WebSite","@id":"https:\/\/elestataldemexico.com\/#website","url":"https:\/\/elestataldemexico.com\/","name":"El Estatal de M\u00e9xico","description":"","publisher":{"@id":"https:\/\/elestataldemexico.com\/#organization"},"potentialAction":[{"@type":"SearchAction","target":{"@type":"EntryPoint","urlTemplate":"https:\/\/elestataldemexico.com\/?s={search_term_string}"},"query-input":{"@type":"PropertyValueSpecification","valueRequired":true,"valueName":"search_term_string"}}],"inLanguage":"es"},{"@type":"Organization","@id":"https:\/\/elestataldemexico.com\/#organization","name":"El Estatal de M\u00e9xico","url":"https:\/\/elestataldemexico.com\/","logo":{"@type":"ImageObject","inLanguage":"es","@id":"https:\/\/elestataldemexico.com\/#\/schema\/logo\/image\/","url":"https:\/\/elestataldemexico.com\/wp-content\/uploads\/2025\/05\/cropped-elestatal.png","contentUrl":"https:\/\/elestataldemexico.com\/wp-content\/uploads\/2025\/05\/cropped-elestatal.png","width":504,"height":97,"caption":"El Estatal de M\u00e9xico"},"image":{"@id":"https:\/\/elestataldemexico.com\/#\/schema\/logo\/image\/"}},{"@type":"Person","@id":"https:\/\/elestataldemexico.com\/#\/schema\/person\/6c7813c13d2c1571771f592f0fe866bb","name":"admin","image":{"@type":"ImageObject","inLanguage":"es","@id":"https:\/\/secure.gravatar.com\/avatar\/d5ed2db9923a3ad3c0a47f6b3aec7abcb43924b9322251ade16472fc06f7bb5b?s=96&d=mm&r=g","url":"https:\/\/secure.gravatar.com\/avatar\/d5ed2db9923a3ad3c0a47f6b3aec7abcb43924b9322251ade16472fc06f7bb5b?s=96&d=mm&r=g","contentUrl":"https:\/\/secure.gravatar.com\/avatar\/d5ed2db9923a3ad3c0a47f6b3aec7abcb43924b9322251ade16472fc06f7bb5b?s=96&d=mm&r=g","caption":"admin"},"sameAs":["https:\/\/elestataldemexico.com"],"url":"https:\/\/elestataldemexico.com\/index.php\/author\/info_qk62m3p3\/"}]}},"_links":{"self":[{"href":"https:\/\/elestataldemexico.com\/index.php\/wp-json\/wp\/v2\/posts\/35790","targetHints":{"allow":["GET"]}}],"collection":[{"href":"https:\/\/elestataldemexico.com\/index.php\/wp-json\/wp\/v2\/posts"}],"about":[{"href":"https:\/\/elestataldemexico.com\/index.php\/wp-json\/wp\/v2\/types\/post"}],"author":[{"embeddable":true,"href":"https:\/\/elestataldemexico.com\/index.php\/wp-json\/wp\/v2\/users\/1"}],"replies":[{"embeddable":true,"href":"https:\/\/elestataldemexico.com\/index.php\/wp-json\/wp\/v2\/comments?post=35790"}],"version-history":[{"count":1,"href":"https:\/\/elestataldemexico.com\/index.php\/wp-json\/wp\/v2\/posts\/35790\/revisions"}],"predecessor-version":[{"id":35791,"href":"https:\/\/elestataldemexico.com\/index.php\/wp-json\/wp\/v2\/posts\/35790\/revisions\/35791"}],"wp:featuredmedia":[{"embeddable":true,"href":"https:\/\/elestataldemexico.com\/index.php\/wp-json\/wp\/v2\/media\/35792"}],"wp:attachment":[{"href":"https:\/\/elestataldemexico.com\/index.php\/wp-json\/wp\/v2\/media?parent=35790"}],"wp:term":[{"taxonomy":"category","embeddable":true,"href":"https:\/\/elestataldemexico.com\/index.php\/wp-json\/wp\/v2\/categories?post=35790"},{"taxonomy":"post_tag","embeddable":true,"href":"https:\/\/elestataldemexico.com\/index.php\/wp-json\/wp\/v2\/tags?post=35790"}],"curies":[{"name":"wp","href":"https:\/\/api.w.org\/{rel}","templated":true}]}}