{"id":35749,"date":"2025-10-24T13:00:49","date_gmt":"2025-10-24T18:00:49","guid":{"rendered":"https:\/\/elestataldemexico.com\/?p=35749"},"modified":"2025-10-24T10:28:22","modified_gmt":"2025-10-24T15:28:22","slug":"la-fusion-que-nadie-pidio-pero-todos-necesitan","status":"publish","type":"post","link":"https:\/\/elestataldemexico.com\/index.php\/2025\/10\/24\/la-fusion-que-nadie-pidio-pero-todos-necesitan\/","title":{"rendered":"\u00a1La fusi\u00f3n que nadie pidi\u00f3, pero todos necesitan!"},"content":{"rendered":"<p>\ud83d\udd38 Adi\u00f3s a lo tradicional. Una panader\u00eda de la CDMX revoluciona la ofrenda combinando la cl\u00e1sica concha con el ic\u00f3nico Pan de Muerto<\/p>\n<p>#CDMX | Cuando el olor a cempas\u00fachil inunda las calles, hay algo que ning\u00fan mexicano puede resistir: el Pan de Muerto . Pero este a\u00f1o, la tradici\u00f3n ha sido intervenida por la creatividad panadera, dando como resultado un h\u00edbrido deliciosamente irreverente: la \u00abConchamuerta\u00bb .<\/p>\n<p>Este ingenioso invento, que combina la textura esponjosa de la concha con la ic\u00f3nica forma azucarada del Pan de Muerto, lleg\u00f3 a la Ciudad de M\u00e9xico de la mano de Tomasa , una panader\u00eda especializada en conchas rellenas.<\/p>\n<p>Pamela Serrano , due\u00f1a de Tomasa, explic\u00f3 a El Heraldo de M\u00e9xico que la idea era \u00abdarle un toque especial a la temporada y fusionar nuestro producto estrella, que es la concha, con el pan de muerto\u00bb. Se trata de una forma de celebrar la tradici\u00f3n, pero con un sello propio y una dosis extra de diversi\u00f3n.<\/p>\n<p>La &#8216;Conchamuerta&#8217; en todas sus versiones<br \/>\nLejos de la simple concha, esta creaci\u00f3n de temporada ya est\u00e1 disponible en varias versiones para satisfacer a todos los paladares:<\/p>\n<p>Cl\u00e1sicas: Sabor chocolate y vainilla.<\/p>\n<p>La Extrema: Una versi\u00f3n rellena de helado de temporada, disponible en su sucursal hermana \u00abFilippo\u00bb.<\/p>\n<p>Este tipo de innovaciones no son nuevas para Tomasa, que constantemente adapta sus conchas a las festividades, desde el mes Pride hasta San Valent\u00edn, asegurando que su producto \u00abse mantiene actual sin que pierda su esencia\u00bb, afirma Serrano.<\/p>\n<p>El Negocio que Muere y Resucita con el Pan<br \/>\nEl furor por la \u00abConchamuerta\u00bb no solo alimenta el apetito, sino tambi\u00e9n las ventas.<\/p>\n<p>De acuerdo con la C\u00e1mara Nacional de la Industria Panificadora (Canainpa) , la temporada de D\u00eda de Muertos incrementa las ventas del sector en una media del 40% . Para Tomasa, no es la excepci\u00f3n. Pamela Serrano confirma que la llegada de su pan estrella dispara la derrama econ\u00f3mica.<\/p>\n<p>\u00abSuben bastante las ventas, es un pan que muchas personas esperan todos los a\u00f1os&#8230; empiezan a buscar paneles de muerto diferentes y la verdad es que s\u00ed nos caen muchas ventas\u00bb, concluy\u00f3 la emprendedora.<\/p>\n<p>Si quieres probar la \u00abConchamuerta\u00bb antes de que regrese al Mictl\u00e1n, puedes encontrarla en las sucursales de Tomasa en Condesa y Polanco , o la versi\u00f3n con helado en Filippo , en Jardines del Pedregal.<\/p>\n","protected":false},"excerpt":{"rendered":"<p>\ud83d\udd38 Adi\u00f3s a lo tradicional. Una panader\u00eda de la CDMX revoluciona la ofrenda combinando la cl\u00e1sica concha con<\/p>\n","protected":false},"author":1,"featured_media":35751,"comment_status":"open","ping_status":"closed","sticky":false,"template":"","format":"standard","meta":{"footnotes":""},"categories":[19,7],"tags":[],"class_list":["post-35749","post","type-post","status-publish","format-standard","has-post-thumbnail","hentry","category-cdmx","category-nacional"],"yoast_head":"<!-- This site is optimized with the Yoast SEO plugin v27.5 - https:\/\/yoast.com\/product\/yoast-seo-wordpress\/ -->\n<title>\u00a1La fusi\u00f3n que nadie pidi\u00f3, pero todos necesitan! - El Estatal de M\u00e9xico<\/title>\n<meta name=\"robots\" content=\"index, follow, max-snippet:-1, max-image-preview:large, max-video-preview:-1\" \/>\n<link rel=\"canonical\" href=\"https:\/\/elestataldemexico.com\/index.php\/2025\/10\/24\/la-fusion-que-nadie-pidio-pero-todos-necesitan\/\" \/>\n<meta property=\"og:locale\" content=\"es_ES\" \/>\n<meta property=\"og:type\" content=\"article\" \/>\n<meta property=\"og:title\" content=\"\u00a1La fusi\u00f3n que nadie pidi\u00f3, pero todos necesitan! - El Estatal de M\u00e9xico\" \/>\n<meta property=\"og:description\" content=\"\ud83d\udd38 Adi\u00f3s a lo tradicional. Una panader\u00eda de la CDMX revoluciona la ofrenda combinando la cl\u00e1sica concha con\" \/>\n<meta property=\"og:url\" content=\"https:\/\/elestataldemexico.com\/index.php\/2025\/10\/24\/la-fusion-que-nadie-pidio-pero-todos-necesitan\/\" \/>\n<meta property=\"og:site_name\" content=\"El Estatal de M\u00e9xico\" \/>\n<meta property=\"article:published_time\" content=\"2025-10-24T18:00:49+00:00\" \/>\n<meta property=\"og:image\" content=\"https:\/\/elestataldemexico.com\/wp-content\/uploads\/2025\/10\/WhatsApp-Image-2025-10-24-at-09.51.15.jpeg\" \/>\n\t<meta property=\"og:image:width\" content=\"848\" \/>\n\t<meta property=\"og:image:height\" content=\"477\" \/>\n\t<meta property=\"og:image:type\" content=\"image\/jpeg\" \/>\n<meta name=\"author\" content=\"admin\" \/>\n<meta name=\"twitter:card\" content=\"summary_large_image\" \/>\n<meta name=\"twitter:label1\" content=\"Escrito por\" \/>\n\t<meta name=\"twitter:data1\" content=\"admin\" \/>\n\t<meta name=\"twitter:label2\" content=\"Tiempo de lectura\" \/>\n\t<meta name=\"twitter:data2\" content=\"2 minutos\" \/>\n<script type=\"application\/ld+json\" class=\"yoast-schema-graph\">{\"@context\":\"https:\\\/\\\/schema.org\",\"@graph\":[{\"@type\":\"Article\",\"@id\":\"https:\\\/\\\/elestataldemexico.com\\\/index.php\\\/2025\\\/10\\\/24\\\/la-fusion-que-nadie-pidio-pero-todos-necesitan\\\/#article\",\"isPartOf\":{\"@id\":\"https:\\\/\\\/elestataldemexico.com\\\/index.php\\\/2025\\\/10\\\/24\\\/la-fusion-que-nadie-pidio-pero-todos-necesitan\\\/\"},\"author\":{\"name\":\"admin\",\"@id\":\"https:\\\/\\\/elestataldemexico.com\\\/#\\\/schema\\\/person\\\/6c7813c13d2c1571771f592f0fe866bb\"},\"headline\":\"\u00a1La fusi\u00f3n que nadie pidi\u00f3, pero todos necesitan!\",\"datePublished\":\"2025-10-24T18:00:49+00:00\",\"mainEntityOfPage\":{\"@id\":\"https:\\\/\\\/elestataldemexico.com\\\/index.php\\\/2025\\\/10\\\/24\\\/la-fusion-que-nadie-pidio-pero-todos-necesitan\\\/\"},\"wordCount\":414,\"commentCount\":0,\"publisher\":{\"@id\":\"https:\\\/\\\/elestataldemexico.com\\\/#organization\"},\"image\":{\"@id\":\"https:\\\/\\\/elestataldemexico.com\\\/index.php\\\/2025\\\/10\\\/24\\\/la-fusion-que-nadie-pidio-pero-todos-necesitan\\\/#primaryimage\"},\"thumbnailUrl\":\"https:\\\/\\\/elestataldemexico.com\\\/wp-content\\\/uploads\\\/2025\\\/10\\\/WhatsApp-Image-2025-10-24-at-09.51.15.jpeg\",\"articleSection\":[\"CDMX\",\"Nacional\"],\"inLanguage\":\"es\",\"potentialAction\":[{\"@type\":\"CommentAction\",\"name\":\"Comment\",\"target\":[\"https:\\\/\\\/elestataldemexico.com\\\/index.php\\\/2025\\\/10\\\/24\\\/la-fusion-que-nadie-pidio-pero-todos-necesitan\\\/#respond\"]}]},{\"@type\":\"WebPage\",\"@id\":\"https:\\\/\\\/elestataldemexico.com\\\/index.php\\\/2025\\\/10\\\/24\\\/la-fusion-que-nadie-pidio-pero-todos-necesitan\\\/\",\"url\":\"https:\\\/\\\/elestataldemexico.com\\\/index.php\\\/2025\\\/10\\\/24\\\/la-fusion-que-nadie-pidio-pero-todos-necesitan\\\/\",\"name\":\"\u00a1La fusi\u00f3n que nadie pidi\u00f3, pero todos necesitan! - El Estatal de M\u00e9xico\",\"isPartOf\":{\"@id\":\"https:\\\/\\\/elestataldemexico.com\\\/#website\"},\"primaryImageOfPage\":{\"@id\":\"https:\\\/\\\/elestataldemexico.com\\\/index.php\\\/2025\\\/10\\\/24\\\/la-fusion-que-nadie-pidio-pero-todos-necesitan\\\/#primaryimage\"},\"image\":{\"@id\":\"https:\\\/\\\/elestataldemexico.com\\\/index.php\\\/2025\\\/10\\\/24\\\/la-fusion-que-nadie-pidio-pero-todos-necesitan\\\/#primaryimage\"},\"thumbnailUrl\":\"https:\\\/\\\/elestataldemexico.com\\\/wp-content\\\/uploads\\\/2025\\\/10\\\/WhatsApp-Image-2025-10-24-at-09.51.15.jpeg\",\"datePublished\":\"2025-10-24T18:00:49+00:00\",\"breadcrumb\":{\"@id\":\"https:\\\/\\\/elestataldemexico.com\\\/index.php\\\/2025\\\/10\\\/24\\\/la-fusion-que-nadie-pidio-pero-todos-necesitan\\\/#breadcrumb\"},\"inLanguage\":\"es\",\"potentialAction\":[{\"@type\":\"ReadAction\",\"target\":[\"https:\\\/\\\/elestataldemexico.com\\\/index.php\\\/2025\\\/10\\\/24\\\/la-fusion-que-nadie-pidio-pero-todos-necesitan\\\/\"]}]},{\"@type\":\"ImageObject\",\"inLanguage\":\"es\",\"@id\":\"https:\\\/\\\/elestataldemexico.com\\\/index.php\\\/2025\\\/10\\\/24\\\/la-fusion-que-nadie-pidio-pero-todos-necesitan\\\/#primaryimage\",\"url\":\"https:\\\/\\\/elestataldemexico.com\\\/wp-content\\\/uploads\\\/2025\\\/10\\\/WhatsApp-Image-2025-10-24-at-09.51.15.jpeg\",\"contentUrl\":\"https:\\\/\\\/elestataldemexico.com\\\/wp-content\\\/uploads\\\/2025\\\/10\\\/WhatsApp-Image-2025-10-24-at-09.51.15.jpeg\",\"width\":848,\"height\":477},{\"@type\":\"BreadcrumbList\",\"@id\":\"https:\\\/\\\/elestataldemexico.com\\\/index.php\\\/2025\\\/10\\\/24\\\/la-fusion-que-nadie-pidio-pero-todos-necesitan\\\/#breadcrumb\",\"itemListElement\":[{\"@type\":\"ListItem\",\"position\":1,\"name\":\"Portada\",\"item\":\"https:\\\/\\\/elestataldemexico.com\\\/\"},{\"@type\":\"ListItem\",\"position\":2,\"name\":\"\u00a1La fusi\u00f3n que nadie pidi\u00f3, pero todos necesitan!\"}]},{\"@type\":\"WebSite\",\"@id\":\"https:\\\/\\\/elestataldemexico.com\\\/#website\",\"url\":\"https:\\\/\\\/elestataldemexico.com\\\/\",\"name\":\"El Estatal de M\u00e9xico\",\"description\":\"\",\"publisher\":{\"@id\":\"https:\\\/\\\/elestataldemexico.com\\\/#organization\"},\"potentialAction\":[{\"@type\":\"SearchAction\",\"target\":{\"@type\":\"EntryPoint\",\"urlTemplate\":\"https:\\\/\\\/elestataldemexico.com\\\/?s={search_term_string}\"},\"query-input\":{\"@type\":\"PropertyValueSpecification\",\"valueRequired\":true,\"valueName\":\"search_term_string\"}}],\"inLanguage\":\"es\"},{\"@type\":\"Organization\",\"@id\":\"https:\\\/\\\/elestataldemexico.com\\\/#organization\",\"name\":\"El Estatal de M\u00e9xico\",\"url\":\"https:\\\/\\\/elestataldemexico.com\\\/\",\"logo\":{\"@type\":\"ImageObject\",\"inLanguage\":\"es\",\"@id\":\"https:\\\/\\\/elestataldemexico.com\\\/#\\\/schema\\\/logo\\\/image\\\/\",\"url\":\"https:\\\/\\\/elestataldemexico.com\\\/wp-content\\\/uploads\\\/2025\\\/05\\\/cropped-elestatal.png\",\"contentUrl\":\"https:\\\/\\\/elestataldemexico.com\\\/wp-content\\\/uploads\\\/2025\\\/05\\\/cropped-elestatal.png\",\"width\":504,\"height\":97,\"caption\":\"El Estatal de M\u00e9xico\"},\"image\":{\"@id\":\"https:\\\/\\\/elestataldemexico.com\\\/#\\\/schema\\\/logo\\\/image\\\/\"}},{\"@type\":\"Person\",\"@id\":\"https:\\\/\\\/elestataldemexico.com\\\/#\\\/schema\\\/person\\\/6c7813c13d2c1571771f592f0fe866bb\",\"name\":\"admin\",\"image\":{\"@type\":\"ImageObject\",\"inLanguage\":\"es\",\"@id\":\"https:\\\/\\\/secure.gravatar.com\\\/avatar\\\/d5ed2db9923a3ad3c0a47f6b3aec7abcb43924b9322251ade16472fc06f7bb5b?s=96&d=mm&r=g\",\"url\":\"https:\\\/\\\/secure.gravatar.com\\\/avatar\\\/d5ed2db9923a3ad3c0a47f6b3aec7abcb43924b9322251ade16472fc06f7bb5b?s=96&d=mm&r=g\",\"contentUrl\":\"https:\\\/\\\/secure.gravatar.com\\\/avatar\\\/d5ed2db9923a3ad3c0a47f6b3aec7abcb43924b9322251ade16472fc06f7bb5b?s=96&d=mm&r=g\",\"caption\":\"admin\"},\"sameAs\":[\"https:\\\/\\\/elestataldemexico.com\"],\"url\":\"https:\\\/\\\/elestataldemexico.com\\\/index.php\\\/author\\\/info_qk62m3p3\\\/\"}]}<\/script>\n<!-- \/ Yoast SEO plugin. -->","yoast_head_json":{"title":"\u00a1La fusi\u00f3n que nadie pidi\u00f3, pero todos necesitan! - El Estatal de M\u00e9xico","robots":{"index":"index","follow":"follow","max-snippet":"max-snippet:-1","max-image-preview":"max-image-preview:large","max-video-preview":"max-video-preview:-1"},"canonical":"https:\/\/elestataldemexico.com\/index.php\/2025\/10\/24\/la-fusion-que-nadie-pidio-pero-todos-necesitan\/","og_locale":"es_ES","og_type":"article","og_title":"\u00a1La fusi\u00f3n que nadie pidi\u00f3, pero todos necesitan! - El Estatal de M\u00e9xico","og_description":"\ud83d\udd38 Adi\u00f3s a lo tradicional. Una panader\u00eda de la CDMX revoluciona la ofrenda combinando la cl\u00e1sica concha con","og_url":"https:\/\/elestataldemexico.com\/index.php\/2025\/10\/24\/la-fusion-que-nadie-pidio-pero-todos-necesitan\/","og_site_name":"El Estatal de M\u00e9xico","article_published_time":"2025-10-24T18:00:49+00:00","og_image":[{"width":848,"height":477,"url":"https:\/\/elestataldemexico.com\/wp-content\/uploads\/2025\/10\/WhatsApp-Image-2025-10-24-at-09.51.15.jpeg","type":"image\/jpeg"}],"author":"admin","twitter_card":"summary_large_image","twitter_misc":{"Escrito por":"admin","Tiempo de lectura":"2 minutos"},"schema":{"@context":"https:\/\/schema.org","@graph":[{"@type":"Article","@id":"https:\/\/elestataldemexico.com\/index.php\/2025\/10\/24\/la-fusion-que-nadie-pidio-pero-todos-necesitan\/#article","isPartOf":{"@id":"https:\/\/elestataldemexico.com\/index.php\/2025\/10\/24\/la-fusion-que-nadie-pidio-pero-todos-necesitan\/"},"author":{"name":"admin","@id":"https:\/\/elestataldemexico.com\/#\/schema\/person\/6c7813c13d2c1571771f592f0fe866bb"},"headline":"\u00a1La fusi\u00f3n que nadie pidi\u00f3, pero todos necesitan!","datePublished":"2025-10-24T18:00:49+00:00","mainEntityOfPage":{"@id":"https:\/\/elestataldemexico.com\/index.php\/2025\/10\/24\/la-fusion-que-nadie-pidio-pero-todos-necesitan\/"},"wordCount":414,"commentCount":0,"publisher":{"@id":"https:\/\/elestataldemexico.com\/#organization"},"image":{"@id":"https:\/\/elestataldemexico.com\/index.php\/2025\/10\/24\/la-fusion-que-nadie-pidio-pero-todos-necesitan\/#primaryimage"},"thumbnailUrl":"https:\/\/elestataldemexico.com\/wp-content\/uploads\/2025\/10\/WhatsApp-Image-2025-10-24-at-09.51.15.jpeg","articleSection":["CDMX","Nacional"],"inLanguage":"es","potentialAction":[{"@type":"CommentAction","name":"Comment","target":["https:\/\/elestataldemexico.com\/index.php\/2025\/10\/24\/la-fusion-que-nadie-pidio-pero-todos-necesitan\/#respond"]}]},{"@type":"WebPage","@id":"https:\/\/elestataldemexico.com\/index.php\/2025\/10\/24\/la-fusion-que-nadie-pidio-pero-todos-necesitan\/","url":"https:\/\/elestataldemexico.com\/index.php\/2025\/10\/24\/la-fusion-que-nadie-pidio-pero-todos-necesitan\/","name":"\u00a1La fusi\u00f3n que nadie pidi\u00f3, pero todos necesitan! - El Estatal de M\u00e9xico","isPartOf":{"@id":"https:\/\/elestataldemexico.com\/#website"},"primaryImageOfPage":{"@id":"https:\/\/elestataldemexico.com\/index.php\/2025\/10\/24\/la-fusion-que-nadie-pidio-pero-todos-necesitan\/#primaryimage"},"image":{"@id":"https:\/\/elestataldemexico.com\/index.php\/2025\/10\/24\/la-fusion-que-nadie-pidio-pero-todos-necesitan\/#primaryimage"},"thumbnailUrl":"https:\/\/elestataldemexico.com\/wp-content\/uploads\/2025\/10\/WhatsApp-Image-2025-10-24-at-09.51.15.jpeg","datePublished":"2025-10-24T18:00:49+00:00","breadcrumb":{"@id":"https:\/\/elestataldemexico.com\/index.php\/2025\/10\/24\/la-fusion-que-nadie-pidio-pero-todos-necesitan\/#breadcrumb"},"inLanguage":"es","potentialAction":[{"@type":"ReadAction","target":["https:\/\/elestataldemexico.com\/index.php\/2025\/10\/24\/la-fusion-que-nadie-pidio-pero-todos-necesitan\/"]}]},{"@type":"ImageObject","inLanguage":"es","@id":"https:\/\/elestataldemexico.com\/index.php\/2025\/10\/24\/la-fusion-que-nadie-pidio-pero-todos-necesitan\/#primaryimage","url":"https:\/\/elestataldemexico.com\/wp-content\/uploads\/2025\/10\/WhatsApp-Image-2025-10-24-at-09.51.15.jpeg","contentUrl":"https:\/\/elestataldemexico.com\/wp-content\/uploads\/2025\/10\/WhatsApp-Image-2025-10-24-at-09.51.15.jpeg","width":848,"height":477},{"@type":"BreadcrumbList","@id":"https:\/\/elestataldemexico.com\/index.php\/2025\/10\/24\/la-fusion-que-nadie-pidio-pero-todos-necesitan\/#breadcrumb","itemListElement":[{"@type":"ListItem","position":1,"name":"Portada","item":"https:\/\/elestataldemexico.com\/"},{"@type":"ListItem","position":2,"name":"\u00a1La fusi\u00f3n que nadie pidi\u00f3, pero todos necesitan!"}]},{"@type":"WebSite","@id":"https:\/\/elestataldemexico.com\/#website","url":"https:\/\/elestataldemexico.com\/","name":"El Estatal de M\u00e9xico","description":"","publisher":{"@id":"https:\/\/elestataldemexico.com\/#organization"},"potentialAction":[{"@type":"SearchAction","target":{"@type":"EntryPoint","urlTemplate":"https:\/\/elestataldemexico.com\/?s={search_term_string}"},"query-input":{"@type":"PropertyValueSpecification","valueRequired":true,"valueName":"search_term_string"}}],"inLanguage":"es"},{"@type":"Organization","@id":"https:\/\/elestataldemexico.com\/#organization","name":"El Estatal de M\u00e9xico","url":"https:\/\/elestataldemexico.com\/","logo":{"@type":"ImageObject","inLanguage":"es","@id":"https:\/\/elestataldemexico.com\/#\/schema\/logo\/image\/","url":"https:\/\/elestataldemexico.com\/wp-content\/uploads\/2025\/05\/cropped-elestatal.png","contentUrl":"https:\/\/elestataldemexico.com\/wp-content\/uploads\/2025\/05\/cropped-elestatal.png","width":504,"height":97,"caption":"El Estatal de M\u00e9xico"},"image":{"@id":"https:\/\/elestataldemexico.com\/#\/schema\/logo\/image\/"}},{"@type":"Person","@id":"https:\/\/elestataldemexico.com\/#\/schema\/person\/6c7813c13d2c1571771f592f0fe866bb","name":"admin","image":{"@type":"ImageObject","inLanguage":"es","@id":"https:\/\/secure.gravatar.com\/avatar\/d5ed2db9923a3ad3c0a47f6b3aec7abcb43924b9322251ade16472fc06f7bb5b?s=96&d=mm&r=g","url":"https:\/\/secure.gravatar.com\/avatar\/d5ed2db9923a3ad3c0a47f6b3aec7abcb43924b9322251ade16472fc06f7bb5b?s=96&d=mm&r=g","contentUrl":"https:\/\/secure.gravatar.com\/avatar\/d5ed2db9923a3ad3c0a47f6b3aec7abcb43924b9322251ade16472fc06f7bb5b?s=96&d=mm&r=g","caption":"admin"},"sameAs":["https:\/\/elestataldemexico.com"],"url":"https:\/\/elestataldemexico.com\/index.php\/author\/info_qk62m3p3\/"}]}},"_links":{"self":[{"href":"https:\/\/elestataldemexico.com\/index.php\/wp-json\/wp\/v2\/posts\/35749","targetHints":{"allow":["GET"]}}],"collection":[{"href":"https:\/\/elestataldemexico.com\/index.php\/wp-json\/wp\/v2\/posts"}],"about":[{"href":"https:\/\/elestataldemexico.com\/index.php\/wp-json\/wp\/v2\/types\/post"}],"author":[{"embeddable":true,"href":"https:\/\/elestataldemexico.com\/index.php\/wp-json\/wp\/v2\/users\/1"}],"replies":[{"embeddable":true,"href":"https:\/\/elestataldemexico.com\/index.php\/wp-json\/wp\/v2\/comments?post=35749"}],"version-history":[{"count":1,"href":"https:\/\/elestataldemexico.com\/index.php\/wp-json\/wp\/v2\/posts\/35749\/revisions"}],"predecessor-version":[{"id":35750,"href":"https:\/\/elestataldemexico.com\/index.php\/wp-json\/wp\/v2\/posts\/35749\/revisions\/35750"}],"wp:featuredmedia":[{"embeddable":true,"href":"https:\/\/elestataldemexico.com\/index.php\/wp-json\/wp\/v2\/media\/35751"}],"wp:attachment":[{"href":"https:\/\/elestataldemexico.com\/index.php\/wp-json\/wp\/v2\/media?parent=35749"}],"wp:term":[{"taxonomy":"category","embeddable":true,"href":"https:\/\/elestataldemexico.com\/index.php\/wp-json\/wp\/v2\/categories?post=35749"},{"taxonomy":"post_tag","embeddable":true,"href":"https:\/\/elestataldemexico.com\/index.php\/wp-json\/wp\/v2\/tags?post=35749"}],"curies":[{"name":"wp","href":"https:\/\/api.w.org\/{rel}","templated":true}]}}