{"id":35731,"date":"2025-10-24T10:20:18","date_gmt":"2025-10-24T15:20:18","guid":{"rendered":"https:\/\/elestataldemexico.com\/?p=35731"},"modified":"2025-10-24T10:20:18","modified_gmt":"2025-10-24T15:20:18","slug":"monreal-revisara-asistencia-y-agenda-legislativa-para-reforzar-trabajo-en-la-camara-de-diputados","status":"publish","type":"post","link":"https:\/\/elestataldemexico.com\/index.php\/2025\/10\/24\/monreal-revisara-asistencia-y-agenda-legislativa-para-reforzar-trabajo-en-la-camara-de-diputados\/","title":{"rendered":"Monreal revisar\u00e1 asistencia y agenda legislativa para reforzar trabajo en la C\u00e1mara de Diputados"},"content":{"rendered":"<p>\ud83d\udd38 El coordinador de Morena busca priorizar los temas legislativos sobre los actos protocolarios y llamados \u201cno afortunados\u201d.<\/p>\n<p>#CDMX | El presidente de la Junta de Coordinaci\u00f3n Pol\u00edtica de la C\u00e1mara de Diputados, Ricardo Monreal \u00c1vila, inform\u00f3 que la pr\u00f3xima semana sostendr\u00e1 una reuni\u00f3n con los coordinadores de todos los grupos parlamentarios con el fin de revisar la asistencia de los legisladores y definir ajustes en la agenda de trabajo.<\/p>\n<p>Monreal explic\u00f3 que presentar\u00e1 una serie de planteamientos sobre la organizaci\u00f3n interna del recinto, aunque prev\u00e9 que los dem\u00e1s coordinadores tambi\u00e9n lleven sus propias propuestas. \u201cVamos a plantear la revisi\u00f3n de la agenda para los eventos que se tienen programados, sobre todo en estas fechas donde se multiplican las reuniones. Vamos a ser muy cuidadosos para no distraer las sesiones y concentrarnos en los temas\u201d, se\u00f1al\u00f3.<\/p>\n<p>El legislador morenista subray\u00f3 que el pueblo de M\u00e9xico merece un Congreso enfocado en su labor constitucional y no en actividades que \u201censombrecen\u201d el trabajo parlamentario. \u201cEs un gran porcentaje de diputados y diputadas que s\u00ed estamos cumpliendo con nuestra responsabilidad. Yo vengo de lunes a domingo, aqu\u00ed estoy todos los d\u00edas, y como yo hay muchos otros que vienen a cumplir con su responsabilidad\u201d, enfatiz\u00f3.<\/p>\n<p>Monreal aclar\u00f3 que, por el momento, no se prev\u00e9 otorgar nuevos reconocimientos o realizar eventos similares al reciente homenaje a la Sonora Santanera. Asegur\u00f3 que la prioridad ser\u00e1 destinar el 90 % del tiempo a la labor legislativa y apenas un 10 % a actividades protocolarias.<\/p>\n<p>\u201cVamos a cuidar en extremo cualquier evento que pueda traducirse en incongruencia de nuestra parte\u201d, concluy\u00f3 el tambi\u00e9n coordinador del grupo parlamentario de Morena.<\/p>\n","protected":false},"excerpt":{"rendered":"<p>\ud83d\udd38 El coordinador de Morena busca priorizar los temas legislativos sobre los actos protocolarios y llamados \u201cno afortunados\u201d.<\/p>\n","protected":false},"author":1,"featured_media":35735,"comment_status":"open","ping_status":"closed","sticky":false,"template":"","format":"standard","meta":{"footnotes":""},"categories":[19,7],"tags":[],"class_list":["post-35731","post","type-post","status-publish","format-standard","has-post-thumbnail","hentry","category-cdmx","category-nacional"],"yoast_head":"<!-- This site is optimized with the Yoast SEO plugin v27.5 - https:\/\/yoast.com\/product\/yoast-seo-wordpress\/ -->\n<title>Monreal revisar\u00e1 asistencia y agenda legislativa para reforzar trabajo en la C\u00e1mara de Diputados - El Estatal de M\u00e9xico<\/title>\n<meta name=\"robots\" content=\"index, follow, max-snippet:-1, max-image-preview:large, max-video-preview:-1\" \/>\n<link rel=\"canonical\" href=\"https:\/\/elestataldemexico.com\/index.php\/2025\/10\/24\/monreal-revisara-asistencia-y-agenda-legislativa-para-reforzar-trabajo-en-la-camara-de-diputados\/\" \/>\n<meta property=\"og:locale\" content=\"es_ES\" \/>\n<meta property=\"og:type\" content=\"article\" \/>\n<meta property=\"og:title\" content=\"Monreal revisar\u00e1 asistencia y agenda legislativa para reforzar trabajo en la C\u00e1mara de Diputados - El Estatal de M\u00e9xico\" \/>\n<meta property=\"og:description\" content=\"\ud83d\udd38 El coordinador de Morena busca priorizar los temas legislativos sobre los actos protocolarios y llamados \u201cno afortunados\u201d.\" \/>\n<meta property=\"og:url\" content=\"https:\/\/elestataldemexico.com\/index.php\/2025\/10\/24\/monreal-revisara-asistencia-y-agenda-legislativa-para-reforzar-trabajo-en-la-camara-de-diputados\/\" \/>\n<meta property=\"og:site_name\" content=\"El Estatal de M\u00e9xico\" \/>\n<meta property=\"article:published_time\" content=\"2025-10-24T15:20:18+00:00\" \/>\n<meta property=\"og:image\" content=\"https:\/\/elestataldemexico.com\/wp-content\/uploads\/2025\/10\/WhatsApp-Image-2025-10-24-at-09.22.10.jpeg\" \/>\n\t<meta property=\"og:image:width\" content=\"1280\" \/>\n\t<meta property=\"og:image:height\" content=\"850\" \/>\n\t<meta property=\"og:image:type\" content=\"image\/jpeg\" \/>\n<meta name=\"author\" content=\"admin\" \/>\n<meta name=\"twitter:card\" content=\"summary_large_image\" \/>\n<meta name=\"twitter:label1\" content=\"Escrito por\" \/>\n\t<meta name=\"twitter:data1\" content=\"admin\" \/>\n\t<meta name=\"twitter:label2\" content=\"Tiempo de lectura\" \/>\n\t<meta name=\"twitter:data2\" content=\"2 minutos\" \/>\n<script type=\"application\/ld+json\" class=\"yoast-schema-graph\">{\"@context\":\"https:\\\/\\\/schema.org\",\"@graph\":[{\"@type\":\"Article\",\"@id\":\"https:\\\/\\\/elestataldemexico.com\\\/index.php\\\/2025\\\/10\\\/24\\\/monreal-revisara-asistencia-y-agenda-legislativa-para-reforzar-trabajo-en-la-camara-de-diputados\\\/#article\",\"isPartOf\":{\"@id\":\"https:\\\/\\\/elestataldemexico.com\\\/index.php\\\/2025\\\/10\\\/24\\\/monreal-revisara-asistencia-y-agenda-legislativa-para-reforzar-trabajo-en-la-camara-de-diputados\\\/\"},\"author\":{\"name\":\"admin\",\"@id\":\"https:\\\/\\\/elestataldemexico.com\\\/#\\\/schema\\\/person\\\/6c7813c13d2c1571771f592f0fe866bb\"},\"headline\":\"Monreal revisar\u00e1 asistencia y agenda legislativa para reforzar trabajo en la C\u00e1mara de Diputados\",\"datePublished\":\"2025-10-24T15:20:18+00:00\",\"mainEntityOfPage\":{\"@id\":\"https:\\\/\\\/elestataldemexico.com\\\/index.php\\\/2025\\\/10\\\/24\\\/monreal-revisara-asistencia-y-agenda-legislativa-para-reforzar-trabajo-en-la-camara-de-diputados\\\/\"},\"wordCount\":294,\"commentCount\":0,\"publisher\":{\"@id\":\"https:\\\/\\\/elestataldemexico.com\\\/#organization\"},\"image\":{\"@id\":\"https:\\\/\\\/elestataldemexico.com\\\/index.php\\\/2025\\\/10\\\/24\\\/monreal-revisara-asistencia-y-agenda-legislativa-para-reforzar-trabajo-en-la-camara-de-diputados\\\/#primaryimage\"},\"thumbnailUrl\":\"https:\\\/\\\/elestataldemexico.com\\\/wp-content\\\/uploads\\\/2025\\\/10\\\/WhatsApp-Image-2025-10-24-at-09.22.10.jpeg\",\"articleSection\":[\"CDMX\",\"Nacional\"],\"inLanguage\":\"es\",\"potentialAction\":[{\"@type\":\"CommentAction\",\"name\":\"Comment\",\"target\":[\"https:\\\/\\\/elestataldemexico.com\\\/index.php\\\/2025\\\/10\\\/24\\\/monreal-revisara-asistencia-y-agenda-legislativa-para-reforzar-trabajo-en-la-camara-de-diputados\\\/#respond\"]}]},{\"@type\":\"WebPage\",\"@id\":\"https:\\\/\\\/elestataldemexico.com\\\/index.php\\\/2025\\\/10\\\/24\\\/monreal-revisara-asistencia-y-agenda-legislativa-para-reforzar-trabajo-en-la-camara-de-diputados\\\/\",\"url\":\"https:\\\/\\\/elestataldemexico.com\\\/index.php\\\/2025\\\/10\\\/24\\\/monreal-revisara-asistencia-y-agenda-legislativa-para-reforzar-trabajo-en-la-camara-de-diputados\\\/\",\"name\":\"Monreal revisar\u00e1 asistencia y agenda legislativa para reforzar trabajo en la C\u00e1mara de Diputados - El Estatal de M\u00e9xico\",\"isPartOf\":{\"@id\":\"https:\\\/\\\/elestataldemexico.com\\\/#website\"},\"primaryImageOfPage\":{\"@id\":\"https:\\\/\\\/elestataldemexico.com\\\/index.php\\\/2025\\\/10\\\/24\\\/monreal-revisara-asistencia-y-agenda-legislativa-para-reforzar-trabajo-en-la-camara-de-diputados\\\/#primaryimage\"},\"image\":{\"@id\":\"https:\\\/\\\/elestataldemexico.com\\\/index.php\\\/2025\\\/10\\\/24\\\/monreal-revisara-asistencia-y-agenda-legislativa-para-reforzar-trabajo-en-la-camara-de-diputados\\\/#primaryimage\"},\"thumbnailUrl\":\"https:\\\/\\\/elestataldemexico.com\\\/wp-content\\\/uploads\\\/2025\\\/10\\\/WhatsApp-Image-2025-10-24-at-09.22.10.jpeg\",\"datePublished\":\"2025-10-24T15:20:18+00:00\",\"breadcrumb\":{\"@id\":\"https:\\\/\\\/elestataldemexico.com\\\/index.php\\\/2025\\\/10\\\/24\\\/monreal-revisara-asistencia-y-agenda-legislativa-para-reforzar-trabajo-en-la-camara-de-diputados\\\/#breadcrumb\"},\"inLanguage\":\"es\",\"potentialAction\":[{\"@type\":\"ReadAction\",\"target\":[\"https:\\\/\\\/elestataldemexico.com\\\/index.php\\\/2025\\\/10\\\/24\\\/monreal-revisara-asistencia-y-agenda-legislativa-para-reforzar-trabajo-en-la-camara-de-diputados\\\/\"]}]},{\"@type\":\"ImageObject\",\"inLanguage\":\"es\",\"@id\":\"https:\\\/\\\/elestataldemexico.com\\\/index.php\\\/2025\\\/10\\\/24\\\/monreal-revisara-asistencia-y-agenda-legislativa-para-reforzar-trabajo-en-la-camara-de-diputados\\\/#primaryimage\",\"url\":\"https:\\\/\\\/elestataldemexico.com\\\/wp-content\\\/uploads\\\/2025\\\/10\\\/WhatsApp-Image-2025-10-24-at-09.22.10.jpeg\",\"contentUrl\":\"https:\\\/\\\/elestataldemexico.com\\\/wp-content\\\/uploads\\\/2025\\\/10\\\/WhatsApp-Image-2025-10-24-at-09.22.10.jpeg\",\"width\":1280,\"height\":850},{\"@type\":\"BreadcrumbList\",\"@id\":\"https:\\\/\\\/elestataldemexico.com\\\/index.php\\\/2025\\\/10\\\/24\\\/monreal-revisara-asistencia-y-agenda-legislativa-para-reforzar-trabajo-en-la-camara-de-diputados\\\/#breadcrumb\",\"itemListElement\":[{\"@type\":\"ListItem\",\"position\":1,\"name\":\"Portada\",\"item\":\"https:\\\/\\\/elestataldemexico.com\\\/\"},{\"@type\":\"ListItem\",\"position\":2,\"name\":\"Monreal revisar\u00e1 asistencia y agenda legislativa para reforzar trabajo en la C\u00e1mara de Diputados\"}]},{\"@type\":\"WebSite\",\"@id\":\"https:\\\/\\\/elestataldemexico.com\\\/#website\",\"url\":\"https:\\\/\\\/elestataldemexico.com\\\/\",\"name\":\"El Estatal de M\u00e9xico\",\"description\":\"\",\"publisher\":{\"@id\":\"https:\\\/\\\/elestataldemexico.com\\\/#organization\"},\"potentialAction\":[{\"@type\":\"SearchAction\",\"target\":{\"@type\":\"EntryPoint\",\"urlTemplate\":\"https:\\\/\\\/elestataldemexico.com\\\/?s={search_term_string}\"},\"query-input\":{\"@type\":\"PropertyValueSpecification\",\"valueRequired\":true,\"valueName\":\"search_term_string\"}}],\"inLanguage\":\"es\"},{\"@type\":\"Organization\",\"@id\":\"https:\\\/\\\/elestataldemexico.com\\\/#organization\",\"name\":\"El Estatal de M\u00e9xico\",\"url\":\"https:\\\/\\\/elestataldemexico.com\\\/\",\"logo\":{\"@type\":\"ImageObject\",\"inLanguage\":\"es\",\"@id\":\"https:\\\/\\\/elestataldemexico.com\\\/#\\\/schema\\\/logo\\\/image\\\/\",\"url\":\"https:\\\/\\\/elestataldemexico.com\\\/wp-content\\\/uploads\\\/2025\\\/05\\\/cropped-elestatal.png\",\"contentUrl\":\"https:\\\/\\\/elestataldemexico.com\\\/wp-content\\\/uploads\\\/2025\\\/05\\\/cropped-elestatal.png\",\"width\":504,\"height\":97,\"caption\":\"El Estatal de M\u00e9xico\"},\"image\":{\"@id\":\"https:\\\/\\\/elestataldemexico.com\\\/#\\\/schema\\\/logo\\\/image\\\/\"}},{\"@type\":\"Person\",\"@id\":\"https:\\\/\\\/elestataldemexico.com\\\/#\\\/schema\\\/person\\\/6c7813c13d2c1571771f592f0fe866bb\",\"name\":\"admin\",\"image\":{\"@type\":\"ImageObject\",\"inLanguage\":\"es\",\"@id\":\"https:\\\/\\\/secure.gravatar.com\\\/avatar\\\/d5ed2db9923a3ad3c0a47f6b3aec7abcb43924b9322251ade16472fc06f7bb5b?s=96&d=mm&r=g\",\"url\":\"https:\\\/\\\/secure.gravatar.com\\\/avatar\\\/d5ed2db9923a3ad3c0a47f6b3aec7abcb43924b9322251ade16472fc06f7bb5b?s=96&d=mm&r=g\",\"contentUrl\":\"https:\\\/\\\/secure.gravatar.com\\\/avatar\\\/d5ed2db9923a3ad3c0a47f6b3aec7abcb43924b9322251ade16472fc06f7bb5b?s=96&d=mm&r=g\",\"caption\":\"admin\"},\"sameAs\":[\"https:\\\/\\\/elestataldemexico.com\"],\"url\":\"https:\\\/\\\/elestataldemexico.com\\\/index.php\\\/author\\\/info_qk62m3p3\\\/\"}]}<\/script>\n<!-- \/ Yoast SEO plugin. -->","yoast_head_json":{"title":"Monreal revisar\u00e1 asistencia y agenda legislativa para reforzar trabajo en la C\u00e1mara de Diputados - El Estatal de M\u00e9xico","robots":{"index":"index","follow":"follow","max-snippet":"max-snippet:-1","max-image-preview":"max-image-preview:large","max-video-preview":"max-video-preview:-1"},"canonical":"https:\/\/elestataldemexico.com\/index.php\/2025\/10\/24\/monreal-revisara-asistencia-y-agenda-legislativa-para-reforzar-trabajo-en-la-camara-de-diputados\/","og_locale":"es_ES","og_type":"article","og_title":"Monreal revisar\u00e1 asistencia y agenda legislativa para reforzar trabajo en la C\u00e1mara de Diputados - El Estatal de M\u00e9xico","og_description":"\ud83d\udd38 El coordinador de Morena busca priorizar los temas legislativos sobre los actos protocolarios y llamados \u201cno afortunados\u201d.","og_url":"https:\/\/elestataldemexico.com\/index.php\/2025\/10\/24\/monreal-revisara-asistencia-y-agenda-legislativa-para-reforzar-trabajo-en-la-camara-de-diputados\/","og_site_name":"El Estatal de M\u00e9xico","article_published_time":"2025-10-24T15:20:18+00:00","og_image":[{"width":1280,"height":850,"url":"https:\/\/elestataldemexico.com\/wp-content\/uploads\/2025\/10\/WhatsApp-Image-2025-10-24-at-09.22.10.jpeg","type":"image\/jpeg"}],"author":"admin","twitter_card":"summary_large_image","twitter_misc":{"Escrito por":"admin","Tiempo de lectura":"2 minutos"},"schema":{"@context":"https:\/\/schema.org","@graph":[{"@type":"Article","@id":"https:\/\/elestataldemexico.com\/index.php\/2025\/10\/24\/monreal-revisara-asistencia-y-agenda-legislativa-para-reforzar-trabajo-en-la-camara-de-diputados\/#article","isPartOf":{"@id":"https:\/\/elestataldemexico.com\/index.php\/2025\/10\/24\/monreal-revisara-asistencia-y-agenda-legislativa-para-reforzar-trabajo-en-la-camara-de-diputados\/"},"author":{"name":"admin","@id":"https:\/\/elestataldemexico.com\/#\/schema\/person\/6c7813c13d2c1571771f592f0fe866bb"},"headline":"Monreal revisar\u00e1 asistencia y agenda legislativa para reforzar trabajo en la C\u00e1mara de Diputados","datePublished":"2025-10-24T15:20:18+00:00","mainEntityOfPage":{"@id":"https:\/\/elestataldemexico.com\/index.php\/2025\/10\/24\/monreal-revisara-asistencia-y-agenda-legislativa-para-reforzar-trabajo-en-la-camara-de-diputados\/"},"wordCount":294,"commentCount":0,"publisher":{"@id":"https:\/\/elestataldemexico.com\/#organization"},"image":{"@id":"https:\/\/elestataldemexico.com\/index.php\/2025\/10\/24\/monreal-revisara-asistencia-y-agenda-legislativa-para-reforzar-trabajo-en-la-camara-de-diputados\/#primaryimage"},"thumbnailUrl":"https:\/\/elestataldemexico.com\/wp-content\/uploads\/2025\/10\/WhatsApp-Image-2025-10-24-at-09.22.10.jpeg","articleSection":["CDMX","Nacional"],"inLanguage":"es","potentialAction":[{"@type":"CommentAction","name":"Comment","target":["https:\/\/elestataldemexico.com\/index.php\/2025\/10\/24\/monreal-revisara-asistencia-y-agenda-legislativa-para-reforzar-trabajo-en-la-camara-de-diputados\/#respond"]}]},{"@type":"WebPage","@id":"https:\/\/elestataldemexico.com\/index.php\/2025\/10\/24\/monreal-revisara-asistencia-y-agenda-legislativa-para-reforzar-trabajo-en-la-camara-de-diputados\/","url":"https:\/\/elestataldemexico.com\/index.php\/2025\/10\/24\/monreal-revisara-asistencia-y-agenda-legislativa-para-reforzar-trabajo-en-la-camara-de-diputados\/","name":"Monreal revisar\u00e1 asistencia y agenda legislativa para reforzar trabajo en la C\u00e1mara de Diputados - El Estatal de M\u00e9xico","isPartOf":{"@id":"https:\/\/elestataldemexico.com\/#website"},"primaryImageOfPage":{"@id":"https:\/\/elestataldemexico.com\/index.php\/2025\/10\/24\/monreal-revisara-asistencia-y-agenda-legislativa-para-reforzar-trabajo-en-la-camara-de-diputados\/#primaryimage"},"image":{"@id":"https:\/\/elestataldemexico.com\/index.php\/2025\/10\/24\/monreal-revisara-asistencia-y-agenda-legislativa-para-reforzar-trabajo-en-la-camara-de-diputados\/#primaryimage"},"thumbnailUrl":"https:\/\/elestataldemexico.com\/wp-content\/uploads\/2025\/10\/WhatsApp-Image-2025-10-24-at-09.22.10.jpeg","datePublished":"2025-10-24T15:20:18+00:00","breadcrumb":{"@id":"https:\/\/elestataldemexico.com\/index.php\/2025\/10\/24\/monreal-revisara-asistencia-y-agenda-legislativa-para-reforzar-trabajo-en-la-camara-de-diputados\/#breadcrumb"},"inLanguage":"es","potentialAction":[{"@type":"ReadAction","target":["https:\/\/elestataldemexico.com\/index.php\/2025\/10\/24\/monreal-revisara-asistencia-y-agenda-legislativa-para-reforzar-trabajo-en-la-camara-de-diputados\/"]}]},{"@type":"ImageObject","inLanguage":"es","@id":"https:\/\/elestataldemexico.com\/index.php\/2025\/10\/24\/monreal-revisara-asistencia-y-agenda-legislativa-para-reforzar-trabajo-en-la-camara-de-diputados\/#primaryimage","url":"https:\/\/elestataldemexico.com\/wp-content\/uploads\/2025\/10\/WhatsApp-Image-2025-10-24-at-09.22.10.jpeg","contentUrl":"https:\/\/elestataldemexico.com\/wp-content\/uploads\/2025\/10\/WhatsApp-Image-2025-10-24-at-09.22.10.jpeg","width":1280,"height":850},{"@type":"BreadcrumbList","@id":"https:\/\/elestataldemexico.com\/index.php\/2025\/10\/24\/monreal-revisara-asistencia-y-agenda-legislativa-para-reforzar-trabajo-en-la-camara-de-diputados\/#breadcrumb","itemListElement":[{"@type":"ListItem","position":1,"name":"Portada","item":"https:\/\/elestataldemexico.com\/"},{"@type":"ListItem","position":2,"name":"Monreal revisar\u00e1 asistencia y agenda legislativa para reforzar trabajo en la C\u00e1mara de Diputados"}]},{"@type":"WebSite","@id":"https:\/\/elestataldemexico.com\/#website","url":"https:\/\/elestataldemexico.com\/","name":"El Estatal de M\u00e9xico","description":"","publisher":{"@id":"https:\/\/elestataldemexico.com\/#organization"},"potentialAction":[{"@type":"SearchAction","target":{"@type":"EntryPoint","urlTemplate":"https:\/\/elestataldemexico.com\/?s={search_term_string}"},"query-input":{"@type":"PropertyValueSpecification","valueRequired":true,"valueName":"search_term_string"}}],"inLanguage":"es"},{"@type":"Organization","@id":"https:\/\/elestataldemexico.com\/#organization","name":"El Estatal de M\u00e9xico","url":"https:\/\/elestataldemexico.com\/","logo":{"@type":"ImageObject","inLanguage":"es","@id":"https:\/\/elestataldemexico.com\/#\/schema\/logo\/image\/","url":"https:\/\/elestataldemexico.com\/wp-content\/uploads\/2025\/05\/cropped-elestatal.png","contentUrl":"https:\/\/elestataldemexico.com\/wp-content\/uploads\/2025\/05\/cropped-elestatal.png","width":504,"height":97,"caption":"El Estatal de M\u00e9xico"},"image":{"@id":"https:\/\/elestataldemexico.com\/#\/schema\/logo\/image\/"}},{"@type":"Person","@id":"https:\/\/elestataldemexico.com\/#\/schema\/person\/6c7813c13d2c1571771f592f0fe866bb","name":"admin","image":{"@type":"ImageObject","inLanguage":"es","@id":"https:\/\/secure.gravatar.com\/avatar\/d5ed2db9923a3ad3c0a47f6b3aec7abcb43924b9322251ade16472fc06f7bb5b?s=96&d=mm&r=g","url":"https:\/\/secure.gravatar.com\/avatar\/d5ed2db9923a3ad3c0a47f6b3aec7abcb43924b9322251ade16472fc06f7bb5b?s=96&d=mm&r=g","contentUrl":"https:\/\/secure.gravatar.com\/avatar\/d5ed2db9923a3ad3c0a47f6b3aec7abcb43924b9322251ade16472fc06f7bb5b?s=96&d=mm&r=g","caption":"admin"},"sameAs":["https:\/\/elestataldemexico.com"],"url":"https:\/\/elestataldemexico.com\/index.php\/author\/info_qk62m3p3\/"}]}},"_links":{"self":[{"href":"https:\/\/elestataldemexico.com\/index.php\/wp-json\/wp\/v2\/posts\/35731","targetHints":{"allow":["GET"]}}],"collection":[{"href":"https:\/\/elestataldemexico.com\/index.php\/wp-json\/wp\/v2\/posts"}],"about":[{"href":"https:\/\/elestataldemexico.com\/index.php\/wp-json\/wp\/v2\/types\/post"}],"author":[{"embeddable":true,"href":"https:\/\/elestataldemexico.com\/index.php\/wp-json\/wp\/v2\/users\/1"}],"replies":[{"embeddable":true,"href":"https:\/\/elestataldemexico.com\/index.php\/wp-json\/wp\/v2\/comments?post=35731"}],"version-history":[{"count":1,"href":"https:\/\/elestataldemexico.com\/index.php\/wp-json\/wp\/v2\/posts\/35731\/revisions"}],"predecessor-version":[{"id":35736,"href":"https:\/\/elestataldemexico.com\/index.php\/wp-json\/wp\/v2\/posts\/35731\/revisions\/35736"}],"wp:featuredmedia":[{"embeddable":true,"href":"https:\/\/elestataldemexico.com\/index.php\/wp-json\/wp\/v2\/media\/35735"}],"wp:attachment":[{"href":"https:\/\/elestataldemexico.com\/index.php\/wp-json\/wp\/v2\/media?parent=35731"}],"wp:term":[{"taxonomy":"category","embeddable":true,"href":"https:\/\/elestataldemexico.com\/index.php\/wp-json\/wp\/v2\/categories?post=35731"},{"taxonomy":"post_tag","embeddable":true,"href":"https:\/\/elestataldemexico.com\/index.php\/wp-json\/wp\/v2\/tags?post=35731"}],"curies":[{"name":"wp","href":"https:\/\/api.w.org\/{rel}","templated":true}]}}