{"id":35261,"date":"2025-10-12T11:00:21","date_gmt":"2025-10-12T16:00:21","guid":{"rendered":"https:\/\/elestataldemexico.com\/?p=35261"},"modified":"2025-10-12T16:46:00","modified_gmt":"2025-10-12T21:46:00","slug":"que-va-a-pasar-con-las-estrellas-bailan-en-hoy-tras-fallecimiento-de-fede-dorcaz-productora-lo-revela","status":"publish","type":"post","link":"https:\/\/elestataldemexico.com\/index.php\/2025\/10\/12\/que-va-a-pasar-con-las-estrellas-bailan-en-hoy-tras-fallecimiento-de-fede-dorcaz-productora-lo-revela\/","title":{"rendered":"\u00bfQu\u00e9 va a pasar con \u2018Las estrellas bailan en Hoy\u2019 tras fallecimiento de Fede Dorcaz? Productora lo revela"},"content":{"rendered":"<p>\ud83d\udd38 En un encuentro con varios reporteros, la productora de &#8216;Hoy&#8217;, Andrea Rodr\u00edguez, tambi\u00e9n cont\u00f3 c\u00f3mo se encuentra la novia del cantante argentino.<\/p>\n<p>#ESPECT\u00c1CULOS | Tras revelarse el deceso del cantante y modelo argentino Fede Dorcaz mientras iba en una camioneta por Perif\u00e9rico, muchas celebridades se mostraron afectadas, sobre todo los conductores del programa matutino Hoy, que iban a convivir con \u00e9l en la pr\u00f3xima edici\u00f3n del reality Las estrellas bailan.<\/p>\n<p>\u00abLo sentimos mucho, es una noticia terrible, un joven con muchos sue\u00f1os y con muchos amigos\u00bb, coment\u00f3 la presentadora Andrea Legarreta, visiblemente afectada, al dar la noticia en vivo.<\/p>\n<p>Otra integrante del programa que tambi\u00e9n se cimbr\u00f3 con el suceso fue la productora, Andrea Rodr\u00edguez, quien hablo con los reporteros sobre varios aspectos de su relaci\u00f3n laboral con Fede.<\/p>\n<p>En un encuentro con los reporteros, Andrea Rodr\u00edguez se mostr\u00f3 impactada por el fallecimiento del argentino. Record\u00f3 que lo conoci\u00f3 hace mes y medio: \u00abVino un d\u00eda a presentar su m\u00fasica. Su representante, Gus Rinc\u00f3n, me lo present\u00f3\u00bb.<\/p>\n<p>Ese d\u00eda, Gus le pidi\u00f3 tomarlo en cuenta para futuros proyectos. \u00abDespu\u00e9s, ten\u00edamos a Mariana ya contemplada, entonces fue el match perfecto\u00bb, relat\u00f3 Rodr\u00edguez.<\/p>\n<p>Andrea acentu\u00f3 que Fede era un chavo con todo el futuro del mundo, s\u00faper lindo\u00bb. Por eso anunciar su deceso en Hoy \u00abfue de los programas m\u00e1s dif\u00edciles\u00bb.<\/p>\n<p>La productora del matutino cont\u00f3 que se enter\u00f3 por el m\u00e1nager del cantante: \u00abMe habl\u00f3 su representante, que est\u00e1 en Espa\u00f1a, para darme la terrible noticia\u00bb.<\/p>\n<p>Esto impact\u00f3 a Andrea, quien de inmediato comenz\u00f3 a evaluar la forma de dar a conocer el suceso, que tuvo lugar en Perif\u00e9rico: \u00abDe ah\u00ed me qued\u00e9 checando todas las cosas, viendo c\u00f3mo y en qu\u00e9 momento lo \u00edbamos a decir\u00bb.<\/p>\n<p>\u00abSon historias que nunca sabremos qu\u00e9 fue lo que sucedi\u00f3 en realidad en esos dos o tres minutos, entonces, lo \u00fanico que s\u00e9 es que era un chavo muy bueno y eso no se puede actuar\u00bb, a\u00f1adi\u00f3.<\/p>\n<p>Entonces, un reportero le pregunt\u00f3 sobre el futuro del reality de Hoy: \u00ab\u00bfQu\u00e9 decisi\u00f3n tomar\u00e1s en cuanto a temas de producci\u00f3n?\u00bb.<\/p>\n<p>Rodr\u00edguez revel\u00f3 que ni siquiera Mariana, novia de Fede, participar\u00e1 con alguien m\u00e1s, pero \u00abseguir\u00e1n siendo trece parejas y tendremos una pareja que nos estar\u00e1 viendo desde el cielo\u00bb.<\/p>\n<p>Respecto a c\u00f3mo se encuentra \u00c1vila, la productora coment\u00f3 que est\u00e1 \u00aben shock, devastada. Creo que hay que apoyarla todos, ha sido un momento muy complicado\u00bb.<\/p>\n<p>Por \u00faltimo, Andrea Rodr\u00edguez coment\u00f3 que, de saber si habr\u00e1 una actividad para despedir a Fede, lo anunciar\u00e1: \u00abEn el momento que sepamos, se los informaremos. En este momento la informaci\u00f3n es muy vaga\u00bb.<\/p>\n<p>#Productora #AndreaRodr\u00edguez #Habla #Sobre #Futuro #LasEstrellasBailanEnHoy #Tras #Fallecimiento #FedeDorcaz<\/p>\n","protected":false},"excerpt":{"rendered":"<p>\ud83d\udd38 En un encuentro con varios reporteros, la productora de &#8216;Hoy&#8217;, Andrea Rodr\u00edguez, tambi\u00e9n cont\u00f3 c\u00f3mo se encuentra<\/p>\n","protected":false},"author":1,"featured_media":35263,"comment_status":"open","ping_status":"closed","sticky":false,"template":"","format":"standard","meta":{"footnotes":""},"categories":[11],"tags":[],"class_list":["post-35261","post","type-post","status-publish","format-standard","has-post-thumbnail","hentry","category-espectaculos"],"yoast_head":"<!-- This site is optimized with the Yoast SEO plugin v27.5 - https:\/\/yoast.com\/product\/yoast-seo-wordpress\/ -->\n<title>\u00bfQu\u00e9 va a pasar con \u2018Las estrellas bailan en Hoy\u2019 tras fallecimiento de Fede Dorcaz? Productora lo revela - El Estatal de M\u00e9xico<\/title>\n<meta name=\"robots\" content=\"index, follow, max-snippet:-1, max-image-preview:large, max-video-preview:-1\" \/>\n<link rel=\"canonical\" href=\"https:\/\/elestataldemexico.com\/index.php\/2025\/10\/12\/que-va-a-pasar-con-las-estrellas-bailan-en-hoy-tras-fallecimiento-de-fede-dorcaz-productora-lo-revela\/\" \/>\n<meta property=\"og:locale\" content=\"es_ES\" \/>\n<meta property=\"og:type\" content=\"article\" \/>\n<meta property=\"og:title\" content=\"\u00bfQu\u00e9 va a pasar con \u2018Las estrellas bailan en Hoy\u2019 tras fallecimiento de Fede Dorcaz? Productora lo revela - El Estatal de M\u00e9xico\" \/>\n<meta property=\"og:description\" content=\"\ud83d\udd38 En un encuentro con varios reporteros, la productora de &#8216;Hoy&#8217;, Andrea Rodr\u00edguez, tambi\u00e9n cont\u00f3 c\u00f3mo se encuentra\" \/>\n<meta property=\"og:url\" content=\"https:\/\/elestataldemexico.com\/index.php\/2025\/10\/12\/que-va-a-pasar-con-las-estrellas-bailan-en-hoy-tras-fallecimiento-de-fede-dorcaz-productora-lo-revela\/\" \/>\n<meta property=\"og:site_name\" content=\"El Estatal de M\u00e9xico\" \/>\n<meta property=\"article:published_time\" content=\"2025-10-12T16:00:21+00:00\" \/>\n<meta property=\"article:modified_time\" content=\"2025-10-12T21:46:00+00:00\" \/>\n<meta name=\"author\" content=\"admin\" \/>\n<meta name=\"twitter:card\" content=\"summary_large_image\" \/>\n<meta name=\"twitter:label1\" content=\"Escrito por\" \/>\n\t<meta name=\"twitter:data1\" content=\"admin\" \/>\n\t<meta name=\"twitter:label2\" content=\"Tiempo de lectura\" \/>\n\t<meta name=\"twitter:data2\" content=\"2 minutos\" \/>\n<script type=\"application\/ld+json\" class=\"yoast-schema-graph\">{\"@context\":\"https:\\\/\\\/schema.org\",\"@graph\":[{\"@type\":\"Article\",\"@id\":\"https:\\\/\\\/elestataldemexico.com\\\/index.php\\\/2025\\\/10\\\/12\\\/que-va-a-pasar-con-las-estrellas-bailan-en-hoy-tras-fallecimiento-de-fede-dorcaz-productora-lo-revela\\\/#article\",\"isPartOf\":{\"@id\":\"https:\\\/\\\/elestataldemexico.com\\\/index.php\\\/2025\\\/10\\\/12\\\/que-va-a-pasar-con-las-estrellas-bailan-en-hoy-tras-fallecimiento-de-fede-dorcaz-productora-lo-revela\\\/\"},\"author\":{\"name\":\"admin\",\"@id\":\"https:\\\/\\\/elestataldemexico.com\\\/#\\\/schema\\\/person\\\/6c7813c13d2c1571771f592f0fe866bb\"},\"headline\":\"\u00bfQu\u00e9 va a pasar con \u2018Las estrellas bailan en Hoy\u2019 tras fallecimiento de Fede Dorcaz? Productora lo revela\",\"datePublished\":\"2025-10-12T16:00:21+00:00\",\"dateModified\":\"2025-10-12T21:46:00+00:00\",\"mainEntityOfPage\":{\"@id\":\"https:\\\/\\\/elestataldemexico.com\\\/index.php\\\/2025\\\/10\\\/12\\\/que-va-a-pasar-con-las-estrellas-bailan-en-hoy-tras-fallecimiento-de-fede-dorcaz-productora-lo-revela\\\/\"},\"wordCount\":496,\"commentCount\":0,\"publisher\":{\"@id\":\"https:\\\/\\\/elestataldemexico.com\\\/#organization\"},\"image\":{\"@id\":\"https:\\\/\\\/elestataldemexico.com\\\/index.php\\\/2025\\\/10\\\/12\\\/que-va-a-pasar-con-las-estrellas-bailan-en-hoy-tras-fallecimiento-de-fede-dorcaz-productora-lo-revela\\\/#primaryimage\"},\"thumbnailUrl\":\"https:\\\/\\\/elestataldemexico.com\\\/wp-content\\\/uploads\\\/2025\\\/10\\\/WhatsApp-Image-2025-10-11-at-19.27.34.jpeg\",\"articleSection\":[\"Espectaculos\"],\"inLanguage\":\"es\",\"potentialAction\":[{\"@type\":\"CommentAction\",\"name\":\"Comment\",\"target\":[\"https:\\\/\\\/elestataldemexico.com\\\/index.php\\\/2025\\\/10\\\/12\\\/que-va-a-pasar-con-las-estrellas-bailan-en-hoy-tras-fallecimiento-de-fede-dorcaz-productora-lo-revela\\\/#respond\"]}]},{\"@type\":\"WebPage\",\"@id\":\"https:\\\/\\\/elestataldemexico.com\\\/index.php\\\/2025\\\/10\\\/12\\\/que-va-a-pasar-con-las-estrellas-bailan-en-hoy-tras-fallecimiento-de-fede-dorcaz-productora-lo-revela\\\/\",\"url\":\"https:\\\/\\\/elestataldemexico.com\\\/index.php\\\/2025\\\/10\\\/12\\\/que-va-a-pasar-con-las-estrellas-bailan-en-hoy-tras-fallecimiento-de-fede-dorcaz-productora-lo-revela\\\/\",\"name\":\"\u00bfQu\u00e9 va a pasar con \u2018Las estrellas bailan en Hoy\u2019 tras fallecimiento de Fede Dorcaz? Productora lo revela - El Estatal de M\u00e9xico\",\"isPartOf\":{\"@id\":\"https:\\\/\\\/elestataldemexico.com\\\/#website\"},\"primaryImageOfPage\":{\"@id\":\"https:\\\/\\\/elestataldemexico.com\\\/index.php\\\/2025\\\/10\\\/12\\\/que-va-a-pasar-con-las-estrellas-bailan-en-hoy-tras-fallecimiento-de-fede-dorcaz-productora-lo-revela\\\/#primaryimage\"},\"image\":{\"@id\":\"https:\\\/\\\/elestataldemexico.com\\\/index.php\\\/2025\\\/10\\\/12\\\/que-va-a-pasar-con-las-estrellas-bailan-en-hoy-tras-fallecimiento-de-fede-dorcaz-productora-lo-revela\\\/#primaryimage\"},\"thumbnailUrl\":\"https:\\\/\\\/elestataldemexico.com\\\/wp-content\\\/uploads\\\/2025\\\/10\\\/WhatsApp-Image-2025-10-11-at-19.27.34.jpeg\",\"datePublished\":\"2025-10-12T16:00:21+00:00\",\"dateModified\":\"2025-10-12T21:46:00+00:00\",\"breadcrumb\":{\"@id\":\"https:\\\/\\\/elestataldemexico.com\\\/index.php\\\/2025\\\/10\\\/12\\\/que-va-a-pasar-con-las-estrellas-bailan-en-hoy-tras-fallecimiento-de-fede-dorcaz-productora-lo-revela\\\/#breadcrumb\"},\"inLanguage\":\"es\",\"potentialAction\":[{\"@type\":\"ReadAction\",\"target\":[\"https:\\\/\\\/elestataldemexico.com\\\/index.php\\\/2025\\\/10\\\/12\\\/que-va-a-pasar-con-las-estrellas-bailan-en-hoy-tras-fallecimiento-de-fede-dorcaz-productora-lo-revela\\\/\"]}]},{\"@type\":\"ImageObject\",\"inLanguage\":\"es\",\"@id\":\"https:\\\/\\\/elestataldemexico.com\\\/index.php\\\/2025\\\/10\\\/12\\\/que-va-a-pasar-con-las-estrellas-bailan-en-hoy-tras-fallecimiento-de-fede-dorcaz-productora-lo-revela\\\/#primaryimage\",\"url\":\"https:\\\/\\\/elestataldemexico.com\\\/wp-content\\\/uploads\\\/2025\\\/10\\\/WhatsApp-Image-2025-10-11-at-19.27.34.jpeg\",\"contentUrl\":\"https:\\\/\\\/elestataldemexico.com\\\/wp-content\\\/uploads\\\/2025\\\/10\\\/WhatsApp-Image-2025-10-11-at-19.27.34.jpeg\",\"width\":1038,\"height\":582},{\"@type\":\"BreadcrumbList\",\"@id\":\"https:\\\/\\\/elestataldemexico.com\\\/index.php\\\/2025\\\/10\\\/12\\\/que-va-a-pasar-con-las-estrellas-bailan-en-hoy-tras-fallecimiento-de-fede-dorcaz-productora-lo-revela\\\/#breadcrumb\",\"itemListElement\":[{\"@type\":\"ListItem\",\"position\":1,\"name\":\"Portada\",\"item\":\"https:\\\/\\\/elestataldemexico.com\\\/\"},{\"@type\":\"ListItem\",\"position\":2,\"name\":\"\u00bfQu\u00e9 va a pasar con \u2018Las estrellas bailan en Hoy\u2019 tras fallecimiento de Fede Dorcaz? Productora lo revela\"}]},{\"@type\":\"WebSite\",\"@id\":\"https:\\\/\\\/elestataldemexico.com\\\/#website\",\"url\":\"https:\\\/\\\/elestataldemexico.com\\\/\",\"name\":\"El Estatal de M\u00e9xico\",\"description\":\"\",\"publisher\":{\"@id\":\"https:\\\/\\\/elestataldemexico.com\\\/#organization\"},\"potentialAction\":[{\"@type\":\"SearchAction\",\"target\":{\"@type\":\"EntryPoint\",\"urlTemplate\":\"https:\\\/\\\/elestataldemexico.com\\\/?s={search_term_string}\"},\"query-input\":{\"@type\":\"PropertyValueSpecification\",\"valueRequired\":true,\"valueName\":\"search_term_string\"}}],\"inLanguage\":\"es\"},{\"@type\":\"Organization\",\"@id\":\"https:\\\/\\\/elestataldemexico.com\\\/#organization\",\"name\":\"El Estatal de M\u00e9xico\",\"url\":\"https:\\\/\\\/elestataldemexico.com\\\/\",\"logo\":{\"@type\":\"ImageObject\",\"inLanguage\":\"es\",\"@id\":\"https:\\\/\\\/elestataldemexico.com\\\/#\\\/schema\\\/logo\\\/image\\\/\",\"url\":\"https:\\\/\\\/elestataldemexico.com\\\/wp-content\\\/uploads\\\/2025\\\/05\\\/cropped-elestatal.png\",\"contentUrl\":\"https:\\\/\\\/elestataldemexico.com\\\/wp-content\\\/uploads\\\/2025\\\/05\\\/cropped-elestatal.png\",\"width\":504,\"height\":97,\"caption\":\"El Estatal de M\u00e9xico\"},\"image\":{\"@id\":\"https:\\\/\\\/elestataldemexico.com\\\/#\\\/schema\\\/logo\\\/image\\\/\"}},{\"@type\":\"Person\",\"@id\":\"https:\\\/\\\/elestataldemexico.com\\\/#\\\/schema\\\/person\\\/6c7813c13d2c1571771f592f0fe866bb\",\"name\":\"admin\",\"image\":{\"@type\":\"ImageObject\",\"inLanguage\":\"es\",\"@id\":\"https:\\\/\\\/secure.gravatar.com\\\/avatar\\\/d5ed2db9923a3ad3c0a47f6b3aec7abcb43924b9322251ade16472fc06f7bb5b?s=96&d=mm&r=g\",\"url\":\"https:\\\/\\\/secure.gravatar.com\\\/avatar\\\/d5ed2db9923a3ad3c0a47f6b3aec7abcb43924b9322251ade16472fc06f7bb5b?s=96&d=mm&r=g\",\"contentUrl\":\"https:\\\/\\\/secure.gravatar.com\\\/avatar\\\/d5ed2db9923a3ad3c0a47f6b3aec7abcb43924b9322251ade16472fc06f7bb5b?s=96&d=mm&r=g\",\"caption\":\"admin\"},\"sameAs\":[\"https:\\\/\\\/elestataldemexico.com\"],\"url\":\"https:\\\/\\\/elestataldemexico.com\\\/index.php\\\/author\\\/info_qk62m3p3\\\/\"}]}<\/script>\n<!-- \/ Yoast SEO plugin. -->","yoast_head_json":{"title":"\u00bfQu\u00e9 va a pasar con \u2018Las estrellas bailan en Hoy\u2019 tras fallecimiento de Fede Dorcaz? Productora lo revela - El Estatal de M\u00e9xico","robots":{"index":"index","follow":"follow","max-snippet":"max-snippet:-1","max-image-preview":"max-image-preview:large","max-video-preview":"max-video-preview:-1"},"canonical":"https:\/\/elestataldemexico.com\/index.php\/2025\/10\/12\/que-va-a-pasar-con-las-estrellas-bailan-en-hoy-tras-fallecimiento-de-fede-dorcaz-productora-lo-revela\/","og_locale":"es_ES","og_type":"article","og_title":"\u00bfQu\u00e9 va a pasar con \u2018Las estrellas bailan en Hoy\u2019 tras fallecimiento de Fede Dorcaz? Productora lo revela - El Estatal de M\u00e9xico","og_description":"\ud83d\udd38 En un encuentro con varios reporteros, la productora de &#8216;Hoy&#8217;, Andrea Rodr\u00edguez, tambi\u00e9n cont\u00f3 c\u00f3mo se encuentra","og_url":"https:\/\/elestataldemexico.com\/index.php\/2025\/10\/12\/que-va-a-pasar-con-las-estrellas-bailan-en-hoy-tras-fallecimiento-de-fede-dorcaz-productora-lo-revela\/","og_site_name":"El Estatal de M\u00e9xico","article_published_time":"2025-10-12T16:00:21+00:00","article_modified_time":"2025-10-12T21:46:00+00:00","author":"admin","twitter_card":"summary_large_image","twitter_misc":{"Escrito por":"admin","Tiempo de lectura":"2 minutos"},"schema":{"@context":"https:\/\/schema.org","@graph":[{"@type":"Article","@id":"https:\/\/elestataldemexico.com\/index.php\/2025\/10\/12\/que-va-a-pasar-con-las-estrellas-bailan-en-hoy-tras-fallecimiento-de-fede-dorcaz-productora-lo-revela\/#article","isPartOf":{"@id":"https:\/\/elestataldemexico.com\/index.php\/2025\/10\/12\/que-va-a-pasar-con-las-estrellas-bailan-en-hoy-tras-fallecimiento-de-fede-dorcaz-productora-lo-revela\/"},"author":{"name":"admin","@id":"https:\/\/elestataldemexico.com\/#\/schema\/person\/6c7813c13d2c1571771f592f0fe866bb"},"headline":"\u00bfQu\u00e9 va a pasar con \u2018Las estrellas bailan en Hoy\u2019 tras fallecimiento de Fede Dorcaz? Productora lo revela","datePublished":"2025-10-12T16:00:21+00:00","dateModified":"2025-10-12T21:46:00+00:00","mainEntityOfPage":{"@id":"https:\/\/elestataldemexico.com\/index.php\/2025\/10\/12\/que-va-a-pasar-con-las-estrellas-bailan-en-hoy-tras-fallecimiento-de-fede-dorcaz-productora-lo-revela\/"},"wordCount":496,"commentCount":0,"publisher":{"@id":"https:\/\/elestataldemexico.com\/#organization"},"image":{"@id":"https:\/\/elestataldemexico.com\/index.php\/2025\/10\/12\/que-va-a-pasar-con-las-estrellas-bailan-en-hoy-tras-fallecimiento-de-fede-dorcaz-productora-lo-revela\/#primaryimage"},"thumbnailUrl":"https:\/\/elestataldemexico.com\/wp-content\/uploads\/2025\/10\/WhatsApp-Image-2025-10-11-at-19.27.34.jpeg","articleSection":["Espectaculos"],"inLanguage":"es","potentialAction":[{"@type":"CommentAction","name":"Comment","target":["https:\/\/elestataldemexico.com\/index.php\/2025\/10\/12\/que-va-a-pasar-con-las-estrellas-bailan-en-hoy-tras-fallecimiento-de-fede-dorcaz-productora-lo-revela\/#respond"]}]},{"@type":"WebPage","@id":"https:\/\/elestataldemexico.com\/index.php\/2025\/10\/12\/que-va-a-pasar-con-las-estrellas-bailan-en-hoy-tras-fallecimiento-de-fede-dorcaz-productora-lo-revela\/","url":"https:\/\/elestataldemexico.com\/index.php\/2025\/10\/12\/que-va-a-pasar-con-las-estrellas-bailan-en-hoy-tras-fallecimiento-de-fede-dorcaz-productora-lo-revela\/","name":"\u00bfQu\u00e9 va a pasar con \u2018Las estrellas bailan en Hoy\u2019 tras fallecimiento de Fede Dorcaz? Productora lo revela - El Estatal de M\u00e9xico","isPartOf":{"@id":"https:\/\/elestataldemexico.com\/#website"},"primaryImageOfPage":{"@id":"https:\/\/elestataldemexico.com\/index.php\/2025\/10\/12\/que-va-a-pasar-con-las-estrellas-bailan-en-hoy-tras-fallecimiento-de-fede-dorcaz-productora-lo-revela\/#primaryimage"},"image":{"@id":"https:\/\/elestataldemexico.com\/index.php\/2025\/10\/12\/que-va-a-pasar-con-las-estrellas-bailan-en-hoy-tras-fallecimiento-de-fede-dorcaz-productora-lo-revela\/#primaryimage"},"thumbnailUrl":"https:\/\/elestataldemexico.com\/wp-content\/uploads\/2025\/10\/WhatsApp-Image-2025-10-11-at-19.27.34.jpeg","datePublished":"2025-10-12T16:00:21+00:00","dateModified":"2025-10-12T21:46:00+00:00","breadcrumb":{"@id":"https:\/\/elestataldemexico.com\/index.php\/2025\/10\/12\/que-va-a-pasar-con-las-estrellas-bailan-en-hoy-tras-fallecimiento-de-fede-dorcaz-productora-lo-revela\/#breadcrumb"},"inLanguage":"es","potentialAction":[{"@type":"ReadAction","target":["https:\/\/elestataldemexico.com\/index.php\/2025\/10\/12\/que-va-a-pasar-con-las-estrellas-bailan-en-hoy-tras-fallecimiento-de-fede-dorcaz-productora-lo-revela\/"]}]},{"@type":"ImageObject","inLanguage":"es","@id":"https:\/\/elestataldemexico.com\/index.php\/2025\/10\/12\/que-va-a-pasar-con-las-estrellas-bailan-en-hoy-tras-fallecimiento-de-fede-dorcaz-productora-lo-revela\/#primaryimage","url":"https:\/\/elestataldemexico.com\/wp-content\/uploads\/2025\/10\/WhatsApp-Image-2025-10-11-at-19.27.34.jpeg","contentUrl":"https:\/\/elestataldemexico.com\/wp-content\/uploads\/2025\/10\/WhatsApp-Image-2025-10-11-at-19.27.34.jpeg","width":1038,"height":582},{"@type":"BreadcrumbList","@id":"https:\/\/elestataldemexico.com\/index.php\/2025\/10\/12\/que-va-a-pasar-con-las-estrellas-bailan-en-hoy-tras-fallecimiento-de-fede-dorcaz-productora-lo-revela\/#breadcrumb","itemListElement":[{"@type":"ListItem","position":1,"name":"Portada","item":"https:\/\/elestataldemexico.com\/"},{"@type":"ListItem","position":2,"name":"\u00bfQu\u00e9 va a pasar con \u2018Las estrellas bailan en Hoy\u2019 tras fallecimiento de Fede Dorcaz? Productora lo revela"}]},{"@type":"WebSite","@id":"https:\/\/elestataldemexico.com\/#website","url":"https:\/\/elestataldemexico.com\/","name":"El Estatal de M\u00e9xico","description":"","publisher":{"@id":"https:\/\/elestataldemexico.com\/#organization"},"potentialAction":[{"@type":"SearchAction","target":{"@type":"EntryPoint","urlTemplate":"https:\/\/elestataldemexico.com\/?s={search_term_string}"},"query-input":{"@type":"PropertyValueSpecification","valueRequired":true,"valueName":"search_term_string"}}],"inLanguage":"es"},{"@type":"Organization","@id":"https:\/\/elestataldemexico.com\/#organization","name":"El Estatal de M\u00e9xico","url":"https:\/\/elestataldemexico.com\/","logo":{"@type":"ImageObject","inLanguage":"es","@id":"https:\/\/elestataldemexico.com\/#\/schema\/logo\/image\/","url":"https:\/\/elestataldemexico.com\/wp-content\/uploads\/2025\/05\/cropped-elestatal.png","contentUrl":"https:\/\/elestataldemexico.com\/wp-content\/uploads\/2025\/05\/cropped-elestatal.png","width":504,"height":97,"caption":"El Estatal de M\u00e9xico"},"image":{"@id":"https:\/\/elestataldemexico.com\/#\/schema\/logo\/image\/"}},{"@type":"Person","@id":"https:\/\/elestataldemexico.com\/#\/schema\/person\/6c7813c13d2c1571771f592f0fe866bb","name":"admin","image":{"@type":"ImageObject","inLanguage":"es","@id":"https:\/\/secure.gravatar.com\/avatar\/d5ed2db9923a3ad3c0a47f6b3aec7abcb43924b9322251ade16472fc06f7bb5b?s=96&d=mm&r=g","url":"https:\/\/secure.gravatar.com\/avatar\/d5ed2db9923a3ad3c0a47f6b3aec7abcb43924b9322251ade16472fc06f7bb5b?s=96&d=mm&r=g","contentUrl":"https:\/\/secure.gravatar.com\/avatar\/d5ed2db9923a3ad3c0a47f6b3aec7abcb43924b9322251ade16472fc06f7bb5b?s=96&d=mm&r=g","caption":"admin"},"sameAs":["https:\/\/elestataldemexico.com"],"url":"https:\/\/elestataldemexico.com\/index.php\/author\/info_qk62m3p3\/"}]}},"_links":{"self":[{"href":"https:\/\/elestataldemexico.com\/index.php\/wp-json\/wp\/v2\/posts\/35261","targetHints":{"allow":["GET"]}}],"collection":[{"href":"https:\/\/elestataldemexico.com\/index.php\/wp-json\/wp\/v2\/posts"}],"about":[{"href":"https:\/\/elestataldemexico.com\/index.php\/wp-json\/wp\/v2\/types\/post"}],"author":[{"embeddable":true,"href":"https:\/\/elestataldemexico.com\/index.php\/wp-json\/wp\/v2\/users\/1"}],"replies":[{"embeddable":true,"href":"https:\/\/elestataldemexico.com\/index.php\/wp-json\/wp\/v2\/comments?post=35261"}],"version-history":[{"count":1,"href":"https:\/\/elestataldemexico.com\/index.php\/wp-json\/wp\/v2\/posts\/35261\/revisions"}],"predecessor-version":[{"id":35262,"href":"https:\/\/elestataldemexico.com\/index.php\/wp-json\/wp\/v2\/posts\/35261\/revisions\/35262"}],"wp:featuredmedia":[{"embeddable":true,"href":"https:\/\/elestataldemexico.com\/index.php\/wp-json\/wp\/v2\/media\/35263"}],"wp:attachment":[{"href":"https:\/\/elestataldemexico.com\/index.php\/wp-json\/wp\/v2\/media?parent=35261"}],"wp:term":[{"taxonomy":"category","embeddable":true,"href":"https:\/\/elestataldemexico.com\/index.php\/wp-json\/wp\/v2\/categories?post=35261"},{"taxonomy":"post_tag","embeddable":true,"href":"https:\/\/elestataldemexico.com\/index.php\/wp-json\/wp\/v2\/tags?post=35261"}],"curies":[{"name":"wp","href":"https:\/\/api.w.org\/{rel}","templated":true}]}}