{"id":34999,"date":"2025-10-05T08:00:18","date_gmt":"2025-10-05T13:00:18","guid":{"rendered":"https:\/\/elestataldemexico.com\/?p=34999"},"modified":"2025-10-05T21:38:37","modified_gmt":"2025-10-06T02:38:37","slug":"miguel-herrera-presenta-su-convocatoria-para-las-eliminatorias-mundialistas-con-algunas-sorpresas","status":"publish","type":"post","link":"https:\/\/elestataldemexico.com\/index.php\/2025\/10\/05\/miguel-herrera-presenta-su-convocatoria-para-las-eliminatorias-mundialistas-con-algunas-sorpresas\/","title":{"rendered":"Miguel Herrera presenta su convocatoria para las eliminatorias mundialistas con algunas sorpresas"},"content":{"rendered":"<p>\ud83d\udd38 El estratega mexicano contin\u00faa su apuesta por la experiencia en la selecci\u00f3n tica para buscar la clasificaci\u00f3n.<\/p>\n<p>#DEPORTES | El robusto y veterano defensor Kendall Waston se sum\u00f3 a los ajustes del director t\u00e9cnico Miguel \u00abPiojo\u00bb Herrera para reforzar con experiencia a la selecci\u00f3n de Costa Rica en su visita a Honduras, en un partido clave para b\u00fasqueda del boleto a la Copa del Mundo 2026 en la eliminatoria de la Concacaf.<\/p>\n<p>Waston, de 37 a\u00f1os, llega con su estatura de 1,96 metros y reconocida fortaleza para el juego a\u00e9reo dentro de la convocatoria de Herrera para enfrentar el jueves a la potente l\u00ednea ofensiva hondure\u00f1a, y para el partido del lunes 13 contra Nicaragua en San Jos\u00e9, ante la necesidad de sumar victorias despu\u00e9s de dejar escapar puntos en septiembre cuando jug\u00f3 ante Nicaragua y Hait\u00ed.<\/p>\n<p>El defensor del Deportivo Saprissa, mundialista en Rusia 2018 y Qatar 2022, complementa la apuesta de experiencia que intenta inyectar Herrera, quien el lunes anunci\u00f3 el regreso del mediocampista de 37 a\u00f1os Celso Borges, y meses atr\u00e1s incorpor\u00f3 al portero Keylor Navas en un intento de darle solidez a la selecci\u00f3n dominada por j\u00f3venes.<\/p>\n<p>El mediocampista Allan Cruz y el delantero del Saprissa, Warren Madrigal, reci\u00e9n recuperado de una lesi\u00f3n, tambi\u00e9n se suman al equipo base que ha tra\u00eddo Costa Rica en la eliminatoria mundialista.<\/p>\n<p>En el grupo C de la eliminatoria de la Concacaf, la selecci\u00f3n \u00abtica\u00bb solamente tiene dos puntos, y necesitan al menos cuatro unidades para pelear el primer puesto, que otorgar\u00eda el boleto directo al Mundial.<\/p>\n<p>El Grupo C lo lidera Honduras con cuatro puntos, seguido por Costa Rica y Hait\u00ed con dos, y Nicaragua con uno.<\/p>\n<p>Los primeros lugares de cada uno de los tres grupos se clasificar\u00e1n directamente a la Copa del Mundo, uni\u00e9ndose a los anfitriones Estados Unidos, M\u00e9xico y Canad\u00e1. Los dos mejores segundos lugares jugar\u00e1n un repechaje en marzo de 2026, por lo que la Concacaf podr\u00eda tener por primera vez hasta ocho selecciones en un Mundial.<\/p>\n<p>A continuaci\u00f3n, la lista de 26 jugadores convocados por Herrera:<\/p>\n<p>Porteros: Keylor Navas (Pumas UNAM, M\u00e9xico), Esteb\u00e1n Alvarado (Saprissa), Alexandre Lezcano (San Carlos).<\/p>\n<p>Defensas: Juan Pablo Vargas (Millonarios, Colombia), Jeyland Mitchell (Sturm Graz, Austria), Julio Cascante (Austin, EEUU), Alexis Gamboa (Alajuelense), Francisco Calvo (Al-Ettifaq, Arabia Saudita), Kendall Waston y Joseph Mora (Saprissa), Carlos Mora (Craiova, Rumania).<\/p>\n<p>Medios: Orlando Galo (Riga, Letonia), Celso Borges, Creichel P\u00e9rez, Alejandro Bran y Guillermo Villalobos (Alajuelense), Kenneth Vargas, Haxzel Quir\u00f3s, Allan Cruz y Aar\u00f3n Murillo (Herediano), Josimar Alcocer (Westerlo, B\u00e9lgica).<\/p>\n<p>Delanteros: Andy Rojas (New York Red Bulls, EEUU), Manfred Ugalde (Spartak Mosc\u00fa, Rusia), Alonso Mart\u00ednez (New York City, EEUU), Warren Madrigal (Saprissa), \u00c1lvaro Zamora (Acad\u00e9mico Viseu, Portugal).<\/p>\n<p>#MiguelHerrera #Presenta #Convocatoria #CostaRica #Para #Eliminatorias #Mundialistas<\/p>\n","protected":false},"excerpt":{"rendered":"<p>\ud83d\udd38 El estratega mexicano contin\u00faa su apuesta por la experiencia en la selecci\u00f3n tica para buscar la clasificaci\u00f3n.<\/p>\n","protected":false},"author":1,"featured_media":35001,"comment_status":"open","ping_status":"closed","sticky":false,"template":"","format":"standard","meta":{"footnotes":""},"categories":[12],"tags":[],"class_list":["post-34999","post","type-post","status-publish","format-standard","has-post-thumbnail","hentry","category-deportes"],"yoast_head":"<!-- This site is optimized with the Yoast SEO plugin v27.5 - https:\/\/yoast.com\/product\/yoast-seo-wordpress\/ -->\n<title>Miguel Herrera presenta su convocatoria para las eliminatorias mundialistas con algunas sorpresas - El Estatal de M\u00e9xico<\/title>\n<meta name=\"robots\" content=\"index, follow, max-snippet:-1, max-image-preview:large, max-video-preview:-1\" \/>\n<link rel=\"canonical\" href=\"https:\/\/elestataldemexico.com\/index.php\/2025\/10\/05\/miguel-herrera-presenta-su-convocatoria-para-las-eliminatorias-mundialistas-con-algunas-sorpresas\/\" \/>\n<meta property=\"og:locale\" content=\"es_ES\" \/>\n<meta property=\"og:type\" content=\"article\" \/>\n<meta property=\"og:title\" content=\"Miguel Herrera presenta su convocatoria para las eliminatorias mundialistas con algunas sorpresas - El Estatal de M\u00e9xico\" \/>\n<meta property=\"og:description\" content=\"\ud83d\udd38 El estratega mexicano contin\u00faa su apuesta por la experiencia en la selecci\u00f3n tica para buscar la clasificaci\u00f3n.\" \/>\n<meta property=\"og:url\" content=\"https:\/\/elestataldemexico.com\/index.php\/2025\/10\/05\/miguel-herrera-presenta-su-convocatoria-para-las-eliminatorias-mundialistas-con-algunas-sorpresas\/\" \/>\n<meta property=\"og:site_name\" content=\"El Estatal de M\u00e9xico\" \/>\n<meta property=\"article:published_time\" content=\"2025-10-05T13:00:18+00:00\" \/>\n<meta property=\"article:modified_time\" content=\"2025-10-06T02:38:37+00:00\" \/>\n<meta name=\"author\" content=\"admin\" \/>\n<meta name=\"twitter:card\" content=\"summary_large_image\" \/>\n<meta name=\"twitter:label1\" content=\"Escrito por\" \/>\n\t<meta name=\"twitter:data1\" content=\"admin\" \/>\n\t<meta name=\"twitter:label2\" content=\"Tiempo de lectura\" \/>\n\t<meta name=\"twitter:data2\" content=\"2 minutos\" \/>\n<script type=\"application\/ld+json\" class=\"yoast-schema-graph\">{\"@context\":\"https:\\\/\\\/schema.org\",\"@graph\":[{\"@type\":\"Article\",\"@id\":\"https:\\\/\\\/elestataldemexico.com\\\/index.php\\\/2025\\\/10\\\/05\\\/miguel-herrera-presenta-su-convocatoria-para-las-eliminatorias-mundialistas-con-algunas-sorpresas\\\/#article\",\"isPartOf\":{\"@id\":\"https:\\\/\\\/elestataldemexico.com\\\/index.php\\\/2025\\\/10\\\/05\\\/miguel-herrera-presenta-su-convocatoria-para-las-eliminatorias-mundialistas-con-algunas-sorpresas\\\/\"},\"author\":{\"name\":\"admin\",\"@id\":\"https:\\\/\\\/elestataldemexico.com\\\/#\\\/schema\\\/person\\\/6c7813c13d2c1571771f592f0fe866bb\"},\"headline\":\"Miguel Herrera presenta su convocatoria para las eliminatorias mundialistas con algunas sorpresas\",\"datePublished\":\"2025-10-05T13:00:18+00:00\",\"dateModified\":\"2025-10-06T02:38:37+00:00\",\"mainEntityOfPage\":{\"@id\":\"https:\\\/\\\/elestataldemexico.com\\\/index.php\\\/2025\\\/10\\\/05\\\/miguel-herrera-presenta-su-convocatoria-para-las-eliminatorias-mundialistas-con-algunas-sorpresas\\\/\"},\"wordCount\":489,\"commentCount\":0,\"publisher\":{\"@id\":\"https:\\\/\\\/elestataldemexico.com\\\/#organization\"},\"image\":{\"@id\":\"https:\\\/\\\/elestataldemexico.com\\\/index.php\\\/2025\\\/10\\\/05\\\/miguel-herrera-presenta-su-convocatoria-para-las-eliminatorias-mundialistas-con-algunas-sorpresas\\\/#primaryimage\"},\"thumbnailUrl\":\"https:\\\/\\\/elestataldemexico.com\\\/wp-content\\\/uploads\\\/2025\\\/10\\\/WhatsApp-Image-2025-10-04-at-22.05.23.jpeg\",\"articleSection\":[\"Deportes\"],\"inLanguage\":\"es\",\"potentialAction\":[{\"@type\":\"CommentAction\",\"name\":\"Comment\",\"target\":[\"https:\\\/\\\/elestataldemexico.com\\\/index.php\\\/2025\\\/10\\\/05\\\/miguel-herrera-presenta-su-convocatoria-para-las-eliminatorias-mundialistas-con-algunas-sorpresas\\\/#respond\"]}]},{\"@type\":\"WebPage\",\"@id\":\"https:\\\/\\\/elestataldemexico.com\\\/index.php\\\/2025\\\/10\\\/05\\\/miguel-herrera-presenta-su-convocatoria-para-las-eliminatorias-mundialistas-con-algunas-sorpresas\\\/\",\"url\":\"https:\\\/\\\/elestataldemexico.com\\\/index.php\\\/2025\\\/10\\\/05\\\/miguel-herrera-presenta-su-convocatoria-para-las-eliminatorias-mundialistas-con-algunas-sorpresas\\\/\",\"name\":\"Miguel Herrera presenta su convocatoria para las eliminatorias mundialistas con algunas sorpresas - El Estatal de M\u00e9xico\",\"isPartOf\":{\"@id\":\"https:\\\/\\\/elestataldemexico.com\\\/#website\"},\"primaryImageOfPage\":{\"@id\":\"https:\\\/\\\/elestataldemexico.com\\\/index.php\\\/2025\\\/10\\\/05\\\/miguel-herrera-presenta-su-convocatoria-para-las-eliminatorias-mundialistas-con-algunas-sorpresas\\\/#primaryimage\"},\"image\":{\"@id\":\"https:\\\/\\\/elestataldemexico.com\\\/index.php\\\/2025\\\/10\\\/05\\\/miguel-herrera-presenta-su-convocatoria-para-las-eliminatorias-mundialistas-con-algunas-sorpresas\\\/#primaryimage\"},\"thumbnailUrl\":\"https:\\\/\\\/elestataldemexico.com\\\/wp-content\\\/uploads\\\/2025\\\/10\\\/WhatsApp-Image-2025-10-04-at-22.05.23.jpeg\",\"datePublished\":\"2025-10-05T13:00:18+00:00\",\"dateModified\":\"2025-10-06T02:38:37+00:00\",\"breadcrumb\":{\"@id\":\"https:\\\/\\\/elestataldemexico.com\\\/index.php\\\/2025\\\/10\\\/05\\\/miguel-herrera-presenta-su-convocatoria-para-las-eliminatorias-mundialistas-con-algunas-sorpresas\\\/#breadcrumb\"},\"inLanguage\":\"es\",\"potentialAction\":[{\"@type\":\"ReadAction\",\"target\":[\"https:\\\/\\\/elestataldemexico.com\\\/index.php\\\/2025\\\/10\\\/05\\\/miguel-herrera-presenta-su-convocatoria-para-las-eliminatorias-mundialistas-con-algunas-sorpresas\\\/\"]}]},{\"@type\":\"ImageObject\",\"inLanguage\":\"es\",\"@id\":\"https:\\\/\\\/elestataldemexico.com\\\/index.php\\\/2025\\\/10\\\/05\\\/miguel-herrera-presenta-su-convocatoria-para-las-eliminatorias-mundialistas-con-algunas-sorpresas\\\/#primaryimage\",\"url\":\"https:\\\/\\\/elestataldemexico.com\\\/wp-content\\\/uploads\\\/2025\\\/10\\\/WhatsApp-Image-2025-10-04-at-22.05.23.jpeg\",\"contentUrl\":\"https:\\\/\\\/elestataldemexico.com\\\/wp-content\\\/uploads\\\/2025\\\/10\\\/WhatsApp-Image-2025-10-04-at-22.05.23.jpeg\",\"width\":1034,\"height\":584},{\"@type\":\"BreadcrumbList\",\"@id\":\"https:\\\/\\\/elestataldemexico.com\\\/index.php\\\/2025\\\/10\\\/05\\\/miguel-herrera-presenta-su-convocatoria-para-las-eliminatorias-mundialistas-con-algunas-sorpresas\\\/#breadcrumb\",\"itemListElement\":[{\"@type\":\"ListItem\",\"position\":1,\"name\":\"Portada\",\"item\":\"https:\\\/\\\/elestataldemexico.com\\\/\"},{\"@type\":\"ListItem\",\"position\":2,\"name\":\"Miguel Herrera presenta su convocatoria para las eliminatorias mundialistas con algunas sorpresas\"}]},{\"@type\":\"WebSite\",\"@id\":\"https:\\\/\\\/elestataldemexico.com\\\/#website\",\"url\":\"https:\\\/\\\/elestataldemexico.com\\\/\",\"name\":\"El Estatal de M\u00e9xico\",\"description\":\"\",\"publisher\":{\"@id\":\"https:\\\/\\\/elestataldemexico.com\\\/#organization\"},\"potentialAction\":[{\"@type\":\"SearchAction\",\"target\":{\"@type\":\"EntryPoint\",\"urlTemplate\":\"https:\\\/\\\/elestataldemexico.com\\\/?s={search_term_string}\"},\"query-input\":{\"@type\":\"PropertyValueSpecification\",\"valueRequired\":true,\"valueName\":\"search_term_string\"}}],\"inLanguage\":\"es\"},{\"@type\":\"Organization\",\"@id\":\"https:\\\/\\\/elestataldemexico.com\\\/#organization\",\"name\":\"El Estatal de M\u00e9xico\",\"url\":\"https:\\\/\\\/elestataldemexico.com\\\/\",\"logo\":{\"@type\":\"ImageObject\",\"inLanguage\":\"es\",\"@id\":\"https:\\\/\\\/elestataldemexico.com\\\/#\\\/schema\\\/logo\\\/image\\\/\",\"url\":\"https:\\\/\\\/elestataldemexico.com\\\/wp-content\\\/uploads\\\/2025\\\/05\\\/cropped-elestatal.png\",\"contentUrl\":\"https:\\\/\\\/elestataldemexico.com\\\/wp-content\\\/uploads\\\/2025\\\/05\\\/cropped-elestatal.png\",\"width\":504,\"height\":97,\"caption\":\"El Estatal de M\u00e9xico\"},\"image\":{\"@id\":\"https:\\\/\\\/elestataldemexico.com\\\/#\\\/schema\\\/logo\\\/image\\\/\"}},{\"@type\":\"Person\",\"@id\":\"https:\\\/\\\/elestataldemexico.com\\\/#\\\/schema\\\/person\\\/6c7813c13d2c1571771f592f0fe866bb\",\"name\":\"admin\",\"image\":{\"@type\":\"ImageObject\",\"inLanguage\":\"es\",\"@id\":\"https:\\\/\\\/secure.gravatar.com\\\/avatar\\\/d5ed2db9923a3ad3c0a47f6b3aec7abcb43924b9322251ade16472fc06f7bb5b?s=96&d=mm&r=g\",\"url\":\"https:\\\/\\\/secure.gravatar.com\\\/avatar\\\/d5ed2db9923a3ad3c0a47f6b3aec7abcb43924b9322251ade16472fc06f7bb5b?s=96&d=mm&r=g\",\"contentUrl\":\"https:\\\/\\\/secure.gravatar.com\\\/avatar\\\/d5ed2db9923a3ad3c0a47f6b3aec7abcb43924b9322251ade16472fc06f7bb5b?s=96&d=mm&r=g\",\"caption\":\"admin\"},\"sameAs\":[\"https:\\\/\\\/elestataldemexico.com\"],\"url\":\"https:\\\/\\\/elestataldemexico.com\\\/index.php\\\/author\\\/info_qk62m3p3\\\/\"}]}<\/script>\n<!-- \/ Yoast SEO plugin. -->","yoast_head_json":{"title":"Miguel Herrera presenta su convocatoria para las eliminatorias mundialistas con algunas sorpresas - El Estatal de M\u00e9xico","robots":{"index":"index","follow":"follow","max-snippet":"max-snippet:-1","max-image-preview":"max-image-preview:large","max-video-preview":"max-video-preview:-1"},"canonical":"https:\/\/elestataldemexico.com\/index.php\/2025\/10\/05\/miguel-herrera-presenta-su-convocatoria-para-las-eliminatorias-mundialistas-con-algunas-sorpresas\/","og_locale":"es_ES","og_type":"article","og_title":"Miguel Herrera presenta su convocatoria para las eliminatorias mundialistas con algunas sorpresas - El Estatal de M\u00e9xico","og_description":"\ud83d\udd38 El estratega mexicano contin\u00faa su apuesta por la experiencia en la selecci\u00f3n tica para buscar la clasificaci\u00f3n.","og_url":"https:\/\/elestataldemexico.com\/index.php\/2025\/10\/05\/miguel-herrera-presenta-su-convocatoria-para-las-eliminatorias-mundialistas-con-algunas-sorpresas\/","og_site_name":"El Estatal de M\u00e9xico","article_published_time":"2025-10-05T13:00:18+00:00","article_modified_time":"2025-10-06T02:38:37+00:00","author":"admin","twitter_card":"summary_large_image","twitter_misc":{"Escrito por":"admin","Tiempo de lectura":"2 minutos"},"schema":{"@context":"https:\/\/schema.org","@graph":[{"@type":"Article","@id":"https:\/\/elestataldemexico.com\/index.php\/2025\/10\/05\/miguel-herrera-presenta-su-convocatoria-para-las-eliminatorias-mundialistas-con-algunas-sorpresas\/#article","isPartOf":{"@id":"https:\/\/elestataldemexico.com\/index.php\/2025\/10\/05\/miguel-herrera-presenta-su-convocatoria-para-las-eliminatorias-mundialistas-con-algunas-sorpresas\/"},"author":{"name":"admin","@id":"https:\/\/elestataldemexico.com\/#\/schema\/person\/6c7813c13d2c1571771f592f0fe866bb"},"headline":"Miguel Herrera presenta su convocatoria para las eliminatorias mundialistas con algunas sorpresas","datePublished":"2025-10-05T13:00:18+00:00","dateModified":"2025-10-06T02:38:37+00:00","mainEntityOfPage":{"@id":"https:\/\/elestataldemexico.com\/index.php\/2025\/10\/05\/miguel-herrera-presenta-su-convocatoria-para-las-eliminatorias-mundialistas-con-algunas-sorpresas\/"},"wordCount":489,"commentCount":0,"publisher":{"@id":"https:\/\/elestataldemexico.com\/#organization"},"image":{"@id":"https:\/\/elestataldemexico.com\/index.php\/2025\/10\/05\/miguel-herrera-presenta-su-convocatoria-para-las-eliminatorias-mundialistas-con-algunas-sorpresas\/#primaryimage"},"thumbnailUrl":"https:\/\/elestataldemexico.com\/wp-content\/uploads\/2025\/10\/WhatsApp-Image-2025-10-04-at-22.05.23.jpeg","articleSection":["Deportes"],"inLanguage":"es","potentialAction":[{"@type":"CommentAction","name":"Comment","target":["https:\/\/elestataldemexico.com\/index.php\/2025\/10\/05\/miguel-herrera-presenta-su-convocatoria-para-las-eliminatorias-mundialistas-con-algunas-sorpresas\/#respond"]}]},{"@type":"WebPage","@id":"https:\/\/elestataldemexico.com\/index.php\/2025\/10\/05\/miguel-herrera-presenta-su-convocatoria-para-las-eliminatorias-mundialistas-con-algunas-sorpresas\/","url":"https:\/\/elestataldemexico.com\/index.php\/2025\/10\/05\/miguel-herrera-presenta-su-convocatoria-para-las-eliminatorias-mundialistas-con-algunas-sorpresas\/","name":"Miguel Herrera presenta su convocatoria para las eliminatorias mundialistas con algunas sorpresas - El Estatal de M\u00e9xico","isPartOf":{"@id":"https:\/\/elestataldemexico.com\/#website"},"primaryImageOfPage":{"@id":"https:\/\/elestataldemexico.com\/index.php\/2025\/10\/05\/miguel-herrera-presenta-su-convocatoria-para-las-eliminatorias-mundialistas-con-algunas-sorpresas\/#primaryimage"},"image":{"@id":"https:\/\/elestataldemexico.com\/index.php\/2025\/10\/05\/miguel-herrera-presenta-su-convocatoria-para-las-eliminatorias-mundialistas-con-algunas-sorpresas\/#primaryimage"},"thumbnailUrl":"https:\/\/elestataldemexico.com\/wp-content\/uploads\/2025\/10\/WhatsApp-Image-2025-10-04-at-22.05.23.jpeg","datePublished":"2025-10-05T13:00:18+00:00","dateModified":"2025-10-06T02:38:37+00:00","breadcrumb":{"@id":"https:\/\/elestataldemexico.com\/index.php\/2025\/10\/05\/miguel-herrera-presenta-su-convocatoria-para-las-eliminatorias-mundialistas-con-algunas-sorpresas\/#breadcrumb"},"inLanguage":"es","potentialAction":[{"@type":"ReadAction","target":["https:\/\/elestataldemexico.com\/index.php\/2025\/10\/05\/miguel-herrera-presenta-su-convocatoria-para-las-eliminatorias-mundialistas-con-algunas-sorpresas\/"]}]},{"@type":"ImageObject","inLanguage":"es","@id":"https:\/\/elestataldemexico.com\/index.php\/2025\/10\/05\/miguel-herrera-presenta-su-convocatoria-para-las-eliminatorias-mundialistas-con-algunas-sorpresas\/#primaryimage","url":"https:\/\/elestataldemexico.com\/wp-content\/uploads\/2025\/10\/WhatsApp-Image-2025-10-04-at-22.05.23.jpeg","contentUrl":"https:\/\/elestataldemexico.com\/wp-content\/uploads\/2025\/10\/WhatsApp-Image-2025-10-04-at-22.05.23.jpeg","width":1034,"height":584},{"@type":"BreadcrumbList","@id":"https:\/\/elestataldemexico.com\/index.php\/2025\/10\/05\/miguel-herrera-presenta-su-convocatoria-para-las-eliminatorias-mundialistas-con-algunas-sorpresas\/#breadcrumb","itemListElement":[{"@type":"ListItem","position":1,"name":"Portada","item":"https:\/\/elestataldemexico.com\/"},{"@type":"ListItem","position":2,"name":"Miguel Herrera presenta su convocatoria para las eliminatorias mundialistas con algunas sorpresas"}]},{"@type":"WebSite","@id":"https:\/\/elestataldemexico.com\/#website","url":"https:\/\/elestataldemexico.com\/","name":"El Estatal de M\u00e9xico","description":"","publisher":{"@id":"https:\/\/elestataldemexico.com\/#organization"},"potentialAction":[{"@type":"SearchAction","target":{"@type":"EntryPoint","urlTemplate":"https:\/\/elestataldemexico.com\/?s={search_term_string}"},"query-input":{"@type":"PropertyValueSpecification","valueRequired":true,"valueName":"search_term_string"}}],"inLanguage":"es"},{"@type":"Organization","@id":"https:\/\/elestataldemexico.com\/#organization","name":"El Estatal de M\u00e9xico","url":"https:\/\/elestataldemexico.com\/","logo":{"@type":"ImageObject","inLanguage":"es","@id":"https:\/\/elestataldemexico.com\/#\/schema\/logo\/image\/","url":"https:\/\/elestataldemexico.com\/wp-content\/uploads\/2025\/05\/cropped-elestatal.png","contentUrl":"https:\/\/elestataldemexico.com\/wp-content\/uploads\/2025\/05\/cropped-elestatal.png","width":504,"height":97,"caption":"El Estatal de M\u00e9xico"},"image":{"@id":"https:\/\/elestataldemexico.com\/#\/schema\/logo\/image\/"}},{"@type":"Person","@id":"https:\/\/elestataldemexico.com\/#\/schema\/person\/6c7813c13d2c1571771f592f0fe866bb","name":"admin","image":{"@type":"ImageObject","inLanguage":"es","@id":"https:\/\/secure.gravatar.com\/avatar\/d5ed2db9923a3ad3c0a47f6b3aec7abcb43924b9322251ade16472fc06f7bb5b?s=96&d=mm&r=g","url":"https:\/\/secure.gravatar.com\/avatar\/d5ed2db9923a3ad3c0a47f6b3aec7abcb43924b9322251ade16472fc06f7bb5b?s=96&d=mm&r=g","contentUrl":"https:\/\/secure.gravatar.com\/avatar\/d5ed2db9923a3ad3c0a47f6b3aec7abcb43924b9322251ade16472fc06f7bb5b?s=96&d=mm&r=g","caption":"admin"},"sameAs":["https:\/\/elestataldemexico.com"],"url":"https:\/\/elestataldemexico.com\/index.php\/author\/info_qk62m3p3\/"}]}},"_links":{"self":[{"href":"https:\/\/elestataldemexico.com\/index.php\/wp-json\/wp\/v2\/posts\/34999","targetHints":{"allow":["GET"]}}],"collection":[{"href":"https:\/\/elestataldemexico.com\/index.php\/wp-json\/wp\/v2\/posts"}],"about":[{"href":"https:\/\/elestataldemexico.com\/index.php\/wp-json\/wp\/v2\/types\/post"}],"author":[{"embeddable":true,"href":"https:\/\/elestataldemexico.com\/index.php\/wp-json\/wp\/v2\/users\/1"}],"replies":[{"embeddable":true,"href":"https:\/\/elestataldemexico.com\/index.php\/wp-json\/wp\/v2\/comments?post=34999"}],"version-history":[{"count":1,"href":"https:\/\/elestataldemexico.com\/index.php\/wp-json\/wp\/v2\/posts\/34999\/revisions"}],"predecessor-version":[{"id":35000,"href":"https:\/\/elestataldemexico.com\/index.php\/wp-json\/wp\/v2\/posts\/34999\/revisions\/35000"}],"wp:featuredmedia":[{"embeddable":true,"href":"https:\/\/elestataldemexico.com\/index.php\/wp-json\/wp\/v2\/media\/35001"}],"wp:attachment":[{"href":"https:\/\/elestataldemexico.com\/index.php\/wp-json\/wp\/v2\/media?parent=34999"}],"wp:term":[{"taxonomy":"category","embeddable":true,"href":"https:\/\/elestataldemexico.com\/index.php\/wp-json\/wp\/v2\/categories?post=34999"},{"taxonomy":"post_tag","embeddable":true,"href":"https:\/\/elestataldemexico.com\/index.php\/wp-json\/wp\/v2\/tags?post=34999"}],"curies":[{"name":"wp","href":"https:\/\/api.w.org\/{rel}","templated":true}]}}