{"id":31306,"date":"2025-06-22T15:00:28","date_gmt":"2025-06-22T20:00:28","guid":{"rendered":"https:\/\/elestataldemexico.com\/?p=31306"},"modified":"2025-06-30T12:04:53","modified_gmt":"2025-06-30T17:04:53","slug":"christian-chavez-se-une-a-marcha-de-la-comunidad-lgbtq-en-el-reclusorio-norte","status":"publish","type":"post","link":"https:\/\/elestataldemexico.com\/index.php\/2025\/06\/22\/christian-chavez-se-une-a-marcha-de-la-comunidad-lgbtq-en-el-reclusorio-norte\/","title":{"rendered":"Christian Ch\u00e1vez se une a marcha de la comunidad LGBTQ+ en el Reclusorio Norte"},"content":{"rendered":"<p>\ud83d\udd38 El cantante Christian Ch\u00e1vez, destac\u00f3 que s\u00ed se respetan los derechos de la comunidad dentro del sistema penitenciario<\/p>\n<p>#NACIONAL | Globos de colores de la comunidad LGBTQ+ adornan el pasillo que va desde el campo de futbol y el gimnasio al aire libre hasta el auditorio del Reclusorio Preventivo Varonil Norte.<\/p>\n<p>Tambi\u00e9n se ven banderines con los mismos tonos que cuelgan entre postes. De fondo, las nubes intentan cubrir el Cerro del Chiquihuite y los cerros que delimitan la CDMX con el Estado de M\u00e9xico.<\/p>\n<p>Parte del colectivo LGBTQ+ del penal \u2014en total son 71\u2014 se prepara a un costado del gimnasio con banderitas en la mano, collares de flores de pl\u00e1stico y globos largos sobre los hombros como si fuera una gran capa.<\/p>\n<p>Algunas personas privadas de su libertad son pintadas en el rostro con brillantinas de colores y perlas. Alguno aprovecha \u2014de forma voluntaria\u2014 hacerse una prueba r\u00e1pida de detecci\u00f3n de VIH con personas de Cl\u00ednica Condesa que se encuentran presentes.<\/p>\n<p>Se trata de la marcha con motivo del mes del Orgullo (el Pride) que se realiza en el penal como parte de la visibilidad por los derechos de esa comunidad.<\/p>\n<p>El actor y cantante Christian Ch\u00e1vez llega alrededor de las 11:30 de la ma\u00f1ana de ayer y muchas de las y los internos se acercan a \u00e9l.<\/p>\n<p>Fue invitado por autoridades del reclusorio para acompa\u00f1ar a hombres homosexuales y mujeres trans -desde j\u00f3venes hasta personas de la tercera edad\u2014 a sentirse orgullosos por quienes son y celebrar la resistencia que ha mostrado la comunidad desde los disturbios en Stonewall el 28 de junio de 1969, encabezados por Marsha P. Johnson, una mujer trans negra.<\/p>\n<p>Uno de los internos \u2014con micr\u00f3fono en mano\u2014 pide que vayan tomando asiento en las sillas blancas de pl\u00e1stico. Unos aprovechan para pedirle un aut\u00f3grafo al cantante y abrazarlo, mientras que otros alistan los \u00faltimos detalles.<\/p>\n<p>Una vez iniciada la ceremonia, se hace el cambio de corona de la reina saliente, Ashley, a Shirley, ambas j\u00f3venes chicas transexuales.<\/p>\n<p>Tras el aplauso de sus compa\u00f1eras y compa\u00f1eros, el agradecimiento al director del penal Luis \u00c1ngel Hern\u00e1ndez Salas, y de la diputada trans Diana S\u00e1nchez Barrios, el colectivo comienza a organizarse y a formarse, mientras uno de ellos carga una grande bocina para iniciar el recorrido.<\/p>\n<p>Se escuchan temas de actualidad. Rosal\u00eda se asoma por ah\u00ed y tambi\u00e9n Loba, con Shakira. Gritan consignas como \u201cno que no, s\u00ed que s\u00ed, ya volvimos a salir\u201d, \u201c\u00e9se, polic\u00eda, de noche es tu t\u00eda\u201d, \u201cesos, mirones, tambi\u00e9n son maricones\u201d, mientras polic\u00edas y custodios los miran a lo lejos y sueltan una que otra risa discreta.<\/p>\n<p>El ambiente es de fiesta. Coinciden, como dijeron las reinas, en que no se trate de un sitio de dolor. Las actividades, coment\u00f3 Ashley a Exc\u00e9lsior, las hacen alejarse un poco de la realidad que viven dentro.<\/p>\n<p>El baile sigue camino al auditorio con pancartas en las que gritan sentirse orgulloses de quienes son. Encontrar libertad aunque no la tengan en ese momento.<\/p>\n<p>Poco a poco, el colectivo entra al lugar. Pero no est\u00e1 vac\u00edo. Adentro hay m\u00e1s personas privadas de su libertad \u2014no LGBTQ+\u2014 que los reciben con una estruendosa porra. \u201cA la bio, a la bao, a la bim bom ba, la comunidad, ra-ra-ra\u201d.<\/p>\n<p>Las fuertes y graves voces de unos 100 hombres retumban en las paredes. La emoci\u00f3n se desborda entre la comunidad, que atina en levantar sus manos, banderitas y globos multicolores.<\/p>\n<p>El show comienza. Seis personas \u2014entre ellas Ashley y Shirley\u2014 hacen una imitaci\u00f3n de RBD con Rebelde. Faldas, pantalones, camisas blancas y la corbata roja; todo perfecto. Casi al final del tema, invitan a Christian a subir para acompa\u00f1arlos. \u00c9l baila con ellos mientras ondea una bandera del orgullo.<\/p>\n<p>Ashley Corral, de 27 a\u00f1os, tambi\u00e9n cuenta a Exc\u00e9lsior, por separado, que est\u00e1 muy contenta de participar en las actividades del reclusorio.<\/p>\n<p>Relata que ella puso la coreograf\u00eda para la canci\u00f3n y se tardaron tres meses en crear todo el concepto. Pidi\u00f3 ayuda a diputadas para los uniformes y tambi\u00e9n para el maquillaje.<\/p>\n<p>Cuenta que la designaci\u00f3n de la reina se hace como un concurso de \u201cmisses\u201d. Se presentan ante las autoridades y luego de escribir un discurso, \u00e9stas deciden qui\u00e9n llevar\u00e1 la corona este a\u00f1o, adem\u00e1s de las actividades.<\/p>\n<p>Sobre el escenario segu\u00eda la fiesta. Abajo, las porras con ese coro multitudinario como si se tratara de espartanos de la cinta 300.<\/p>\n<p>El tono alburero, divertido y musical lo puso la Draga Maravilla, quien tambi\u00e9n fue recibida con estruendo por la porra, adem\u00e1s de imitaciones como la de Karol G, por parte de un interno.<\/p>\n<p>Adentro del auditorio, el calor se acrecentaba y los abanicos sirvieron de maravilla. Afuera, el fr\u00edo continuaba y las gotas de lluvia de las casi dos de la tarde comenzaban a caer.<\/p>\n","protected":false},"excerpt":{"rendered":"<p>\ud83d\udd38 El cantante Christian Ch\u00e1vez, destac\u00f3 que s\u00ed se respetan los derechos de la comunidad dentro del sistema<\/p>\n","protected":false},"author":1,"featured_media":31308,"comment_status":"open","ping_status":"closed","sticky":false,"template":"","format":"standard","meta":{"footnotes":""},"categories":[7],"tags":[],"class_list":["post-31306","post","type-post","status-publish","format-standard","has-post-thumbnail","hentry","category-nacional"],"yoast_head":"<!-- This site is optimized with the Yoast SEO plugin v27.4 - https:\/\/yoast.com\/product\/yoast-seo-wordpress\/ -->\n<title>Christian Ch\u00e1vez se une a marcha de la comunidad LGBTQ+ en el Reclusorio Norte - El Estatal de M\u00e9xico<\/title>\n<meta name=\"robots\" content=\"index, follow, max-snippet:-1, max-image-preview:large, max-video-preview:-1\" \/>\n<link rel=\"canonical\" href=\"https:\/\/elestataldemexico.com\/index.php\/2025\/06\/22\/christian-chavez-se-une-a-marcha-de-la-comunidad-lgbtq-en-el-reclusorio-norte\/\" \/>\n<meta property=\"og:locale\" content=\"es_ES\" \/>\n<meta property=\"og:type\" content=\"article\" \/>\n<meta property=\"og:title\" content=\"Christian Ch\u00e1vez se une a marcha de la comunidad LGBTQ+ en el Reclusorio Norte - El Estatal de M\u00e9xico\" \/>\n<meta property=\"og:description\" content=\"\ud83d\udd38 El cantante Christian Ch\u00e1vez, destac\u00f3 que s\u00ed se respetan los derechos de la comunidad dentro del sistema\" \/>\n<meta property=\"og:url\" content=\"https:\/\/elestataldemexico.com\/index.php\/2025\/06\/22\/christian-chavez-se-une-a-marcha-de-la-comunidad-lgbtq-en-el-reclusorio-norte\/\" \/>\n<meta property=\"og:site_name\" content=\"El Estatal de M\u00e9xico\" \/>\n<meta property=\"article:published_time\" content=\"2025-06-22T20:00:28+00:00\" \/>\n<meta property=\"article:modified_time\" content=\"2025-06-30T17:04:53+00:00\" \/>\n<meta name=\"author\" content=\"admin\" \/>\n<meta name=\"twitter:card\" content=\"summary_large_image\" \/>\n<meta name=\"twitter:label1\" content=\"Escrito por\" \/>\n\t<meta name=\"twitter:data1\" content=\"admin\" \/>\n\t<meta name=\"twitter:label2\" content=\"Tiempo de lectura\" \/>\n\t<meta name=\"twitter:data2\" content=\"4 minutos\" \/>\n<script type=\"application\/ld+json\" class=\"yoast-schema-graph\">{\"@context\":\"https:\\\/\\\/schema.org\",\"@graph\":[{\"@type\":\"Article\",\"@id\":\"https:\\\/\\\/elestataldemexico.com\\\/index.php\\\/2025\\\/06\\\/22\\\/christian-chavez-se-une-a-marcha-de-la-comunidad-lgbtq-en-el-reclusorio-norte\\\/#article\",\"isPartOf\":{\"@id\":\"https:\\\/\\\/elestataldemexico.com\\\/index.php\\\/2025\\\/06\\\/22\\\/christian-chavez-se-une-a-marcha-de-la-comunidad-lgbtq-en-el-reclusorio-norte\\\/\"},\"author\":{\"name\":\"admin\",\"@id\":\"https:\\\/\\\/elestataldemexico.com\\\/#\\\/schema\\\/person\\\/6c7813c13d2c1571771f592f0fe866bb\"},\"headline\":\"Christian Ch\u00e1vez se une a marcha de la comunidad LGBTQ+ en el Reclusorio Norte\",\"datePublished\":\"2025-06-22T20:00:28+00:00\",\"dateModified\":\"2025-06-30T17:04:53+00:00\",\"mainEntityOfPage\":{\"@id\":\"https:\\\/\\\/elestataldemexico.com\\\/index.php\\\/2025\\\/06\\\/22\\\/christian-chavez-se-une-a-marcha-de-la-comunidad-lgbtq-en-el-reclusorio-norte\\\/\"},\"wordCount\":852,\"commentCount\":0,\"publisher\":{\"@id\":\"https:\\\/\\\/elestataldemexico.com\\\/#organization\"},\"image\":{\"@id\":\"https:\\\/\\\/elestataldemexico.com\\\/index.php\\\/2025\\\/06\\\/22\\\/christian-chavez-se-une-a-marcha-de-la-comunidad-lgbtq-en-el-reclusorio-norte\\\/#primaryimage\"},\"thumbnailUrl\":\"https:\\\/\\\/elestataldemexico.com\\\/wp-content\\\/uploads\\\/2025\\\/06\\\/WhatsApp-Image-2025-06-22-at-11.05.21.jpeg\",\"articleSection\":[\"Nacional\"],\"inLanguage\":\"es\",\"potentialAction\":[{\"@type\":\"CommentAction\",\"name\":\"Comment\",\"target\":[\"https:\\\/\\\/elestataldemexico.com\\\/index.php\\\/2025\\\/06\\\/22\\\/christian-chavez-se-une-a-marcha-de-la-comunidad-lgbtq-en-el-reclusorio-norte\\\/#respond\"]}]},{\"@type\":\"WebPage\",\"@id\":\"https:\\\/\\\/elestataldemexico.com\\\/index.php\\\/2025\\\/06\\\/22\\\/christian-chavez-se-une-a-marcha-de-la-comunidad-lgbtq-en-el-reclusorio-norte\\\/\",\"url\":\"https:\\\/\\\/elestataldemexico.com\\\/index.php\\\/2025\\\/06\\\/22\\\/christian-chavez-se-une-a-marcha-de-la-comunidad-lgbtq-en-el-reclusorio-norte\\\/\",\"name\":\"Christian Ch\u00e1vez se une a marcha de la comunidad LGBTQ+ en el Reclusorio Norte - El Estatal de M\u00e9xico\",\"isPartOf\":{\"@id\":\"https:\\\/\\\/elestataldemexico.com\\\/#website\"},\"primaryImageOfPage\":{\"@id\":\"https:\\\/\\\/elestataldemexico.com\\\/index.php\\\/2025\\\/06\\\/22\\\/christian-chavez-se-une-a-marcha-de-la-comunidad-lgbtq-en-el-reclusorio-norte\\\/#primaryimage\"},\"image\":{\"@id\":\"https:\\\/\\\/elestataldemexico.com\\\/index.php\\\/2025\\\/06\\\/22\\\/christian-chavez-se-une-a-marcha-de-la-comunidad-lgbtq-en-el-reclusorio-norte\\\/#primaryimage\"},\"thumbnailUrl\":\"https:\\\/\\\/elestataldemexico.com\\\/wp-content\\\/uploads\\\/2025\\\/06\\\/WhatsApp-Image-2025-06-22-at-11.05.21.jpeg\",\"datePublished\":\"2025-06-22T20:00:28+00:00\",\"dateModified\":\"2025-06-30T17:04:53+00:00\",\"breadcrumb\":{\"@id\":\"https:\\\/\\\/elestataldemexico.com\\\/index.php\\\/2025\\\/06\\\/22\\\/christian-chavez-se-une-a-marcha-de-la-comunidad-lgbtq-en-el-reclusorio-norte\\\/#breadcrumb\"},\"inLanguage\":\"es\",\"potentialAction\":[{\"@type\":\"ReadAction\",\"target\":[\"https:\\\/\\\/elestataldemexico.com\\\/index.php\\\/2025\\\/06\\\/22\\\/christian-chavez-se-une-a-marcha-de-la-comunidad-lgbtq-en-el-reclusorio-norte\\\/\"]}]},{\"@type\":\"ImageObject\",\"inLanguage\":\"es\",\"@id\":\"https:\\\/\\\/elestataldemexico.com\\\/index.php\\\/2025\\\/06\\\/22\\\/christian-chavez-se-une-a-marcha-de-la-comunidad-lgbtq-en-el-reclusorio-norte\\\/#primaryimage\",\"url\":\"https:\\\/\\\/elestataldemexico.com\\\/wp-content\\\/uploads\\\/2025\\\/06\\\/WhatsApp-Image-2025-06-22-at-11.05.21.jpeg\",\"contentUrl\":\"https:\\\/\\\/elestataldemexico.com\\\/wp-content\\\/uploads\\\/2025\\\/06\\\/WhatsApp-Image-2025-06-22-at-11.05.21.jpeg\",\"width\":640,\"height\":480},{\"@type\":\"BreadcrumbList\",\"@id\":\"https:\\\/\\\/elestataldemexico.com\\\/index.php\\\/2025\\\/06\\\/22\\\/christian-chavez-se-une-a-marcha-de-la-comunidad-lgbtq-en-el-reclusorio-norte\\\/#breadcrumb\",\"itemListElement\":[{\"@type\":\"ListItem\",\"position\":1,\"name\":\"Portada\",\"item\":\"https:\\\/\\\/elestataldemexico.com\\\/\"},{\"@type\":\"ListItem\",\"position\":2,\"name\":\"Christian Ch\u00e1vez se une a marcha de la comunidad LGBTQ+ en el Reclusorio Norte\"}]},{\"@type\":\"WebSite\",\"@id\":\"https:\\\/\\\/elestataldemexico.com\\\/#website\",\"url\":\"https:\\\/\\\/elestataldemexico.com\\\/\",\"name\":\"El Estatal de M\u00e9xico\",\"description\":\"\",\"publisher\":{\"@id\":\"https:\\\/\\\/elestataldemexico.com\\\/#organization\"},\"potentialAction\":[{\"@type\":\"SearchAction\",\"target\":{\"@type\":\"EntryPoint\",\"urlTemplate\":\"https:\\\/\\\/elestataldemexico.com\\\/?s={search_term_string}\"},\"query-input\":{\"@type\":\"PropertyValueSpecification\",\"valueRequired\":true,\"valueName\":\"search_term_string\"}}],\"inLanguage\":\"es\"},{\"@type\":\"Organization\",\"@id\":\"https:\\\/\\\/elestataldemexico.com\\\/#organization\",\"name\":\"El Estatal de M\u00e9xico\",\"url\":\"https:\\\/\\\/elestataldemexico.com\\\/\",\"logo\":{\"@type\":\"ImageObject\",\"inLanguage\":\"es\",\"@id\":\"https:\\\/\\\/elestataldemexico.com\\\/#\\\/schema\\\/logo\\\/image\\\/\",\"url\":\"https:\\\/\\\/elestataldemexico.com\\\/wp-content\\\/uploads\\\/2025\\\/05\\\/cropped-elestatal.png\",\"contentUrl\":\"https:\\\/\\\/elestataldemexico.com\\\/wp-content\\\/uploads\\\/2025\\\/05\\\/cropped-elestatal.png\",\"width\":504,\"height\":97,\"caption\":\"El Estatal de M\u00e9xico\"},\"image\":{\"@id\":\"https:\\\/\\\/elestataldemexico.com\\\/#\\\/schema\\\/logo\\\/image\\\/\"}},{\"@type\":\"Person\",\"@id\":\"https:\\\/\\\/elestataldemexico.com\\\/#\\\/schema\\\/person\\\/6c7813c13d2c1571771f592f0fe866bb\",\"name\":\"admin\",\"image\":{\"@type\":\"ImageObject\",\"inLanguage\":\"es\",\"@id\":\"https:\\\/\\\/secure.gravatar.com\\\/avatar\\\/d5ed2db9923a3ad3c0a47f6b3aec7abcb43924b9322251ade16472fc06f7bb5b?s=96&d=mm&r=g\",\"url\":\"https:\\\/\\\/secure.gravatar.com\\\/avatar\\\/d5ed2db9923a3ad3c0a47f6b3aec7abcb43924b9322251ade16472fc06f7bb5b?s=96&d=mm&r=g\",\"contentUrl\":\"https:\\\/\\\/secure.gravatar.com\\\/avatar\\\/d5ed2db9923a3ad3c0a47f6b3aec7abcb43924b9322251ade16472fc06f7bb5b?s=96&d=mm&r=g\",\"caption\":\"admin\"},\"sameAs\":[\"https:\\\/\\\/elestataldemexico.com\"],\"url\":\"https:\\\/\\\/elestataldemexico.com\\\/index.php\\\/author\\\/info_qk62m3p3\\\/\"}]}<\/script>\n<!-- \/ Yoast SEO plugin. -->","yoast_head_json":{"title":"Christian Ch\u00e1vez se une a marcha de la comunidad LGBTQ+ en el Reclusorio Norte - El Estatal de M\u00e9xico","robots":{"index":"index","follow":"follow","max-snippet":"max-snippet:-1","max-image-preview":"max-image-preview:large","max-video-preview":"max-video-preview:-1"},"canonical":"https:\/\/elestataldemexico.com\/index.php\/2025\/06\/22\/christian-chavez-se-une-a-marcha-de-la-comunidad-lgbtq-en-el-reclusorio-norte\/","og_locale":"es_ES","og_type":"article","og_title":"Christian Ch\u00e1vez se une a marcha de la comunidad LGBTQ+ en el Reclusorio Norte - El Estatal de M\u00e9xico","og_description":"\ud83d\udd38 El cantante Christian Ch\u00e1vez, destac\u00f3 que s\u00ed se respetan los derechos de la comunidad dentro del sistema","og_url":"https:\/\/elestataldemexico.com\/index.php\/2025\/06\/22\/christian-chavez-se-une-a-marcha-de-la-comunidad-lgbtq-en-el-reclusorio-norte\/","og_site_name":"El Estatal de M\u00e9xico","article_published_time":"2025-06-22T20:00:28+00:00","article_modified_time":"2025-06-30T17:04:53+00:00","author":"admin","twitter_card":"summary_large_image","twitter_misc":{"Escrito por":"admin","Tiempo de lectura":"4 minutos"},"schema":{"@context":"https:\/\/schema.org","@graph":[{"@type":"Article","@id":"https:\/\/elestataldemexico.com\/index.php\/2025\/06\/22\/christian-chavez-se-une-a-marcha-de-la-comunidad-lgbtq-en-el-reclusorio-norte\/#article","isPartOf":{"@id":"https:\/\/elestataldemexico.com\/index.php\/2025\/06\/22\/christian-chavez-se-une-a-marcha-de-la-comunidad-lgbtq-en-el-reclusorio-norte\/"},"author":{"name":"admin","@id":"https:\/\/elestataldemexico.com\/#\/schema\/person\/6c7813c13d2c1571771f592f0fe866bb"},"headline":"Christian Ch\u00e1vez se une a marcha de la comunidad LGBTQ+ en el Reclusorio Norte","datePublished":"2025-06-22T20:00:28+00:00","dateModified":"2025-06-30T17:04:53+00:00","mainEntityOfPage":{"@id":"https:\/\/elestataldemexico.com\/index.php\/2025\/06\/22\/christian-chavez-se-une-a-marcha-de-la-comunidad-lgbtq-en-el-reclusorio-norte\/"},"wordCount":852,"commentCount":0,"publisher":{"@id":"https:\/\/elestataldemexico.com\/#organization"},"image":{"@id":"https:\/\/elestataldemexico.com\/index.php\/2025\/06\/22\/christian-chavez-se-une-a-marcha-de-la-comunidad-lgbtq-en-el-reclusorio-norte\/#primaryimage"},"thumbnailUrl":"https:\/\/elestataldemexico.com\/wp-content\/uploads\/2025\/06\/WhatsApp-Image-2025-06-22-at-11.05.21.jpeg","articleSection":["Nacional"],"inLanguage":"es","potentialAction":[{"@type":"CommentAction","name":"Comment","target":["https:\/\/elestataldemexico.com\/index.php\/2025\/06\/22\/christian-chavez-se-une-a-marcha-de-la-comunidad-lgbtq-en-el-reclusorio-norte\/#respond"]}]},{"@type":"WebPage","@id":"https:\/\/elestataldemexico.com\/index.php\/2025\/06\/22\/christian-chavez-se-une-a-marcha-de-la-comunidad-lgbtq-en-el-reclusorio-norte\/","url":"https:\/\/elestataldemexico.com\/index.php\/2025\/06\/22\/christian-chavez-se-une-a-marcha-de-la-comunidad-lgbtq-en-el-reclusorio-norte\/","name":"Christian Ch\u00e1vez se une a marcha de la comunidad LGBTQ+ en el Reclusorio Norte - El Estatal de M\u00e9xico","isPartOf":{"@id":"https:\/\/elestataldemexico.com\/#website"},"primaryImageOfPage":{"@id":"https:\/\/elestataldemexico.com\/index.php\/2025\/06\/22\/christian-chavez-se-une-a-marcha-de-la-comunidad-lgbtq-en-el-reclusorio-norte\/#primaryimage"},"image":{"@id":"https:\/\/elestataldemexico.com\/index.php\/2025\/06\/22\/christian-chavez-se-une-a-marcha-de-la-comunidad-lgbtq-en-el-reclusorio-norte\/#primaryimage"},"thumbnailUrl":"https:\/\/elestataldemexico.com\/wp-content\/uploads\/2025\/06\/WhatsApp-Image-2025-06-22-at-11.05.21.jpeg","datePublished":"2025-06-22T20:00:28+00:00","dateModified":"2025-06-30T17:04:53+00:00","breadcrumb":{"@id":"https:\/\/elestataldemexico.com\/index.php\/2025\/06\/22\/christian-chavez-se-une-a-marcha-de-la-comunidad-lgbtq-en-el-reclusorio-norte\/#breadcrumb"},"inLanguage":"es","potentialAction":[{"@type":"ReadAction","target":["https:\/\/elestataldemexico.com\/index.php\/2025\/06\/22\/christian-chavez-se-une-a-marcha-de-la-comunidad-lgbtq-en-el-reclusorio-norte\/"]}]},{"@type":"ImageObject","inLanguage":"es","@id":"https:\/\/elestataldemexico.com\/index.php\/2025\/06\/22\/christian-chavez-se-une-a-marcha-de-la-comunidad-lgbtq-en-el-reclusorio-norte\/#primaryimage","url":"https:\/\/elestataldemexico.com\/wp-content\/uploads\/2025\/06\/WhatsApp-Image-2025-06-22-at-11.05.21.jpeg","contentUrl":"https:\/\/elestataldemexico.com\/wp-content\/uploads\/2025\/06\/WhatsApp-Image-2025-06-22-at-11.05.21.jpeg","width":640,"height":480},{"@type":"BreadcrumbList","@id":"https:\/\/elestataldemexico.com\/index.php\/2025\/06\/22\/christian-chavez-se-une-a-marcha-de-la-comunidad-lgbtq-en-el-reclusorio-norte\/#breadcrumb","itemListElement":[{"@type":"ListItem","position":1,"name":"Portada","item":"https:\/\/elestataldemexico.com\/"},{"@type":"ListItem","position":2,"name":"Christian Ch\u00e1vez se une a marcha de la comunidad LGBTQ+ en el Reclusorio Norte"}]},{"@type":"WebSite","@id":"https:\/\/elestataldemexico.com\/#website","url":"https:\/\/elestataldemexico.com\/","name":"El Estatal de M\u00e9xico","description":"","publisher":{"@id":"https:\/\/elestataldemexico.com\/#organization"},"potentialAction":[{"@type":"SearchAction","target":{"@type":"EntryPoint","urlTemplate":"https:\/\/elestataldemexico.com\/?s={search_term_string}"},"query-input":{"@type":"PropertyValueSpecification","valueRequired":true,"valueName":"search_term_string"}}],"inLanguage":"es"},{"@type":"Organization","@id":"https:\/\/elestataldemexico.com\/#organization","name":"El Estatal de M\u00e9xico","url":"https:\/\/elestataldemexico.com\/","logo":{"@type":"ImageObject","inLanguage":"es","@id":"https:\/\/elestataldemexico.com\/#\/schema\/logo\/image\/","url":"https:\/\/elestataldemexico.com\/wp-content\/uploads\/2025\/05\/cropped-elestatal.png","contentUrl":"https:\/\/elestataldemexico.com\/wp-content\/uploads\/2025\/05\/cropped-elestatal.png","width":504,"height":97,"caption":"El Estatal de M\u00e9xico"},"image":{"@id":"https:\/\/elestataldemexico.com\/#\/schema\/logo\/image\/"}},{"@type":"Person","@id":"https:\/\/elestataldemexico.com\/#\/schema\/person\/6c7813c13d2c1571771f592f0fe866bb","name":"admin","image":{"@type":"ImageObject","inLanguage":"es","@id":"https:\/\/secure.gravatar.com\/avatar\/d5ed2db9923a3ad3c0a47f6b3aec7abcb43924b9322251ade16472fc06f7bb5b?s=96&d=mm&r=g","url":"https:\/\/secure.gravatar.com\/avatar\/d5ed2db9923a3ad3c0a47f6b3aec7abcb43924b9322251ade16472fc06f7bb5b?s=96&d=mm&r=g","contentUrl":"https:\/\/secure.gravatar.com\/avatar\/d5ed2db9923a3ad3c0a47f6b3aec7abcb43924b9322251ade16472fc06f7bb5b?s=96&d=mm&r=g","caption":"admin"},"sameAs":["https:\/\/elestataldemexico.com"],"url":"https:\/\/elestataldemexico.com\/index.php\/author\/info_qk62m3p3\/"}]}},"_links":{"self":[{"href":"https:\/\/elestataldemexico.com\/index.php\/wp-json\/wp\/v2\/posts\/31306","targetHints":{"allow":["GET"]}}],"collection":[{"href":"https:\/\/elestataldemexico.com\/index.php\/wp-json\/wp\/v2\/posts"}],"about":[{"href":"https:\/\/elestataldemexico.com\/index.php\/wp-json\/wp\/v2\/types\/post"}],"author":[{"embeddable":true,"href":"https:\/\/elestataldemexico.com\/index.php\/wp-json\/wp\/v2\/users\/1"}],"replies":[{"embeddable":true,"href":"https:\/\/elestataldemexico.com\/index.php\/wp-json\/wp\/v2\/comments?post=31306"}],"version-history":[{"count":1,"href":"https:\/\/elestataldemexico.com\/index.php\/wp-json\/wp\/v2\/posts\/31306\/revisions"}],"predecessor-version":[{"id":31307,"href":"https:\/\/elestataldemexico.com\/index.php\/wp-json\/wp\/v2\/posts\/31306\/revisions\/31307"}],"wp:featuredmedia":[{"embeddable":true,"href":"https:\/\/elestataldemexico.com\/index.php\/wp-json\/wp\/v2\/media\/31308"}],"wp:attachment":[{"href":"https:\/\/elestataldemexico.com\/index.php\/wp-json\/wp\/v2\/media?parent=31306"}],"wp:term":[{"taxonomy":"category","embeddable":true,"href":"https:\/\/elestataldemexico.com\/index.php\/wp-json\/wp\/v2\/categories?post=31306"},{"taxonomy":"post_tag","embeddable":true,"href":"https:\/\/elestataldemexico.com\/index.php\/wp-json\/wp\/v2\/tags?post=31306"}],"curies":[{"name":"wp","href":"https:\/\/api.w.org\/{rel}","templated":true}]}}