{"id":30409,"date":"2025-06-10T14:30:07","date_gmt":"2025-06-10T19:30:07","guid":{"rendered":"https:\/\/elestataldemexico.com\/?p=30409"},"modified":"2025-06-10T11:03:00","modified_gmt":"2025-06-10T16:03:00","slug":"magda-rosales-impulsa-la-igualdad-sustantiva-desde-guanajuato","status":"publish","type":"post","link":"https:\/\/elestataldemexico.com\/index.php\/2025\/06\/10\/magda-rosales-impulsa-la-igualdad-sustantiva-desde-guanajuato\/","title":{"rendered":"Magda Rosales impulsa la igualdad sustantiva desde Guanajuato"},"content":{"rendered":"<p>\ud83d\udd38 La diputada federal llama a aplicar estos principios en la vida p\u00fablica y privada.<\/p>\n<p>#GUANAJUATO | La diputada federal por Guanajuato, Magda Rosales, visit\u00f3 Silao para participar en una jornada de aprendizaje y di\u00e1logo centrada en la \u00abIgualdad Sustantiva en la Constituci\u00f3n\u00bb. En el evento, Rosales estuvo acompa\u00f1ada por Mari Cuervo, Secretaria de Mujeres de Morena Guanajuato, y un grupo de compa\u00f1eras.<\/p>\n<p>Durante su intervenci\u00f3n, la diputada Rosales subray\u00f3 la importancia de llevar a la pr\u00e1ctica la igualdad sustantiva no solo en el \u00e1mbito p\u00fablico, sino tambi\u00e9n en el d\u00eda a d\u00eda de las familias y en la vida privada. \u00abTodos los d\u00edas tenemos que practicar la igualdad sustantiva en el \u00e1mbito p\u00fablico, tambi\u00e9n en lo privado, en nuestra familia\u00bb, afirm\u00f3, destacando que la aplicaci\u00f3n de estos principios es fundamental para construir una sociedad m\u00e1s equitativa.<\/p>\n<p>La presencia de la diputada y la Secretaria de Mujeres de Morena Guanajuato en Silao refuerza el compromiso de la organizaci\u00f3n pol\u00edtica con la capacitaci\u00f3n y sensibilizaci\u00f3n en temas de g\u00e9nero, buscando empoderar a las mujeres y fomentar una participaci\u00f3n m\u00e1s activa y equitativa en todos los niveles.<\/p>\n","protected":false},"excerpt":{"rendered":"<p>\ud83d\udd38 La diputada federal llama a aplicar estos principios en la vida p\u00fablica y privada. #GUANAJUATO | La<\/p>\n","protected":false},"author":1,"featured_media":30411,"comment_status":"open","ping_status":"closed","sticky":false,"template":"","format":"standard","meta":{"footnotes":""},"categories":[35,7],"tags":[],"class_list":["post-30409","post","type-post","status-publish","format-standard","has-post-thumbnail","hentry","category-guanajuato","category-nacional"],"yoast_head":"<!-- This site is optimized with the Yoast SEO plugin v27.5 - https:\/\/yoast.com\/product\/yoast-seo-wordpress\/ -->\n<title>Magda Rosales impulsa la igualdad sustantiva desde Guanajuato - El Estatal de M\u00e9xico<\/title>\n<meta name=\"robots\" content=\"index, follow, max-snippet:-1, max-image-preview:large, max-video-preview:-1\" \/>\n<link rel=\"canonical\" href=\"https:\/\/elestataldemexico.com\/index.php\/2025\/06\/10\/magda-rosales-impulsa-la-igualdad-sustantiva-desde-guanajuato\/\" \/>\n<meta property=\"og:locale\" content=\"es_ES\" \/>\n<meta property=\"og:type\" content=\"article\" \/>\n<meta property=\"og:title\" content=\"Magda Rosales impulsa la igualdad sustantiva desde Guanajuato - El Estatal de M\u00e9xico\" \/>\n<meta property=\"og:description\" content=\"\ud83d\udd38 La diputada federal llama a aplicar estos principios en la vida p\u00fablica y privada. #GUANAJUATO | La\" \/>\n<meta property=\"og:url\" content=\"https:\/\/elestataldemexico.com\/index.php\/2025\/06\/10\/magda-rosales-impulsa-la-igualdad-sustantiva-desde-guanajuato\/\" \/>\n<meta property=\"og:site_name\" content=\"El Estatal de M\u00e9xico\" \/>\n<meta property=\"article:published_time\" content=\"2025-06-10T19:30:07+00:00\" \/>\n<meta property=\"og:image\" content=\"https:\/\/elestataldemexico.com\/wp-content\/uploads\/2025\/06\/WhatsApp-Image-2025-06-10-at-10.24.22.jpeg\" \/>\n\t<meta property=\"og:image:width\" content=\"1600\" \/>\n\t<meta property=\"og:image:height\" content=\"1600\" \/>\n\t<meta property=\"og:image:type\" content=\"image\/jpeg\" \/>\n<meta name=\"author\" content=\"admin\" \/>\n<meta name=\"twitter:card\" content=\"summary_large_image\" \/>\n<meta name=\"twitter:label1\" content=\"Escrito por\" \/>\n\t<meta name=\"twitter:data1\" content=\"admin\" \/>\n\t<meta name=\"twitter:label2\" content=\"Tiempo de lectura\" \/>\n\t<meta name=\"twitter:data2\" content=\"1 minuto\" \/>\n<script type=\"application\/ld+json\" class=\"yoast-schema-graph\">{\"@context\":\"https:\\\/\\\/schema.org\",\"@graph\":[{\"@type\":\"Article\",\"@id\":\"https:\\\/\\\/elestataldemexico.com\\\/index.php\\\/2025\\\/06\\\/10\\\/magda-rosales-impulsa-la-igualdad-sustantiva-desde-guanajuato\\\/#article\",\"isPartOf\":{\"@id\":\"https:\\\/\\\/elestataldemexico.com\\\/index.php\\\/2025\\\/06\\\/10\\\/magda-rosales-impulsa-la-igualdad-sustantiva-desde-guanajuato\\\/\"},\"author\":{\"name\":\"admin\",\"@id\":\"https:\\\/\\\/elestataldemexico.com\\\/#\\\/schema\\\/person\\\/6c7813c13d2c1571771f592f0fe866bb\"},\"headline\":\"Magda Rosales impulsa la igualdad sustantiva desde Guanajuato\",\"datePublished\":\"2025-06-10T19:30:07+00:00\",\"mainEntityOfPage\":{\"@id\":\"https:\\\/\\\/elestataldemexico.com\\\/index.php\\\/2025\\\/06\\\/10\\\/magda-rosales-impulsa-la-igualdad-sustantiva-desde-guanajuato\\\/\"},\"wordCount\":214,\"commentCount\":0,\"publisher\":{\"@id\":\"https:\\\/\\\/elestataldemexico.com\\\/#organization\"},\"image\":{\"@id\":\"https:\\\/\\\/elestataldemexico.com\\\/index.php\\\/2025\\\/06\\\/10\\\/magda-rosales-impulsa-la-igualdad-sustantiva-desde-guanajuato\\\/#primaryimage\"},\"thumbnailUrl\":\"https:\\\/\\\/elestataldemexico.com\\\/wp-content\\\/uploads\\\/2025\\\/06\\\/WhatsApp-Image-2025-06-10-at-10.24.22.jpeg\",\"articleSection\":[\"Guanajuato\",\"Nacional\"],\"inLanguage\":\"es\",\"potentialAction\":[{\"@type\":\"CommentAction\",\"name\":\"Comment\",\"target\":[\"https:\\\/\\\/elestataldemexico.com\\\/index.php\\\/2025\\\/06\\\/10\\\/magda-rosales-impulsa-la-igualdad-sustantiva-desde-guanajuato\\\/#respond\"]}]},{\"@type\":\"WebPage\",\"@id\":\"https:\\\/\\\/elestataldemexico.com\\\/index.php\\\/2025\\\/06\\\/10\\\/magda-rosales-impulsa-la-igualdad-sustantiva-desde-guanajuato\\\/\",\"url\":\"https:\\\/\\\/elestataldemexico.com\\\/index.php\\\/2025\\\/06\\\/10\\\/magda-rosales-impulsa-la-igualdad-sustantiva-desde-guanajuato\\\/\",\"name\":\"Magda Rosales impulsa la igualdad sustantiva desde Guanajuato - El Estatal de M\u00e9xico\",\"isPartOf\":{\"@id\":\"https:\\\/\\\/elestataldemexico.com\\\/#website\"},\"primaryImageOfPage\":{\"@id\":\"https:\\\/\\\/elestataldemexico.com\\\/index.php\\\/2025\\\/06\\\/10\\\/magda-rosales-impulsa-la-igualdad-sustantiva-desde-guanajuato\\\/#primaryimage\"},\"image\":{\"@id\":\"https:\\\/\\\/elestataldemexico.com\\\/index.php\\\/2025\\\/06\\\/10\\\/magda-rosales-impulsa-la-igualdad-sustantiva-desde-guanajuato\\\/#primaryimage\"},\"thumbnailUrl\":\"https:\\\/\\\/elestataldemexico.com\\\/wp-content\\\/uploads\\\/2025\\\/06\\\/WhatsApp-Image-2025-06-10-at-10.24.22.jpeg\",\"datePublished\":\"2025-06-10T19:30:07+00:00\",\"breadcrumb\":{\"@id\":\"https:\\\/\\\/elestataldemexico.com\\\/index.php\\\/2025\\\/06\\\/10\\\/magda-rosales-impulsa-la-igualdad-sustantiva-desde-guanajuato\\\/#breadcrumb\"},\"inLanguage\":\"es\",\"potentialAction\":[{\"@type\":\"ReadAction\",\"target\":[\"https:\\\/\\\/elestataldemexico.com\\\/index.php\\\/2025\\\/06\\\/10\\\/magda-rosales-impulsa-la-igualdad-sustantiva-desde-guanajuato\\\/\"]}]},{\"@type\":\"ImageObject\",\"inLanguage\":\"es\",\"@id\":\"https:\\\/\\\/elestataldemexico.com\\\/index.php\\\/2025\\\/06\\\/10\\\/magda-rosales-impulsa-la-igualdad-sustantiva-desde-guanajuato\\\/#primaryimage\",\"url\":\"https:\\\/\\\/elestataldemexico.com\\\/wp-content\\\/uploads\\\/2025\\\/06\\\/WhatsApp-Image-2025-06-10-at-10.24.22.jpeg\",\"contentUrl\":\"https:\\\/\\\/elestataldemexico.com\\\/wp-content\\\/uploads\\\/2025\\\/06\\\/WhatsApp-Image-2025-06-10-at-10.24.22.jpeg\",\"width\":1600,\"height\":1600},{\"@type\":\"BreadcrumbList\",\"@id\":\"https:\\\/\\\/elestataldemexico.com\\\/index.php\\\/2025\\\/06\\\/10\\\/magda-rosales-impulsa-la-igualdad-sustantiva-desde-guanajuato\\\/#breadcrumb\",\"itemListElement\":[{\"@type\":\"ListItem\",\"position\":1,\"name\":\"Portada\",\"item\":\"https:\\\/\\\/elestataldemexico.com\\\/\"},{\"@type\":\"ListItem\",\"position\":2,\"name\":\"Magda Rosales impulsa la igualdad sustantiva desde Guanajuato\"}]},{\"@type\":\"WebSite\",\"@id\":\"https:\\\/\\\/elestataldemexico.com\\\/#website\",\"url\":\"https:\\\/\\\/elestataldemexico.com\\\/\",\"name\":\"El Estatal de M\u00e9xico\",\"description\":\"\",\"publisher\":{\"@id\":\"https:\\\/\\\/elestataldemexico.com\\\/#organization\"},\"potentialAction\":[{\"@type\":\"SearchAction\",\"target\":{\"@type\":\"EntryPoint\",\"urlTemplate\":\"https:\\\/\\\/elestataldemexico.com\\\/?s={search_term_string}\"},\"query-input\":{\"@type\":\"PropertyValueSpecification\",\"valueRequired\":true,\"valueName\":\"search_term_string\"}}],\"inLanguage\":\"es\"},{\"@type\":\"Organization\",\"@id\":\"https:\\\/\\\/elestataldemexico.com\\\/#organization\",\"name\":\"El Estatal de M\u00e9xico\",\"url\":\"https:\\\/\\\/elestataldemexico.com\\\/\",\"logo\":{\"@type\":\"ImageObject\",\"inLanguage\":\"es\",\"@id\":\"https:\\\/\\\/elestataldemexico.com\\\/#\\\/schema\\\/logo\\\/image\\\/\",\"url\":\"https:\\\/\\\/elestataldemexico.com\\\/wp-content\\\/uploads\\\/2025\\\/05\\\/cropped-elestatal.png\",\"contentUrl\":\"https:\\\/\\\/elestataldemexico.com\\\/wp-content\\\/uploads\\\/2025\\\/05\\\/cropped-elestatal.png\",\"width\":504,\"height\":97,\"caption\":\"El Estatal de M\u00e9xico\"},\"image\":{\"@id\":\"https:\\\/\\\/elestataldemexico.com\\\/#\\\/schema\\\/logo\\\/image\\\/\"}},{\"@type\":\"Person\",\"@id\":\"https:\\\/\\\/elestataldemexico.com\\\/#\\\/schema\\\/person\\\/6c7813c13d2c1571771f592f0fe866bb\",\"name\":\"admin\",\"image\":{\"@type\":\"ImageObject\",\"inLanguage\":\"es\",\"@id\":\"https:\\\/\\\/secure.gravatar.com\\\/avatar\\\/d5ed2db9923a3ad3c0a47f6b3aec7abcb43924b9322251ade16472fc06f7bb5b?s=96&d=mm&r=g\",\"url\":\"https:\\\/\\\/secure.gravatar.com\\\/avatar\\\/d5ed2db9923a3ad3c0a47f6b3aec7abcb43924b9322251ade16472fc06f7bb5b?s=96&d=mm&r=g\",\"contentUrl\":\"https:\\\/\\\/secure.gravatar.com\\\/avatar\\\/d5ed2db9923a3ad3c0a47f6b3aec7abcb43924b9322251ade16472fc06f7bb5b?s=96&d=mm&r=g\",\"caption\":\"admin\"},\"sameAs\":[\"https:\\\/\\\/elestataldemexico.com\"],\"url\":\"https:\\\/\\\/elestataldemexico.com\\\/index.php\\\/author\\\/info_qk62m3p3\\\/\"}]}<\/script>\n<!-- \/ Yoast SEO plugin. -->","yoast_head_json":{"title":"Magda Rosales impulsa la igualdad sustantiva desde Guanajuato - El Estatal de M\u00e9xico","robots":{"index":"index","follow":"follow","max-snippet":"max-snippet:-1","max-image-preview":"max-image-preview:large","max-video-preview":"max-video-preview:-1"},"canonical":"https:\/\/elestataldemexico.com\/index.php\/2025\/06\/10\/magda-rosales-impulsa-la-igualdad-sustantiva-desde-guanajuato\/","og_locale":"es_ES","og_type":"article","og_title":"Magda Rosales impulsa la igualdad sustantiva desde Guanajuato - El Estatal de M\u00e9xico","og_description":"\ud83d\udd38 La diputada federal llama a aplicar estos principios en la vida p\u00fablica y privada. #GUANAJUATO | La","og_url":"https:\/\/elestataldemexico.com\/index.php\/2025\/06\/10\/magda-rosales-impulsa-la-igualdad-sustantiva-desde-guanajuato\/","og_site_name":"El Estatal de M\u00e9xico","article_published_time":"2025-06-10T19:30:07+00:00","og_image":[{"width":1600,"height":1600,"url":"https:\/\/elestataldemexico.com\/wp-content\/uploads\/2025\/06\/WhatsApp-Image-2025-06-10-at-10.24.22.jpeg","type":"image\/jpeg"}],"author":"admin","twitter_card":"summary_large_image","twitter_misc":{"Escrito por":"admin","Tiempo de lectura":"1 minuto"},"schema":{"@context":"https:\/\/schema.org","@graph":[{"@type":"Article","@id":"https:\/\/elestataldemexico.com\/index.php\/2025\/06\/10\/magda-rosales-impulsa-la-igualdad-sustantiva-desde-guanajuato\/#article","isPartOf":{"@id":"https:\/\/elestataldemexico.com\/index.php\/2025\/06\/10\/magda-rosales-impulsa-la-igualdad-sustantiva-desde-guanajuato\/"},"author":{"name":"admin","@id":"https:\/\/elestataldemexico.com\/#\/schema\/person\/6c7813c13d2c1571771f592f0fe866bb"},"headline":"Magda Rosales impulsa la igualdad sustantiva desde Guanajuato","datePublished":"2025-06-10T19:30:07+00:00","mainEntityOfPage":{"@id":"https:\/\/elestataldemexico.com\/index.php\/2025\/06\/10\/magda-rosales-impulsa-la-igualdad-sustantiva-desde-guanajuato\/"},"wordCount":214,"commentCount":0,"publisher":{"@id":"https:\/\/elestataldemexico.com\/#organization"},"image":{"@id":"https:\/\/elestataldemexico.com\/index.php\/2025\/06\/10\/magda-rosales-impulsa-la-igualdad-sustantiva-desde-guanajuato\/#primaryimage"},"thumbnailUrl":"https:\/\/elestataldemexico.com\/wp-content\/uploads\/2025\/06\/WhatsApp-Image-2025-06-10-at-10.24.22.jpeg","articleSection":["Guanajuato","Nacional"],"inLanguage":"es","potentialAction":[{"@type":"CommentAction","name":"Comment","target":["https:\/\/elestataldemexico.com\/index.php\/2025\/06\/10\/magda-rosales-impulsa-la-igualdad-sustantiva-desde-guanajuato\/#respond"]}]},{"@type":"WebPage","@id":"https:\/\/elestataldemexico.com\/index.php\/2025\/06\/10\/magda-rosales-impulsa-la-igualdad-sustantiva-desde-guanajuato\/","url":"https:\/\/elestataldemexico.com\/index.php\/2025\/06\/10\/magda-rosales-impulsa-la-igualdad-sustantiva-desde-guanajuato\/","name":"Magda Rosales impulsa la igualdad sustantiva desde Guanajuato - El Estatal de M\u00e9xico","isPartOf":{"@id":"https:\/\/elestataldemexico.com\/#website"},"primaryImageOfPage":{"@id":"https:\/\/elestataldemexico.com\/index.php\/2025\/06\/10\/magda-rosales-impulsa-la-igualdad-sustantiva-desde-guanajuato\/#primaryimage"},"image":{"@id":"https:\/\/elestataldemexico.com\/index.php\/2025\/06\/10\/magda-rosales-impulsa-la-igualdad-sustantiva-desde-guanajuato\/#primaryimage"},"thumbnailUrl":"https:\/\/elestataldemexico.com\/wp-content\/uploads\/2025\/06\/WhatsApp-Image-2025-06-10-at-10.24.22.jpeg","datePublished":"2025-06-10T19:30:07+00:00","breadcrumb":{"@id":"https:\/\/elestataldemexico.com\/index.php\/2025\/06\/10\/magda-rosales-impulsa-la-igualdad-sustantiva-desde-guanajuato\/#breadcrumb"},"inLanguage":"es","potentialAction":[{"@type":"ReadAction","target":["https:\/\/elestataldemexico.com\/index.php\/2025\/06\/10\/magda-rosales-impulsa-la-igualdad-sustantiva-desde-guanajuato\/"]}]},{"@type":"ImageObject","inLanguage":"es","@id":"https:\/\/elestataldemexico.com\/index.php\/2025\/06\/10\/magda-rosales-impulsa-la-igualdad-sustantiva-desde-guanajuato\/#primaryimage","url":"https:\/\/elestataldemexico.com\/wp-content\/uploads\/2025\/06\/WhatsApp-Image-2025-06-10-at-10.24.22.jpeg","contentUrl":"https:\/\/elestataldemexico.com\/wp-content\/uploads\/2025\/06\/WhatsApp-Image-2025-06-10-at-10.24.22.jpeg","width":1600,"height":1600},{"@type":"BreadcrumbList","@id":"https:\/\/elestataldemexico.com\/index.php\/2025\/06\/10\/magda-rosales-impulsa-la-igualdad-sustantiva-desde-guanajuato\/#breadcrumb","itemListElement":[{"@type":"ListItem","position":1,"name":"Portada","item":"https:\/\/elestataldemexico.com\/"},{"@type":"ListItem","position":2,"name":"Magda Rosales impulsa la igualdad sustantiva desde Guanajuato"}]},{"@type":"WebSite","@id":"https:\/\/elestataldemexico.com\/#website","url":"https:\/\/elestataldemexico.com\/","name":"El Estatal de M\u00e9xico","description":"","publisher":{"@id":"https:\/\/elestataldemexico.com\/#organization"},"potentialAction":[{"@type":"SearchAction","target":{"@type":"EntryPoint","urlTemplate":"https:\/\/elestataldemexico.com\/?s={search_term_string}"},"query-input":{"@type":"PropertyValueSpecification","valueRequired":true,"valueName":"search_term_string"}}],"inLanguage":"es"},{"@type":"Organization","@id":"https:\/\/elestataldemexico.com\/#organization","name":"El Estatal de M\u00e9xico","url":"https:\/\/elestataldemexico.com\/","logo":{"@type":"ImageObject","inLanguage":"es","@id":"https:\/\/elestataldemexico.com\/#\/schema\/logo\/image\/","url":"https:\/\/elestataldemexico.com\/wp-content\/uploads\/2025\/05\/cropped-elestatal.png","contentUrl":"https:\/\/elestataldemexico.com\/wp-content\/uploads\/2025\/05\/cropped-elestatal.png","width":504,"height":97,"caption":"El Estatal de M\u00e9xico"},"image":{"@id":"https:\/\/elestataldemexico.com\/#\/schema\/logo\/image\/"}},{"@type":"Person","@id":"https:\/\/elestataldemexico.com\/#\/schema\/person\/6c7813c13d2c1571771f592f0fe866bb","name":"admin","image":{"@type":"ImageObject","inLanguage":"es","@id":"https:\/\/secure.gravatar.com\/avatar\/d5ed2db9923a3ad3c0a47f6b3aec7abcb43924b9322251ade16472fc06f7bb5b?s=96&d=mm&r=g","url":"https:\/\/secure.gravatar.com\/avatar\/d5ed2db9923a3ad3c0a47f6b3aec7abcb43924b9322251ade16472fc06f7bb5b?s=96&d=mm&r=g","contentUrl":"https:\/\/secure.gravatar.com\/avatar\/d5ed2db9923a3ad3c0a47f6b3aec7abcb43924b9322251ade16472fc06f7bb5b?s=96&d=mm&r=g","caption":"admin"},"sameAs":["https:\/\/elestataldemexico.com"],"url":"https:\/\/elestataldemexico.com\/index.php\/author\/info_qk62m3p3\/"}]}},"_links":{"self":[{"href":"https:\/\/elestataldemexico.com\/index.php\/wp-json\/wp\/v2\/posts\/30409","targetHints":{"allow":["GET"]}}],"collection":[{"href":"https:\/\/elestataldemexico.com\/index.php\/wp-json\/wp\/v2\/posts"}],"about":[{"href":"https:\/\/elestataldemexico.com\/index.php\/wp-json\/wp\/v2\/types\/post"}],"author":[{"embeddable":true,"href":"https:\/\/elestataldemexico.com\/index.php\/wp-json\/wp\/v2\/users\/1"}],"replies":[{"embeddable":true,"href":"https:\/\/elestataldemexico.com\/index.php\/wp-json\/wp\/v2\/comments?post=30409"}],"version-history":[{"count":1,"href":"https:\/\/elestataldemexico.com\/index.php\/wp-json\/wp\/v2\/posts\/30409\/revisions"}],"predecessor-version":[{"id":30410,"href":"https:\/\/elestataldemexico.com\/index.php\/wp-json\/wp\/v2\/posts\/30409\/revisions\/30410"}],"wp:featuredmedia":[{"embeddable":true,"href":"https:\/\/elestataldemexico.com\/index.php\/wp-json\/wp\/v2\/media\/30411"}],"wp:attachment":[{"href":"https:\/\/elestataldemexico.com\/index.php\/wp-json\/wp\/v2\/media?parent=30409"}],"wp:term":[{"taxonomy":"category","embeddable":true,"href":"https:\/\/elestataldemexico.com\/index.php\/wp-json\/wp\/v2\/categories?post=30409"},{"taxonomy":"post_tag","embeddable":true,"href":"https:\/\/elestataldemexico.com\/index.php\/wp-json\/wp\/v2\/tags?post=30409"}],"curies":[{"name":"wp","href":"https:\/\/api.w.org\/{rel}","templated":true}]}}