{"id":25947,"date":"2024-12-21T14:09:42","date_gmt":"2024-12-21T19:09:42","guid":{"rendered":"https:\/\/podernacional.com\/?p=25947"},"modified":"2024-12-21T14:09:42","modified_gmt":"2024-12-21T19:09:42","slug":"edson-alvarez-realiza-emotivo-homenaje-en-el-west-ham-vs-brighton","status":"publish","type":"post","link":"https:\/\/elestataldemexico.com\/index.php\/2024\/12\/21\/edson-alvarez-realiza-emotivo-homenaje-en-el-west-ham-vs-brighton\/","title":{"rendered":"Edson \u00c1lvarez realiza emotivo homenaje en el West Ham vs. Brighton"},"content":{"rendered":"<p>\ud83d\udd38 El mexicano us\u00f3 una playera con dedicatoria a Oscar Fairs, jugador de la Sub-15 qui\u00e9n falleci\u00f3 hace unos d\u00edas.<\/p>\n<p>#DEPORTES | Edson \u00c1lvarez us\u00f3 una playera con dedicatoria previo al partido entre West Ham y Brighton de la Jornada 17 de la Premier League que termin\u00f3 con empate a un gol.<\/p>\n<p>El mexicano y todos los jugadores de los Hammers le rindieron homenaje a Oscar Fairs, portero del equipo Sub-15 que el pasado 13 de diciembre muri\u00f3 a causa de c\u00e1ncer.<\/p>\n<p>Previo al encuentro, celebrado en el Estadio Ol\u00edmpico de Londres, El Mach\u00edn salt\u00f3 a la cancha con una camiseta negra con la imagen de Oscar Fairs al frente y en la espalda la leyenda \u201cUno de los nuestros\u201d.<\/p>\n<p>El emotivo homenaje continu\u00f3 con un minuto de silencio y aplausos con los jugadores del West Ham en el centro del campo y los compa\u00f1eros de Oscar Fairs en la Sub-15 a un costado.<\/p>\n<p>El equipo de Julen Lopetegui empat\u00f3 1-1 contra el Brighton con gol de Mohammed Kudus (58\u2019) para llegar a 20 puntos y ubicarse en la posici\u00f3n 14 de la Premier League.<\/p>\n<p>Edson \u00c1lvarez fue titular y sali\u00f3 de cambio al minuto 90 por Guido Rodr\u00edguez.<\/p>\n<p>West Ham y el mexicano a\u00fan tienen dos partidos pendientes antes de terminar el a\u00f1o: ante el Southampton y Liverpool el 26 y 29 de diciembre, respectivamente.<\/p>\n","protected":false},"excerpt":{"rendered":"<p>\ud83d\udd38 El mexicano us\u00f3 una playera con dedicatoria a Oscar Fairs, jugador de la Sub-15 qui\u00e9n falleci\u00f3 hace<\/p>\n","protected":false},"author":1,"featured_media":25949,"comment_status":"open","ping_status":"closed","sticky":false,"template":"","format":"standard","meta":{"footnotes":""},"categories":[12],"tags":[],"class_list":["post-25947","post","type-post","status-publish","format-standard","has-post-thumbnail","hentry","category-deportes"],"yoast_head":"<!-- This site is optimized with the Yoast SEO plugin v27.5 - https:\/\/yoast.com\/product\/yoast-seo-wordpress\/ -->\n<title>Edson \u00c1lvarez realiza emotivo homenaje en el West Ham vs. Brighton - El Estatal de M\u00e9xico<\/title>\n<meta name=\"robots\" content=\"index, follow, max-snippet:-1, max-image-preview:large, max-video-preview:-1\" \/>\n<link rel=\"canonical\" href=\"https:\/\/elestataldemexico.com\/index.php\/2024\/12\/21\/edson-alvarez-realiza-emotivo-homenaje-en-el-west-ham-vs-brighton\/\" \/>\n<meta property=\"og:locale\" content=\"es_ES\" \/>\n<meta property=\"og:type\" content=\"article\" \/>\n<meta property=\"og:title\" content=\"Edson \u00c1lvarez realiza emotivo homenaje en el West Ham vs. Brighton - El Estatal de M\u00e9xico\" \/>\n<meta property=\"og:description\" content=\"\ud83d\udd38 El mexicano us\u00f3 una playera con dedicatoria a Oscar Fairs, jugador de la Sub-15 qui\u00e9n falleci\u00f3 hace\" \/>\n<meta property=\"og:url\" content=\"https:\/\/elestataldemexico.com\/index.php\/2024\/12\/21\/edson-alvarez-realiza-emotivo-homenaje-en-el-west-ham-vs-brighton\/\" \/>\n<meta property=\"og:site_name\" content=\"El Estatal de M\u00e9xico\" \/>\n<meta property=\"article:published_time\" content=\"2024-12-21T19:09:42+00:00\" \/>\n<meta property=\"og:image\" content=\"https:\/\/elestataldemexico.com\/wp-content\/uploads\/2024\/12\/WhatsApp-Image-2024-12-21-at-13.43.32.jpeg\" \/>\n\t<meta property=\"og:image:width\" content=\"787\" \/>\n\t<meta property=\"og:image:height\" content=\"442\" \/>\n\t<meta property=\"og:image:type\" content=\"image\/jpeg\" \/>\n<meta name=\"author\" content=\"admin\" \/>\n<meta name=\"twitter:card\" content=\"summary_large_image\" \/>\n<meta name=\"twitter:label1\" content=\"Escrito por\" \/>\n\t<meta name=\"twitter:data1\" content=\"admin\" \/>\n\t<meta name=\"twitter:label2\" content=\"Tiempo de lectura\" \/>\n\t<meta name=\"twitter:data2\" content=\"1 minuto\" \/>\n<script type=\"application\/ld+json\" class=\"yoast-schema-graph\">{\"@context\":\"https:\\\/\\\/schema.org\",\"@graph\":[{\"@type\":\"Article\",\"@id\":\"https:\\\/\\\/elestataldemexico.com\\\/index.php\\\/2024\\\/12\\\/21\\\/edson-alvarez-realiza-emotivo-homenaje-en-el-west-ham-vs-brighton\\\/#article\",\"isPartOf\":{\"@id\":\"https:\\\/\\\/elestataldemexico.com\\\/index.php\\\/2024\\\/12\\\/21\\\/edson-alvarez-realiza-emotivo-homenaje-en-el-west-ham-vs-brighton\\\/\"},\"author\":{\"name\":\"admin\",\"@id\":\"https:\\\/\\\/elestataldemexico.com\\\/#\\\/schema\\\/person\\\/6c7813c13d2c1571771f592f0fe866bb\"},\"headline\":\"Edson \u00c1lvarez realiza emotivo homenaje en el West Ham vs. Brighton\",\"datePublished\":\"2024-12-21T19:09:42+00:00\",\"mainEntityOfPage\":{\"@id\":\"https:\\\/\\\/elestataldemexico.com\\\/index.php\\\/2024\\\/12\\\/21\\\/edson-alvarez-realiza-emotivo-homenaje-en-el-west-ham-vs-brighton\\\/\"},\"wordCount\":237,\"commentCount\":0,\"publisher\":{\"@id\":\"https:\\\/\\\/elestataldemexico.com\\\/#organization\"},\"image\":{\"@id\":\"https:\\\/\\\/elestataldemexico.com\\\/index.php\\\/2024\\\/12\\\/21\\\/edson-alvarez-realiza-emotivo-homenaje-en-el-west-ham-vs-brighton\\\/#primaryimage\"},\"thumbnailUrl\":\"https:\\\/\\\/elestataldemexico.com\\\/wp-content\\\/uploads\\\/2024\\\/12\\\/WhatsApp-Image-2024-12-21-at-13.43.32.jpeg\",\"articleSection\":[\"Deportes\"],\"inLanguage\":\"es\",\"potentialAction\":[{\"@type\":\"CommentAction\",\"name\":\"Comment\",\"target\":[\"https:\\\/\\\/elestataldemexico.com\\\/index.php\\\/2024\\\/12\\\/21\\\/edson-alvarez-realiza-emotivo-homenaje-en-el-west-ham-vs-brighton\\\/#respond\"]}]},{\"@type\":\"WebPage\",\"@id\":\"https:\\\/\\\/elestataldemexico.com\\\/index.php\\\/2024\\\/12\\\/21\\\/edson-alvarez-realiza-emotivo-homenaje-en-el-west-ham-vs-brighton\\\/\",\"url\":\"https:\\\/\\\/elestataldemexico.com\\\/index.php\\\/2024\\\/12\\\/21\\\/edson-alvarez-realiza-emotivo-homenaje-en-el-west-ham-vs-brighton\\\/\",\"name\":\"Edson \u00c1lvarez realiza emotivo homenaje en el West Ham vs. Brighton - El Estatal de M\u00e9xico\",\"isPartOf\":{\"@id\":\"https:\\\/\\\/elestataldemexico.com\\\/#website\"},\"primaryImageOfPage\":{\"@id\":\"https:\\\/\\\/elestataldemexico.com\\\/index.php\\\/2024\\\/12\\\/21\\\/edson-alvarez-realiza-emotivo-homenaje-en-el-west-ham-vs-brighton\\\/#primaryimage\"},\"image\":{\"@id\":\"https:\\\/\\\/elestataldemexico.com\\\/index.php\\\/2024\\\/12\\\/21\\\/edson-alvarez-realiza-emotivo-homenaje-en-el-west-ham-vs-brighton\\\/#primaryimage\"},\"thumbnailUrl\":\"https:\\\/\\\/elestataldemexico.com\\\/wp-content\\\/uploads\\\/2024\\\/12\\\/WhatsApp-Image-2024-12-21-at-13.43.32.jpeg\",\"datePublished\":\"2024-12-21T19:09:42+00:00\",\"breadcrumb\":{\"@id\":\"https:\\\/\\\/elestataldemexico.com\\\/index.php\\\/2024\\\/12\\\/21\\\/edson-alvarez-realiza-emotivo-homenaje-en-el-west-ham-vs-brighton\\\/#breadcrumb\"},\"inLanguage\":\"es\",\"potentialAction\":[{\"@type\":\"ReadAction\",\"target\":[\"https:\\\/\\\/elestataldemexico.com\\\/index.php\\\/2024\\\/12\\\/21\\\/edson-alvarez-realiza-emotivo-homenaje-en-el-west-ham-vs-brighton\\\/\"]}]},{\"@type\":\"ImageObject\",\"inLanguage\":\"es\",\"@id\":\"https:\\\/\\\/elestataldemexico.com\\\/index.php\\\/2024\\\/12\\\/21\\\/edson-alvarez-realiza-emotivo-homenaje-en-el-west-ham-vs-brighton\\\/#primaryimage\",\"url\":\"https:\\\/\\\/elestataldemexico.com\\\/wp-content\\\/uploads\\\/2024\\\/12\\\/WhatsApp-Image-2024-12-21-at-13.43.32.jpeg\",\"contentUrl\":\"https:\\\/\\\/elestataldemexico.com\\\/wp-content\\\/uploads\\\/2024\\\/12\\\/WhatsApp-Image-2024-12-21-at-13.43.32.jpeg\",\"width\":787,\"height\":442},{\"@type\":\"BreadcrumbList\",\"@id\":\"https:\\\/\\\/elestataldemexico.com\\\/index.php\\\/2024\\\/12\\\/21\\\/edson-alvarez-realiza-emotivo-homenaje-en-el-west-ham-vs-brighton\\\/#breadcrumb\",\"itemListElement\":[{\"@type\":\"ListItem\",\"position\":1,\"name\":\"Portada\",\"item\":\"https:\\\/\\\/elestataldemexico.com\\\/\"},{\"@type\":\"ListItem\",\"position\":2,\"name\":\"Edson \u00c1lvarez realiza emotivo homenaje en el West Ham vs. Brighton\"}]},{\"@type\":\"WebSite\",\"@id\":\"https:\\\/\\\/elestataldemexico.com\\\/#website\",\"url\":\"https:\\\/\\\/elestataldemexico.com\\\/\",\"name\":\"El Estatal de M\u00e9xico\",\"description\":\"\",\"publisher\":{\"@id\":\"https:\\\/\\\/elestataldemexico.com\\\/#organization\"},\"potentialAction\":[{\"@type\":\"SearchAction\",\"target\":{\"@type\":\"EntryPoint\",\"urlTemplate\":\"https:\\\/\\\/elestataldemexico.com\\\/?s={search_term_string}\"},\"query-input\":{\"@type\":\"PropertyValueSpecification\",\"valueRequired\":true,\"valueName\":\"search_term_string\"}}],\"inLanguage\":\"es\"},{\"@type\":\"Organization\",\"@id\":\"https:\\\/\\\/elestataldemexico.com\\\/#organization\",\"name\":\"El Estatal de M\u00e9xico\",\"url\":\"https:\\\/\\\/elestataldemexico.com\\\/\",\"logo\":{\"@type\":\"ImageObject\",\"inLanguage\":\"es\",\"@id\":\"https:\\\/\\\/elestataldemexico.com\\\/#\\\/schema\\\/logo\\\/image\\\/\",\"url\":\"https:\\\/\\\/elestataldemexico.com\\\/wp-content\\\/uploads\\\/2025\\\/05\\\/cropped-elestatal.png\",\"contentUrl\":\"https:\\\/\\\/elestataldemexico.com\\\/wp-content\\\/uploads\\\/2025\\\/05\\\/cropped-elestatal.png\",\"width\":504,\"height\":97,\"caption\":\"El Estatal de M\u00e9xico\"},\"image\":{\"@id\":\"https:\\\/\\\/elestataldemexico.com\\\/#\\\/schema\\\/logo\\\/image\\\/\"}},{\"@type\":\"Person\",\"@id\":\"https:\\\/\\\/elestataldemexico.com\\\/#\\\/schema\\\/person\\\/6c7813c13d2c1571771f592f0fe866bb\",\"name\":\"admin\",\"image\":{\"@type\":\"ImageObject\",\"inLanguage\":\"es\",\"@id\":\"https:\\\/\\\/secure.gravatar.com\\\/avatar\\\/d5ed2db9923a3ad3c0a47f6b3aec7abcb43924b9322251ade16472fc06f7bb5b?s=96&d=mm&r=g\",\"url\":\"https:\\\/\\\/secure.gravatar.com\\\/avatar\\\/d5ed2db9923a3ad3c0a47f6b3aec7abcb43924b9322251ade16472fc06f7bb5b?s=96&d=mm&r=g\",\"contentUrl\":\"https:\\\/\\\/secure.gravatar.com\\\/avatar\\\/d5ed2db9923a3ad3c0a47f6b3aec7abcb43924b9322251ade16472fc06f7bb5b?s=96&d=mm&r=g\",\"caption\":\"admin\"},\"sameAs\":[\"https:\\\/\\\/elestataldemexico.com\"],\"url\":\"https:\\\/\\\/elestataldemexico.com\\\/index.php\\\/author\\\/info_qk62m3p3\\\/\"}]}<\/script>\n<!-- \/ Yoast SEO plugin. -->","yoast_head_json":{"title":"Edson \u00c1lvarez realiza emotivo homenaje en el West Ham vs. Brighton - El Estatal de M\u00e9xico","robots":{"index":"index","follow":"follow","max-snippet":"max-snippet:-1","max-image-preview":"max-image-preview:large","max-video-preview":"max-video-preview:-1"},"canonical":"https:\/\/elestataldemexico.com\/index.php\/2024\/12\/21\/edson-alvarez-realiza-emotivo-homenaje-en-el-west-ham-vs-brighton\/","og_locale":"es_ES","og_type":"article","og_title":"Edson \u00c1lvarez realiza emotivo homenaje en el West Ham vs. Brighton - El Estatal de M\u00e9xico","og_description":"\ud83d\udd38 El mexicano us\u00f3 una playera con dedicatoria a Oscar Fairs, jugador de la Sub-15 qui\u00e9n falleci\u00f3 hace","og_url":"https:\/\/elestataldemexico.com\/index.php\/2024\/12\/21\/edson-alvarez-realiza-emotivo-homenaje-en-el-west-ham-vs-brighton\/","og_site_name":"El Estatal de M\u00e9xico","article_published_time":"2024-12-21T19:09:42+00:00","og_image":[{"width":787,"height":442,"url":"https:\/\/elestataldemexico.com\/wp-content\/uploads\/2024\/12\/WhatsApp-Image-2024-12-21-at-13.43.32.jpeg","type":"image\/jpeg"}],"author":"admin","twitter_card":"summary_large_image","twitter_misc":{"Escrito por":"admin","Tiempo de lectura":"1 minuto"},"schema":{"@context":"https:\/\/schema.org","@graph":[{"@type":"Article","@id":"https:\/\/elestataldemexico.com\/index.php\/2024\/12\/21\/edson-alvarez-realiza-emotivo-homenaje-en-el-west-ham-vs-brighton\/#article","isPartOf":{"@id":"https:\/\/elestataldemexico.com\/index.php\/2024\/12\/21\/edson-alvarez-realiza-emotivo-homenaje-en-el-west-ham-vs-brighton\/"},"author":{"name":"admin","@id":"https:\/\/elestataldemexico.com\/#\/schema\/person\/6c7813c13d2c1571771f592f0fe866bb"},"headline":"Edson \u00c1lvarez realiza emotivo homenaje en el West Ham vs. Brighton","datePublished":"2024-12-21T19:09:42+00:00","mainEntityOfPage":{"@id":"https:\/\/elestataldemexico.com\/index.php\/2024\/12\/21\/edson-alvarez-realiza-emotivo-homenaje-en-el-west-ham-vs-brighton\/"},"wordCount":237,"commentCount":0,"publisher":{"@id":"https:\/\/elestataldemexico.com\/#organization"},"image":{"@id":"https:\/\/elestataldemexico.com\/index.php\/2024\/12\/21\/edson-alvarez-realiza-emotivo-homenaje-en-el-west-ham-vs-brighton\/#primaryimage"},"thumbnailUrl":"https:\/\/elestataldemexico.com\/wp-content\/uploads\/2024\/12\/WhatsApp-Image-2024-12-21-at-13.43.32.jpeg","articleSection":["Deportes"],"inLanguage":"es","potentialAction":[{"@type":"CommentAction","name":"Comment","target":["https:\/\/elestataldemexico.com\/index.php\/2024\/12\/21\/edson-alvarez-realiza-emotivo-homenaje-en-el-west-ham-vs-brighton\/#respond"]}]},{"@type":"WebPage","@id":"https:\/\/elestataldemexico.com\/index.php\/2024\/12\/21\/edson-alvarez-realiza-emotivo-homenaje-en-el-west-ham-vs-brighton\/","url":"https:\/\/elestataldemexico.com\/index.php\/2024\/12\/21\/edson-alvarez-realiza-emotivo-homenaje-en-el-west-ham-vs-brighton\/","name":"Edson \u00c1lvarez realiza emotivo homenaje en el West Ham vs. Brighton - El Estatal de M\u00e9xico","isPartOf":{"@id":"https:\/\/elestataldemexico.com\/#website"},"primaryImageOfPage":{"@id":"https:\/\/elestataldemexico.com\/index.php\/2024\/12\/21\/edson-alvarez-realiza-emotivo-homenaje-en-el-west-ham-vs-brighton\/#primaryimage"},"image":{"@id":"https:\/\/elestataldemexico.com\/index.php\/2024\/12\/21\/edson-alvarez-realiza-emotivo-homenaje-en-el-west-ham-vs-brighton\/#primaryimage"},"thumbnailUrl":"https:\/\/elestataldemexico.com\/wp-content\/uploads\/2024\/12\/WhatsApp-Image-2024-12-21-at-13.43.32.jpeg","datePublished":"2024-12-21T19:09:42+00:00","breadcrumb":{"@id":"https:\/\/elestataldemexico.com\/index.php\/2024\/12\/21\/edson-alvarez-realiza-emotivo-homenaje-en-el-west-ham-vs-brighton\/#breadcrumb"},"inLanguage":"es","potentialAction":[{"@type":"ReadAction","target":["https:\/\/elestataldemexico.com\/index.php\/2024\/12\/21\/edson-alvarez-realiza-emotivo-homenaje-en-el-west-ham-vs-brighton\/"]}]},{"@type":"ImageObject","inLanguage":"es","@id":"https:\/\/elestataldemexico.com\/index.php\/2024\/12\/21\/edson-alvarez-realiza-emotivo-homenaje-en-el-west-ham-vs-brighton\/#primaryimage","url":"https:\/\/elestataldemexico.com\/wp-content\/uploads\/2024\/12\/WhatsApp-Image-2024-12-21-at-13.43.32.jpeg","contentUrl":"https:\/\/elestataldemexico.com\/wp-content\/uploads\/2024\/12\/WhatsApp-Image-2024-12-21-at-13.43.32.jpeg","width":787,"height":442},{"@type":"BreadcrumbList","@id":"https:\/\/elestataldemexico.com\/index.php\/2024\/12\/21\/edson-alvarez-realiza-emotivo-homenaje-en-el-west-ham-vs-brighton\/#breadcrumb","itemListElement":[{"@type":"ListItem","position":1,"name":"Portada","item":"https:\/\/elestataldemexico.com\/"},{"@type":"ListItem","position":2,"name":"Edson \u00c1lvarez realiza emotivo homenaje en el West Ham vs. Brighton"}]},{"@type":"WebSite","@id":"https:\/\/elestataldemexico.com\/#website","url":"https:\/\/elestataldemexico.com\/","name":"El Estatal de M\u00e9xico","description":"","publisher":{"@id":"https:\/\/elestataldemexico.com\/#organization"},"potentialAction":[{"@type":"SearchAction","target":{"@type":"EntryPoint","urlTemplate":"https:\/\/elestataldemexico.com\/?s={search_term_string}"},"query-input":{"@type":"PropertyValueSpecification","valueRequired":true,"valueName":"search_term_string"}}],"inLanguage":"es"},{"@type":"Organization","@id":"https:\/\/elestataldemexico.com\/#organization","name":"El Estatal de M\u00e9xico","url":"https:\/\/elestataldemexico.com\/","logo":{"@type":"ImageObject","inLanguage":"es","@id":"https:\/\/elestataldemexico.com\/#\/schema\/logo\/image\/","url":"https:\/\/elestataldemexico.com\/wp-content\/uploads\/2025\/05\/cropped-elestatal.png","contentUrl":"https:\/\/elestataldemexico.com\/wp-content\/uploads\/2025\/05\/cropped-elestatal.png","width":504,"height":97,"caption":"El Estatal de M\u00e9xico"},"image":{"@id":"https:\/\/elestataldemexico.com\/#\/schema\/logo\/image\/"}},{"@type":"Person","@id":"https:\/\/elestataldemexico.com\/#\/schema\/person\/6c7813c13d2c1571771f592f0fe866bb","name":"admin","image":{"@type":"ImageObject","inLanguage":"es","@id":"https:\/\/secure.gravatar.com\/avatar\/d5ed2db9923a3ad3c0a47f6b3aec7abcb43924b9322251ade16472fc06f7bb5b?s=96&d=mm&r=g","url":"https:\/\/secure.gravatar.com\/avatar\/d5ed2db9923a3ad3c0a47f6b3aec7abcb43924b9322251ade16472fc06f7bb5b?s=96&d=mm&r=g","contentUrl":"https:\/\/secure.gravatar.com\/avatar\/d5ed2db9923a3ad3c0a47f6b3aec7abcb43924b9322251ade16472fc06f7bb5b?s=96&d=mm&r=g","caption":"admin"},"sameAs":["https:\/\/elestataldemexico.com"],"url":"https:\/\/elestataldemexico.com\/index.php\/author\/info_qk62m3p3\/"}]}},"_links":{"self":[{"href":"https:\/\/elestataldemexico.com\/index.php\/wp-json\/wp\/v2\/posts\/25947","targetHints":{"allow":["GET"]}}],"collection":[{"href":"https:\/\/elestataldemexico.com\/index.php\/wp-json\/wp\/v2\/posts"}],"about":[{"href":"https:\/\/elestataldemexico.com\/index.php\/wp-json\/wp\/v2\/types\/post"}],"author":[{"embeddable":true,"href":"https:\/\/elestataldemexico.com\/index.php\/wp-json\/wp\/v2\/users\/1"}],"replies":[{"embeddable":true,"href":"https:\/\/elestataldemexico.com\/index.php\/wp-json\/wp\/v2\/comments?post=25947"}],"version-history":[{"count":0,"href":"https:\/\/elestataldemexico.com\/index.php\/wp-json\/wp\/v2\/posts\/25947\/revisions"}],"wp:featuredmedia":[{"embeddable":true,"href":"https:\/\/elestataldemexico.com\/index.php\/wp-json\/wp\/v2\/media\/25949"}],"wp:attachment":[{"href":"https:\/\/elestataldemexico.com\/index.php\/wp-json\/wp\/v2\/media?parent=25947"}],"wp:term":[{"taxonomy":"category","embeddable":true,"href":"https:\/\/elestataldemexico.com\/index.php\/wp-json\/wp\/v2\/categories?post=25947"},{"taxonomy":"post_tag","embeddable":true,"href":"https:\/\/elestataldemexico.com\/index.php\/wp-json\/wp\/v2\/tags?post=25947"}],"curies":[{"name":"wp","href":"https:\/\/api.w.org\/{rel}","templated":true}]}}