{"id":24421,"date":"2024-09-29T12:45:53","date_gmt":"2024-09-29T17:45:53","guid":{"rendered":"https:\/\/podernacional.com\/?p=24421"},"modified":"2024-09-29T12:45:53","modified_gmt":"2024-09-29T17:45:53","slug":"claudia-sheinbaum-conoce-a-la-primera-mujer-presidenta-de-mexico","status":"publish","type":"post","link":"https:\/\/elestataldemexico.com\/index.php\/2024\/09\/29\/claudia-sheinbaum-conoce-a-la-primera-mujer-presidenta-de-mexico\/","title":{"rendered":"CLAUDIA SHEINBAUM: CONOCE A LA PRIMERA MUJER PRESIDENTA DE M\u00c9XICO"},"content":{"rendered":"<p>\ud83d\udd38Este 1 de octubre, la morenista rendir\u00e1 protesta y se convertir\u00e1 en Primera Mandataria el periodo 2024 &#8211; 2030, con mayor\u00eda calificada en el Congreso de la Uni\u00f3n.<\/p>\n<p>#NACIONAL. El martes 1 de octubre ser\u00e1 hist\u00f3rico en M\u00e9xico, no s\u00f3lo porque habr\u00e1 cambio de presidente, sino porque asumir\u00e1 el cargo la primera mujer en 200 a\u00f1os; ella gan\u00f3 las elecciones el pasado 2 de junio, con 35 millones 924 mil 519 votos, que representan el 59.75 de los sufragios emitidos.<\/p>\n<p>A s\u00f3lo horas del cambio presidencial, cabe recordar la trayectoria pol\u00edtica de Claudia Sheinbaum Pardo y si no la conoces, aqu\u00ed te la compartimos:<\/p>\n<p>Naci\u00f3 en la Ciudad de M\u00e9xico, el 24 de junio de 1962, actualmente tiene 62 a\u00f1os de edad; est\u00e1 casada con Jes\u00fas Mar\u00eda Tarriba (desde 2023) y tiene un hijo. Es pol\u00edtica, cient\u00edfica y acad\u00e9mica, miembro fundador de Morena y ha ocupado los siguientes puestos:<\/p>\n<p>\u25aa\ufe0fJefa de Gobierno de la Ciudad de M\u00e9xico<br \/>\nDel 5 de diciembre de 2018 &#8211; 16 de junio de 2023<br \/>\n\u25aa\ufe0fJefa delegacional de Tlalpan<br \/>\n1 de octubre de 2015 &#8211; 6 de diciembre de 2017<br \/>\n\u25aa\ufe0fSecretaria de Medio Ambiente del Distrito Federal<br \/>\n5 de diciembre de 2000 &#8211; 15 de mayo de 2006<\/p>\n<p>Claudia tiene un doctorado en ingenier\u00eda ambiental, maestr\u00eda en ingenier\u00eda de la energ\u00eda y es licenciada en f\u00edsica, egresada de la Universidad Nacional Aut\u00f3noma de M\u00e9xico.<\/p>\n<p>La pr\u00f3xima Presidenta de M\u00e9xico ha recibido<br \/>\nsistinxiones como el Premio Anual de Investigaci\u00f3n Econ\u00f3mica Maestro Jes\u00fas Silva Herzog, el Premio Joven Investigador de la Universidad Nacional Aut\u00f3noma de M\u00e9xico en Innovaci\u00f3n Tecnol\u00f3gica y el Premio Sor Juana In\u00e9s de la Cruz, y de la Academia Bonifaciana el \u201cPremio Internazionale Bonifacio VIII por la Cultura de la paz\u201d en su edici\u00f3n XXII por la trayectoria acad\u00e9mica y pol\u00edtica.<\/p>\n<p>Los mexicanos esperan que la Presidenta marque una diferencia al gobernar y que el bienestar ofrecido en campa\u00f1a realmente llegue a la ciudadan\u00eda, que los j\u00f3venes puedan desarrollarse en un pa\u00eds de oportunidades; las personas de mediana edad tambi\u00e9n tengan acceso a trabajos dignos y bien remunerados, que los adultos mayores tengan una vejez sin apuros y sobre todo, trabajar de tal manera que los ni\u00f1os reciban un gran pa\u00eds.<\/p>\n","protected":false},"excerpt":{"rendered":"<p>\ud83d\udd38Este 1 de octubre, la morenista rendir\u00e1 protesta y se convertir\u00e1 en Primera Mandataria el periodo 2024 &#8211;<\/p>\n","protected":false},"author":1,"featured_media":29661,"comment_status":"open","ping_status":"closed","sticky":false,"template":"","format":"standard","meta":{"footnotes":""},"categories":[7],"tags":[],"class_list":["post-24421","post","type-post","status-publish","format-standard","has-post-thumbnail","hentry","category-nacional"],"yoast_head":"<!-- This site is optimized with the Yoast SEO plugin v27.5 - https:\/\/yoast.com\/product\/yoast-seo-wordpress\/ -->\n<title>CLAUDIA SHEINBAUM: CONOCE A LA PRIMERA MUJER PRESIDENTA DE M\u00c9XICO - El Estatal de M\u00e9xico<\/title>\n<meta name=\"robots\" content=\"index, follow, max-snippet:-1, max-image-preview:large, max-video-preview:-1\" \/>\n<link rel=\"canonical\" href=\"https:\/\/elestataldemexico.com\/index.php\/2024\/09\/29\/claudia-sheinbaum-conoce-a-la-primera-mujer-presidenta-de-mexico\/\" \/>\n<meta property=\"og:locale\" content=\"es_ES\" \/>\n<meta property=\"og:type\" content=\"article\" \/>\n<meta property=\"og:title\" content=\"CLAUDIA SHEINBAUM: CONOCE A LA PRIMERA MUJER PRESIDENTA DE M\u00c9XICO - El Estatal de M\u00e9xico\" \/>\n<meta property=\"og:description\" content=\"\ud83d\udd38Este 1 de octubre, la morenista rendir\u00e1 protesta y se convertir\u00e1 en Primera Mandataria el periodo 2024 &#8211;\" \/>\n<meta property=\"og:url\" content=\"https:\/\/elestataldemexico.com\/index.php\/2024\/09\/29\/claudia-sheinbaum-conoce-a-la-primera-mujer-presidenta-de-mexico\/\" \/>\n<meta property=\"og:site_name\" content=\"El Estatal de M\u00e9xico\" \/>\n<meta property=\"article:published_time\" content=\"2024-09-29T17:45:53+00:00\" \/>\n<meta property=\"og:image\" content=\"https:\/\/elestataldemexico.com\/wp-content\/uploads\/2024\/09\/WhatsApp-Image-2024-09-29-at-12.48.15-1.jpeg\" \/>\n\t<meta property=\"og:image:width\" content=\"495\" \/>\n\t<meta property=\"og:image:height\" content=\"619\" \/>\n\t<meta property=\"og:image:type\" content=\"image\/jpeg\" \/>\n<meta name=\"author\" content=\"admin\" \/>\n<meta name=\"twitter:card\" content=\"summary_large_image\" \/>\n<meta name=\"twitter:label1\" content=\"Escrito por\" \/>\n\t<meta name=\"twitter:data1\" content=\"admin\" \/>\n\t<meta name=\"twitter:label2\" content=\"Tiempo de lectura\" \/>\n\t<meta name=\"twitter:data2\" content=\"2 minutos\" \/>\n<script type=\"application\/ld+json\" class=\"yoast-schema-graph\">{\"@context\":\"https:\\\/\\\/schema.org\",\"@graph\":[{\"@type\":\"Article\",\"@id\":\"https:\\\/\\\/elestataldemexico.com\\\/index.php\\\/2024\\\/09\\\/29\\\/claudia-sheinbaum-conoce-a-la-primera-mujer-presidenta-de-mexico\\\/#article\",\"isPartOf\":{\"@id\":\"https:\\\/\\\/elestataldemexico.com\\\/index.php\\\/2024\\\/09\\\/29\\\/claudia-sheinbaum-conoce-a-la-primera-mujer-presidenta-de-mexico\\\/\"},\"author\":{\"name\":\"admin\",\"@id\":\"https:\\\/\\\/elestataldemexico.com\\\/#\\\/schema\\\/person\\\/6c7813c13d2c1571771f592f0fe866bb\"},\"headline\":\"CLAUDIA SHEINBAUM: CONOCE A LA PRIMERA MUJER PRESIDENTA DE M\u00c9XICO\",\"datePublished\":\"2024-09-29T17:45:53+00:00\",\"mainEntityOfPage\":{\"@id\":\"https:\\\/\\\/elestataldemexico.com\\\/index.php\\\/2024\\\/09\\\/29\\\/claudia-sheinbaum-conoce-a-la-primera-mujer-presidenta-de-mexico\\\/\"},\"wordCount\":394,\"commentCount\":0,\"publisher\":{\"@id\":\"https:\\\/\\\/elestataldemexico.com\\\/#organization\"},\"image\":{\"@id\":\"https:\\\/\\\/elestataldemexico.com\\\/index.php\\\/2024\\\/09\\\/29\\\/claudia-sheinbaum-conoce-a-la-primera-mujer-presidenta-de-mexico\\\/#primaryimage\"},\"thumbnailUrl\":\"https:\\\/\\\/elestataldemexico.com\\\/wp-content\\\/uploads\\\/2024\\\/09\\\/WhatsApp-Image-2024-09-29-at-12.48.15-1.jpeg\",\"articleSection\":[\"Nacional\"],\"inLanguage\":\"es\",\"potentialAction\":[{\"@type\":\"CommentAction\",\"name\":\"Comment\",\"target\":[\"https:\\\/\\\/elestataldemexico.com\\\/index.php\\\/2024\\\/09\\\/29\\\/claudia-sheinbaum-conoce-a-la-primera-mujer-presidenta-de-mexico\\\/#respond\"]}]},{\"@type\":\"WebPage\",\"@id\":\"https:\\\/\\\/elestataldemexico.com\\\/index.php\\\/2024\\\/09\\\/29\\\/claudia-sheinbaum-conoce-a-la-primera-mujer-presidenta-de-mexico\\\/\",\"url\":\"https:\\\/\\\/elestataldemexico.com\\\/index.php\\\/2024\\\/09\\\/29\\\/claudia-sheinbaum-conoce-a-la-primera-mujer-presidenta-de-mexico\\\/\",\"name\":\"CLAUDIA SHEINBAUM: CONOCE A LA PRIMERA MUJER PRESIDENTA DE M\u00c9XICO - El Estatal de M\u00e9xico\",\"isPartOf\":{\"@id\":\"https:\\\/\\\/elestataldemexico.com\\\/#website\"},\"primaryImageOfPage\":{\"@id\":\"https:\\\/\\\/elestataldemexico.com\\\/index.php\\\/2024\\\/09\\\/29\\\/claudia-sheinbaum-conoce-a-la-primera-mujer-presidenta-de-mexico\\\/#primaryimage\"},\"image\":{\"@id\":\"https:\\\/\\\/elestataldemexico.com\\\/index.php\\\/2024\\\/09\\\/29\\\/claudia-sheinbaum-conoce-a-la-primera-mujer-presidenta-de-mexico\\\/#primaryimage\"},\"thumbnailUrl\":\"https:\\\/\\\/elestataldemexico.com\\\/wp-content\\\/uploads\\\/2024\\\/09\\\/WhatsApp-Image-2024-09-29-at-12.48.15-1.jpeg\",\"datePublished\":\"2024-09-29T17:45:53+00:00\",\"breadcrumb\":{\"@id\":\"https:\\\/\\\/elestataldemexico.com\\\/index.php\\\/2024\\\/09\\\/29\\\/claudia-sheinbaum-conoce-a-la-primera-mujer-presidenta-de-mexico\\\/#breadcrumb\"},\"inLanguage\":\"es\",\"potentialAction\":[{\"@type\":\"ReadAction\",\"target\":[\"https:\\\/\\\/elestataldemexico.com\\\/index.php\\\/2024\\\/09\\\/29\\\/claudia-sheinbaum-conoce-a-la-primera-mujer-presidenta-de-mexico\\\/\"]}]},{\"@type\":\"ImageObject\",\"inLanguage\":\"es\",\"@id\":\"https:\\\/\\\/elestataldemexico.com\\\/index.php\\\/2024\\\/09\\\/29\\\/claudia-sheinbaum-conoce-a-la-primera-mujer-presidenta-de-mexico\\\/#primaryimage\",\"url\":\"https:\\\/\\\/elestataldemexico.com\\\/wp-content\\\/uploads\\\/2024\\\/09\\\/WhatsApp-Image-2024-09-29-at-12.48.15-1.jpeg\",\"contentUrl\":\"https:\\\/\\\/elestataldemexico.com\\\/wp-content\\\/uploads\\\/2024\\\/09\\\/WhatsApp-Image-2024-09-29-at-12.48.15-1.jpeg\",\"width\":495,\"height\":619},{\"@type\":\"BreadcrumbList\",\"@id\":\"https:\\\/\\\/elestataldemexico.com\\\/index.php\\\/2024\\\/09\\\/29\\\/claudia-sheinbaum-conoce-a-la-primera-mujer-presidenta-de-mexico\\\/#breadcrumb\",\"itemListElement\":[{\"@type\":\"ListItem\",\"position\":1,\"name\":\"Portada\",\"item\":\"https:\\\/\\\/elestataldemexico.com\\\/\"},{\"@type\":\"ListItem\",\"position\":2,\"name\":\"CLAUDIA SHEINBAUM: CONOCE A LA PRIMERA MUJER PRESIDENTA DE M\u00c9XICO\"}]},{\"@type\":\"WebSite\",\"@id\":\"https:\\\/\\\/elestataldemexico.com\\\/#website\",\"url\":\"https:\\\/\\\/elestataldemexico.com\\\/\",\"name\":\"El Estatal de M\u00e9xico\",\"description\":\"\",\"publisher\":{\"@id\":\"https:\\\/\\\/elestataldemexico.com\\\/#organization\"},\"potentialAction\":[{\"@type\":\"SearchAction\",\"target\":{\"@type\":\"EntryPoint\",\"urlTemplate\":\"https:\\\/\\\/elestataldemexico.com\\\/?s={search_term_string}\"},\"query-input\":{\"@type\":\"PropertyValueSpecification\",\"valueRequired\":true,\"valueName\":\"search_term_string\"}}],\"inLanguage\":\"es\"},{\"@type\":\"Organization\",\"@id\":\"https:\\\/\\\/elestataldemexico.com\\\/#organization\",\"name\":\"El Estatal de M\u00e9xico\",\"url\":\"https:\\\/\\\/elestataldemexico.com\\\/\",\"logo\":{\"@type\":\"ImageObject\",\"inLanguage\":\"es\",\"@id\":\"https:\\\/\\\/elestataldemexico.com\\\/#\\\/schema\\\/logo\\\/image\\\/\",\"url\":\"https:\\\/\\\/elestataldemexico.com\\\/wp-content\\\/uploads\\\/2025\\\/05\\\/cropped-elestatal.png\",\"contentUrl\":\"https:\\\/\\\/elestataldemexico.com\\\/wp-content\\\/uploads\\\/2025\\\/05\\\/cropped-elestatal.png\",\"width\":504,\"height\":97,\"caption\":\"El Estatal de M\u00e9xico\"},\"image\":{\"@id\":\"https:\\\/\\\/elestataldemexico.com\\\/#\\\/schema\\\/logo\\\/image\\\/\"}},{\"@type\":\"Person\",\"@id\":\"https:\\\/\\\/elestataldemexico.com\\\/#\\\/schema\\\/person\\\/6c7813c13d2c1571771f592f0fe866bb\",\"name\":\"admin\",\"image\":{\"@type\":\"ImageObject\",\"inLanguage\":\"es\",\"@id\":\"https:\\\/\\\/secure.gravatar.com\\\/avatar\\\/d5ed2db9923a3ad3c0a47f6b3aec7abcb43924b9322251ade16472fc06f7bb5b?s=96&d=mm&r=g\",\"url\":\"https:\\\/\\\/secure.gravatar.com\\\/avatar\\\/d5ed2db9923a3ad3c0a47f6b3aec7abcb43924b9322251ade16472fc06f7bb5b?s=96&d=mm&r=g\",\"contentUrl\":\"https:\\\/\\\/secure.gravatar.com\\\/avatar\\\/d5ed2db9923a3ad3c0a47f6b3aec7abcb43924b9322251ade16472fc06f7bb5b?s=96&d=mm&r=g\",\"caption\":\"admin\"},\"sameAs\":[\"https:\\\/\\\/elestataldemexico.com\"],\"url\":\"https:\\\/\\\/elestataldemexico.com\\\/index.php\\\/author\\\/info_qk62m3p3\\\/\"}]}<\/script>\n<!-- \/ Yoast SEO plugin. -->","yoast_head_json":{"title":"CLAUDIA SHEINBAUM: CONOCE A LA PRIMERA MUJER PRESIDENTA DE M\u00c9XICO - El Estatal de M\u00e9xico","robots":{"index":"index","follow":"follow","max-snippet":"max-snippet:-1","max-image-preview":"max-image-preview:large","max-video-preview":"max-video-preview:-1"},"canonical":"https:\/\/elestataldemexico.com\/index.php\/2024\/09\/29\/claudia-sheinbaum-conoce-a-la-primera-mujer-presidenta-de-mexico\/","og_locale":"es_ES","og_type":"article","og_title":"CLAUDIA SHEINBAUM: CONOCE A LA PRIMERA MUJER PRESIDENTA DE M\u00c9XICO - El Estatal de M\u00e9xico","og_description":"\ud83d\udd38Este 1 de octubre, la morenista rendir\u00e1 protesta y se convertir\u00e1 en Primera Mandataria el periodo 2024 &#8211;","og_url":"https:\/\/elestataldemexico.com\/index.php\/2024\/09\/29\/claudia-sheinbaum-conoce-a-la-primera-mujer-presidenta-de-mexico\/","og_site_name":"El Estatal de M\u00e9xico","article_published_time":"2024-09-29T17:45:53+00:00","og_image":[{"width":495,"height":619,"url":"https:\/\/elestataldemexico.com\/wp-content\/uploads\/2024\/09\/WhatsApp-Image-2024-09-29-at-12.48.15-1.jpeg","type":"image\/jpeg"}],"author":"admin","twitter_card":"summary_large_image","twitter_misc":{"Escrito por":"admin","Tiempo de lectura":"2 minutos"},"schema":{"@context":"https:\/\/schema.org","@graph":[{"@type":"Article","@id":"https:\/\/elestataldemexico.com\/index.php\/2024\/09\/29\/claudia-sheinbaum-conoce-a-la-primera-mujer-presidenta-de-mexico\/#article","isPartOf":{"@id":"https:\/\/elestataldemexico.com\/index.php\/2024\/09\/29\/claudia-sheinbaum-conoce-a-la-primera-mujer-presidenta-de-mexico\/"},"author":{"name":"admin","@id":"https:\/\/elestataldemexico.com\/#\/schema\/person\/6c7813c13d2c1571771f592f0fe866bb"},"headline":"CLAUDIA SHEINBAUM: CONOCE A LA PRIMERA MUJER PRESIDENTA DE M\u00c9XICO","datePublished":"2024-09-29T17:45:53+00:00","mainEntityOfPage":{"@id":"https:\/\/elestataldemexico.com\/index.php\/2024\/09\/29\/claudia-sheinbaum-conoce-a-la-primera-mujer-presidenta-de-mexico\/"},"wordCount":394,"commentCount":0,"publisher":{"@id":"https:\/\/elestataldemexico.com\/#organization"},"image":{"@id":"https:\/\/elestataldemexico.com\/index.php\/2024\/09\/29\/claudia-sheinbaum-conoce-a-la-primera-mujer-presidenta-de-mexico\/#primaryimage"},"thumbnailUrl":"https:\/\/elestataldemexico.com\/wp-content\/uploads\/2024\/09\/WhatsApp-Image-2024-09-29-at-12.48.15-1.jpeg","articleSection":["Nacional"],"inLanguage":"es","potentialAction":[{"@type":"CommentAction","name":"Comment","target":["https:\/\/elestataldemexico.com\/index.php\/2024\/09\/29\/claudia-sheinbaum-conoce-a-la-primera-mujer-presidenta-de-mexico\/#respond"]}]},{"@type":"WebPage","@id":"https:\/\/elestataldemexico.com\/index.php\/2024\/09\/29\/claudia-sheinbaum-conoce-a-la-primera-mujer-presidenta-de-mexico\/","url":"https:\/\/elestataldemexico.com\/index.php\/2024\/09\/29\/claudia-sheinbaum-conoce-a-la-primera-mujer-presidenta-de-mexico\/","name":"CLAUDIA SHEINBAUM: CONOCE A LA PRIMERA MUJER PRESIDENTA DE M\u00c9XICO - El Estatal de M\u00e9xico","isPartOf":{"@id":"https:\/\/elestataldemexico.com\/#website"},"primaryImageOfPage":{"@id":"https:\/\/elestataldemexico.com\/index.php\/2024\/09\/29\/claudia-sheinbaum-conoce-a-la-primera-mujer-presidenta-de-mexico\/#primaryimage"},"image":{"@id":"https:\/\/elestataldemexico.com\/index.php\/2024\/09\/29\/claudia-sheinbaum-conoce-a-la-primera-mujer-presidenta-de-mexico\/#primaryimage"},"thumbnailUrl":"https:\/\/elestataldemexico.com\/wp-content\/uploads\/2024\/09\/WhatsApp-Image-2024-09-29-at-12.48.15-1.jpeg","datePublished":"2024-09-29T17:45:53+00:00","breadcrumb":{"@id":"https:\/\/elestataldemexico.com\/index.php\/2024\/09\/29\/claudia-sheinbaum-conoce-a-la-primera-mujer-presidenta-de-mexico\/#breadcrumb"},"inLanguage":"es","potentialAction":[{"@type":"ReadAction","target":["https:\/\/elestataldemexico.com\/index.php\/2024\/09\/29\/claudia-sheinbaum-conoce-a-la-primera-mujer-presidenta-de-mexico\/"]}]},{"@type":"ImageObject","inLanguage":"es","@id":"https:\/\/elestataldemexico.com\/index.php\/2024\/09\/29\/claudia-sheinbaum-conoce-a-la-primera-mujer-presidenta-de-mexico\/#primaryimage","url":"https:\/\/elestataldemexico.com\/wp-content\/uploads\/2024\/09\/WhatsApp-Image-2024-09-29-at-12.48.15-1.jpeg","contentUrl":"https:\/\/elestataldemexico.com\/wp-content\/uploads\/2024\/09\/WhatsApp-Image-2024-09-29-at-12.48.15-1.jpeg","width":495,"height":619},{"@type":"BreadcrumbList","@id":"https:\/\/elestataldemexico.com\/index.php\/2024\/09\/29\/claudia-sheinbaum-conoce-a-la-primera-mujer-presidenta-de-mexico\/#breadcrumb","itemListElement":[{"@type":"ListItem","position":1,"name":"Portada","item":"https:\/\/elestataldemexico.com\/"},{"@type":"ListItem","position":2,"name":"CLAUDIA SHEINBAUM: CONOCE A LA PRIMERA MUJER PRESIDENTA DE M\u00c9XICO"}]},{"@type":"WebSite","@id":"https:\/\/elestataldemexico.com\/#website","url":"https:\/\/elestataldemexico.com\/","name":"El Estatal de M\u00e9xico","description":"","publisher":{"@id":"https:\/\/elestataldemexico.com\/#organization"},"potentialAction":[{"@type":"SearchAction","target":{"@type":"EntryPoint","urlTemplate":"https:\/\/elestataldemexico.com\/?s={search_term_string}"},"query-input":{"@type":"PropertyValueSpecification","valueRequired":true,"valueName":"search_term_string"}}],"inLanguage":"es"},{"@type":"Organization","@id":"https:\/\/elestataldemexico.com\/#organization","name":"El Estatal de M\u00e9xico","url":"https:\/\/elestataldemexico.com\/","logo":{"@type":"ImageObject","inLanguage":"es","@id":"https:\/\/elestataldemexico.com\/#\/schema\/logo\/image\/","url":"https:\/\/elestataldemexico.com\/wp-content\/uploads\/2025\/05\/cropped-elestatal.png","contentUrl":"https:\/\/elestataldemexico.com\/wp-content\/uploads\/2025\/05\/cropped-elestatal.png","width":504,"height":97,"caption":"El Estatal de M\u00e9xico"},"image":{"@id":"https:\/\/elestataldemexico.com\/#\/schema\/logo\/image\/"}},{"@type":"Person","@id":"https:\/\/elestataldemexico.com\/#\/schema\/person\/6c7813c13d2c1571771f592f0fe866bb","name":"admin","image":{"@type":"ImageObject","inLanguage":"es","@id":"https:\/\/secure.gravatar.com\/avatar\/d5ed2db9923a3ad3c0a47f6b3aec7abcb43924b9322251ade16472fc06f7bb5b?s=96&d=mm&r=g","url":"https:\/\/secure.gravatar.com\/avatar\/d5ed2db9923a3ad3c0a47f6b3aec7abcb43924b9322251ade16472fc06f7bb5b?s=96&d=mm&r=g","contentUrl":"https:\/\/secure.gravatar.com\/avatar\/d5ed2db9923a3ad3c0a47f6b3aec7abcb43924b9322251ade16472fc06f7bb5b?s=96&d=mm&r=g","caption":"admin"},"sameAs":["https:\/\/elestataldemexico.com"],"url":"https:\/\/elestataldemexico.com\/index.php\/author\/info_qk62m3p3\/"}]}},"_links":{"self":[{"href":"https:\/\/elestataldemexico.com\/index.php\/wp-json\/wp\/v2\/posts\/24421","targetHints":{"allow":["GET"]}}],"collection":[{"href":"https:\/\/elestataldemexico.com\/index.php\/wp-json\/wp\/v2\/posts"}],"about":[{"href":"https:\/\/elestataldemexico.com\/index.php\/wp-json\/wp\/v2\/types\/post"}],"author":[{"embeddable":true,"href":"https:\/\/elestataldemexico.com\/index.php\/wp-json\/wp\/v2\/users\/1"}],"replies":[{"embeddable":true,"href":"https:\/\/elestataldemexico.com\/index.php\/wp-json\/wp\/v2\/comments?post=24421"}],"version-history":[{"count":0,"href":"https:\/\/elestataldemexico.com\/index.php\/wp-json\/wp\/v2\/posts\/24421\/revisions"}],"wp:featuredmedia":[{"embeddable":true,"href":"https:\/\/elestataldemexico.com\/index.php\/wp-json\/wp\/v2\/media\/29661"}],"wp:attachment":[{"href":"https:\/\/elestataldemexico.com\/index.php\/wp-json\/wp\/v2\/media?parent=24421"}],"wp:term":[{"taxonomy":"category","embeddable":true,"href":"https:\/\/elestataldemexico.com\/index.php\/wp-json\/wp\/v2\/categories?post=24421"},{"taxonomy":"post_tag","embeddable":true,"href":"https:\/\/elestataldemexico.com\/index.php\/wp-json\/wp\/v2\/tags?post=24421"}],"curies":[{"name":"wp","href":"https:\/\/api.w.org\/{rel}","templated":true}]}}