{"id":24418,"date":"2024-09-30T11:11:41","date_gmt":"2024-09-30T16:11:41","guid":{"rendered":"https:\/\/podernacional.com\/?p=24418"},"modified":"2024-09-30T11:11:41","modified_gmt":"2024-09-30T16:11:41","slug":"pronostican-precipitaciones-fuertes-en-guerrero-oaxaca-chiapas-tabasco-y-veracruz","status":"publish","type":"post","link":"https:\/\/elestataldemexico.com\/index.php\/2024\/09\/30\/pronostican-precipitaciones-fuertes-en-guerrero-oaxaca-chiapas-tabasco-y-veracruz\/","title":{"rendered":"Pronostican precipitaciones fuertes en Guerrero, Oaxaca, Chiapas, Tabasco y Veracruz"},"content":{"rendered":"<p>\ud83d\udd38 Prev\u00e9n lluvias intensas y temperaturas extremas en la Pen\u00ednsula de Yucat\u00e1n<\/p>\n<p>#NACIONAL | BUENOS D\u00cdAS \ud83c\udf1e Este d\u00eda el Servicio Meteorol\u00f3gico Nacional informa que, se esperan condiciones clim\u00e1ticas extremas en varias regiones del pa\u00eds debido a la interacci\u00f3n de diversos fen\u00f3menos meteorol\u00f3gicos. Dos zonas de baja presi\u00f3n con alta probabilidad de desarrollo cicl\u00f3nico, ubicadas frente a las costas de Guerrero y Chiapas, influir\u00e1n en el clima de los estados del sur y sureste de M\u00e9xico, generando lluvias intensas y fuertes vientos.<\/p>\n<p>Lluvias torrenciales en el sur del pa\u00eds<\/p>\n<p>Las autoridades han advertido que estas zonas de baja presi\u00f3n, en conjunto con un canal de baja presi\u00f3n sobre el sureste del pa\u00eds y la pen\u00ednsula de Yucat\u00e1n, provocar\u00e1n lluvias intensas en los estados de Guerrero, Veracruz, Oaxaca, Chiapas y Tabasco. Estas lluvias podr\u00edan estar acompa\u00f1adas de descargas el\u00e9ctricas y posibles inundaciones en \u00e1reas vulnerables.<\/p>\n<p>Adem\u00e1s, se esperan lluvias fuertes a muy fuertes en el noroeste, occidente y centro del territorio, incluyendo el Valle de M\u00e9xico, lo que podr\u00eda generar encharcamientos y afectaciones en las principales ciudades.<\/p>\n<p>Vientos y temperaturas extremas<\/p>\n<p>Por otro lado, se pronostican rachas de viento de entre 40 y 60 km\/h, acompa\u00f1adas de tolvaneras en zonas del noroeste, norte y noreste de M\u00e9xico, lo que podr\u00eda reducir la visibilidad en carreteras y aumentar el riesgo de accidentes.<\/p>\n<p>A pesar de las lluvias, las temperaturas seguir\u00e1n siendo superiores a los 35\u00b0C en regiones del noroeste, noreste, occidente y sureste del pa\u00eds, as\u00ed como en la pen\u00ednsula de Yucat\u00e1n. Esta combinaci\u00f3n de calor extremo y lluvias intensas aumentar\u00e1 la sensaci\u00f3n de bochorno en varias entidades, especialmente en Campeche, Yucat\u00e1n y Quintana Roo, donde tambi\u00e9n se prev\u00e9n tormentas el\u00e9ctricas y rachas de viento de hasta 40 km\/h.<\/p>\n<p>Recomendaciones a la poblaci\u00f3n<\/p>\n<p>Ante estas condiciones meteorol\u00f3gicas adversas, se recomienda a la poblaci\u00f3n mantenerse informada a trav\u00e9s de los canales oficiales y tomar precauciones ante posibles inundaciones, encharcamientos y fuertes vientos. Las autoridades locales han activado protocolos de emergencia y monitorean constantemente el desarrollo de los sistemas meteorol\u00f3gicos.<\/p>\n<p>Es importante evitar cruzar r\u00edos crecidos, as\u00ed como manejar con precauci\u00f3n en carreteras afectadas por las lluvias o tolvaneras. Asimismo, se sugiere mantenerse hidratado y evitar la exposici\u00f3n prolongada al sol ante las altas temperaturas esperadas en varias regiones del pa\u00eds.<\/p>\n","protected":false},"excerpt":{"rendered":"<p>\ud83d\udd38 Prev\u00e9n lluvias intensas y temperaturas extremas en la Pen\u00ednsula de Yucat\u00e1n #NACIONAL | BUENOS D\u00cdAS \ud83c\udf1e Este<\/p>\n","protected":false},"author":1,"featured_media":24420,"comment_status":"open","ping_status":"closed","sticky":false,"template":"","format":"standard","meta":{"footnotes":""},"categories":[7],"tags":[],"class_list":["post-24418","post","type-post","status-publish","format-standard","has-post-thumbnail","hentry","category-nacional"],"yoast_head":"<!-- This site is optimized with the Yoast SEO plugin v27.5 - https:\/\/yoast.com\/product\/yoast-seo-wordpress\/ -->\n<title>Pronostican precipitaciones fuertes en Guerrero, Oaxaca, Chiapas, Tabasco y Veracruz - El Estatal de M\u00e9xico<\/title>\n<meta name=\"robots\" content=\"index, follow, max-snippet:-1, max-image-preview:large, max-video-preview:-1\" \/>\n<link rel=\"canonical\" href=\"https:\/\/elestataldemexico.com\/index.php\/2024\/09\/30\/pronostican-precipitaciones-fuertes-en-guerrero-oaxaca-chiapas-tabasco-y-veracruz\/\" \/>\n<meta property=\"og:locale\" content=\"es_ES\" \/>\n<meta property=\"og:type\" content=\"article\" \/>\n<meta property=\"og:title\" content=\"Pronostican precipitaciones fuertes en Guerrero, Oaxaca, Chiapas, Tabasco y Veracruz - El Estatal de M\u00e9xico\" \/>\n<meta property=\"og:description\" content=\"\ud83d\udd38 Prev\u00e9n lluvias intensas y temperaturas extremas en la Pen\u00ednsula de Yucat\u00e1n #NACIONAL | BUENOS D\u00cdAS \ud83c\udf1e Este\" \/>\n<meta property=\"og:url\" content=\"https:\/\/elestataldemexico.com\/index.php\/2024\/09\/30\/pronostican-precipitaciones-fuertes-en-guerrero-oaxaca-chiapas-tabasco-y-veracruz\/\" \/>\n<meta property=\"og:site_name\" content=\"El Estatal de M\u00e9xico\" \/>\n<meta property=\"article:published_time\" content=\"2024-09-30T16:11:41+00:00\" \/>\n<meta property=\"og:image\" content=\"https:\/\/elestataldemexico.com\/wp-content\/uploads\/2024\/09\/202409301400.jpg\" \/>\n\t<meta property=\"og:image:width\" content=\"1352\" \/>\n\t<meta property=\"og:image:height\" content=\"791\" \/>\n\t<meta property=\"og:image:type\" content=\"image\/jpeg\" \/>\n<meta name=\"author\" content=\"admin\" \/>\n<meta name=\"twitter:card\" content=\"summary_large_image\" \/>\n<meta name=\"twitter:label1\" content=\"Escrito por\" \/>\n\t<meta name=\"twitter:data1\" content=\"admin\" \/>\n\t<meta name=\"twitter:label2\" content=\"Tiempo de lectura\" \/>\n\t<meta name=\"twitter:data2\" content=\"2 minutos\" \/>\n<script type=\"application\/ld+json\" class=\"yoast-schema-graph\">{\"@context\":\"https:\\\/\\\/schema.org\",\"@graph\":[{\"@type\":\"Article\",\"@id\":\"https:\\\/\\\/elestataldemexico.com\\\/index.php\\\/2024\\\/09\\\/30\\\/pronostican-precipitaciones-fuertes-en-guerrero-oaxaca-chiapas-tabasco-y-veracruz\\\/#article\",\"isPartOf\":{\"@id\":\"https:\\\/\\\/elestataldemexico.com\\\/index.php\\\/2024\\\/09\\\/30\\\/pronostican-precipitaciones-fuertes-en-guerrero-oaxaca-chiapas-tabasco-y-veracruz\\\/\"},\"author\":{\"name\":\"admin\",\"@id\":\"https:\\\/\\\/elestataldemexico.com\\\/#\\\/schema\\\/person\\\/6c7813c13d2c1571771f592f0fe866bb\"},\"headline\":\"Pronostican precipitaciones fuertes en Guerrero, Oaxaca, Chiapas, Tabasco y Veracruz\",\"datePublished\":\"2024-09-30T16:11:41+00:00\",\"mainEntityOfPage\":{\"@id\":\"https:\\\/\\\/elestataldemexico.com\\\/index.php\\\/2024\\\/09\\\/30\\\/pronostican-precipitaciones-fuertes-en-guerrero-oaxaca-chiapas-tabasco-y-veracruz\\\/\"},\"wordCount\":433,\"commentCount\":0,\"publisher\":{\"@id\":\"https:\\\/\\\/elestataldemexico.com\\\/#organization\"},\"image\":{\"@id\":\"https:\\\/\\\/elestataldemexico.com\\\/index.php\\\/2024\\\/09\\\/30\\\/pronostican-precipitaciones-fuertes-en-guerrero-oaxaca-chiapas-tabasco-y-veracruz\\\/#primaryimage\"},\"thumbnailUrl\":\"https:\\\/\\\/elestataldemexico.com\\\/wp-content\\\/uploads\\\/2024\\\/09\\\/202409301400.jpg\",\"articleSection\":[\"Nacional\"],\"inLanguage\":\"es\",\"potentialAction\":[{\"@type\":\"CommentAction\",\"name\":\"Comment\",\"target\":[\"https:\\\/\\\/elestataldemexico.com\\\/index.php\\\/2024\\\/09\\\/30\\\/pronostican-precipitaciones-fuertes-en-guerrero-oaxaca-chiapas-tabasco-y-veracruz\\\/#respond\"]}]},{\"@type\":\"WebPage\",\"@id\":\"https:\\\/\\\/elestataldemexico.com\\\/index.php\\\/2024\\\/09\\\/30\\\/pronostican-precipitaciones-fuertes-en-guerrero-oaxaca-chiapas-tabasco-y-veracruz\\\/\",\"url\":\"https:\\\/\\\/elestataldemexico.com\\\/index.php\\\/2024\\\/09\\\/30\\\/pronostican-precipitaciones-fuertes-en-guerrero-oaxaca-chiapas-tabasco-y-veracruz\\\/\",\"name\":\"Pronostican precipitaciones fuertes en Guerrero, Oaxaca, Chiapas, Tabasco y Veracruz - El Estatal de M\u00e9xico\",\"isPartOf\":{\"@id\":\"https:\\\/\\\/elestataldemexico.com\\\/#website\"},\"primaryImageOfPage\":{\"@id\":\"https:\\\/\\\/elestataldemexico.com\\\/index.php\\\/2024\\\/09\\\/30\\\/pronostican-precipitaciones-fuertes-en-guerrero-oaxaca-chiapas-tabasco-y-veracruz\\\/#primaryimage\"},\"image\":{\"@id\":\"https:\\\/\\\/elestataldemexico.com\\\/index.php\\\/2024\\\/09\\\/30\\\/pronostican-precipitaciones-fuertes-en-guerrero-oaxaca-chiapas-tabasco-y-veracruz\\\/#primaryimage\"},\"thumbnailUrl\":\"https:\\\/\\\/elestataldemexico.com\\\/wp-content\\\/uploads\\\/2024\\\/09\\\/202409301400.jpg\",\"datePublished\":\"2024-09-30T16:11:41+00:00\",\"breadcrumb\":{\"@id\":\"https:\\\/\\\/elestataldemexico.com\\\/index.php\\\/2024\\\/09\\\/30\\\/pronostican-precipitaciones-fuertes-en-guerrero-oaxaca-chiapas-tabasco-y-veracruz\\\/#breadcrumb\"},\"inLanguage\":\"es\",\"potentialAction\":[{\"@type\":\"ReadAction\",\"target\":[\"https:\\\/\\\/elestataldemexico.com\\\/index.php\\\/2024\\\/09\\\/30\\\/pronostican-precipitaciones-fuertes-en-guerrero-oaxaca-chiapas-tabasco-y-veracruz\\\/\"]}]},{\"@type\":\"ImageObject\",\"inLanguage\":\"es\",\"@id\":\"https:\\\/\\\/elestataldemexico.com\\\/index.php\\\/2024\\\/09\\\/30\\\/pronostican-precipitaciones-fuertes-en-guerrero-oaxaca-chiapas-tabasco-y-veracruz\\\/#primaryimage\",\"url\":\"https:\\\/\\\/elestataldemexico.com\\\/wp-content\\\/uploads\\\/2024\\\/09\\\/202409301400.jpg\",\"contentUrl\":\"https:\\\/\\\/elestataldemexico.com\\\/wp-content\\\/uploads\\\/2024\\\/09\\\/202409301400.jpg\",\"width\":1352,\"height\":791},{\"@type\":\"BreadcrumbList\",\"@id\":\"https:\\\/\\\/elestataldemexico.com\\\/index.php\\\/2024\\\/09\\\/30\\\/pronostican-precipitaciones-fuertes-en-guerrero-oaxaca-chiapas-tabasco-y-veracruz\\\/#breadcrumb\",\"itemListElement\":[{\"@type\":\"ListItem\",\"position\":1,\"name\":\"Portada\",\"item\":\"https:\\\/\\\/elestataldemexico.com\\\/\"},{\"@type\":\"ListItem\",\"position\":2,\"name\":\"Pronostican precipitaciones fuertes en Guerrero, Oaxaca, Chiapas, Tabasco y Veracruz\"}]},{\"@type\":\"WebSite\",\"@id\":\"https:\\\/\\\/elestataldemexico.com\\\/#website\",\"url\":\"https:\\\/\\\/elestataldemexico.com\\\/\",\"name\":\"El Estatal de M\u00e9xico\",\"description\":\"\",\"publisher\":{\"@id\":\"https:\\\/\\\/elestataldemexico.com\\\/#organization\"},\"potentialAction\":[{\"@type\":\"SearchAction\",\"target\":{\"@type\":\"EntryPoint\",\"urlTemplate\":\"https:\\\/\\\/elestataldemexico.com\\\/?s={search_term_string}\"},\"query-input\":{\"@type\":\"PropertyValueSpecification\",\"valueRequired\":true,\"valueName\":\"search_term_string\"}}],\"inLanguage\":\"es\"},{\"@type\":\"Organization\",\"@id\":\"https:\\\/\\\/elestataldemexico.com\\\/#organization\",\"name\":\"El Estatal de M\u00e9xico\",\"url\":\"https:\\\/\\\/elestataldemexico.com\\\/\",\"logo\":{\"@type\":\"ImageObject\",\"inLanguage\":\"es\",\"@id\":\"https:\\\/\\\/elestataldemexico.com\\\/#\\\/schema\\\/logo\\\/image\\\/\",\"url\":\"https:\\\/\\\/elestataldemexico.com\\\/wp-content\\\/uploads\\\/2025\\\/05\\\/cropped-elestatal.png\",\"contentUrl\":\"https:\\\/\\\/elestataldemexico.com\\\/wp-content\\\/uploads\\\/2025\\\/05\\\/cropped-elestatal.png\",\"width\":504,\"height\":97,\"caption\":\"El Estatal de M\u00e9xico\"},\"image\":{\"@id\":\"https:\\\/\\\/elestataldemexico.com\\\/#\\\/schema\\\/logo\\\/image\\\/\"}},{\"@type\":\"Person\",\"@id\":\"https:\\\/\\\/elestataldemexico.com\\\/#\\\/schema\\\/person\\\/6c7813c13d2c1571771f592f0fe866bb\",\"name\":\"admin\",\"image\":{\"@type\":\"ImageObject\",\"inLanguage\":\"es\",\"@id\":\"https:\\\/\\\/secure.gravatar.com\\\/avatar\\\/d5ed2db9923a3ad3c0a47f6b3aec7abcb43924b9322251ade16472fc06f7bb5b?s=96&d=mm&r=g\",\"url\":\"https:\\\/\\\/secure.gravatar.com\\\/avatar\\\/d5ed2db9923a3ad3c0a47f6b3aec7abcb43924b9322251ade16472fc06f7bb5b?s=96&d=mm&r=g\",\"contentUrl\":\"https:\\\/\\\/secure.gravatar.com\\\/avatar\\\/d5ed2db9923a3ad3c0a47f6b3aec7abcb43924b9322251ade16472fc06f7bb5b?s=96&d=mm&r=g\",\"caption\":\"admin\"},\"sameAs\":[\"https:\\\/\\\/elestataldemexico.com\"],\"url\":\"https:\\\/\\\/elestataldemexico.com\\\/index.php\\\/author\\\/info_qk62m3p3\\\/\"}]}<\/script>\n<!-- \/ Yoast SEO plugin. -->","yoast_head_json":{"title":"Pronostican precipitaciones fuertes en Guerrero, Oaxaca, Chiapas, Tabasco y Veracruz - El Estatal de M\u00e9xico","robots":{"index":"index","follow":"follow","max-snippet":"max-snippet:-1","max-image-preview":"max-image-preview:large","max-video-preview":"max-video-preview:-1"},"canonical":"https:\/\/elestataldemexico.com\/index.php\/2024\/09\/30\/pronostican-precipitaciones-fuertes-en-guerrero-oaxaca-chiapas-tabasco-y-veracruz\/","og_locale":"es_ES","og_type":"article","og_title":"Pronostican precipitaciones fuertes en Guerrero, Oaxaca, Chiapas, Tabasco y Veracruz - El Estatal de M\u00e9xico","og_description":"\ud83d\udd38 Prev\u00e9n lluvias intensas y temperaturas extremas en la Pen\u00ednsula de Yucat\u00e1n #NACIONAL | BUENOS D\u00cdAS \ud83c\udf1e Este","og_url":"https:\/\/elestataldemexico.com\/index.php\/2024\/09\/30\/pronostican-precipitaciones-fuertes-en-guerrero-oaxaca-chiapas-tabasco-y-veracruz\/","og_site_name":"El Estatal de M\u00e9xico","article_published_time":"2024-09-30T16:11:41+00:00","og_image":[{"width":1352,"height":791,"url":"https:\/\/elestataldemexico.com\/wp-content\/uploads\/2024\/09\/202409301400.jpg","type":"image\/jpeg"}],"author":"admin","twitter_card":"summary_large_image","twitter_misc":{"Escrito por":"admin","Tiempo de lectura":"2 minutos"},"schema":{"@context":"https:\/\/schema.org","@graph":[{"@type":"Article","@id":"https:\/\/elestataldemexico.com\/index.php\/2024\/09\/30\/pronostican-precipitaciones-fuertes-en-guerrero-oaxaca-chiapas-tabasco-y-veracruz\/#article","isPartOf":{"@id":"https:\/\/elestataldemexico.com\/index.php\/2024\/09\/30\/pronostican-precipitaciones-fuertes-en-guerrero-oaxaca-chiapas-tabasco-y-veracruz\/"},"author":{"name":"admin","@id":"https:\/\/elestataldemexico.com\/#\/schema\/person\/6c7813c13d2c1571771f592f0fe866bb"},"headline":"Pronostican precipitaciones fuertes en Guerrero, Oaxaca, Chiapas, Tabasco y Veracruz","datePublished":"2024-09-30T16:11:41+00:00","mainEntityOfPage":{"@id":"https:\/\/elestataldemexico.com\/index.php\/2024\/09\/30\/pronostican-precipitaciones-fuertes-en-guerrero-oaxaca-chiapas-tabasco-y-veracruz\/"},"wordCount":433,"commentCount":0,"publisher":{"@id":"https:\/\/elestataldemexico.com\/#organization"},"image":{"@id":"https:\/\/elestataldemexico.com\/index.php\/2024\/09\/30\/pronostican-precipitaciones-fuertes-en-guerrero-oaxaca-chiapas-tabasco-y-veracruz\/#primaryimage"},"thumbnailUrl":"https:\/\/elestataldemexico.com\/wp-content\/uploads\/2024\/09\/202409301400.jpg","articleSection":["Nacional"],"inLanguage":"es","potentialAction":[{"@type":"CommentAction","name":"Comment","target":["https:\/\/elestataldemexico.com\/index.php\/2024\/09\/30\/pronostican-precipitaciones-fuertes-en-guerrero-oaxaca-chiapas-tabasco-y-veracruz\/#respond"]}]},{"@type":"WebPage","@id":"https:\/\/elestataldemexico.com\/index.php\/2024\/09\/30\/pronostican-precipitaciones-fuertes-en-guerrero-oaxaca-chiapas-tabasco-y-veracruz\/","url":"https:\/\/elestataldemexico.com\/index.php\/2024\/09\/30\/pronostican-precipitaciones-fuertes-en-guerrero-oaxaca-chiapas-tabasco-y-veracruz\/","name":"Pronostican precipitaciones fuertes en Guerrero, Oaxaca, Chiapas, Tabasco y Veracruz - El Estatal de M\u00e9xico","isPartOf":{"@id":"https:\/\/elestataldemexico.com\/#website"},"primaryImageOfPage":{"@id":"https:\/\/elestataldemexico.com\/index.php\/2024\/09\/30\/pronostican-precipitaciones-fuertes-en-guerrero-oaxaca-chiapas-tabasco-y-veracruz\/#primaryimage"},"image":{"@id":"https:\/\/elestataldemexico.com\/index.php\/2024\/09\/30\/pronostican-precipitaciones-fuertes-en-guerrero-oaxaca-chiapas-tabasco-y-veracruz\/#primaryimage"},"thumbnailUrl":"https:\/\/elestataldemexico.com\/wp-content\/uploads\/2024\/09\/202409301400.jpg","datePublished":"2024-09-30T16:11:41+00:00","breadcrumb":{"@id":"https:\/\/elestataldemexico.com\/index.php\/2024\/09\/30\/pronostican-precipitaciones-fuertes-en-guerrero-oaxaca-chiapas-tabasco-y-veracruz\/#breadcrumb"},"inLanguage":"es","potentialAction":[{"@type":"ReadAction","target":["https:\/\/elestataldemexico.com\/index.php\/2024\/09\/30\/pronostican-precipitaciones-fuertes-en-guerrero-oaxaca-chiapas-tabasco-y-veracruz\/"]}]},{"@type":"ImageObject","inLanguage":"es","@id":"https:\/\/elestataldemexico.com\/index.php\/2024\/09\/30\/pronostican-precipitaciones-fuertes-en-guerrero-oaxaca-chiapas-tabasco-y-veracruz\/#primaryimage","url":"https:\/\/elestataldemexico.com\/wp-content\/uploads\/2024\/09\/202409301400.jpg","contentUrl":"https:\/\/elestataldemexico.com\/wp-content\/uploads\/2024\/09\/202409301400.jpg","width":1352,"height":791},{"@type":"BreadcrumbList","@id":"https:\/\/elestataldemexico.com\/index.php\/2024\/09\/30\/pronostican-precipitaciones-fuertes-en-guerrero-oaxaca-chiapas-tabasco-y-veracruz\/#breadcrumb","itemListElement":[{"@type":"ListItem","position":1,"name":"Portada","item":"https:\/\/elestataldemexico.com\/"},{"@type":"ListItem","position":2,"name":"Pronostican precipitaciones fuertes en Guerrero, Oaxaca, Chiapas, Tabasco y Veracruz"}]},{"@type":"WebSite","@id":"https:\/\/elestataldemexico.com\/#website","url":"https:\/\/elestataldemexico.com\/","name":"El Estatal de M\u00e9xico","description":"","publisher":{"@id":"https:\/\/elestataldemexico.com\/#organization"},"potentialAction":[{"@type":"SearchAction","target":{"@type":"EntryPoint","urlTemplate":"https:\/\/elestataldemexico.com\/?s={search_term_string}"},"query-input":{"@type":"PropertyValueSpecification","valueRequired":true,"valueName":"search_term_string"}}],"inLanguage":"es"},{"@type":"Organization","@id":"https:\/\/elestataldemexico.com\/#organization","name":"El Estatal de M\u00e9xico","url":"https:\/\/elestataldemexico.com\/","logo":{"@type":"ImageObject","inLanguage":"es","@id":"https:\/\/elestataldemexico.com\/#\/schema\/logo\/image\/","url":"https:\/\/elestataldemexico.com\/wp-content\/uploads\/2025\/05\/cropped-elestatal.png","contentUrl":"https:\/\/elestataldemexico.com\/wp-content\/uploads\/2025\/05\/cropped-elestatal.png","width":504,"height":97,"caption":"El Estatal de M\u00e9xico"},"image":{"@id":"https:\/\/elestataldemexico.com\/#\/schema\/logo\/image\/"}},{"@type":"Person","@id":"https:\/\/elestataldemexico.com\/#\/schema\/person\/6c7813c13d2c1571771f592f0fe866bb","name":"admin","image":{"@type":"ImageObject","inLanguage":"es","@id":"https:\/\/secure.gravatar.com\/avatar\/d5ed2db9923a3ad3c0a47f6b3aec7abcb43924b9322251ade16472fc06f7bb5b?s=96&d=mm&r=g","url":"https:\/\/secure.gravatar.com\/avatar\/d5ed2db9923a3ad3c0a47f6b3aec7abcb43924b9322251ade16472fc06f7bb5b?s=96&d=mm&r=g","contentUrl":"https:\/\/secure.gravatar.com\/avatar\/d5ed2db9923a3ad3c0a47f6b3aec7abcb43924b9322251ade16472fc06f7bb5b?s=96&d=mm&r=g","caption":"admin"},"sameAs":["https:\/\/elestataldemexico.com"],"url":"https:\/\/elestataldemexico.com\/index.php\/author\/info_qk62m3p3\/"}]}},"_links":{"self":[{"href":"https:\/\/elestataldemexico.com\/index.php\/wp-json\/wp\/v2\/posts\/24418","targetHints":{"allow":["GET"]}}],"collection":[{"href":"https:\/\/elestataldemexico.com\/index.php\/wp-json\/wp\/v2\/posts"}],"about":[{"href":"https:\/\/elestataldemexico.com\/index.php\/wp-json\/wp\/v2\/types\/post"}],"author":[{"embeddable":true,"href":"https:\/\/elestataldemexico.com\/index.php\/wp-json\/wp\/v2\/users\/1"}],"replies":[{"embeddable":true,"href":"https:\/\/elestataldemexico.com\/index.php\/wp-json\/wp\/v2\/comments?post=24418"}],"version-history":[{"count":0,"href":"https:\/\/elestataldemexico.com\/index.php\/wp-json\/wp\/v2\/posts\/24418\/revisions"}],"wp:featuredmedia":[{"embeddable":true,"href":"https:\/\/elestataldemexico.com\/index.php\/wp-json\/wp\/v2\/media\/24420"}],"wp:attachment":[{"href":"https:\/\/elestataldemexico.com\/index.php\/wp-json\/wp\/v2\/media?parent=24418"}],"wp:term":[{"taxonomy":"category","embeddable":true,"href":"https:\/\/elestataldemexico.com\/index.php\/wp-json\/wp\/v2\/categories?post=24418"},{"taxonomy":"post_tag","embeddable":true,"href":"https:\/\/elestataldemexico.com\/index.php\/wp-json\/wp\/v2\/tags?post=24418"}],"curies":[{"name":"wp","href":"https:\/\/api.w.org\/{rel}","templated":true}]}}