{"id":24233,"date":"2024-09-22T10:30:08","date_gmt":"2024-09-22T15:30:08","guid":{"rendered":"https:\/\/podernacional.com\/?p=24233"},"modified":"2024-09-22T10:30:08","modified_gmt":"2024-09-22T15:30:08","slug":"el-calor-de-cancun-se-adjudica-el-triunfo-en-el-primer-duelo-ante-correcaminos-de-la-uat-victoria","status":"publish","type":"post","link":"https:\/\/elestataldemexico.com\/index.php\/2024\/09\/22\/el-calor-de-cancun-se-adjudica-el-triunfo-en-el-primer-duelo-ante-correcaminos-de-la-uat-victoria\/","title":{"rendered":"\u00a1El Calor de Canc\u00fan se adjudica el triunfo en el primer duelo ante Correcaminos de la UAT Victoria!"},"content":{"rendered":"<p>\ud83d\udd38 El equipo quintanarroense mantuvo el control de todo el encuentro para cerrar con una victoria de 76-81<\/p>\n<p>#DEPORTES Joseph \u201cJoe\u201d Lawson tuvo una noche bastante productiva y fue quien guio a El Calor de Canc\u00fan para lograr un triunfo de 76-81 sobre los Correcaminos de la UAT Victoria, en lo que fue el primer duelo de la Serie 12 correspondiente a la Temporada 2024 de la Liga Caliente.Mx LNBP y que se celebr\u00f3 en el Estadio Multidisciplinario de la UAT.<\/p>\n<p>Los dirigidos por \u201cPepe\u201d Pidal sigue motivados tras pasada victoria sobre Dorados y con un ataque muy consistente lograron ligar su segundo triunfo consecutivo.<\/p>\n<p>Desde el primer cuarto, el equipo cancunense se fue al ataque neutralizando a los Correcaminos, aqu\u00ed resaltaron Heissler Guillent, Ra\u00fal Delgado, Luciano Guerra y Joseph Lawson, quienes fueron efectivos en sus tiros de tres puntos, para poner la pizarra 14-28.<\/p>\n<p>Para el segundo parcial, Correcaminos mejor\u00f3 en su ataque y comandados por Kameron Hankerson se fueron acercando en el marcador; El Calor mantuvo su efectividad y aumentaron la ventaja dejando la pizarra 30-42 y as\u00ed irse al descanso.<\/p>\n<p>El tercer cuarto fue el m\u00e1s parejo, Correcaminos hizo 23 puntos y El Calor cosech\u00f3 22 unidades; por lo que la situaci\u00f3n se puso 53-64, manteniendo la ventaja para el conjunto cancunense.<\/p>\n<p>Ya para el cuarto y \u00faltimo parcial, el conjunto tamaulipeco sigui\u00f3 ejerciendo presi\u00f3n, pero aqu\u00ed resalt\u00f3 Joe Lawson quien hizo siete puntos para seguir aportando a la causa y con ello llevar por el camino de la victoria a El Calor, que al final sell\u00f3 el triunfo con un 76-81.<\/p>\n<p>Joseph \u201cJoe\u201d Lawson fue el mejor jugador por El Calor al anotar 20 puntos, le sigui\u00f3 Arinze Chidom con 15 y Egidijus \u201cIggy\u201d Mockevicius con 13; mientras que Correcaminos resaltaron Kameron Hankerson con 33 unidades, adem\u00e1s de Manuel Hern\u00e1ndez y Trendon Hankerson cada uno con 11.<\/p>\n<p>&nbsp;<\/p>\n<p>La actividad de esta esta serie continuar\u00e1 este domingo 22 de septiembre, cuando se juegue el segundo encuentro en el mismo Estadio Multidisciplinario de la UAT, compromiso pactado para las 19:00 horas local, 20:00 tiempo de Quintana Roo.<\/p>\n","protected":false},"excerpt":{"rendered":"<p>\ud83d\udd38 El equipo quintanarroense mantuvo el control de todo el encuentro para cerrar con una victoria de 76-81<\/p>\n","protected":false},"author":1,"featured_media":24235,"comment_status":"open","ping_status":"closed","sticky":false,"template":"","format":"standard","meta":{"footnotes":""},"categories":[12],"tags":[],"class_list":["post-24233","post","type-post","status-publish","format-standard","has-post-thumbnail","hentry","category-deportes"],"yoast_head":"<!-- This site is optimized with the Yoast SEO plugin v27.5 - https:\/\/yoast.com\/product\/yoast-seo-wordpress\/ -->\n<title>\u00a1El Calor de Canc\u00fan se adjudica el triunfo en el primer duelo ante Correcaminos de la UAT Victoria! - El Estatal de M\u00e9xico<\/title>\n<meta name=\"robots\" content=\"index, follow, max-snippet:-1, max-image-preview:large, max-video-preview:-1\" \/>\n<link rel=\"canonical\" href=\"https:\/\/elestataldemexico.com\/index.php\/2024\/09\/22\/el-calor-de-cancun-se-adjudica-el-triunfo-en-el-primer-duelo-ante-correcaminos-de-la-uat-victoria\/\" \/>\n<meta property=\"og:locale\" content=\"es_ES\" \/>\n<meta property=\"og:type\" content=\"article\" \/>\n<meta property=\"og:title\" content=\"\u00a1El Calor de Canc\u00fan se adjudica el triunfo en el primer duelo ante Correcaminos de la UAT Victoria! - El Estatal de M\u00e9xico\" \/>\n<meta property=\"og:description\" content=\"\ud83d\udd38 El equipo quintanarroense mantuvo el control de todo el encuentro para cerrar con una victoria de 76-81\" \/>\n<meta property=\"og:url\" content=\"https:\/\/elestataldemexico.com\/index.php\/2024\/09\/22\/el-calor-de-cancun-se-adjudica-el-triunfo-en-el-primer-duelo-ante-correcaminos-de-la-uat-victoria\/\" \/>\n<meta property=\"og:site_name\" content=\"El Estatal de M\u00e9xico\" \/>\n<meta property=\"article:published_time\" content=\"2024-09-22T15:30:08+00:00\" \/>\n<meta property=\"og:image\" content=\"https:\/\/elestataldemexico.com\/wp-content\/uploads\/2024\/09\/WhatsApp-Image-2024-09-21-at-22.21.47.jpeg\" \/>\n\t<meta property=\"og:image:width\" content=\"1066\" \/>\n\t<meta property=\"og:image:height\" content=\"1600\" \/>\n\t<meta property=\"og:image:type\" content=\"image\/jpeg\" \/>\n<meta name=\"author\" content=\"admin\" \/>\n<meta name=\"twitter:card\" content=\"summary_large_image\" \/>\n<meta name=\"twitter:label1\" content=\"Escrito por\" \/>\n\t<meta name=\"twitter:data1\" content=\"admin\" \/>\n\t<meta name=\"twitter:label2\" content=\"Tiempo de lectura\" \/>\n\t<meta name=\"twitter:data2\" content=\"2 minutos\" \/>\n<script type=\"application\/ld+json\" class=\"yoast-schema-graph\">{\"@context\":\"https:\\\/\\\/schema.org\",\"@graph\":[{\"@type\":\"Article\",\"@id\":\"https:\\\/\\\/elestataldemexico.com\\\/index.php\\\/2024\\\/09\\\/22\\\/el-calor-de-cancun-se-adjudica-el-triunfo-en-el-primer-duelo-ante-correcaminos-de-la-uat-victoria\\\/#article\",\"isPartOf\":{\"@id\":\"https:\\\/\\\/elestataldemexico.com\\\/index.php\\\/2024\\\/09\\\/22\\\/el-calor-de-cancun-se-adjudica-el-triunfo-en-el-primer-duelo-ante-correcaminos-de-la-uat-victoria\\\/\"},\"author\":{\"name\":\"admin\",\"@id\":\"https:\\\/\\\/elestataldemexico.com\\\/#\\\/schema\\\/person\\\/6c7813c13d2c1571771f592f0fe866bb\"},\"headline\":\"\u00a1El Calor de Canc\u00fan se adjudica el triunfo en el primer duelo ante Correcaminos de la UAT Victoria!\",\"datePublished\":\"2024-09-22T15:30:08+00:00\",\"mainEntityOfPage\":{\"@id\":\"https:\\\/\\\/elestataldemexico.com\\\/index.php\\\/2024\\\/09\\\/22\\\/el-calor-de-cancun-se-adjudica-el-triunfo-en-el-primer-duelo-ante-correcaminos-de-la-uat-victoria\\\/\"},\"wordCount\":364,\"commentCount\":0,\"publisher\":{\"@id\":\"https:\\\/\\\/elestataldemexico.com\\\/#organization\"},\"image\":{\"@id\":\"https:\\\/\\\/elestataldemexico.com\\\/index.php\\\/2024\\\/09\\\/22\\\/el-calor-de-cancun-se-adjudica-el-triunfo-en-el-primer-duelo-ante-correcaminos-de-la-uat-victoria\\\/#primaryimage\"},\"thumbnailUrl\":\"https:\\\/\\\/elestataldemexico.com\\\/wp-content\\\/uploads\\\/2024\\\/09\\\/WhatsApp-Image-2024-09-21-at-22.21.47.jpeg\",\"articleSection\":[\"Deportes\"],\"inLanguage\":\"es\",\"potentialAction\":[{\"@type\":\"CommentAction\",\"name\":\"Comment\",\"target\":[\"https:\\\/\\\/elestataldemexico.com\\\/index.php\\\/2024\\\/09\\\/22\\\/el-calor-de-cancun-se-adjudica-el-triunfo-en-el-primer-duelo-ante-correcaminos-de-la-uat-victoria\\\/#respond\"]}]},{\"@type\":\"WebPage\",\"@id\":\"https:\\\/\\\/elestataldemexico.com\\\/index.php\\\/2024\\\/09\\\/22\\\/el-calor-de-cancun-se-adjudica-el-triunfo-en-el-primer-duelo-ante-correcaminos-de-la-uat-victoria\\\/\",\"url\":\"https:\\\/\\\/elestataldemexico.com\\\/index.php\\\/2024\\\/09\\\/22\\\/el-calor-de-cancun-se-adjudica-el-triunfo-en-el-primer-duelo-ante-correcaminos-de-la-uat-victoria\\\/\",\"name\":\"\u00a1El Calor de Canc\u00fan se adjudica el triunfo en el primer duelo ante Correcaminos de la UAT Victoria! - El Estatal de M\u00e9xico\",\"isPartOf\":{\"@id\":\"https:\\\/\\\/elestataldemexico.com\\\/#website\"},\"primaryImageOfPage\":{\"@id\":\"https:\\\/\\\/elestataldemexico.com\\\/index.php\\\/2024\\\/09\\\/22\\\/el-calor-de-cancun-se-adjudica-el-triunfo-en-el-primer-duelo-ante-correcaminos-de-la-uat-victoria\\\/#primaryimage\"},\"image\":{\"@id\":\"https:\\\/\\\/elestataldemexico.com\\\/index.php\\\/2024\\\/09\\\/22\\\/el-calor-de-cancun-se-adjudica-el-triunfo-en-el-primer-duelo-ante-correcaminos-de-la-uat-victoria\\\/#primaryimage\"},\"thumbnailUrl\":\"https:\\\/\\\/elestataldemexico.com\\\/wp-content\\\/uploads\\\/2024\\\/09\\\/WhatsApp-Image-2024-09-21-at-22.21.47.jpeg\",\"datePublished\":\"2024-09-22T15:30:08+00:00\",\"breadcrumb\":{\"@id\":\"https:\\\/\\\/elestataldemexico.com\\\/index.php\\\/2024\\\/09\\\/22\\\/el-calor-de-cancun-se-adjudica-el-triunfo-en-el-primer-duelo-ante-correcaminos-de-la-uat-victoria\\\/#breadcrumb\"},\"inLanguage\":\"es\",\"potentialAction\":[{\"@type\":\"ReadAction\",\"target\":[\"https:\\\/\\\/elestataldemexico.com\\\/index.php\\\/2024\\\/09\\\/22\\\/el-calor-de-cancun-se-adjudica-el-triunfo-en-el-primer-duelo-ante-correcaminos-de-la-uat-victoria\\\/\"]}]},{\"@type\":\"ImageObject\",\"inLanguage\":\"es\",\"@id\":\"https:\\\/\\\/elestataldemexico.com\\\/index.php\\\/2024\\\/09\\\/22\\\/el-calor-de-cancun-se-adjudica-el-triunfo-en-el-primer-duelo-ante-correcaminos-de-la-uat-victoria\\\/#primaryimage\",\"url\":\"https:\\\/\\\/elestataldemexico.com\\\/wp-content\\\/uploads\\\/2024\\\/09\\\/WhatsApp-Image-2024-09-21-at-22.21.47.jpeg\",\"contentUrl\":\"https:\\\/\\\/elestataldemexico.com\\\/wp-content\\\/uploads\\\/2024\\\/09\\\/WhatsApp-Image-2024-09-21-at-22.21.47.jpeg\",\"width\":1066,\"height\":1600},{\"@type\":\"BreadcrumbList\",\"@id\":\"https:\\\/\\\/elestataldemexico.com\\\/index.php\\\/2024\\\/09\\\/22\\\/el-calor-de-cancun-se-adjudica-el-triunfo-en-el-primer-duelo-ante-correcaminos-de-la-uat-victoria\\\/#breadcrumb\",\"itemListElement\":[{\"@type\":\"ListItem\",\"position\":1,\"name\":\"Portada\",\"item\":\"https:\\\/\\\/elestataldemexico.com\\\/\"},{\"@type\":\"ListItem\",\"position\":2,\"name\":\"\u00a1El Calor de Canc\u00fan se adjudica el triunfo en el primer duelo ante Correcaminos de la UAT Victoria!\"}]},{\"@type\":\"WebSite\",\"@id\":\"https:\\\/\\\/elestataldemexico.com\\\/#website\",\"url\":\"https:\\\/\\\/elestataldemexico.com\\\/\",\"name\":\"El Estatal de M\u00e9xico\",\"description\":\"\",\"publisher\":{\"@id\":\"https:\\\/\\\/elestataldemexico.com\\\/#organization\"},\"potentialAction\":[{\"@type\":\"SearchAction\",\"target\":{\"@type\":\"EntryPoint\",\"urlTemplate\":\"https:\\\/\\\/elestataldemexico.com\\\/?s={search_term_string}\"},\"query-input\":{\"@type\":\"PropertyValueSpecification\",\"valueRequired\":true,\"valueName\":\"search_term_string\"}}],\"inLanguage\":\"es\"},{\"@type\":\"Organization\",\"@id\":\"https:\\\/\\\/elestataldemexico.com\\\/#organization\",\"name\":\"El Estatal de M\u00e9xico\",\"url\":\"https:\\\/\\\/elestataldemexico.com\\\/\",\"logo\":{\"@type\":\"ImageObject\",\"inLanguage\":\"es\",\"@id\":\"https:\\\/\\\/elestataldemexico.com\\\/#\\\/schema\\\/logo\\\/image\\\/\",\"url\":\"https:\\\/\\\/elestataldemexico.com\\\/wp-content\\\/uploads\\\/2025\\\/05\\\/cropped-elestatal.png\",\"contentUrl\":\"https:\\\/\\\/elestataldemexico.com\\\/wp-content\\\/uploads\\\/2025\\\/05\\\/cropped-elestatal.png\",\"width\":504,\"height\":97,\"caption\":\"El Estatal de M\u00e9xico\"},\"image\":{\"@id\":\"https:\\\/\\\/elestataldemexico.com\\\/#\\\/schema\\\/logo\\\/image\\\/\"}},{\"@type\":\"Person\",\"@id\":\"https:\\\/\\\/elestataldemexico.com\\\/#\\\/schema\\\/person\\\/6c7813c13d2c1571771f592f0fe866bb\",\"name\":\"admin\",\"image\":{\"@type\":\"ImageObject\",\"inLanguage\":\"es\",\"@id\":\"https:\\\/\\\/secure.gravatar.com\\\/avatar\\\/d5ed2db9923a3ad3c0a47f6b3aec7abcb43924b9322251ade16472fc06f7bb5b?s=96&d=mm&r=g\",\"url\":\"https:\\\/\\\/secure.gravatar.com\\\/avatar\\\/d5ed2db9923a3ad3c0a47f6b3aec7abcb43924b9322251ade16472fc06f7bb5b?s=96&d=mm&r=g\",\"contentUrl\":\"https:\\\/\\\/secure.gravatar.com\\\/avatar\\\/d5ed2db9923a3ad3c0a47f6b3aec7abcb43924b9322251ade16472fc06f7bb5b?s=96&d=mm&r=g\",\"caption\":\"admin\"},\"sameAs\":[\"https:\\\/\\\/elestataldemexico.com\"],\"url\":\"https:\\\/\\\/elestataldemexico.com\\\/index.php\\\/author\\\/info_qk62m3p3\\\/\"}]}<\/script>\n<!-- \/ Yoast SEO plugin. -->","yoast_head_json":{"title":"\u00a1El Calor de Canc\u00fan se adjudica el triunfo en el primer duelo ante Correcaminos de la UAT Victoria! - El Estatal de M\u00e9xico","robots":{"index":"index","follow":"follow","max-snippet":"max-snippet:-1","max-image-preview":"max-image-preview:large","max-video-preview":"max-video-preview:-1"},"canonical":"https:\/\/elestataldemexico.com\/index.php\/2024\/09\/22\/el-calor-de-cancun-se-adjudica-el-triunfo-en-el-primer-duelo-ante-correcaminos-de-la-uat-victoria\/","og_locale":"es_ES","og_type":"article","og_title":"\u00a1El Calor de Canc\u00fan se adjudica el triunfo en el primer duelo ante Correcaminos de la UAT Victoria! - El Estatal de M\u00e9xico","og_description":"\ud83d\udd38 El equipo quintanarroense mantuvo el control de todo el encuentro para cerrar con una victoria de 76-81","og_url":"https:\/\/elestataldemexico.com\/index.php\/2024\/09\/22\/el-calor-de-cancun-se-adjudica-el-triunfo-en-el-primer-duelo-ante-correcaminos-de-la-uat-victoria\/","og_site_name":"El Estatal de M\u00e9xico","article_published_time":"2024-09-22T15:30:08+00:00","og_image":[{"width":1066,"height":1600,"url":"https:\/\/elestataldemexico.com\/wp-content\/uploads\/2024\/09\/WhatsApp-Image-2024-09-21-at-22.21.47.jpeg","type":"image\/jpeg"}],"author":"admin","twitter_card":"summary_large_image","twitter_misc":{"Escrito por":"admin","Tiempo de lectura":"2 minutos"},"schema":{"@context":"https:\/\/schema.org","@graph":[{"@type":"Article","@id":"https:\/\/elestataldemexico.com\/index.php\/2024\/09\/22\/el-calor-de-cancun-se-adjudica-el-triunfo-en-el-primer-duelo-ante-correcaminos-de-la-uat-victoria\/#article","isPartOf":{"@id":"https:\/\/elestataldemexico.com\/index.php\/2024\/09\/22\/el-calor-de-cancun-se-adjudica-el-triunfo-en-el-primer-duelo-ante-correcaminos-de-la-uat-victoria\/"},"author":{"name":"admin","@id":"https:\/\/elestataldemexico.com\/#\/schema\/person\/6c7813c13d2c1571771f592f0fe866bb"},"headline":"\u00a1El Calor de Canc\u00fan se adjudica el triunfo en el primer duelo ante Correcaminos de la UAT Victoria!","datePublished":"2024-09-22T15:30:08+00:00","mainEntityOfPage":{"@id":"https:\/\/elestataldemexico.com\/index.php\/2024\/09\/22\/el-calor-de-cancun-se-adjudica-el-triunfo-en-el-primer-duelo-ante-correcaminos-de-la-uat-victoria\/"},"wordCount":364,"commentCount":0,"publisher":{"@id":"https:\/\/elestataldemexico.com\/#organization"},"image":{"@id":"https:\/\/elestataldemexico.com\/index.php\/2024\/09\/22\/el-calor-de-cancun-se-adjudica-el-triunfo-en-el-primer-duelo-ante-correcaminos-de-la-uat-victoria\/#primaryimage"},"thumbnailUrl":"https:\/\/elestataldemexico.com\/wp-content\/uploads\/2024\/09\/WhatsApp-Image-2024-09-21-at-22.21.47.jpeg","articleSection":["Deportes"],"inLanguage":"es","potentialAction":[{"@type":"CommentAction","name":"Comment","target":["https:\/\/elestataldemexico.com\/index.php\/2024\/09\/22\/el-calor-de-cancun-se-adjudica-el-triunfo-en-el-primer-duelo-ante-correcaminos-de-la-uat-victoria\/#respond"]}]},{"@type":"WebPage","@id":"https:\/\/elestataldemexico.com\/index.php\/2024\/09\/22\/el-calor-de-cancun-se-adjudica-el-triunfo-en-el-primer-duelo-ante-correcaminos-de-la-uat-victoria\/","url":"https:\/\/elestataldemexico.com\/index.php\/2024\/09\/22\/el-calor-de-cancun-se-adjudica-el-triunfo-en-el-primer-duelo-ante-correcaminos-de-la-uat-victoria\/","name":"\u00a1El Calor de Canc\u00fan se adjudica el triunfo en el primer duelo ante Correcaminos de la UAT Victoria! - El Estatal de M\u00e9xico","isPartOf":{"@id":"https:\/\/elestataldemexico.com\/#website"},"primaryImageOfPage":{"@id":"https:\/\/elestataldemexico.com\/index.php\/2024\/09\/22\/el-calor-de-cancun-se-adjudica-el-triunfo-en-el-primer-duelo-ante-correcaminos-de-la-uat-victoria\/#primaryimage"},"image":{"@id":"https:\/\/elestataldemexico.com\/index.php\/2024\/09\/22\/el-calor-de-cancun-se-adjudica-el-triunfo-en-el-primer-duelo-ante-correcaminos-de-la-uat-victoria\/#primaryimage"},"thumbnailUrl":"https:\/\/elestataldemexico.com\/wp-content\/uploads\/2024\/09\/WhatsApp-Image-2024-09-21-at-22.21.47.jpeg","datePublished":"2024-09-22T15:30:08+00:00","breadcrumb":{"@id":"https:\/\/elestataldemexico.com\/index.php\/2024\/09\/22\/el-calor-de-cancun-se-adjudica-el-triunfo-en-el-primer-duelo-ante-correcaminos-de-la-uat-victoria\/#breadcrumb"},"inLanguage":"es","potentialAction":[{"@type":"ReadAction","target":["https:\/\/elestataldemexico.com\/index.php\/2024\/09\/22\/el-calor-de-cancun-se-adjudica-el-triunfo-en-el-primer-duelo-ante-correcaminos-de-la-uat-victoria\/"]}]},{"@type":"ImageObject","inLanguage":"es","@id":"https:\/\/elestataldemexico.com\/index.php\/2024\/09\/22\/el-calor-de-cancun-se-adjudica-el-triunfo-en-el-primer-duelo-ante-correcaminos-de-la-uat-victoria\/#primaryimage","url":"https:\/\/elestataldemexico.com\/wp-content\/uploads\/2024\/09\/WhatsApp-Image-2024-09-21-at-22.21.47.jpeg","contentUrl":"https:\/\/elestataldemexico.com\/wp-content\/uploads\/2024\/09\/WhatsApp-Image-2024-09-21-at-22.21.47.jpeg","width":1066,"height":1600},{"@type":"BreadcrumbList","@id":"https:\/\/elestataldemexico.com\/index.php\/2024\/09\/22\/el-calor-de-cancun-se-adjudica-el-triunfo-en-el-primer-duelo-ante-correcaminos-de-la-uat-victoria\/#breadcrumb","itemListElement":[{"@type":"ListItem","position":1,"name":"Portada","item":"https:\/\/elestataldemexico.com\/"},{"@type":"ListItem","position":2,"name":"\u00a1El Calor de Canc\u00fan se adjudica el triunfo en el primer duelo ante Correcaminos de la UAT Victoria!"}]},{"@type":"WebSite","@id":"https:\/\/elestataldemexico.com\/#website","url":"https:\/\/elestataldemexico.com\/","name":"El Estatal de M\u00e9xico","description":"","publisher":{"@id":"https:\/\/elestataldemexico.com\/#organization"},"potentialAction":[{"@type":"SearchAction","target":{"@type":"EntryPoint","urlTemplate":"https:\/\/elestataldemexico.com\/?s={search_term_string}"},"query-input":{"@type":"PropertyValueSpecification","valueRequired":true,"valueName":"search_term_string"}}],"inLanguage":"es"},{"@type":"Organization","@id":"https:\/\/elestataldemexico.com\/#organization","name":"El Estatal de M\u00e9xico","url":"https:\/\/elestataldemexico.com\/","logo":{"@type":"ImageObject","inLanguage":"es","@id":"https:\/\/elestataldemexico.com\/#\/schema\/logo\/image\/","url":"https:\/\/elestataldemexico.com\/wp-content\/uploads\/2025\/05\/cropped-elestatal.png","contentUrl":"https:\/\/elestataldemexico.com\/wp-content\/uploads\/2025\/05\/cropped-elestatal.png","width":504,"height":97,"caption":"El Estatal de M\u00e9xico"},"image":{"@id":"https:\/\/elestataldemexico.com\/#\/schema\/logo\/image\/"}},{"@type":"Person","@id":"https:\/\/elestataldemexico.com\/#\/schema\/person\/6c7813c13d2c1571771f592f0fe866bb","name":"admin","image":{"@type":"ImageObject","inLanguage":"es","@id":"https:\/\/secure.gravatar.com\/avatar\/d5ed2db9923a3ad3c0a47f6b3aec7abcb43924b9322251ade16472fc06f7bb5b?s=96&d=mm&r=g","url":"https:\/\/secure.gravatar.com\/avatar\/d5ed2db9923a3ad3c0a47f6b3aec7abcb43924b9322251ade16472fc06f7bb5b?s=96&d=mm&r=g","contentUrl":"https:\/\/secure.gravatar.com\/avatar\/d5ed2db9923a3ad3c0a47f6b3aec7abcb43924b9322251ade16472fc06f7bb5b?s=96&d=mm&r=g","caption":"admin"},"sameAs":["https:\/\/elestataldemexico.com"],"url":"https:\/\/elestataldemexico.com\/index.php\/author\/info_qk62m3p3\/"}]}},"_links":{"self":[{"href":"https:\/\/elestataldemexico.com\/index.php\/wp-json\/wp\/v2\/posts\/24233","targetHints":{"allow":["GET"]}}],"collection":[{"href":"https:\/\/elestataldemexico.com\/index.php\/wp-json\/wp\/v2\/posts"}],"about":[{"href":"https:\/\/elestataldemexico.com\/index.php\/wp-json\/wp\/v2\/types\/post"}],"author":[{"embeddable":true,"href":"https:\/\/elestataldemexico.com\/index.php\/wp-json\/wp\/v2\/users\/1"}],"replies":[{"embeddable":true,"href":"https:\/\/elestataldemexico.com\/index.php\/wp-json\/wp\/v2\/comments?post=24233"}],"version-history":[{"count":0,"href":"https:\/\/elestataldemexico.com\/index.php\/wp-json\/wp\/v2\/posts\/24233\/revisions"}],"wp:featuredmedia":[{"embeddable":true,"href":"https:\/\/elestataldemexico.com\/index.php\/wp-json\/wp\/v2\/media\/24235"}],"wp:attachment":[{"href":"https:\/\/elestataldemexico.com\/index.php\/wp-json\/wp\/v2\/media?parent=24233"}],"wp:term":[{"taxonomy":"category","embeddable":true,"href":"https:\/\/elestataldemexico.com\/index.php\/wp-json\/wp\/v2\/categories?post=24233"},{"taxonomy":"post_tag","embeddable":true,"href":"https:\/\/elestataldemexico.com\/index.php\/wp-json\/wp\/v2\/tags?post=24233"}],"curies":[{"name":"wp","href":"https:\/\/api.w.org\/{rel}","templated":true}]}}