{"id":24206,"date":"2024-09-21T23:08:25","date_gmt":"2024-09-22T04:08:25","guid":{"rendered":"https:\/\/podernacional.com\/?p=24206"},"modified":"2024-09-21T23:08:25","modified_gmt":"2024-09-22T04:08:25","slug":"arath-de-la-torre-lanza-advertencia-a-potro-caballero-al-terminar-lcdfl-nos-vamos-a-comer-un-pollito","status":"publish","type":"post","link":"https:\/\/elestataldemexico.com\/index.php\/2024\/09\/21\/arath-de-la-torre-lanza-advertencia-a-potro-caballero-al-terminar-lcdfl-nos-vamos-a-comer-un-pollito\/","title":{"rendered":"Arath de la Torre lanza advertencia a &#8216;Potro&#8217; Caballero al terminar &#8216;LCDFL&#8217;: \u00abNos vamos a comer un pollito\u00bb"},"content":{"rendered":"<p>\ud83d\udd38 A pocas semanas de que concluya \u2018La Casa de los Famosos\u2019, Arath de la Torre lanza un comentario a \u2018Potro\u2019 para terminar una charla pendiente.<\/p>\n<p>#ESPECT\u00c1CULOS | Durante una charla con Mario Bezares y Gala Montes, el famoso actor y conductor de televisi\u00f3n coment\u00f3 que al salir de La Casa de los Famosos, estar\u00eda buscando a Luis \u2018Potro\u2019 Caballero, para conversar al respecto de lo suscitado dentro del programa; aqu\u00ed te contamos los detalles.<\/p>\n<p>El famoso reality show ha sido uno de los m\u00e1s conflictivos y pol\u00e9micos hasta el momento, pues los participantes del programa se han envuelto en un sinf\u00edn de discusiones, ataques verbales y se realizaron diferentes actitudes abusivas entre ellos; sin embargo, a unos les ha afectado m\u00e1s que a otros durante su estancia en el mismo.<\/p>\n<p>Es a trav\u00e9s de la plataforma X, antes Twitter, que \u00e9ste momento se ha viralizado en redes, pues usuarios han compartido un momento exacto donde Arath de la Torre dijo que al salir del programa buscar\u00eda a \u2018Potro\u2019 para entablar una pl\u00e1tica que tienen pendiente.<\/p>\n<p>La explicaci\u00f3n de \u00e9sta problem\u00e1tica es debido a que, en cierta forma, Arath guarda rencor con el famoso, pues seg\u00fan palabras del mismo arath, \u00e9ste habr\u00eda compartido informaci\u00f3n sensible de \u00e9l al &#8216;innombrable&#8217; (Adri\u00e1n Marcelo), por lo que estar\u00eda buscando arreglar las cosas.<\/p>\n<p>Sin embargo, \u2018Mayito\u2019 y Gala Montes intervinieron para evitar que \u00e9ste se busque un problema, a lo que Arath mencion\u00f3 que, aunque no hable con \u00e9l, de todas formas estar\u00eda buscando darle una lecci\u00f3n por lo cometido.<\/p>\n<p>\u201cTu y yo nos vamos a comer un pollito \u2018Potrito\u2019 pero bueno, bueno [&#8230;] fue de chismoso conmigo con el innombrable [&#8230;] No tiene caso, nada m\u00e1s nos vamos a echar un Padel y te voy a met** la rea** pero hasta adentro, para que sientas\u201d, mencion\u00f3 Arath.<\/p>\n","protected":false},"excerpt":{"rendered":"<p>\ud83d\udd38 A pocas semanas de que concluya \u2018La Casa de los Famosos\u2019, Arath de la Torre lanza un<\/p>\n","protected":false},"author":1,"featured_media":24208,"comment_status":"open","ping_status":"closed","sticky":false,"template":"","format":"standard","meta":{"footnotes":""},"categories":[11],"tags":[],"class_list":["post-24206","post","type-post","status-publish","format-standard","has-post-thumbnail","hentry","category-espectaculos"],"yoast_head":"<!-- This site is optimized with the Yoast SEO plugin v27.5 - https:\/\/yoast.com\/product\/yoast-seo-wordpress\/ -->\n<title>Arath de la Torre lanza advertencia a &#039;Potro&#039; Caballero al terminar &#039;LCDFL&#039;: &quot;Nos vamos a comer un pollito&quot; - El Estatal de M\u00e9xico<\/title>\n<meta name=\"robots\" content=\"index, follow, max-snippet:-1, max-image-preview:large, max-video-preview:-1\" \/>\n<link rel=\"canonical\" href=\"https:\/\/elestataldemexico.com\/index.php\/2024\/09\/21\/arath-de-la-torre-lanza-advertencia-a-potro-caballero-al-terminar-lcdfl-nos-vamos-a-comer-un-pollito\/\" \/>\n<meta property=\"og:locale\" content=\"es_ES\" \/>\n<meta property=\"og:type\" content=\"article\" \/>\n<meta property=\"og:title\" content=\"Arath de la Torre lanza advertencia a &#039;Potro&#039; Caballero al terminar &#039;LCDFL&#039;: &quot;Nos vamos a comer un pollito&quot; - El Estatal de M\u00e9xico\" \/>\n<meta property=\"og:description\" content=\"\ud83d\udd38 A pocas semanas de que concluya \u2018La Casa de los Famosos\u2019, Arath de la Torre lanza un\" \/>\n<meta property=\"og:url\" content=\"https:\/\/elestataldemexico.com\/index.php\/2024\/09\/21\/arath-de-la-torre-lanza-advertencia-a-potro-caballero-al-terminar-lcdfl-nos-vamos-a-comer-un-pollito\/\" \/>\n<meta property=\"og:site_name\" content=\"El Estatal de M\u00e9xico\" \/>\n<meta property=\"article:published_time\" content=\"2024-09-22T04:08:25+00:00\" \/>\n<meta property=\"og:image\" content=\"https:\/\/elestataldemexico.com\/wp-content\/uploads\/2024\/09\/WhatsApp-Image-2024-09-21-at-17.12.33.jpeg\" \/>\n\t<meta property=\"og:image:width\" content=\"750\" \/>\n\t<meta property=\"og:image:height\" content=\"475\" \/>\n\t<meta property=\"og:image:type\" content=\"image\/jpeg\" \/>\n<meta name=\"author\" content=\"admin\" \/>\n<meta name=\"twitter:card\" content=\"summary_large_image\" \/>\n<meta name=\"twitter:label1\" content=\"Escrito por\" \/>\n\t<meta name=\"twitter:data1\" content=\"admin\" \/>\n\t<meta name=\"twitter:label2\" content=\"Tiempo de lectura\" \/>\n\t<meta name=\"twitter:data2\" content=\"2 minutos\" \/>\n<script type=\"application\/ld+json\" class=\"yoast-schema-graph\">{\"@context\":\"https:\\\/\\\/schema.org\",\"@graph\":[{\"@type\":\"Article\",\"@id\":\"https:\\\/\\\/elestataldemexico.com\\\/index.php\\\/2024\\\/09\\\/21\\\/arath-de-la-torre-lanza-advertencia-a-potro-caballero-al-terminar-lcdfl-nos-vamos-a-comer-un-pollito\\\/#article\",\"isPartOf\":{\"@id\":\"https:\\\/\\\/elestataldemexico.com\\\/index.php\\\/2024\\\/09\\\/21\\\/arath-de-la-torre-lanza-advertencia-a-potro-caballero-al-terminar-lcdfl-nos-vamos-a-comer-un-pollito\\\/\"},\"author\":{\"name\":\"admin\",\"@id\":\"https:\\\/\\\/elestataldemexico.com\\\/#\\\/schema\\\/person\\\/6c7813c13d2c1571771f592f0fe866bb\"},\"headline\":\"Arath de la Torre lanza advertencia a &#8216;Potro&#8217; Caballero al terminar &#8216;LCDFL&#8217;: \u00abNos vamos a comer un pollito\u00bb\",\"datePublished\":\"2024-09-22T04:08:25+00:00\",\"mainEntityOfPage\":{\"@id\":\"https:\\\/\\\/elestataldemexico.com\\\/index.php\\\/2024\\\/09\\\/21\\\/arath-de-la-torre-lanza-advertencia-a-potro-caballero-al-terminar-lcdfl-nos-vamos-a-comer-un-pollito\\\/\"},\"wordCount\":338,\"commentCount\":0,\"publisher\":{\"@id\":\"https:\\\/\\\/elestataldemexico.com\\\/#organization\"},\"image\":{\"@id\":\"https:\\\/\\\/elestataldemexico.com\\\/index.php\\\/2024\\\/09\\\/21\\\/arath-de-la-torre-lanza-advertencia-a-potro-caballero-al-terminar-lcdfl-nos-vamos-a-comer-un-pollito\\\/#primaryimage\"},\"thumbnailUrl\":\"https:\\\/\\\/elestataldemexico.com\\\/wp-content\\\/uploads\\\/2024\\\/09\\\/WhatsApp-Image-2024-09-21-at-17.12.33.jpeg\",\"articleSection\":[\"Espectaculos\"],\"inLanguage\":\"es\",\"potentialAction\":[{\"@type\":\"CommentAction\",\"name\":\"Comment\",\"target\":[\"https:\\\/\\\/elestataldemexico.com\\\/index.php\\\/2024\\\/09\\\/21\\\/arath-de-la-torre-lanza-advertencia-a-potro-caballero-al-terminar-lcdfl-nos-vamos-a-comer-un-pollito\\\/#respond\"]}]},{\"@type\":\"WebPage\",\"@id\":\"https:\\\/\\\/elestataldemexico.com\\\/index.php\\\/2024\\\/09\\\/21\\\/arath-de-la-torre-lanza-advertencia-a-potro-caballero-al-terminar-lcdfl-nos-vamos-a-comer-un-pollito\\\/\",\"url\":\"https:\\\/\\\/elestataldemexico.com\\\/index.php\\\/2024\\\/09\\\/21\\\/arath-de-la-torre-lanza-advertencia-a-potro-caballero-al-terminar-lcdfl-nos-vamos-a-comer-un-pollito\\\/\",\"name\":\"Arath de la Torre lanza advertencia a 'Potro' Caballero al terminar 'LCDFL': \\\"Nos vamos a comer un pollito\\\" - El Estatal de M\u00e9xico\",\"isPartOf\":{\"@id\":\"https:\\\/\\\/elestataldemexico.com\\\/#website\"},\"primaryImageOfPage\":{\"@id\":\"https:\\\/\\\/elestataldemexico.com\\\/index.php\\\/2024\\\/09\\\/21\\\/arath-de-la-torre-lanza-advertencia-a-potro-caballero-al-terminar-lcdfl-nos-vamos-a-comer-un-pollito\\\/#primaryimage\"},\"image\":{\"@id\":\"https:\\\/\\\/elestataldemexico.com\\\/index.php\\\/2024\\\/09\\\/21\\\/arath-de-la-torre-lanza-advertencia-a-potro-caballero-al-terminar-lcdfl-nos-vamos-a-comer-un-pollito\\\/#primaryimage\"},\"thumbnailUrl\":\"https:\\\/\\\/elestataldemexico.com\\\/wp-content\\\/uploads\\\/2024\\\/09\\\/WhatsApp-Image-2024-09-21-at-17.12.33.jpeg\",\"datePublished\":\"2024-09-22T04:08:25+00:00\",\"breadcrumb\":{\"@id\":\"https:\\\/\\\/elestataldemexico.com\\\/index.php\\\/2024\\\/09\\\/21\\\/arath-de-la-torre-lanza-advertencia-a-potro-caballero-al-terminar-lcdfl-nos-vamos-a-comer-un-pollito\\\/#breadcrumb\"},\"inLanguage\":\"es\",\"potentialAction\":[{\"@type\":\"ReadAction\",\"target\":[\"https:\\\/\\\/elestataldemexico.com\\\/index.php\\\/2024\\\/09\\\/21\\\/arath-de-la-torre-lanza-advertencia-a-potro-caballero-al-terminar-lcdfl-nos-vamos-a-comer-un-pollito\\\/\"]}]},{\"@type\":\"ImageObject\",\"inLanguage\":\"es\",\"@id\":\"https:\\\/\\\/elestataldemexico.com\\\/index.php\\\/2024\\\/09\\\/21\\\/arath-de-la-torre-lanza-advertencia-a-potro-caballero-al-terminar-lcdfl-nos-vamos-a-comer-un-pollito\\\/#primaryimage\",\"url\":\"https:\\\/\\\/elestataldemexico.com\\\/wp-content\\\/uploads\\\/2024\\\/09\\\/WhatsApp-Image-2024-09-21-at-17.12.33.jpeg\",\"contentUrl\":\"https:\\\/\\\/elestataldemexico.com\\\/wp-content\\\/uploads\\\/2024\\\/09\\\/WhatsApp-Image-2024-09-21-at-17.12.33.jpeg\",\"width\":750,\"height\":475},{\"@type\":\"BreadcrumbList\",\"@id\":\"https:\\\/\\\/elestataldemexico.com\\\/index.php\\\/2024\\\/09\\\/21\\\/arath-de-la-torre-lanza-advertencia-a-potro-caballero-al-terminar-lcdfl-nos-vamos-a-comer-un-pollito\\\/#breadcrumb\",\"itemListElement\":[{\"@type\":\"ListItem\",\"position\":1,\"name\":\"Portada\",\"item\":\"https:\\\/\\\/elestataldemexico.com\\\/\"},{\"@type\":\"ListItem\",\"position\":2,\"name\":\"Arath de la Torre lanza advertencia a &#8216;Potro&#8217; Caballero al terminar &#8216;LCDFL&#8217;: \u00abNos vamos a comer un pollito\u00bb\"}]},{\"@type\":\"WebSite\",\"@id\":\"https:\\\/\\\/elestataldemexico.com\\\/#website\",\"url\":\"https:\\\/\\\/elestataldemexico.com\\\/\",\"name\":\"El Estatal de M\u00e9xico\",\"description\":\"\",\"publisher\":{\"@id\":\"https:\\\/\\\/elestataldemexico.com\\\/#organization\"},\"potentialAction\":[{\"@type\":\"SearchAction\",\"target\":{\"@type\":\"EntryPoint\",\"urlTemplate\":\"https:\\\/\\\/elestataldemexico.com\\\/?s={search_term_string}\"},\"query-input\":{\"@type\":\"PropertyValueSpecification\",\"valueRequired\":true,\"valueName\":\"search_term_string\"}}],\"inLanguage\":\"es\"},{\"@type\":\"Organization\",\"@id\":\"https:\\\/\\\/elestataldemexico.com\\\/#organization\",\"name\":\"El Estatal de M\u00e9xico\",\"url\":\"https:\\\/\\\/elestataldemexico.com\\\/\",\"logo\":{\"@type\":\"ImageObject\",\"inLanguage\":\"es\",\"@id\":\"https:\\\/\\\/elestataldemexico.com\\\/#\\\/schema\\\/logo\\\/image\\\/\",\"url\":\"https:\\\/\\\/elestataldemexico.com\\\/wp-content\\\/uploads\\\/2025\\\/05\\\/cropped-elestatal.png\",\"contentUrl\":\"https:\\\/\\\/elestataldemexico.com\\\/wp-content\\\/uploads\\\/2025\\\/05\\\/cropped-elestatal.png\",\"width\":504,\"height\":97,\"caption\":\"El Estatal de M\u00e9xico\"},\"image\":{\"@id\":\"https:\\\/\\\/elestataldemexico.com\\\/#\\\/schema\\\/logo\\\/image\\\/\"}},{\"@type\":\"Person\",\"@id\":\"https:\\\/\\\/elestataldemexico.com\\\/#\\\/schema\\\/person\\\/6c7813c13d2c1571771f592f0fe866bb\",\"name\":\"admin\",\"image\":{\"@type\":\"ImageObject\",\"inLanguage\":\"es\",\"@id\":\"https:\\\/\\\/secure.gravatar.com\\\/avatar\\\/d5ed2db9923a3ad3c0a47f6b3aec7abcb43924b9322251ade16472fc06f7bb5b?s=96&d=mm&r=g\",\"url\":\"https:\\\/\\\/secure.gravatar.com\\\/avatar\\\/d5ed2db9923a3ad3c0a47f6b3aec7abcb43924b9322251ade16472fc06f7bb5b?s=96&d=mm&r=g\",\"contentUrl\":\"https:\\\/\\\/secure.gravatar.com\\\/avatar\\\/d5ed2db9923a3ad3c0a47f6b3aec7abcb43924b9322251ade16472fc06f7bb5b?s=96&d=mm&r=g\",\"caption\":\"admin\"},\"sameAs\":[\"https:\\\/\\\/elestataldemexico.com\"],\"url\":\"https:\\\/\\\/elestataldemexico.com\\\/index.php\\\/author\\\/info_qk62m3p3\\\/\"}]}<\/script>\n<!-- \/ Yoast SEO plugin. -->","yoast_head_json":{"title":"Arath de la Torre lanza advertencia a 'Potro' Caballero al terminar 'LCDFL': \"Nos vamos a comer un pollito\" - El Estatal de M\u00e9xico","robots":{"index":"index","follow":"follow","max-snippet":"max-snippet:-1","max-image-preview":"max-image-preview:large","max-video-preview":"max-video-preview:-1"},"canonical":"https:\/\/elestataldemexico.com\/index.php\/2024\/09\/21\/arath-de-la-torre-lanza-advertencia-a-potro-caballero-al-terminar-lcdfl-nos-vamos-a-comer-un-pollito\/","og_locale":"es_ES","og_type":"article","og_title":"Arath de la Torre lanza advertencia a 'Potro' Caballero al terminar 'LCDFL': \"Nos vamos a comer un pollito\" - El Estatal de M\u00e9xico","og_description":"\ud83d\udd38 A pocas semanas de que concluya \u2018La Casa de los Famosos\u2019, Arath de la Torre lanza un","og_url":"https:\/\/elestataldemexico.com\/index.php\/2024\/09\/21\/arath-de-la-torre-lanza-advertencia-a-potro-caballero-al-terminar-lcdfl-nos-vamos-a-comer-un-pollito\/","og_site_name":"El Estatal de M\u00e9xico","article_published_time":"2024-09-22T04:08:25+00:00","og_image":[{"width":750,"height":475,"url":"https:\/\/elestataldemexico.com\/wp-content\/uploads\/2024\/09\/WhatsApp-Image-2024-09-21-at-17.12.33.jpeg","type":"image\/jpeg"}],"author":"admin","twitter_card":"summary_large_image","twitter_misc":{"Escrito por":"admin","Tiempo de lectura":"2 minutos"},"schema":{"@context":"https:\/\/schema.org","@graph":[{"@type":"Article","@id":"https:\/\/elestataldemexico.com\/index.php\/2024\/09\/21\/arath-de-la-torre-lanza-advertencia-a-potro-caballero-al-terminar-lcdfl-nos-vamos-a-comer-un-pollito\/#article","isPartOf":{"@id":"https:\/\/elestataldemexico.com\/index.php\/2024\/09\/21\/arath-de-la-torre-lanza-advertencia-a-potro-caballero-al-terminar-lcdfl-nos-vamos-a-comer-un-pollito\/"},"author":{"name":"admin","@id":"https:\/\/elestataldemexico.com\/#\/schema\/person\/6c7813c13d2c1571771f592f0fe866bb"},"headline":"Arath de la Torre lanza advertencia a &#8216;Potro&#8217; Caballero al terminar &#8216;LCDFL&#8217;: \u00abNos vamos a comer un pollito\u00bb","datePublished":"2024-09-22T04:08:25+00:00","mainEntityOfPage":{"@id":"https:\/\/elestataldemexico.com\/index.php\/2024\/09\/21\/arath-de-la-torre-lanza-advertencia-a-potro-caballero-al-terminar-lcdfl-nos-vamos-a-comer-un-pollito\/"},"wordCount":338,"commentCount":0,"publisher":{"@id":"https:\/\/elestataldemexico.com\/#organization"},"image":{"@id":"https:\/\/elestataldemexico.com\/index.php\/2024\/09\/21\/arath-de-la-torre-lanza-advertencia-a-potro-caballero-al-terminar-lcdfl-nos-vamos-a-comer-un-pollito\/#primaryimage"},"thumbnailUrl":"https:\/\/elestataldemexico.com\/wp-content\/uploads\/2024\/09\/WhatsApp-Image-2024-09-21-at-17.12.33.jpeg","articleSection":["Espectaculos"],"inLanguage":"es","potentialAction":[{"@type":"CommentAction","name":"Comment","target":["https:\/\/elestataldemexico.com\/index.php\/2024\/09\/21\/arath-de-la-torre-lanza-advertencia-a-potro-caballero-al-terminar-lcdfl-nos-vamos-a-comer-un-pollito\/#respond"]}]},{"@type":"WebPage","@id":"https:\/\/elestataldemexico.com\/index.php\/2024\/09\/21\/arath-de-la-torre-lanza-advertencia-a-potro-caballero-al-terminar-lcdfl-nos-vamos-a-comer-un-pollito\/","url":"https:\/\/elestataldemexico.com\/index.php\/2024\/09\/21\/arath-de-la-torre-lanza-advertencia-a-potro-caballero-al-terminar-lcdfl-nos-vamos-a-comer-un-pollito\/","name":"Arath de la Torre lanza advertencia a 'Potro' Caballero al terminar 'LCDFL': \"Nos vamos a comer un pollito\" - El Estatal de M\u00e9xico","isPartOf":{"@id":"https:\/\/elestataldemexico.com\/#website"},"primaryImageOfPage":{"@id":"https:\/\/elestataldemexico.com\/index.php\/2024\/09\/21\/arath-de-la-torre-lanza-advertencia-a-potro-caballero-al-terminar-lcdfl-nos-vamos-a-comer-un-pollito\/#primaryimage"},"image":{"@id":"https:\/\/elestataldemexico.com\/index.php\/2024\/09\/21\/arath-de-la-torre-lanza-advertencia-a-potro-caballero-al-terminar-lcdfl-nos-vamos-a-comer-un-pollito\/#primaryimage"},"thumbnailUrl":"https:\/\/elestataldemexico.com\/wp-content\/uploads\/2024\/09\/WhatsApp-Image-2024-09-21-at-17.12.33.jpeg","datePublished":"2024-09-22T04:08:25+00:00","breadcrumb":{"@id":"https:\/\/elestataldemexico.com\/index.php\/2024\/09\/21\/arath-de-la-torre-lanza-advertencia-a-potro-caballero-al-terminar-lcdfl-nos-vamos-a-comer-un-pollito\/#breadcrumb"},"inLanguage":"es","potentialAction":[{"@type":"ReadAction","target":["https:\/\/elestataldemexico.com\/index.php\/2024\/09\/21\/arath-de-la-torre-lanza-advertencia-a-potro-caballero-al-terminar-lcdfl-nos-vamos-a-comer-un-pollito\/"]}]},{"@type":"ImageObject","inLanguage":"es","@id":"https:\/\/elestataldemexico.com\/index.php\/2024\/09\/21\/arath-de-la-torre-lanza-advertencia-a-potro-caballero-al-terminar-lcdfl-nos-vamos-a-comer-un-pollito\/#primaryimage","url":"https:\/\/elestataldemexico.com\/wp-content\/uploads\/2024\/09\/WhatsApp-Image-2024-09-21-at-17.12.33.jpeg","contentUrl":"https:\/\/elestataldemexico.com\/wp-content\/uploads\/2024\/09\/WhatsApp-Image-2024-09-21-at-17.12.33.jpeg","width":750,"height":475},{"@type":"BreadcrumbList","@id":"https:\/\/elestataldemexico.com\/index.php\/2024\/09\/21\/arath-de-la-torre-lanza-advertencia-a-potro-caballero-al-terminar-lcdfl-nos-vamos-a-comer-un-pollito\/#breadcrumb","itemListElement":[{"@type":"ListItem","position":1,"name":"Portada","item":"https:\/\/elestataldemexico.com\/"},{"@type":"ListItem","position":2,"name":"Arath de la Torre lanza advertencia a &#8216;Potro&#8217; Caballero al terminar &#8216;LCDFL&#8217;: \u00abNos vamos a comer un pollito\u00bb"}]},{"@type":"WebSite","@id":"https:\/\/elestataldemexico.com\/#website","url":"https:\/\/elestataldemexico.com\/","name":"El Estatal de M\u00e9xico","description":"","publisher":{"@id":"https:\/\/elestataldemexico.com\/#organization"},"potentialAction":[{"@type":"SearchAction","target":{"@type":"EntryPoint","urlTemplate":"https:\/\/elestataldemexico.com\/?s={search_term_string}"},"query-input":{"@type":"PropertyValueSpecification","valueRequired":true,"valueName":"search_term_string"}}],"inLanguage":"es"},{"@type":"Organization","@id":"https:\/\/elestataldemexico.com\/#organization","name":"El Estatal de M\u00e9xico","url":"https:\/\/elestataldemexico.com\/","logo":{"@type":"ImageObject","inLanguage":"es","@id":"https:\/\/elestataldemexico.com\/#\/schema\/logo\/image\/","url":"https:\/\/elestataldemexico.com\/wp-content\/uploads\/2025\/05\/cropped-elestatal.png","contentUrl":"https:\/\/elestataldemexico.com\/wp-content\/uploads\/2025\/05\/cropped-elestatal.png","width":504,"height":97,"caption":"El Estatal de M\u00e9xico"},"image":{"@id":"https:\/\/elestataldemexico.com\/#\/schema\/logo\/image\/"}},{"@type":"Person","@id":"https:\/\/elestataldemexico.com\/#\/schema\/person\/6c7813c13d2c1571771f592f0fe866bb","name":"admin","image":{"@type":"ImageObject","inLanguage":"es","@id":"https:\/\/secure.gravatar.com\/avatar\/d5ed2db9923a3ad3c0a47f6b3aec7abcb43924b9322251ade16472fc06f7bb5b?s=96&d=mm&r=g","url":"https:\/\/secure.gravatar.com\/avatar\/d5ed2db9923a3ad3c0a47f6b3aec7abcb43924b9322251ade16472fc06f7bb5b?s=96&d=mm&r=g","contentUrl":"https:\/\/secure.gravatar.com\/avatar\/d5ed2db9923a3ad3c0a47f6b3aec7abcb43924b9322251ade16472fc06f7bb5b?s=96&d=mm&r=g","caption":"admin"},"sameAs":["https:\/\/elestataldemexico.com"],"url":"https:\/\/elestataldemexico.com\/index.php\/author\/info_qk62m3p3\/"}]}},"_links":{"self":[{"href":"https:\/\/elestataldemexico.com\/index.php\/wp-json\/wp\/v2\/posts\/24206","targetHints":{"allow":["GET"]}}],"collection":[{"href":"https:\/\/elestataldemexico.com\/index.php\/wp-json\/wp\/v2\/posts"}],"about":[{"href":"https:\/\/elestataldemexico.com\/index.php\/wp-json\/wp\/v2\/types\/post"}],"author":[{"embeddable":true,"href":"https:\/\/elestataldemexico.com\/index.php\/wp-json\/wp\/v2\/users\/1"}],"replies":[{"embeddable":true,"href":"https:\/\/elestataldemexico.com\/index.php\/wp-json\/wp\/v2\/comments?post=24206"}],"version-history":[{"count":0,"href":"https:\/\/elestataldemexico.com\/index.php\/wp-json\/wp\/v2\/posts\/24206\/revisions"}],"wp:featuredmedia":[{"embeddable":true,"href":"https:\/\/elestataldemexico.com\/index.php\/wp-json\/wp\/v2\/media\/24208"}],"wp:attachment":[{"href":"https:\/\/elestataldemexico.com\/index.php\/wp-json\/wp\/v2\/media?parent=24206"}],"wp:term":[{"taxonomy":"category","embeddable":true,"href":"https:\/\/elestataldemexico.com\/index.php\/wp-json\/wp\/v2\/categories?post=24206"},{"taxonomy":"post_tag","embeddable":true,"href":"https:\/\/elestataldemexico.com\/index.php\/wp-json\/wp\/v2\/tags?post=24206"}],"curies":[{"name":"wp","href":"https:\/\/api.w.org\/{rel}","templated":true}]}}