{"id":24025,"date":"2024-09-08T09:00:27","date_gmt":"2024-09-08T14:00:27","guid":{"rendered":"https:\/\/podernacional.com\/?p=24025"},"modified":"2024-09-08T09:00:27","modified_gmt":"2024-09-08T14:00:27","slug":"ichkabal-la-aportacion-mas-antigua-de-la-cultura-maya-de-quintana-roo-al-mundo","status":"publish","type":"post","link":"https:\/\/elestataldemexico.com\/index.php\/2024\/09\/08\/ichkabal-la-aportacion-mas-antigua-de-la-cultura-maya-de-quintana-roo-al-mundo\/","title":{"rendered":"Ichkabal, la aportaci\u00f3n m\u00e1s antigua de la cultura maya de Quintana Roo al mundo"},"content":{"rendered":"<p>-Mara Lezama se\u00f1al\u00f3 que Ichkabal, fue calificado como un edificio de la cultura maya, a\u00fan m\u00e1s grande y monumental que las zonas arqueol\u00f3gicas existentes en el pa\u00eds<\/p>\n<p>-El Presidente de M\u00e9xico calific\u00f3 a Mara Lezama como \u201cuna extraordinaria gobernadora; es de justicia reconocer el trabajo de Mara en estos dos a\u00f1os\u201d<\/p>\n<p>-L\u00f3pez Obrador, Claudia Sheinbaum y Mara Lezama supervisan zona arqueol\u00f3gica de Ichkabal en una de las \u00faltimas gira del Presidente<\/p>\n<p>Ichkabal.- Ante los habitantes de Bacalar, vecinos de los pueblos mayas, y las y los quintanarroenses, el presidente Andr\u00e9s Manuel L\u00f3pez Obrador les dijo que Mara Lezama es una extraordinaria gobernadora. \u201cTienen ustedes a una extraordinaria gobernadora; es de justicia reconocer el trabajo de Mara en estos dos a\u00f1os\u201d, dijo.<\/p>\n<p>Durante el mensaje que dirigi\u00f3 en una visita de supervisi\u00f3n a las obras de la Zona Arqueol\u00f3gica de Ichkabal, afirm\u00f3 que la primera mujer gobernadora de Quintana Roo ha puesto el ejemplo a muchos que han gobernado Quintana Roo, desde que fue territorio y luego estado, \u201cpero ninguno como Mara\u201d.<\/p>\n<p>El presidente L\u00f3pez Obrador agradeci\u00f3 a las y los quintanarroenses que han contribuido en estas obras emblem\u00e1ticas, pero principalmente a los ejidatarios, porque el Tren Maya permitir\u00e1 que el progreso de Canc\u00fan vendr\u00e1 al sur de Quintana Roo y tambi\u00e9n a Campeche. \u201cY para eso servir\u00e1 el Tren Maya, la obra ferroviaria m\u00e1s importante en el mundo\u201d.<\/p>\n<p>El presidente L\u00f3pez Obrador se despidi\u00f3 de las y los quintanarroenses, de los pueblos mayas, pues al concluir su mandato cerrar\u00e1 su ciclo de trabajo, pero se va satisfecho al cumplir con poner en marcha la Cuarta Transformaci\u00f3n.<\/p>\n<p>Estos son d\u00edas hist\u00f3ricos para el sur del pa\u00eds, pero en especial para Quintana Roo, expres\u00f3 la gobernadora Mara Lezama Espinosa ante el presidente Andr\u00e9s Manuel L\u00f3pez Obrador y la presidenta electa Claudia Sheinbaum durante la supervisi\u00f3n de trabajos de esta zona arqueol\u00f3gica que pronto abrir\u00e1 sus puertas al mundo.<\/p>\n<p>Con esta supervisi\u00f3n, L\u00f3pez Obrador y Claudia Sheinbaum concluyen una gira de tres d\u00edas por Quintana Roo a bordo del Tren Maya, entregando justicia social y bienestar social en Playa del Carmen, as\u00ed como infraestructura tur\u00edstica en Tulum y Felipe Carrillo Puerto.<\/p>\n<p>La gobernadora Mara Lezama record\u00f3 que la zona arqueol\u00f3gica de Ichkabal hab\u00eda sido utilizada como promesa de campa\u00f1a de gobiernos anteriores y neoliberales, que solo promet\u00edan y promet\u00edan con tal de obtener votos, pero luego dec\u00edan que era imposible y complicado abrir las puertas de este important\u00edsimo Centro de Poder\u00edo Maya.<\/p>\n<p>Por ello afirm\u00f3 que, en este gobierno diferente, de la Cuarta Transformaci\u00f3n, con voluntad y amor al pueblo, cuando trabaja de la mano en la b\u00fasqueda de soluciones, es cuando las grandes cosas suceden.<\/p>\n<p>\u201cEste es el caso de Ichkabal, de la antigua ciudad Maya m\u00e1s grande y extensa de la pen\u00ednsula de Yucat\u00e1n, a\u00fan m\u00e1s grande y monumental que las otras zonas arqueol\u00f3gicas en el pa\u00eds. Aqu\u00ed se mantuvo durante mucho tiempo el centro pol\u00edtico del poder\u00edo Maya en la regi\u00f3n, junto con Kohunlich, Dzibanch\u00e9, Kinichn\u00e1, Chacchoben y Oxtankah, se conforma ahora uno de los m\u00e1s importantes circuitos de turismo arqueol\u00f3gico de nuestra regi\u00f3n, un hecho que va a significar desarrollo, pero con prosperidad compartida\u201d, asegur\u00f3 la titular del Ejecutivo.<\/p>\n<p>Al agradecer al presidente L\u00f3pez Obrador, el mejor presidente que ha tenido M\u00e9xico, que estas obras marcan el antes y el despu\u00e9s de una forma diferente de gobernar, con desarrollo y \u00e9xito, pero que se traducir\u00e1n en bienestar y beneficios directos para las familias del pueblo Maya.<\/p>\n<p>\u201cPorque de eso se trata el Nuevo Acuerdo por el Bienestar y el Desarrollo de Quintana Roo, de buscar el c\u00f3mo s\u00ed se puede lograr que los beneficios del desarrollo se traduzcan en bienestar para el Pueblo\u201d puntualiz\u00f3 Mara Lezama.<\/p>\n<p>Por otra parte, al referirse a los mil 554 kil\u00f3metros de esperanza del Tren Maya son detonantes de nuestra econom\u00eda, pues desde la estaci\u00f3n de Bacalar podr\u00e1n llegar a conocer la herencia ancestral y la riqueza cultural. Adem\u00e1s, el INAH registr\u00f3 m\u00e1s de 60 mil elementos inmuebles y casi un mill\u00f3n 500 mil vasijas e instrumentos cer\u00e1micos Mayas que, luego de su restauraci\u00f3n, nutrir\u00e1n los museos de la Pen\u00ednsula y otros ser\u00e1n exhibidos en los paraderos del Tren.<\/p>\n<p>Mara Lezama destac\u00f3 que el presidente L\u00f3pez Obrador fue gu\u00eda y mostr\u00f3 el camino del cambio verdadero, y con Claudia Sheinbaum, todas y todos juntos, se construir\u00e1 el segundo piso de la Cuarta Transformaci\u00f3n.<\/p>\n<p>Al respecto, la presidenta electa Claudia Sheinbaum reiter\u00f3 lo que ha venido se\u00f1alando a lo largo de la gira, que esta es una transici\u00f3n de gobierno hist\u00f3rica, pues nunca se hab\u00eda visto que se supervisaran obras y programas que benefician al pueblo.<\/p>\n<p>Por ello, insisti\u00f3 en que los programas sociales no solo continuar\u00e1n, sino que ser\u00e1n fortalecidos al elevarse a rango constitucional y con tres nuevos: el reconocimiento al trabajo de las mujeres, becas para todas y todos las ni\u00f1as y ni\u00f1os en educaci\u00f3n b\u00e1sica y contrataci\u00f3n de m\u00e9dicas y m\u00e9dicos para que los adultos mayores sean atendidos en sus casas.<\/p>\n<p>Durante la supervisi\u00f3n, el director general del INAH, Diego Prieto Hern\u00e1ndez, explic\u00f3 la importancia de Ichkabal, una zona arqueol\u00f3gica intervenida con el PROMEZA que surgi\u00f3 a ra\u00edz de la construcci\u00f3n del Tren Maya, que permiti\u00f3 ampliar los conocimientos de la extraordinaria cultural que es el pueblo Maya.<\/p>\n","protected":false},"excerpt":{"rendered":"<p>-Mara Lezama se\u00f1al\u00f3 que Ichkabal, fue calificado como un edificio de la cultura maya, a\u00fan m\u00e1s grande y<\/p>\n","protected":false},"author":1,"featured_media":24027,"comment_status":"open","ping_status":"closed","sticky":false,"template":"","format":"standard","meta":{"footnotes":""},"categories":[7],"tags":[],"class_list":["post-24025","post","type-post","status-publish","format-standard","has-post-thumbnail","hentry","category-nacional"],"yoast_head":"<!-- This site is optimized with the Yoast SEO plugin v27.5 - https:\/\/yoast.com\/product\/yoast-seo-wordpress\/ -->\n<title>Ichkabal, la aportaci\u00f3n m\u00e1s antigua de la cultura maya de Quintana Roo al mundo - El Estatal de M\u00e9xico<\/title>\n<meta name=\"robots\" content=\"index, follow, max-snippet:-1, max-image-preview:large, max-video-preview:-1\" \/>\n<link rel=\"canonical\" href=\"https:\/\/elestataldemexico.com\/index.php\/2024\/09\/08\/ichkabal-la-aportacion-mas-antigua-de-la-cultura-maya-de-quintana-roo-al-mundo\/\" \/>\n<meta property=\"og:locale\" content=\"es_ES\" \/>\n<meta property=\"og:type\" content=\"article\" \/>\n<meta property=\"og:title\" content=\"Ichkabal, la aportaci\u00f3n m\u00e1s antigua de la cultura maya de Quintana Roo al mundo - El Estatal de M\u00e9xico\" \/>\n<meta property=\"og:description\" content=\"-Mara Lezama se\u00f1al\u00f3 que Ichkabal, fue calificado como un edificio de la cultura maya, a\u00fan m\u00e1s grande y\" \/>\n<meta property=\"og:url\" content=\"https:\/\/elestataldemexico.com\/index.php\/2024\/09\/08\/ichkabal-la-aportacion-mas-antigua-de-la-cultura-maya-de-quintana-roo-al-mundo\/\" \/>\n<meta property=\"og:site_name\" content=\"El Estatal de M\u00e9xico\" \/>\n<meta property=\"article:published_time\" content=\"2024-09-08T14:00:27+00:00\" \/>\n<meta property=\"og:image\" content=\"https:\/\/elestataldemexico.com\/wp-content\/uploads\/2024\/09\/WhatsApp-Image-2024-09-08-at-14.17.47.jpeg\" \/>\n\t<meta property=\"og:image:width\" content=\"1600\" \/>\n\t<meta property=\"og:image:height\" content=\"1066\" \/>\n\t<meta property=\"og:image:type\" content=\"image\/jpeg\" \/>\n<meta name=\"author\" content=\"admin\" \/>\n<meta name=\"twitter:card\" content=\"summary_large_image\" \/>\n<meta name=\"twitter:label1\" content=\"Escrito por\" \/>\n\t<meta name=\"twitter:data1\" content=\"admin\" \/>\n\t<meta name=\"twitter:label2\" content=\"Tiempo de lectura\" \/>\n\t<meta name=\"twitter:data2\" content=\"5 minutos\" \/>\n<script type=\"application\/ld+json\" class=\"yoast-schema-graph\">{\"@context\":\"https:\\\/\\\/schema.org\",\"@graph\":[{\"@type\":\"Article\",\"@id\":\"https:\\\/\\\/elestataldemexico.com\\\/index.php\\\/2024\\\/09\\\/08\\\/ichkabal-la-aportacion-mas-antigua-de-la-cultura-maya-de-quintana-roo-al-mundo\\\/#article\",\"isPartOf\":{\"@id\":\"https:\\\/\\\/elestataldemexico.com\\\/index.php\\\/2024\\\/09\\\/08\\\/ichkabal-la-aportacion-mas-antigua-de-la-cultura-maya-de-quintana-roo-al-mundo\\\/\"},\"author\":{\"name\":\"admin\",\"@id\":\"https:\\\/\\\/elestataldemexico.com\\\/#\\\/schema\\\/person\\\/6c7813c13d2c1571771f592f0fe866bb\"},\"headline\":\"Ichkabal, la aportaci\u00f3n m\u00e1s antigua de la cultura maya de Quintana Roo al mundo\",\"datePublished\":\"2024-09-08T14:00:27+00:00\",\"mainEntityOfPage\":{\"@id\":\"https:\\\/\\\/elestataldemexico.com\\\/index.php\\\/2024\\\/09\\\/08\\\/ichkabal-la-aportacion-mas-antigua-de-la-cultura-maya-de-quintana-roo-al-mundo\\\/\"},\"wordCount\":984,\"commentCount\":0,\"publisher\":{\"@id\":\"https:\\\/\\\/elestataldemexico.com\\\/#organization\"},\"image\":{\"@id\":\"https:\\\/\\\/elestataldemexico.com\\\/index.php\\\/2024\\\/09\\\/08\\\/ichkabal-la-aportacion-mas-antigua-de-la-cultura-maya-de-quintana-roo-al-mundo\\\/#primaryimage\"},\"thumbnailUrl\":\"https:\\\/\\\/elestataldemexico.com\\\/wp-content\\\/uploads\\\/2024\\\/09\\\/WhatsApp-Image-2024-09-08-at-14.17.47.jpeg\",\"articleSection\":[\"Nacional\"],\"inLanguage\":\"es\",\"potentialAction\":[{\"@type\":\"CommentAction\",\"name\":\"Comment\",\"target\":[\"https:\\\/\\\/elestataldemexico.com\\\/index.php\\\/2024\\\/09\\\/08\\\/ichkabal-la-aportacion-mas-antigua-de-la-cultura-maya-de-quintana-roo-al-mundo\\\/#respond\"]}]},{\"@type\":\"WebPage\",\"@id\":\"https:\\\/\\\/elestataldemexico.com\\\/index.php\\\/2024\\\/09\\\/08\\\/ichkabal-la-aportacion-mas-antigua-de-la-cultura-maya-de-quintana-roo-al-mundo\\\/\",\"url\":\"https:\\\/\\\/elestataldemexico.com\\\/index.php\\\/2024\\\/09\\\/08\\\/ichkabal-la-aportacion-mas-antigua-de-la-cultura-maya-de-quintana-roo-al-mundo\\\/\",\"name\":\"Ichkabal, la aportaci\u00f3n m\u00e1s antigua de la cultura maya de Quintana Roo al mundo - El Estatal de M\u00e9xico\",\"isPartOf\":{\"@id\":\"https:\\\/\\\/elestataldemexico.com\\\/#website\"},\"primaryImageOfPage\":{\"@id\":\"https:\\\/\\\/elestataldemexico.com\\\/index.php\\\/2024\\\/09\\\/08\\\/ichkabal-la-aportacion-mas-antigua-de-la-cultura-maya-de-quintana-roo-al-mundo\\\/#primaryimage\"},\"image\":{\"@id\":\"https:\\\/\\\/elestataldemexico.com\\\/index.php\\\/2024\\\/09\\\/08\\\/ichkabal-la-aportacion-mas-antigua-de-la-cultura-maya-de-quintana-roo-al-mundo\\\/#primaryimage\"},\"thumbnailUrl\":\"https:\\\/\\\/elestataldemexico.com\\\/wp-content\\\/uploads\\\/2024\\\/09\\\/WhatsApp-Image-2024-09-08-at-14.17.47.jpeg\",\"datePublished\":\"2024-09-08T14:00:27+00:00\",\"breadcrumb\":{\"@id\":\"https:\\\/\\\/elestataldemexico.com\\\/index.php\\\/2024\\\/09\\\/08\\\/ichkabal-la-aportacion-mas-antigua-de-la-cultura-maya-de-quintana-roo-al-mundo\\\/#breadcrumb\"},\"inLanguage\":\"es\",\"potentialAction\":[{\"@type\":\"ReadAction\",\"target\":[\"https:\\\/\\\/elestataldemexico.com\\\/index.php\\\/2024\\\/09\\\/08\\\/ichkabal-la-aportacion-mas-antigua-de-la-cultura-maya-de-quintana-roo-al-mundo\\\/\"]}]},{\"@type\":\"ImageObject\",\"inLanguage\":\"es\",\"@id\":\"https:\\\/\\\/elestataldemexico.com\\\/index.php\\\/2024\\\/09\\\/08\\\/ichkabal-la-aportacion-mas-antigua-de-la-cultura-maya-de-quintana-roo-al-mundo\\\/#primaryimage\",\"url\":\"https:\\\/\\\/elestataldemexico.com\\\/wp-content\\\/uploads\\\/2024\\\/09\\\/WhatsApp-Image-2024-09-08-at-14.17.47.jpeg\",\"contentUrl\":\"https:\\\/\\\/elestataldemexico.com\\\/wp-content\\\/uploads\\\/2024\\\/09\\\/WhatsApp-Image-2024-09-08-at-14.17.47.jpeg\",\"width\":1600,\"height\":1066},{\"@type\":\"BreadcrumbList\",\"@id\":\"https:\\\/\\\/elestataldemexico.com\\\/index.php\\\/2024\\\/09\\\/08\\\/ichkabal-la-aportacion-mas-antigua-de-la-cultura-maya-de-quintana-roo-al-mundo\\\/#breadcrumb\",\"itemListElement\":[{\"@type\":\"ListItem\",\"position\":1,\"name\":\"Portada\",\"item\":\"https:\\\/\\\/elestataldemexico.com\\\/\"},{\"@type\":\"ListItem\",\"position\":2,\"name\":\"Ichkabal, la aportaci\u00f3n m\u00e1s antigua de la cultura maya de Quintana Roo al mundo\"}]},{\"@type\":\"WebSite\",\"@id\":\"https:\\\/\\\/elestataldemexico.com\\\/#website\",\"url\":\"https:\\\/\\\/elestataldemexico.com\\\/\",\"name\":\"El Estatal de M\u00e9xico\",\"description\":\"\",\"publisher\":{\"@id\":\"https:\\\/\\\/elestataldemexico.com\\\/#organization\"},\"potentialAction\":[{\"@type\":\"SearchAction\",\"target\":{\"@type\":\"EntryPoint\",\"urlTemplate\":\"https:\\\/\\\/elestataldemexico.com\\\/?s={search_term_string}\"},\"query-input\":{\"@type\":\"PropertyValueSpecification\",\"valueRequired\":true,\"valueName\":\"search_term_string\"}}],\"inLanguage\":\"es\"},{\"@type\":\"Organization\",\"@id\":\"https:\\\/\\\/elestataldemexico.com\\\/#organization\",\"name\":\"El Estatal de M\u00e9xico\",\"url\":\"https:\\\/\\\/elestataldemexico.com\\\/\",\"logo\":{\"@type\":\"ImageObject\",\"inLanguage\":\"es\",\"@id\":\"https:\\\/\\\/elestataldemexico.com\\\/#\\\/schema\\\/logo\\\/image\\\/\",\"url\":\"https:\\\/\\\/elestataldemexico.com\\\/wp-content\\\/uploads\\\/2025\\\/05\\\/cropped-elestatal.png\",\"contentUrl\":\"https:\\\/\\\/elestataldemexico.com\\\/wp-content\\\/uploads\\\/2025\\\/05\\\/cropped-elestatal.png\",\"width\":504,\"height\":97,\"caption\":\"El Estatal de M\u00e9xico\"},\"image\":{\"@id\":\"https:\\\/\\\/elestataldemexico.com\\\/#\\\/schema\\\/logo\\\/image\\\/\"}},{\"@type\":\"Person\",\"@id\":\"https:\\\/\\\/elestataldemexico.com\\\/#\\\/schema\\\/person\\\/6c7813c13d2c1571771f592f0fe866bb\",\"name\":\"admin\",\"image\":{\"@type\":\"ImageObject\",\"inLanguage\":\"es\",\"@id\":\"https:\\\/\\\/secure.gravatar.com\\\/avatar\\\/d5ed2db9923a3ad3c0a47f6b3aec7abcb43924b9322251ade16472fc06f7bb5b?s=96&d=mm&r=g\",\"url\":\"https:\\\/\\\/secure.gravatar.com\\\/avatar\\\/d5ed2db9923a3ad3c0a47f6b3aec7abcb43924b9322251ade16472fc06f7bb5b?s=96&d=mm&r=g\",\"contentUrl\":\"https:\\\/\\\/secure.gravatar.com\\\/avatar\\\/d5ed2db9923a3ad3c0a47f6b3aec7abcb43924b9322251ade16472fc06f7bb5b?s=96&d=mm&r=g\",\"caption\":\"admin\"},\"sameAs\":[\"https:\\\/\\\/elestataldemexico.com\"],\"url\":\"https:\\\/\\\/elestataldemexico.com\\\/index.php\\\/author\\\/info_qk62m3p3\\\/\"}]}<\/script>\n<!-- \/ Yoast SEO plugin. -->","yoast_head_json":{"title":"Ichkabal, la aportaci\u00f3n m\u00e1s antigua de la cultura maya de Quintana Roo al mundo - El Estatal de M\u00e9xico","robots":{"index":"index","follow":"follow","max-snippet":"max-snippet:-1","max-image-preview":"max-image-preview:large","max-video-preview":"max-video-preview:-1"},"canonical":"https:\/\/elestataldemexico.com\/index.php\/2024\/09\/08\/ichkabal-la-aportacion-mas-antigua-de-la-cultura-maya-de-quintana-roo-al-mundo\/","og_locale":"es_ES","og_type":"article","og_title":"Ichkabal, la aportaci\u00f3n m\u00e1s antigua de la cultura maya de Quintana Roo al mundo - El Estatal de M\u00e9xico","og_description":"-Mara Lezama se\u00f1al\u00f3 que Ichkabal, fue calificado como un edificio de la cultura maya, a\u00fan m\u00e1s grande y","og_url":"https:\/\/elestataldemexico.com\/index.php\/2024\/09\/08\/ichkabal-la-aportacion-mas-antigua-de-la-cultura-maya-de-quintana-roo-al-mundo\/","og_site_name":"El Estatal de M\u00e9xico","article_published_time":"2024-09-08T14:00:27+00:00","og_image":[{"width":1600,"height":1066,"url":"https:\/\/elestataldemexico.com\/wp-content\/uploads\/2024\/09\/WhatsApp-Image-2024-09-08-at-14.17.47.jpeg","type":"image\/jpeg"}],"author":"admin","twitter_card":"summary_large_image","twitter_misc":{"Escrito por":"admin","Tiempo de lectura":"5 minutos"},"schema":{"@context":"https:\/\/schema.org","@graph":[{"@type":"Article","@id":"https:\/\/elestataldemexico.com\/index.php\/2024\/09\/08\/ichkabal-la-aportacion-mas-antigua-de-la-cultura-maya-de-quintana-roo-al-mundo\/#article","isPartOf":{"@id":"https:\/\/elestataldemexico.com\/index.php\/2024\/09\/08\/ichkabal-la-aportacion-mas-antigua-de-la-cultura-maya-de-quintana-roo-al-mundo\/"},"author":{"name":"admin","@id":"https:\/\/elestataldemexico.com\/#\/schema\/person\/6c7813c13d2c1571771f592f0fe866bb"},"headline":"Ichkabal, la aportaci\u00f3n m\u00e1s antigua de la cultura maya de Quintana Roo al mundo","datePublished":"2024-09-08T14:00:27+00:00","mainEntityOfPage":{"@id":"https:\/\/elestataldemexico.com\/index.php\/2024\/09\/08\/ichkabal-la-aportacion-mas-antigua-de-la-cultura-maya-de-quintana-roo-al-mundo\/"},"wordCount":984,"commentCount":0,"publisher":{"@id":"https:\/\/elestataldemexico.com\/#organization"},"image":{"@id":"https:\/\/elestataldemexico.com\/index.php\/2024\/09\/08\/ichkabal-la-aportacion-mas-antigua-de-la-cultura-maya-de-quintana-roo-al-mundo\/#primaryimage"},"thumbnailUrl":"https:\/\/elestataldemexico.com\/wp-content\/uploads\/2024\/09\/WhatsApp-Image-2024-09-08-at-14.17.47.jpeg","articleSection":["Nacional"],"inLanguage":"es","potentialAction":[{"@type":"CommentAction","name":"Comment","target":["https:\/\/elestataldemexico.com\/index.php\/2024\/09\/08\/ichkabal-la-aportacion-mas-antigua-de-la-cultura-maya-de-quintana-roo-al-mundo\/#respond"]}]},{"@type":"WebPage","@id":"https:\/\/elestataldemexico.com\/index.php\/2024\/09\/08\/ichkabal-la-aportacion-mas-antigua-de-la-cultura-maya-de-quintana-roo-al-mundo\/","url":"https:\/\/elestataldemexico.com\/index.php\/2024\/09\/08\/ichkabal-la-aportacion-mas-antigua-de-la-cultura-maya-de-quintana-roo-al-mundo\/","name":"Ichkabal, la aportaci\u00f3n m\u00e1s antigua de la cultura maya de Quintana Roo al mundo - El Estatal de M\u00e9xico","isPartOf":{"@id":"https:\/\/elestataldemexico.com\/#website"},"primaryImageOfPage":{"@id":"https:\/\/elestataldemexico.com\/index.php\/2024\/09\/08\/ichkabal-la-aportacion-mas-antigua-de-la-cultura-maya-de-quintana-roo-al-mundo\/#primaryimage"},"image":{"@id":"https:\/\/elestataldemexico.com\/index.php\/2024\/09\/08\/ichkabal-la-aportacion-mas-antigua-de-la-cultura-maya-de-quintana-roo-al-mundo\/#primaryimage"},"thumbnailUrl":"https:\/\/elestataldemexico.com\/wp-content\/uploads\/2024\/09\/WhatsApp-Image-2024-09-08-at-14.17.47.jpeg","datePublished":"2024-09-08T14:00:27+00:00","breadcrumb":{"@id":"https:\/\/elestataldemexico.com\/index.php\/2024\/09\/08\/ichkabal-la-aportacion-mas-antigua-de-la-cultura-maya-de-quintana-roo-al-mundo\/#breadcrumb"},"inLanguage":"es","potentialAction":[{"@type":"ReadAction","target":["https:\/\/elestataldemexico.com\/index.php\/2024\/09\/08\/ichkabal-la-aportacion-mas-antigua-de-la-cultura-maya-de-quintana-roo-al-mundo\/"]}]},{"@type":"ImageObject","inLanguage":"es","@id":"https:\/\/elestataldemexico.com\/index.php\/2024\/09\/08\/ichkabal-la-aportacion-mas-antigua-de-la-cultura-maya-de-quintana-roo-al-mundo\/#primaryimage","url":"https:\/\/elestataldemexico.com\/wp-content\/uploads\/2024\/09\/WhatsApp-Image-2024-09-08-at-14.17.47.jpeg","contentUrl":"https:\/\/elestataldemexico.com\/wp-content\/uploads\/2024\/09\/WhatsApp-Image-2024-09-08-at-14.17.47.jpeg","width":1600,"height":1066},{"@type":"BreadcrumbList","@id":"https:\/\/elestataldemexico.com\/index.php\/2024\/09\/08\/ichkabal-la-aportacion-mas-antigua-de-la-cultura-maya-de-quintana-roo-al-mundo\/#breadcrumb","itemListElement":[{"@type":"ListItem","position":1,"name":"Portada","item":"https:\/\/elestataldemexico.com\/"},{"@type":"ListItem","position":2,"name":"Ichkabal, la aportaci\u00f3n m\u00e1s antigua de la cultura maya de Quintana Roo al mundo"}]},{"@type":"WebSite","@id":"https:\/\/elestataldemexico.com\/#website","url":"https:\/\/elestataldemexico.com\/","name":"El Estatal de M\u00e9xico","description":"","publisher":{"@id":"https:\/\/elestataldemexico.com\/#organization"},"potentialAction":[{"@type":"SearchAction","target":{"@type":"EntryPoint","urlTemplate":"https:\/\/elestataldemexico.com\/?s={search_term_string}"},"query-input":{"@type":"PropertyValueSpecification","valueRequired":true,"valueName":"search_term_string"}}],"inLanguage":"es"},{"@type":"Organization","@id":"https:\/\/elestataldemexico.com\/#organization","name":"El Estatal de M\u00e9xico","url":"https:\/\/elestataldemexico.com\/","logo":{"@type":"ImageObject","inLanguage":"es","@id":"https:\/\/elestataldemexico.com\/#\/schema\/logo\/image\/","url":"https:\/\/elestataldemexico.com\/wp-content\/uploads\/2025\/05\/cropped-elestatal.png","contentUrl":"https:\/\/elestataldemexico.com\/wp-content\/uploads\/2025\/05\/cropped-elestatal.png","width":504,"height":97,"caption":"El Estatal de M\u00e9xico"},"image":{"@id":"https:\/\/elestataldemexico.com\/#\/schema\/logo\/image\/"}},{"@type":"Person","@id":"https:\/\/elestataldemexico.com\/#\/schema\/person\/6c7813c13d2c1571771f592f0fe866bb","name":"admin","image":{"@type":"ImageObject","inLanguage":"es","@id":"https:\/\/secure.gravatar.com\/avatar\/d5ed2db9923a3ad3c0a47f6b3aec7abcb43924b9322251ade16472fc06f7bb5b?s=96&d=mm&r=g","url":"https:\/\/secure.gravatar.com\/avatar\/d5ed2db9923a3ad3c0a47f6b3aec7abcb43924b9322251ade16472fc06f7bb5b?s=96&d=mm&r=g","contentUrl":"https:\/\/secure.gravatar.com\/avatar\/d5ed2db9923a3ad3c0a47f6b3aec7abcb43924b9322251ade16472fc06f7bb5b?s=96&d=mm&r=g","caption":"admin"},"sameAs":["https:\/\/elestataldemexico.com"],"url":"https:\/\/elestataldemexico.com\/index.php\/author\/info_qk62m3p3\/"}]}},"_links":{"self":[{"href":"https:\/\/elestataldemexico.com\/index.php\/wp-json\/wp\/v2\/posts\/24025","targetHints":{"allow":["GET"]}}],"collection":[{"href":"https:\/\/elestataldemexico.com\/index.php\/wp-json\/wp\/v2\/posts"}],"about":[{"href":"https:\/\/elestataldemexico.com\/index.php\/wp-json\/wp\/v2\/types\/post"}],"author":[{"embeddable":true,"href":"https:\/\/elestataldemexico.com\/index.php\/wp-json\/wp\/v2\/users\/1"}],"replies":[{"embeddable":true,"href":"https:\/\/elestataldemexico.com\/index.php\/wp-json\/wp\/v2\/comments?post=24025"}],"version-history":[{"count":0,"href":"https:\/\/elestataldemexico.com\/index.php\/wp-json\/wp\/v2\/posts\/24025\/revisions"}],"wp:featuredmedia":[{"embeddable":true,"href":"https:\/\/elestataldemexico.com\/index.php\/wp-json\/wp\/v2\/media\/24027"}],"wp:attachment":[{"href":"https:\/\/elestataldemexico.com\/index.php\/wp-json\/wp\/v2\/media?parent=24025"}],"wp:term":[{"taxonomy":"category","embeddable":true,"href":"https:\/\/elestataldemexico.com\/index.php\/wp-json\/wp\/v2\/categories?post=24025"},{"taxonomy":"post_tag","embeddable":true,"href":"https:\/\/elestataldemexico.com\/index.php\/wp-json\/wp\/v2\/tags?post=24025"}],"curies":[{"name":"wp","href":"https:\/\/api.w.org\/{rel}","templated":true}]}}