{"id":23962,"date":"2024-09-06T08:00:50","date_gmt":"2024-09-06T13:00:50","guid":{"rendered":"https:\/\/podernacional.com\/?p=23962"},"modified":"2024-09-06T08:00:50","modified_gmt":"2024-09-06T13:00:50","slug":"otro-patrocinador-se-retira-de-la-casa-de-los-famosos-mexico","status":"publish","type":"post","link":"https:\/\/elestataldemexico.com\/index.php\/2024\/09\/06\/otro-patrocinador-se-retira-de-la-casa-de-los-famosos-mexico\/","title":{"rendered":"\u00a1Otro patrocinador se retira de La Casa De Los Famosos M\u00e9xico!"},"content":{"rendered":"<p>\ud83d\udd38Ahora es Domino\u2019s Pizza la que abandona el reality.<\/p>\n<p>#ESPECT\u00c1CULOS | De nueva cuenta un patrocinador m\u00e1s abandona La Casa de los Famosos M\u00e9xico y en esta ocasi\u00f3n se trata de la cadena de comida r\u00e1pida Domino\u2019s Pizza.<\/p>\n<p>Recientemente, la famosa pizzer\u00eda lanz\u00f3 un comunicado oficial en su cuenta de Instagram, mencionando que abandona el reality show por el \u201ccomportamiento observado en los participantes de la segunda temporada de La Casa de los Famosos\u201d<\/p>\n<p>Al igual que la cadena de restaurantes Vip\u2019s, la pizzer\u00eda apela a sus principios y valores internos, por lo cual se ve en la necesidad de abandonar el proyecto y retirar su publicidad.<\/p>\n<p>Con esta ya son varias marcas reconocidas las que abandonan el patrocinio del programa y a pesar de todas las pol\u00e9micas generadas, algunas de ellas se han reservado los motivos exactos por las cuales decidieron dejar el reality.<\/p>\n","protected":false},"excerpt":{"rendered":"<p>\ud83d\udd38Ahora es Domino\u2019s Pizza la que abandona el reality. #ESPECT\u00c1CULOS | De nueva cuenta un patrocinador m\u00e1s abandona<\/p>\n","protected":false},"author":1,"featured_media":23964,"comment_status":"open","ping_status":"closed","sticky":false,"template":"","format":"standard","meta":{"footnotes":""},"categories":[11],"tags":[],"class_list":["post-23962","post","type-post","status-publish","format-standard","has-post-thumbnail","hentry","category-espectaculos"],"yoast_head":"<!-- This site is optimized with the Yoast SEO plugin v27.5 - https:\/\/yoast.com\/product\/yoast-seo-wordpress\/ -->\n<title>\u00a1Otro patrocinador se retira de La Casa De Los Famosos M\u00e9xico! - El Estatal de M\u00e9xico<\/title>\n<meta name=\"robots\" content=\"index, follow, max-snippet:-1, max-image-preview:large, max-video-preview:-1\" \/>\n<link rel=\"canonical\" href=\"https:\/\/elestataldemexico.com\/index.php\/2024\/09\/06\/otro-patrocinador-se-retira-de-la-casa-de-los-famosos-mexico\/\" \/>\n<meta property=\"og:locale\" content=\"es_ES\" \/>\n<meta property=\"og:type\" content=\"article\" \/>\n<meta property=\"og:title\" content=\"\u00a1Otro patrocinador se retira de La Casa De Los Famosos M\u00e9xico! - El Estatal de M\u00e9xico\" \/>\n<meta property=\"og:description\" content=\"\ud83d\udd38Ahora es Domino\u2019s Pizza la que abandona el reality. #ESPECT\u00c1CULOS | De nueva cuenta un patrocinador m\u00e1s abandona\" \/>\n<meta property=\"og:url\" content=\"https:\/\/elestataldemexico.com\/index.php\/2024\/09\/06\/otro-patrocinador-se-retira-de-la-casa-de-los-famosos-mexico\/\" \/>\n<meta property=\"og:site_name\" content=\"El Estatal de M\u00e9xico\" \/>\n<meta property=\"article:published_time\" content=\"2024-09-06T13:00:50+00:00\" \/>\n<meta property=\"og:image\" content=\"https:\/\/elestataldemexico.com\/wp-content\/uploads\/2024\/09\/WhatsApp-Image-2024-09-06-at-08.18.47.jpeg\" \/>\n\t<meta property=\"og:image:width\" content=\"750\" \/>\n\t<meta property=\"og:image:height\" content=\"514\" \/>\n\t<meta property=\"og:image:type\" content=\"image\/jpeg\" \/>\n<meta name=\"author\" content=\"admin\" \/>\n<meta name=\"twitter:card\" content=\"summary_large_image\" \/>\n<meta name=\"twitter:label1\" content=\"Escrito por\" \/>\n\t<meta name=\"twitter:data1\" content=\"admin\" \/>\n\t<meta name=\"twitter:label2\" content=\"Tiempo de lectura\" \/>\n\t<meta name=\"twitter:data2\" content=\"1 minuto\" \/>\n<script type=\"application\/ld+json\" class=\"yoast-schema-graph\">{\"@context\":\"https:\\\/\\\/schema.org\",\"@graph\":[{\"@type\":\"Article\",\"@id\":\"https:\\\/\\\/elestataldemexico.com\\\/index.php\\\/2024\\\/09\\\/06\\\/otro-patrocinador-se-retira-de-la-casa-de-los-famosos-mexico\\\/#article\",\"isPartOf\":{\"@id\":\"https:\\\/\\\/elestataldemexico.com\\\/index.php\\\/2024\\\/09\\\/06\\\/otro-patrocinador-se-retira-de-la-casa-de-los-famosos-mexico\\\/\"},\"author\":{\"name\":\"admin\",\"@id\":\"https:\\\/\\\/elestataldemexico.com\\\/#\\\/schema\\\/person\\\/6c7813c13d2c1571771f592f0fe866bb\"},\"headline\":\"\u00a1Otro patrocinador se retira de La Casa De Los Famosos M\u00e9xico!\",\"datePublished\":\"2024-09-06T13:00:50+00:00\",\"mainEntityOfPage\":{\"@id\":\"https:\\\/\\\/elestataldemexico.com\\\/index.php\\\/2024\\\/09\\\/06\\\/otro-patrocinador-se-retira-de-la-casa-de-los-famosos-mexico\\\/\"},\"wordCount\":167,\"commentCount\":0,\"publisher\":{\"@id\":\"https:\\\/\\\/elestataldemexico.com\\\/#organization\"},\"image\":{\"@id\":\"https:\\\/\\\/elestataldemexico.com\\\/index.php\\\/2024\\\/09\\\/06\\\/otro-patrocinador-se-retira-de-la-casa-de-los-famosos-mexico\\\/#primaryimage\"},\"thumbnailUrl\":\"https:\\\/\\\/elestataldemexico.com\\\/wp-content\\\/uploads\\\/2024\\\/09\\\/WhatsApp-Image-2024-09-06-at-08.18.47.jpeg\",\"articleSection\":[\"Espectaculos\"],\"inLanguage\":\"es\",\"potentialAction\":[{\"@type\":\"CommentAction\",\"name\":\"Comment\",\"target\":[\"https:\\\/\\\/elestataldemexico.com\\\/index.php\\\/2024\\\/09\\\/06\\\/otro-patrocinador-se-retira-de-la-casa-de-los-famosos-mexico\\\/#respond\"]}]},{\"@type\":\"WebPage\",\"@id\":\"https:\\\/\\\/elestataldemexico.com\\\/index.php\\\/2024\\\/09\\\/06\\\/otro-patrocinador-se-retira-de-la-casa-de-los-famosos-mexico\\\/\",\"url\":\"https:\\\/\\\/elestataldemexico.com\\\/index.php\\\/2024\\\/09\\\/06\\\/otro-patrocinador-se-retira-de-la-casa-de-los-famosos-mexico\\\/\",\"name\":\"\u00a1Otro patrocinador se retira de La Casa De Los Famosos M\u00e9xico! - El Estatal de M\u00e9xico\",\"isPartOf\":{\"@id\":\"https:\\\/\\\/elestataldemexico.com\\\/#website\"},\"primaryImageOfPage\":{\"@id\":\"https:\\\/\\\/elestataldemexico.com\\\/index.php\\\/2024\\\/09\\\/06\\\/otro-patrocinador-se-retira-de-la-casa-de-los-famosos-mexico\\\/#primaryimage\"},\"image\":{\"@id\":\"https:\\\/\\\/elestataldemexico.com\\\/index.php\\\/2024\\\/09\\\/06\\\/otro-patrocinador-se-retira-de-la-casa-de-los-famosos-mexico\\\/#primaryimage\"},\"thumbnailUrl\":\"https:\\\/\\\/elestataldemexico.com\\\/wp-content\\\/uploads\\\/2024\\\/09\\\/WhatsApp-Image-2024-09-06-at-08.18.47.jpeg\",\"datePublished\":\"2024-09-06T13:00:50+00:00\",\"breadcrumb\":{\"@id\":\"https:\\\/\\\/elestataldemexico.com\\\/index.php\\\/2024\\\/09\\\/06\\\/otro-patrocinador-se-retira-de-la-casa-de-los-famosos-mexico\\\/#breadcrumb\"},\"inLanguage\":\"es\",\"potentialAction\":[{\"@type\":\"ReadAction\",\"target\":[\"https:\\\/\\\/elestataldemexico.com\\\/index.php\\\/2024\\\/09\\\/06\\\/otro-patrocinador-se-retira-de-la-casa-de-los-famosos-mexico\\\/\"]}]},{\"@type\":\"ImageObject\",\"inLanguage\":\"es\",\"@id\":\"https:\\\/\\\/elestataldemexico.com\\\/index.php\\\/2024\\\/09\\\/06\\\/otro-patrocinador-se-retira-de-la-casa-de-los-famosos-mexico\\\/#primaryimage\",\"url\":\"https:\\\/\\\/elestataldemexico.com\\\/wp-content\\\/uploads\\\/2024\\\/09\\\/WhatsApp-Image-2024-09-06-at-08.18.47.jpeg\",\"contentUrl\":\"https:\\\/\\\/elestataldemexico.com\\\/wp-content\\\/uploads\\\/2024\\\/09\\\/WhatsApp-Image-2024-09-06-at-08.18.47.jpeg\",\"width\":750,\"height\":514},{\"@type\":\"BreadcrumbList\",\"@id\":\"https:\\\/\\\/elestataldemexico.com\\\/index.php\\\/2024\\\/09\\\/06\\\/otro-patrocinador-se-retira-de-la-casa-de-los-famosos-mexico\\\/#breadcrumb\",\"itemListElement\":[{\"@type\":\"ListItem\",\"position\":1,\"name\":\"Portada\",\"item\":\"https:\\\/\\\/elestataldemexico.com\\\/\"},{\"@type\":\"ListItem\",\"position\":2,\"name\":\"\u00a1Otro patrocinador se retira de La Casa De Los Famosos M\u00e9xico!\"}]},{\"@type\":\"WebSite\",\"@id\":\"https:\\\/\\\/elestataldemexico.com\\\/#website\",\"url\":\"https:\\\/\\\/elestataldemexico.com\\\/\",\"name\":\"El Estatal de M\u00e9xico\",\"description\":\"\",\"publisher\":{\"@id\":\"https:\\\/\\\/elestataldemexico.com\\\/#organization\"},\"potentialAction\":[{\"@type\":\"SearchAction\",\"target\":{\"@type\":\"EntryPoint\",\"urlTemplate\":\"https:\\\/\\\/elestataldemexico.com\\\/?s={search_term_string}\"},\"query-input\":{\"@type\":\"PropertyValueSpecification\",\"valueRequired\":true,\"valueName\":\"search_term_string\"}}],\"inLanguage\":\"es\"},{\"@type\":\"Organization\",\"@id\":\"https:\\\/\\\/elestataldemexico.com\\\/#organization\",\"name\":\"El Estatal de M\u00e9xico\",\"url\":\"https:\\\/\\\/elestataldemexico.com\\\/\",\"logo\":{\"@type\":\"ImageObject\",\"inLanguage\":\"es\",\"@id\":\"https:\\\/\\\/elestataldemexico.com\\\/#\\\/schema\\\/logo\\\/image\\\/\",\"url\":\"https:\\\/\\\/elestataldemexico.com\\\/wp-content\\\/uploads\\\/2025\\\/05\\\/cropped-elestatal.png\",\"contentUrl\":\"https:\\\/\\\/elestataldemexico.com\\\/wp-content\\\/uploads\\\/2025\\\/05\\\/cropped-elestatal.png\",\"width\":504,\"height\":97,\"caption\":\"El Estatal de M\u00e9xico\"},\"image\":{\"@id\":\"https:\\\/\\\/elestataldemexico.com\\\/#\\\/schema\\\/logo\\\/image\\\/\"}},{\"@type\":\"Person\",\"@id\":\"https:\\\/\\\/elestataldemexico.com\\\/#\\\/schema\\\/person\\\/6c7813c13d2c1571771f592f0fe866bb\",\"name\":\"admin\",\"image\":{\"@type\":\"ImageObject\",\"inLanguage\":\"es\",\"@id\":\"https:\\\/\\\/secure.gravatar.com\\\/avatar\\\/d5ed2db9923a3ad3c0a47f6b3aec7abcb43924b9322251ade16472fc06f7bb5b?s=96&d=mm&r=g\",\"url\":\"https:\\\/\\\/secure.gravatar.com\\\/avatar\\\/d5ed2db9923a3ad3c0a47f6b3aec7abcb43924b9322251ade16472fc06f7bb5b?s=96&d=mm&r=g\",\"contentUrl\":\"https:\\\/\\\/secure.gravatar.com\\\/avatar\\\/d5ed2db9923a3ad3c0a47f6b3aec7abcb43924b9322251ade16472fc06f7bb5b?s=96&d=mm&r=g\",\"caption\":\"admin\"},\"sameAs\":[\"https:\\\/\\\/elestataldemexico.com\"],\"url\":\"https:\\\/\\\/elestataldemexico.com\\\/index.php\\\/author\\\/info_qk62m3p3\\\/\"}]}<\/script>\n<!-- \/ Yoast SEO plugin. -->","yoast_head_json":{"title":"\u00a1Otro patrocinador se retira de La Casa De Los Famosos M\u00e9xico! - El Estatal de M\u00e9xico","robots":{"index":"index","follow":"follow","max-snippet":"max-snippet:-1","max-image-preview":"max-image-preview:large","max-video-preview":"max-video-preview:-1"},"canonical":"https:\/\/elestataldemexico.com\/index.php\/2024\/09\/06\/otro-patrocinador-se-retira-de-la-casa-de-los-famosos-mexico\/","og_locale":"es_ES","og_type":"article","og_title":"\u00a1Otro patrocinador se retira de La Casa De Los Famosos M\u00e9xico! - El Estatal de M\u00e9xico","og_description":"\ud83d\udd38Ahora es Domino\u2019s Pizza la que abandona el reality. #ESPECT\u00c1CULOS | De nueva cuenta un patrocinador m\u00e1s abandona","og_url":"https:\/\/elestataldemexico.com\/index.php\/2024\/09\/06\/otro-patrocinador-se-retira-de-la-casa-de-los-famosos-mexico\/","og_site_name":"El Estatal de M\u00e9xico","article_published_time":"2024-09-06T13:00:50+00:00","og_image":[{"width":750,"height":514,"url":"https:\/\/elestataldemexico.com\/wp-content\/uploads\/2024\/09\/WhatsApp-Image-2024-09-06-at-08.18.47.jpeg","type":"image\/jpeg"}],"author":"admin","twitter_card":"summary_large_image","twitter_misc":{"Escrito por":"admin","Tiempo de lectura":"1 minuto"},"schema":{"@context":"https:\/\/schema.org","@graph":[{"@type":"Article","@id":"https:\/\/elestataldemexico.com\/index.php\/2024\/09\/06\/otro-patrocinador-se-retira-de-la-casa-de-los-famosos-mexico\/#article","isPartOf":{"@id":"https:\/\/elestataldemexico.com\/index.php\/2024\/09\/06\/otro-patrocinador-se-retira-de-la-casa-de-los-famosos-mexico\/"},"author":{"name":"admin","@id":"https:\/\/elestataldemexico.com\/#\/schema\/person\/6c7813c13d2c1571771f592f0fe866bb"},"headline":"\u00a1Otro patrocinador se retira de La Casa De Los Famosos M\u00e9xico!","datePublished":"2024-09-06T13:00:50+00:00","mainEntityOfPage":{"@id":"https:\/\/elestataldemexico.com\/index.php\/2024\/09\/06\/otro-patrocinador-se-retira-de-la-casa-de-los-famosos-mexico\/"},"wordCount":167,"commentCount":0,"publisher":{"@id":"https:\/\/elestataldemexico.com\/#organization"},"image":{"@id":"https:\/\/elestataldemexico.com\/index.php\/2024\/09\/06\/otro-patrocinador-se-retira-de-la-casa-de-los-famosos-mexico\/#primaryimage"},"thumbnailUrl":"https:\/\/elestataldemexico.com\/wp-content\/uploads\/2024\/09\/WhatsApp-Image-2024-09-06-at-08.18.47.jpeg","articleSection":["Espectaculos"],"inLanguage":"es","potentialAction":[{"@type":"CommentAction","name":"Comment","target":["https:\/\/elestataldemexico.com\/index.php\/2024\/09\/06\/otro-patrocinador-se-retira-de-la-casa-de-los-famosos-mexico\/#respond"]}]},{"@type":"WebPage","@id":"https:\/\/elestataldemexico.com\/index.php\/2024\/09\/06\/otro-patrocinador-se-retira-de-la-casa-de-los-famosos-mexico\/","url":"https:\/\/elestataldemexico.com\/index.php\/2024\/09\/06\/otro-patrocinador-se-retira-de-la-casa-de-los-famosos-mexico\/","name":"\u00a1Otro patrocinador se retira de La Casa De Los Famosos M\u00e9xico! - El Estatal de M\u00e9xico","isPartOf":{"@id":"https:\/\/elestataldemexico.com\/#website"},"primaryImageOfPage":{"@id":"https:\/\/elestataldemexico.com\/index.php\/2024\/09\/06\/otro-patrocinador-se-retira-de-la-casa-de-los-famosos-mexico\/#primaryimage"},"image":{"@id":"https:\/\/elestataldemexico.com\/index.php\/2024\/09\/06\/otro-patrocinador-se-retira-de-la-casa-de-los-famosos-mexico\/#primaryimage"},"thumbnailUrl":"https:\/\/elestataldemexico.com\/wp-content\/uploads\/2024\/09\/WhatsApp-Image-2024-09-06-at-08.18.47.jpeg","datePublished":"2024-09-06T13:00:50+00:00","breadcrumb":{"@id":"https:\/\/elestataldemexico.com\/index.php\/2024\/09\/06\/otro-patrocinador-se-retira-de-la-casa-de-los-famosos-mexico\/#breadcrumb"},"inLanguage":"es","potentialAction":[{"@type":"ReadAction","target":["https:\/\/elestataldemexico.com\/index.php\/2024\/09\/06\/otro-patrocinador-se-retira-de-la-casa-de-los-famosos-mexico\/"]}]},{"@type":"ImageObject","inLanguage":"es","@id":"https:\/\/elestataldemexico.com\/index.php\/2024\/09\/06\/otro-patrocinador-se-retira-de-la-casa-de-los-famosos-mexico\/#primaryimage","url":"https:\/\/elestataldemexico.com\/wp-content\/uploads\/2024\/09\/WhatsApp-Image-2024-09-06-at-08.18.47.jpeg","contentUrl":"https:\/\/elestataldemexico.com\/wp-content\/uploads\/2024\/09\/WhatsApp-Image-2024-09-06-at-08.18.47.jpeg","width":750,"height":514},{"@type":"BreadcrumbList","@id":"https:\/\/elestataldemexico.com\/index.php\/2024\/09\/06\/otro-patrocinador-se-retira-de-la-casa-de-los-famosos-mexico\/#breadcrumb","itemListElement":[{"@type":"ListItem","position":1,"name":"Portada","item":"https:\/\/elestataldemexico.com\/"},{"@type":"ListItem","position":2,"name":"\u00a1Otro patrocinador se retira de La Casa De Los Famosos M\u00e9xico!"}]},{"@type":"WebSite","@id":"https:\/\/elestataldemexico.com\/#website","url":"https:\/\/elestataldemexico.com\/","name":"El Estatal de M\u00e9xico","description":"","publisher":{"@id":"https:\/\/elestataldemexico.com\/#organization"},"potentialAction":[{"@type":"SearchAction","target":{"@type":"EntryPoint","urlTemplate":"https:\/\/elestataldemexico.com\/?s={search_term_string}"},"query-input":{"@type":"PropertyValueSpecification","valueRequired":true,"valueName":"search_term_string"}}],"inLanguage":"es"},{"@type":"Organization","@id":"https:\/\/elestataldemexico.com\/#organization","name":"El Estatal de M\u00e9xico","url":"https:\/\/elestataldemexico.com\/","logo":{"@type":"ImageObject","inLanguage":"es","@id":"https:\/\/elestataldemexico.com\/#\/schema\/logo\/image\/","url":"https:\/\/elestataldemexico.com\/wp-content\/uploads\/2025\/05\/cropped-elestatal.png","contentUrl":"https:\/\/elestataldemexico.com\/wp-content\/uploads\/2025\/05\/cropped-elestatal.png","width":504,"height":97,"caption":"El Estatal de M\u00e9xico"},"image":{"@id":"https:\/\/elestataldemexico.com\/#\/schema\/logo\/image\/"}},{"@type":"Person","@id":"https:\/\/elestataldemexico.com\/#\/schema\/person\/6c7813c13d2c1571771f592f0fe866bb","name":"admin","image":{"@type":"ImageObject","inLanguage":"es","@id":"https:\/\/secure.gravatar.com\/avatar\/d5ed2db9923a3ad3c0a47f6b3aec7abcb43924b9322251ade16472fc06f7bb5b?s=96&d=mm&r=g","url":"https:\/\/secure.gravatar.com\/avatar\/d5ed2db9923a3ad3c0a47f6b3aec7abcb43924b9322251ade16472fc06f7bb5b?s=96&d=mm&r=g","contentUrl":"https:\/\/secure.gravatar.com\/avatar\/d5ed2db9923a3ad3c0a47f6b3aec7abcb43924b9322251ade16472fc06f7bb5b?s=96&d=mm&r=g","caption":"admin"},"sameAs":["https:\/\/elestataldemexico.com"],"url":"https:\/\/elestataldemexico.com\/index.php\/author\/info_qk62m3p3\/"}]}},"_links":{"self":[{"href":"https:\/\/elestataldemexico.com\/index.php\/wp-json\/wp\/v2\/posts\/23962","targetHints":{"allow":["GET"]}}],"collection":[{"href":"https:\/\/elestataldemexico.com\/index.php\/wp-json\/wp\/v2\/posts"}],"about":[{"href":"https:\/\/elestataldemexico.com\/index.php\/wp-json\/wp\/v2\/types\/post"}],"author":[{"embeddable":true,"href":"https:\/\/elestataldemexico.com\/index.php\/wp-json\/wp\/v2\/users\/1"}],"replies":[{"embeddable":true,"href":"https:\/\/elestataldemexico.com\/index.php\/wp-json\/wp\/v2\/comments?post=23962"}],"version-history":[{"count":0,"href":"https:\/\/elestataldemexico.com\/index.php\/wp-json\/wp\/v2\/posts\/23962\/revisions"}],"wp:featuredmedia":[{"embeddable":true,"href":"https:\/\/elestataldemexico.com\/index.php\/wp-json\/wp\/v2\/media\/23964"}],"wp:attachment":[{"href":"https:\/\/elestataldemexico.com\/index.php\/wp-json\/wp\/v2\/media?parent=23962"}],"wp:term":[{"taxonomy":"category","embeddable":true,"href":"https:\/\/elestataldemexico.com\/index.php\/wp-json\/wp\/v2\/categories?post=23962"},{"taxonomy":"post_tag","embeddable":true,"href":"https:\/\/elestataldemexico.com\/index.php\/wp-json\/wp\/v2\/tags?post=23962"}],"curies":[{"name":"wp","href":"https:\/\/api.w.org\/{rel}","templated":true}]}}