{"id":23887,"date":"2024-09-03T12:42:45","date_gmt":"2024-09-03T17:42:45","guid":{"rendered":"https:\/\/podernacional.com\/?p=23887"},"modified":"2024-09-03T12:42:45","modified_gmt":"2024-09-03T17:42:45","slug":"angela-aguilar-y-nodal-dan-romantico-paseo-en-las-calles-de-zacatecas","status":"publish","type":"post","link":"https:\/\/elestataldemexico.com\/index.php\/2024\/09\/03\/angela-aguilar-y-nodal-dan-romantico-paseo-en-las-calles-de-zacatecas\/","title":{"rendered":"\u00c1ngela Aguilar y Nodal dan rom\u00e1ntico paseo en las calles de Zacatecas"},"content":{"rendered":"<p>\ud83d\udd38En una fotograf\u00eda se puede apreciar a \u00c1ngela y a Nodal a bordo de una cuatrimoto, sin embargo, el sonorense va como copiloto muy c\u00f3modo y con una botella de agua en mano.<\/p>\n<p>#ESPECT\u00c1CULOS | El romance entre \u00c1ngela Aguilar y Christian Nodal ha sido uno de los m\u00e1s pol\u00e9micos de este 2024, pues pese a que muchos se imaginaban que los cantantes podr\u00edan haber tenido una cierta atracci\u00f3n cuando grabaron juntos el tema \u201cDime c\u00f3mo quieres\u201d, nadie se imagin\u00f3 que a\u00f1os despu\u00e9s iban a causar tanto revuelo con su amor, el cual termin\u00f3 en boda.<\/p>\n<p>Es por eso que ahora, todo lo que hagan tanto \u00c1ngela como Nodal es visto y criticado por millones de personas, tal y como sucedi\u00f3 recientemente, pues un acto normal para los reci\u00e9n casados, causa mucho de qu\u00e9 hablar, pues el matrimonio Nodal Aguilar fue visto disfrutando de su amor en Zacatecas.<\/p>\n<p>Fue a trav\u00e9s de la cuenta oficial de Instagram de la influencer conocida como Reina Venenosa quien comparti\u00f3 una fotograf\u00eda de los reci\u00e9n casados paseando por las calles de Zacatecas, Estado de nuestro pa\u00eds en donde Flor Silvestre y Antonio Aguilar, abuelos de la cantante, vivieron hasta sus \u00faltimos d\u00edas y en donde construyeron su ya famoso rancho \u201cEl Soyate\u201d.<\/p>\n<p>Dicha fotograf\u00eda le fue compartida a la influencer por uno de sus seguidores quienes siempre est\u00e1n al pendiente de qu\u00e9 es lo que sucede con los famosos que se encuentran en las calles o en alguna situaci\u00f3n comprometedora, en esta ocasi\u00f3n, lo que llam\u00f3 la atenci\u00f3n es que \u00c1ngela Aguilar consiente a su esposo y ella es la que maneja el veh\u00edculo en el que viajan.<\/p>\n<p>Y es que, se puede apreciar a \u00c1ngela y a Nodal a bordo de una cuatrimoto, sin embargo, el sonorense va como copiloto muy c\u00f3modo y con una botella de agua en mano, disfrutando de las calles de Zacatecas, mientras que la int\u00e9rprete de \u201cMis amigas las flores\u201d se ve muy concentrada sosteniendo el volante.<\/p>\n","protected":false},"excerpt":{"rendered":"<p>\ud83d\udd38En una fotograf\u00eda se puede apreciar a \u00c1ngela y a Nodal a bordo de una cuatrimoto, sin embargo,<\/p>\n","protected":false},"author":1,"featured_media":23889,"comment_status":"open","ping_status":"closed","sticky":false,"template":"","format":"standard","meta":{"footnotes":""},"categories":[11],"tags":[],"class_list":["post-23887","post","type-post","status-publish","format-standard","has-post-thumbnail","hentry","category-espectaculos"],"yoast_head":"<!-- This site is optimized with the Yoast SEO plugin v27.5 - https:\/\/yoast.com\/product\/yoast-seo-wordpress\/ -->\n<title>\u00c1ngela Aguilar y Nodal dan rom\u00e1ntico paseo en las calles de Zacatecas - El Estatal de M\u00e9xico<\/title>\n<meta name=\"robots\" content=\"index, follow, max-snippet:-1, max-image-preview:large, max-video-preview:-1\" \/>\n<link rel=\"canonical\" href=\"https:\/\/elestataldemexico.com\/index.php\/2024\/09\/03\/angela-aguilar-y-nodal-dan-romantico-paseo-en-las-calles-de-zacatecas\/\" \/>\n<meta property=\"og:locale\" content=\"es_ES\" \/>\n<meta property=\"og:type\" content=\"article\" \/>\n<meta property=\"og:title\" content=\"\u00c1ngela Aguilar y Nodal dan rom\u00e1ntico paseo en las calles de Zacatecas - El Estatal de M\u00e9xico\" \/>\n<meta property=\"og:description\" content=\"\ud83d\udd38En una fotograf\u00eda se puede apreciar a \u00c1ngela y a Nodal a bordo de una cuatrimoto, sin embargo,\" \/>\n<meta property=\"og:url\" content=\"https:\/\/elestataldemexico.com\/index.php\/2024\/09\/03\/angela-aguilar-y-nodal-dan-romantico-paseo-en-las-calles-de-zacatecas\/\" \/>\n<meta property=\"og:site_name\" content=\"El Estatal de M\u00e9xico\" \/>\n<meta property=\"article:published_time\" content=\"2024-09-03T17:42:45+00:00\" \/>\n<meta property=\"og:image\" content=\"https:\/\/elestataldemexico.com\/wp-content\/uploads\/2024\/09\/WhatsApp-Image-2024-09-03-at-12.40.40.jpeg\" \/>\n\t<meta property=\"og:image:width\" content=\"842\" \/>\n\t<meta property=\"og:image:height\" content=\"445\" \/>\n\t<meta property=\"og:image:type\" content=\"image\/jpeg\" \/>\n<meta name=\"author\" content=\"admin\" \/>\n<meta name=\"twitter:card\" content=\"summary_large_image\" \/>\n<meta name=\"twitter:label1\" content=\"Escrito por\" \/>\n\t<meta name=\"twitter:data1\" content=\"admin\" \/>\n\t<meta name=\"twitter:label2\" content=\"Tiempo de lectura\" \/>\n\t<meta name=\"twitter:data2\" content=\"2 minutos\" \/>\n<script type=\"application\/ld+json\" class=\"yoast-schema-graph\">{\"@context\":\"https:\\\/\\\/schema.org\",\"@graph\":[{\"@type\":\"Article\",\"@id\":\"https:\\\/\\\/elestataldemexico.com\\\/index.php\\\/2024\\\/09\\\/03\\\/angela-aguilar-y-nodal-dan-romantico-paseo-en-las-calles-de-zacatecas\\\/#article\",\"isPartOf\":{\"@id\":\"https:\\\/\\\/elestataldemexico.com\\\/index.php\\\/2024\\\/09\\\/03\\\/angela-aguilar-y-nodal-dan-romantico-paseo-en-las-calles-de-zacatecas\\\/\"},\"author\":{\"name\":\"admin\",\"@id\":\"https:\\\/\\\/elestataldemexico.com\\\/#\\\/schema\\\/person\\\/6c7813c13d2c1571771f592f0fe866bb\"},\"headline\":\"\u00c1ngela Aguilar y Nodal dan rom\u00e1ntico paseo en las calles de Zacatecas\",\"datePublished\":\"2024-09-03T17:42:45+00:00\",\"mainEntityOfPage\":{\"@id\":\"https:\\\/\\\/elestataldemexico.com\\\/index.php\\\/2024\\\/09\\\/03\\\/angela-aguilar-y-nodal-dan-romantico-paseo-en-las-calles-de-zacatecas\\\/\"},\"wordCount\":364,\"commentCount\":0,\"publisher\":{\"@id\":\"https:\\\/\\\/elestataldemexico.com\\\/#organization\"},\"image\":{\"@id\":\"https:\\\/\\\/elestataldemexico.com\\\/index.php\\\/2024\\\/09\\\/03\\\/angela-aguilar-y-nodal-dan-romantico-paseo-en-las-calles-de-zacatecas\\\/#primaryimage\"},\"thumbnailUrl\":\"https:\\\/\\\/elestataldemexico.com\\\/wp-content\\\/uploads\\\/2024\\\/09\\\/WhatsApp-Image-2024-09-03-at-12.40.40.jpeg\",\"articleSection\":[\"Espectaculos\"],\"inLanguage\":\"es\",\"potentialAction\":[{\"@type\":\"CommentAction\",\"name\":\"Comment\",\"target\":[\"https:\\\/\\\/elestataldemexico.com\\\/index.php\\\/2024\\\/09\\\/03\\\/angela-aguilar-y-nodal-dan-romantico-paseo-en-las-calles-de-zacatecas\\\/#respond\"]}]},{\"@type\":\"WebPage\",\"@id\":\"https:\\\/\\\/elestataldemexico.com\\\/index.php\\\/2024\\\/09\\\/03\\\/angela-aguilar-y-nodal-dan-romantico-paseo-en-las-calles-de-zacatecas\\\/\",\"url\":\"https:\\\/\\\/elestataldemexico.com\\\/index.php\\\/2024\\\/09\\\/03\\\/angela-aguilar-y-nodal-dan-romantico-paseo-en-las-calles-de-zacatecas\\\/\",\"name\":\"\u00c1ngela Aguilar y Nodal dan rom\u00e1ntico paseo en las calles de Zacatecas - El Estatal de M\u00e9xico\",\"isPartOf\":{\"@id\":\"https:\\\/\\\/elestataldemexico.com\\\/#website\"},\"primaryImageOfPage\":{\"@id\":\"https:\\\/\\\/elestataldemexico.com\\\/index.php\\\/2024\\\/09\\\/03\\\/angela-aguilar-y-nodal-dan-romantico-paseo-en-las-calles-de-zacatecas\\\/#primaryimage\"},\"image\":{\"@id\":\"https:\\\/\\\/elestataldemexico.com\\\/index.php\\\/2024\\\/09\\\/03\\\/angela-aguilar-y-nodal-dan-romantico-paseo-en-las-calles-de-zacatecas\\\/#primaryimage\"},\"thumbnailUrl\":\"https:\\\/\\\/elestataldemexico.com\\\/wp-content\\\/uploads\\\/2024\\\/09\\\/WhatsApp-Image-2024-09-03-at-12.40.40.jpeg\",\"datePublished\":\"2024-09-03T17:42:45+00:00\",\"breadcrumb\":{\"@id\":\"https:\\\/\\\/elestataldemexico.com\\\/index.php\\\/2024\\\/09\\\/03\\\/angela-aguilar-y-nodal-dan-romantico-paseo-en-las-calles-de-zacatecas\\\/#breadcrumb\"},\"inLanguage\":\"es\",\"potentialAction\":[{\"@type\":\"ReadAction\",\"target\":[\"https:\\\/\\\/elestataldemexico.com\\\/index.php\\\/2024\\\/09\\\/03\\\/angela-aguilar-y-nodal-dan-romantico-paseo-en-las-calles-de-zacatecas\\\/\"]}]},{\"@type\":\"ImageObject\",\"inLanguage\":\"es\",\"@id\":\"https:\\\/\\\/elestataldemexico.com\\\/index.php\\\/2024\\\/09\\\/03\\\/angela-aguilar-y-nodal-dan-romantico-paseo-en-las-calles-de-zacatecas\\\/#primaryimage\",\"url\":\"https:\\\/\\\/elestataldemexico.com\\\/wp-content\\\/uploads\\\/2024\\\/09\\\/WhatsApp-Image-2024-09-03-at-12.40.40.jpeg\",\"contentUrl\":\"https:\\\/\\\/elestataldemexico.com\\\/wp-content\\\/uploads\\\/2024\\\/09\\\/WhatsApp-Image-2024-09-03-at-12.40.40.jpeg\",\"width\":842,\"height\":445},{\"@type\":\"BreadcrumbList\",\"@id\":\"https:\\\/\\\/elestataldemexico.com\\\/index.php\\\/2024\\\/09\\\/03\\\/angela-aguilar-y-nodal-dan-romantico-paseo-en-las-calles-de-zacatecas\\\/#breadcrumb\",\"itemListElement\":[{\"@type\":\"ListItem\",\"position\":1,\"name\":\"Portada\",\"item\":\"https:\\\/\\\/elestataldemexico.com\\\/\"},{\"@type\":\"ListItem\",\"position\":2,\"name\":\"\u00c1ngela Aguilar y Nodal dan rom\u00e1ntico paseo en las calles de Zacatecas\"}]},{\"@type\":\"WebSite\",\"@id\":\"https:\\\/\\\/elestataldemexico.com\\\/#website\",\"url\":\"https:\\\/\\\/elestataldemexico.com\\\/\",\"name\":\"El Estatal de M\u00e9xico\",\"description\":\"\",\"publisher\":{\"@id\":\"https:\\\/\\\/elestataldemexico.com\\\/#organization\"},\"potentialAction\":[{\"@type\":\"SearchAction\",\"target\":{\"@type\":\"EntryPoint\",\"urlTemplate\":\"https:\\\/\\\/elestataldemexico.com\\\/?s={search_term_string}\"},\"query-input\":{\"@type\":\"PropertyValueSpecification\",\"valueRequired\":true,\"valueName\":\"search_term_string\"}}],\"inLanguage\":\"es\"},{\"@type\":\"Organization\",\"@id\":\"https:\\\/\\\/elestataldemexico.com\\\/#organization\",\"name\":\"El Estatal de M\u00e9xico\",\"url\":\"https:\\\/\\\/elestataldemexico.com\\\/\",\"logo\":{\"@type\":\"ImageObject\",\"inLanguage\":\"es\",\"@id\":\"https:\\\/\\\/elestataldemexico.com\\\/#\\\/schema\\\/logo\\\/image\\\/\",\"url\":\"https:\\\/\\\/elestataldemexico.com\\\/wp-content\\\/uploads\\\/2025\\\/05\\\/cropped-elestatal.png\",\"contentUrl\":\"https:\\\/\\\/elestataldemexico.com\\\/wp-content\\\/uploads\\\/2025\\\/05\\\/cropped-elestatal.png\",\"width\":504,\"height\":97,\"caption\":\"El Estatal de M\u00e9xico\"},\"image\":{\"@id\":\"https:\\\/\\\/elestataldemexico.com\\\/#\\\/schema\\\/logo\\\/image\\\/\"}},{\"@type\":\"Person\",\"@id\":\"https:\\\/\\\/elestataldemexico.com\\\/#\\\/schema\\\/person\\\/6c7813c13d2c1571771f592f0fe866bb\",\"name\":\"admin\",\"image\":{\"@type\":\"ImageObject\",\"inLanguage\":\"es\",\"@id\":\"https:\\\/\\\/secure.gravatar.com\\\/avatar\\\/d5ed2db9923a3ad3c0a47f6b3aec7abcb43924b9322251ade16472fc06f7bb5b?s=96&d=mm&r=g\",\"url\":\"https:\\\/\\\/secure.gravatar.com\\\/avatar\\\/d5ed2db9923a3ad3c0a47f6b3aec7abcb43924b9322251ade16472fc06f7bb5b?s=96&d=mm&r=g\",\"contentUrl\":\"https:\\\/\\\/secure.gravatar.com\\\/avatar\\\/d5ed2db9923a3ad3c0a47f6b3aec7abcb43924b9322251ade16472fc06f7bb5b?s=96&d=mm&r=g\",\"caption\":\"admin\"},\"sameAs\":[\"https:\\\/\\\/elestataldemexico.com\"],\"url\":\"https:\\\/\\\/elestataldemexico.com\\\/index.php\\\/author\\\/info_qk62m3p3\\\/\"}]}<\/script>\n<!-- \/ Yoast SEO plugin. -->","yoast_head_json":{"title":"\u00c1ngela Aguilar y Nodal dan rom\u00e1ntico paseo en las calles de Zacatecas - El Estatal de M\u00e9xico","robots":{"index":"index","follow":"follow","max-snippet":"max-snippet:-1","max-image-preview":"max-image-preview:large","max-video-preview":"max-video-preview:-1"},"canonical":"https:\/\/elestataldemexico.com\/index.php\/2024\/09\/03\/angela-aguilar-y-nodal-dan-romantico-paseo-en-las-calles-de-zacatecas\/","og_locale":"es_ES","og_type":"article","og_title":"\u00c1ngela Aguilar y Nodal dan rom\u00e1ntico paseo en las calles de Zacatecas - El Estatal de M\u00e9xico","og_description":"\ud83d\udd38En una fotograf\u00eda se puede apreciar a \u00c1ngela y a Nodal a bordo de una cuatrimoto, sin embargo,","og_url":"https:\/\/elestataldemexico.com\/index.php\/2024\/09\/03\/angela-aguilar-y-nodal-dan-romantico-paseo-en-las-calles-de-zacatecas\/","og_site_name":"El Estatal de M\u00e9xico","article_published_time":"2024-09-03T17:42:45+00:00","og_image":[{"width":842,"height":445,"url":"https:\/\/elestataldemexico.com\/wp-content\/uploads\/2024\/09\/WhatsApp-Image-2024-09-03-at-12.40.40.jpeg","type":"image\/jpeg"}],"author":"admin","twitter_card":"summary_large_image","twitter_misc":{"Escrito por":"admin","Tiempo de lectura":"2 minutos"},"schema":{"@context":"https:\/\/schema.org","@graph":[{"@type":"Article","@id":"https:\/\/elestataldemexico.com\/index.php\/2024\/09\/03\/angela-aguilar-y-nodal-dan-romantico-paseo-en-las-calles-de-zacatecas\/#article","isPartOf":{"@id":"https:\/\/elestataldemexico.com\/index.php\/2024\/09\/03\/angela-aguilar-y-nodal-dan-romantico-paseo-en-las-calles-de-zacatecas\/"},"author":{"name":"admin","@id":"https:\/\/elestataldemexico.com\/#\/schema\/person\/6c7813c13d2c1571771f592f0fe866bb"},"headline":"\u00c1ngela Aguilar y Nodal dan rom\u00e1ntico paseo en las calles de Zacatecas","datePublished":"2024-09-03T17:42:45+00:00","mainEntityOfPage":{"@id":"https:\/\/elestataldemexico.com\/index.php\/2024\/09\/03\/angela-aguilar-y-nodal-dan-romantico-paseo-en-las-calles-de-zacatecas\/"},"wordCount":364,"commentCount":0,"publisher":{"@id":"https:\/\/elestataldemexico.com\/#organization"},"image":{"@id":"https:\/\/elestataldemexico.com\/index.php\/2024\/09\/03\/angela-aguilar-y-nodal-dan-romantico-paseo-en-las-calles-de-zacatecas\/#primaryimage"},"thumbnailUrl":"https:\/\/elestataldemexico.com\/wp-content\/uploads\/2024\/09\/WhatsApp-Image-2024-09-03-at-12.40.40.jpeg","articleSection":["Espectaculos"],"inLanguage":"es","potentialAction":[{"@type":"CommentAction","name":"Comment","target":["https:\/\/elestataldemexico.com\/index.php\/2024\/09\/03\/angela-aguilar-y-nodal-dan-romantico-paseo-en-las-calles-de-zacatecas\/#respond"]}]},{"@type":"WebPage","@id":"https:\/\/elestataldemexico.com\/index.php\/2024\/09\/03\/angela-aguilar-y-nodal-dan-romantico-paseo-en-las-calles-de-zacatecas\/","url":"https:\/\/elestataldemexico.com\/index.php\/2024\/09\/03\/angela-aguilar-y-nodal-dan-romantico-paseo-en-las-calles-de-zacatecas\/","name":"\u00c1ngela Aguilar y Nodal dan rom\u00e1ntico paseo en las calles de Zacatecas - El Estatal de M\u00e9xico","isPartOf":{"@id":"https:\/\/elestataldemexico.com\/#website"},"primaryImageOfPage":{"@id":"https:\/\/elestataldemexico.com\/index.php\/2024\/09\/03\/angela-aguilar-y-nodal-dan-romantico-paseo-en-las-calles-de-zacatecas\/#primaryimage"},"image":{"@id":"https:\/\/elestataldemexico.com\/index.php\/2024\/09\/03\/angela-aguilar-y-nodal-dan-romantico-paseo-en-las-calles-de-zacatecas\/#primaryimage"},"thumbnailUrl":"https:\/\/elestataldemexico.com\/wp-content\/uploads\/2024\/09\/WhatsApp-Image-2024-09-03-at-12.40.40.jpeg","datePublished":"2024-09-03T17:42:45+00:00","breadcrumb":{"@id":"https:\/\/elestataldemexico.com\/index.php\/2024\/09\/03\/angela-aguilar-y-nodal-dan-romantico-paseo-en-las-calles-de-zacatecas\/#breadcrumb"},"inLanguage":"es","potentialAction":[{"@type":"ReadAction","target":["https:\/\/elestataldemexico.com\/index.php\/2024\/09\/03\/angela-aguilar-y-nodal-dan-romantico-paseo-en-las-calles-de-zacatecas\/"]}]},{"@type":"ImageObject","inLanguage":"es","@id":"https:\/\/elestataldemexico.com\/index.php\/2024\/09\/03\/angela-aguilar-y-nodal-dan-romantico-paseo-en-las-calles-de-zacatecas\/#primaryimage","url":"https:\/\/elestataldemexico.com\/wp-content\/uploads\/2024\/09\/WhatsApp-Image-2024-09-03-at-12.40.40.jpeg","contentUrl":"https:\/\/elestataldemexico.com\/wp-content\/uploads\/2024\/09\/WhatsApp-Image-2024-09-03-at-12.40.40.jpeg","width":842,"height":445},{"@type":"BreadcrumbList","@id":"https:\/\/elestataldemexico.com\/index.php\/2024\/09\/03\/angela-aguilar-y-nodal-dan-romantico-paseo-en-las-calles-de-zacatecas\/#breadcrumb","itemListElement":[{"@type":"ListItem","position":1,"name":"Portada","item":"https:\/\/elestataldemexico.com\/"},{"@type":"ListItem","position":2,"name":"\u00c1ngela Aguilar y Nodal dan rom\u00e1ntico paseo en las calles de Zacatecas"}]},{"@type":"WebSite","@id":"https:\/\/elestataldemexico.com\/#website","url":"https:\/\/elestataldemexico.com\/","name":"El Estatal de M\u00e9xico","description":"","publisher":{"@id":"https:\/\/elestataldemexico.com\/#organization"},"potentialAction":[{"@type":"SearchAction","target":{"@type":"EntryPoint","urlTemplate":"https:\/\/elestataldemexico.com\/?s={search_term_string}"},"query-input":{"@type":"PropertyValueSpecification","valueRequired":true,"valueName":"search_term_string"}}],"inLanguage":"es"},{"@type":"Organization","@id":"https:\/\/elestataldemexico.com\/#organization","name":"El Estatal de M\u00e9xico","url":"https:\/\/elestataldemexico.com\/","logo":{"@type":"ImageObject","inLanguage":"es","@id":"https:\/\/elestataldemexico.com\/#\/schema\/logo\/image\/","url":"https:\/\/elestataldemexico.com\/wp-content\/uploads\/2025\/05\/cropped-elestatal.png","contentUrl":"https:\/\/elestataldemexico.com\/wp-content\/uploads\/2025\/05\/cropped-elestatal.png","width":504,"height":97,"caption":"El Estatal de M\u00e9xico"},"image":{"@id":"https:\/\/elestataldemexico.com\/#\/schema\/logo\/image\/"}},{"@type":"Person","@id":"https:\/\/elestataldemexico.com\/#\/schema\/person\/6c7813c13d2c1571771f592f0fe866bb","name":"admin","image":{"@type":"ImageObject","inLanguage":"es","@id":"https:\/\/secure.gravatar.com\/avatar\/d5ed2db9923a3ad3c0a47f6b3aec7abcb43924b9322251ade16472fc06f7bb5b?s=96&d=mm&r=g","url":"https:\/\/secure.gravatar.com\/avatar\/d5ed2db9923a3ad3c0a47f6b3aec7abcb43924b9322251ade16472fc06f7bb5b?s=96&d=mm&r=g","contentUrl":"https:\/\/secure.gravatar.com\/avatar\/d5ed2db9923a3ad3c0a47f6b3aec7abcb43924b9322251ade16472fc06f7bb5b?s=96&d=mm&r=g","caption":"admin"},"sameAs":["https:\/\/elestataldemexico.com"],"url":"https:\/\/elestataldemexico.com\/index.php\/author\/info_qk62m3p3\/"}]}},"_links":{"self":[{"href":"https:\/\/elestataldemexico.com\/index.php\/wp-json\/wp\/v2\/posts\/23887","targetHints":{"allow":["GET"]}}],"collection":[{"href":"https:\/\/elestataldemexico.com\/index.php\/wp-json\/wp\/v2\/posts"}],"about":[{"href":"https:\/\/elestataldemexico.com\/index.php\/wp-json\/wp\/v2\/types\/post"}],"author":[{"embeddable":true,"href":"https:\/\/elestataldemexico.com\/index.php\/wp-json\/wp\/v2\/users\/1"}],"replies":[{"embeddable":true,"href":"https:\/\/elestataldemexico.com\/index.php\/wp-json\/wp\/v2\/comments?post=23887"}],"version-history":[{"count":0,"href":"https:\/\/elestataldemexico.com\/index.php\/wp-json\/wp\/v2\/posts\/23887\/revisions"}],"wp:featuredmedia":[{"embeddable":true,"href":"https:\/\/elestataldemexico.com\/index.php\/wp-json\/wp\/v2\/media\/23889"}],"wp:attachment":[{"href":"https:\/\/elestataldemexico.com\/index.php\/wp-json\/wp\/v2\/media?parent=23887"}],"wp:term":[{"taxonomy":"category","embeddable":true,"href":"https:\/\/elestataldemexico.com\/index.php\/wp-json\/wp\/v2\/categories?post=23887"},{"taxonomy":"post_tag","embeddable":true,"href":"https:\/\/elestataldemexico.com\/index.php\/wp-json\/wp\/v2\/tags?post=23887"}],"curies":[{"name":"wp","href":"https:\/\/api.w.org\/{rel}","templated":true}]}}