{"id":23009,"date":"2024-07-22T12:20:04","date_gmt":"2024-07-22T17:20:04","guid":{"rendered":"https:\/\/podernacional.com\/?p=23009"},"modified":"2024-07-22T12:20:04","modified_gmt":"2024-07-22T17:20:04","slug":"habla-yahir-de-distanciamiento-con-su-hijo-tristan","status":"publish","type":"post","link":"https:\/\/elestataldemexico.com\/index.php\/2024\/07\/22\/habla-yahir-de-distanciamiento-con-su-hijo-tristan\/","title":{"rendered":"Habla Yahir de distanciamiento con su hijo Tristan"},"content":{"rendered":"<p>Desde hace varios a\u00f1os se ha hecho p\u00fablico que el hijo mayor de Yahir, Tristan, tiene problemas de adicciones y que desde hace unos a\u00f1os no mantiene relaci\u00f3n con su pap\u00e1 debido a que el joven decidi\u00f3 poner una distancia entre \u00e9l y el cantante.<\/p>\n<p>Yahir recientemente en entrevista con Yordi Rosado se\u00f1al\u00f3 que ha sido muy dif\u00edcil para \u00e9l el distanciamiento con su hijo y explic\u00f3 por qu\u00e9 Tristan se alej\u00f3 de \u00e9l.<\/p>\n<p>\u201cEsta separaci\u00f3n que tengo con Trist\u00e1n es de tres a\u00f1os para ac\u00e1. Hasta el momento que \u00e9l dijo: \u2018ya d\u00e9jenme en paz, quiero estar solo, quiero hacer mis cosas, no los necesito, no me busquen\u2019\u201d.<\/p>\n<p>The video player is currently playing an ad. You can skip the ad in 5 sec with a mouse or keyboard<\/p>\n<p>&nbsp;<\/p>\n<p>Yahir cont\u00f3 que el distanciamiento surgi\u00f3 cuando Tristan sali\u00f3 de un centro de rehabilitaci\u00f3n en el que estuvo tres a\u00f1os.<\/p>\n<p>Hijo Yahir<br \/>\n\u201cLo entiendo de cierta manera porque \u00e9l estuvo tres a\u00f1os en un centro de rehabilitaci\u00f3n, sali\u00f3 con un programa ya instalado que no quiso seguir ese paso, el siguiente paso, lo sab\u00eda \u00e9l, los pap\u00e1s, de que iba a recaer. No est\u00e1 mal recaer, pero el programa que \u00e9l ten\u00eda era para pedir la ayuda en la reca\u00edda y pas\u00f3 lo contrario\u201d.<\/p>\n<p>El cantante mencion\u00f3 que su hijo se ha perdido de importantes momentos con su familia y se\u00f1al\u00f3 que para \u00e9l ha sido muy complicado estar alejado de su hijo sobre todo porque se preocupa por \u00e9l.<\/p>\n<p>\u201cHa sido muy complicado porque cuando te vale mad\u2026 un hijo yo digo que no se ha de sentir gran cosa, hay pap\u00e1s y mam\u00e1s que s\u00ed les vale sus hijos, pero Tristan era mi vida. Yo todos mis momentos libres era de a d\u00f3nde me lo llevo, qu\u00e9 hacemos juntos (\u2026), esa relaci\u00f3n, ese estar el uno con el otro hasta este problema que es como todo, se te sale de las manos y buscas a los profesionales\u201d.<\/p>\n<p>El famoso coment\u00f3 que durante el tiempo que Tristan estuvo en rehabilitaci\u00f3n, \u00e9l, su hijo y la madre del joven estuvieron muy unidos y es algo que recordar\u00e1 siempre.<\/p>\n<p>\u201cTerminar ese proceso de tres a\u00f1os unidos m\u00e1s fuertes de nunca a cuesti\u00f3n de la reca\u00edda y ese momento me lo quedo para toda la vida porque volv\u00ed a gozar a mi hijo ya no siendo un ni\u00f1o sino siendo un adulto (\u2026), lo gozamos hasta el d\u00eda que nos dijo que no quer\u00eda saber de nosotros, iba a vivir su proceso y no nos qued\u00f3 de otra que alejarnos y que viva el proceso\u201d.<\/p>\n<p>Por otra parte, Yahir se sincer\u00f3 y cmencion\u00f3 que el distanciamiento con su hijo ha sido un golpe duro para \u00e9l.<\/p>\n<p>\u201cEl golpe m\u00e1s duro de la vida, el m\u00e1s fuerte, pero lo m\u00e1s gacho es que no puedes hacer absolutamente nada. \u00c9l ya es mayor y \u00e9l est\u00e1 decidiendo por \u00e9l y si \u00e9l cree que est\u00e1 bien lo voy a respetar, pero no lo puedo compartir\u201d.<\/p>\n<p>Hijo Yahir<br \/>\nYahir habla sobre si buscar\u00e1 a su hijo<br \/>\nHace unas semanas Tristan declar\u00f3 en una entrevista que le gustar\u00eda retomar contacto con su pap\u00e1 y referente a esto el cantante dijo lo siguiente:<\/p>\n<p>\u201cYo creo que el cambio tiene que estar en nosotros, estamos lejos, queremos estar cerca est\u00e1 bien, pero tambi\u00e9n hasta cierto punto, en la nota salieron cosas en las que no estoy de acuerdo, no est\u00e1n en mis valores como cosas de religi\u00f3n o sexualidad. Claro que me gustar\u00eda verlo, estar cerca, pero no puedo estar m\u00e1s all\u00e1, no voy a cambiar a una persona de 27 a\u00f1os\u201d.<\/p>\n<p>Yahir<br \/>\nFinalmente, expres\u00f3 que Tristan es algien muy importante para \u00e9l y en caso de reencontrarse ya no piensa aconsejarlo, con verlo es suficiente.<\/p>\n<p>\u201cMi hijo es mi primer amor, mi primera inspiraci\u00f3n, mi primer orgullo, tantas cosas maravillosas que viv\u00ed con ese chamaco. Yo en esta ocasi\u00f3n no lo aconsejar\u00eda, nom\u00e1s quisiera verlo en esta situaci\u00f3n ni reclamarle, ya no estoy hablando con un chamaquito (\u2026), no me ha llamado, pero nos vamos a ver, \u00e9l tiene su estilo de vida. No es un ni\u00f1o y no lo voy a obligar a nada\u201d.<\/p>\n<p>&nbsp;<\/p>\n","protected":false},"excerpt":{"rendered":"<p>Desde hace varios a\u00f1os se ha hecho p\u00fablico que el hijo mayor de Yahir, Tristan, tiene problemas de<\/p>\n","protected":false},"author":1,"featured_media":23011,"comment_status":"open","ping_status":"closed","sticky":false,"template":"","format":"standard","meta":{"footnotes":""},"categories":[11],"tags":[],"class_list":["post-23009","post","type-post","status-publish","format-standard","has-post-thumbnail","hentry","category-espectaculos"],"yoast_head":"<!-- This site is optimized with the Yoast SEO plugin v27.5 - https:\/\/yoast.com\/product\/yoast-seo-wordpress\/ -->\n<title>Habla Yahir de distanciamiento con su hijo Tristan - El Estatal de M\u00e9xico<\/title>\n<meta name=\"robots\" content=\"index, follow, max-snippet:-1, max-image-preview:large, max-video-preview:-1\" \/>\n<link rel=\"canonical\" href=\"https:\/\/elestataldemexico.com\/index.php\/2024\/07\/22\/habla-yahir-de-distanciamiento-con-su-hijo-tristan\/\" \/>\n<meta property=\"og:locale\" content=\"es_ES\" \/>\n<meta property=\"og:type\" content=\"article\" \/>\n<meta property=\"og:title\" content=\"Habla Yahir de distanciamiento con su hijo Tristan - El Estatal de M\u00e9xico\" \/>\n<meta property=\"og:description\" content=\"Desde hace varios a\u00f1os se ha hecho p\u00fablico que el hijo mayor de Yahir, Tristan, tiene problemas de\" \/>\n<meta property=\"og:url\" content=\"https:\/\/elestataldemexico.com\/index.php\/2024\/07\/22\/habla-yahir-de-distanciamiento-con-su-hijo-tristan\/\" \/>\n<meta property=\"og:site_name\" content=\"El Estatal de M\u00e9xico\" \/>\n<meta property=\"article:published_time\" content=\"2024-07-22T17:20:04+00:00\" \/>\n<meta property=\"og:image\" content=\"https:\/\/elestataldemexico.com\/wp-content\/uploads\/2024\/07\/WhatsApp-Image-2024-07-22-at-12.18.28.jpeg\" \/>\n\t<meta property=\"og:image:width\" content=\"800\" \/>\n\t<meta property=\"og:image:height\" content=\"600\" \/>\n\t<meta property=\"og:image:type\" content=\"image\/jpeg\" \/>\n<meta name=\"author\" content=\"admin\" \/>\n<meta name=\"twitter:card\" content=\"summary_large_image\" \/>\n<meta name=\"twitter:label1\" content=\"Escrito por\" \/>\n\t<meta name=\"twitter:data1\" content=\"admin\" \/>\n\t<meta name=\"twitter:label2\" content=\"Tiempo de lectura\" \/>\n\t<meta name=\"twitter:data2\" content=\"4 minutos\" \/>\n<script type=\"application\/ld+json\" class=\"yoast-schema-graph\">{\"@context\":\"https:\\\/\\\/schema.org\",\"@graph\":[{\"@type\":\"Article\",\"@id\":\"https:\\\/\\\/elestataldemexico.com\\\/index.php\\\/2024\\\/07\\\/22\\\/habla-yahir-de-distanciamiento-con-su-hijo-tristan\\\/#article\",\"isPartOf\":{\"@id\":\"https:\\\/\\\/elestataldemexico.com\\\/index.php\\\/2024\\\/07\\\/22\\\/habla-yahir-de-distanciamiento-con-su-hijo-tristan\\\/\"},\"author\":{\"name\":\"admin\",\"@id\":\"https:\\\/\\\/elestataldemexico.com\\\/#\\\/schema\\\/person\\\/6c7813c13d2c1571771f592f0fe866bb\"},\"headline\":\"Habla Yahir de distanciamiento con su hijo Tristan\",\"datePublished\":\"2024-07-22T17:20:04+00:00\",\"mainEntityOfPage\":{\"@id\":\"https:\\\/\\\/elestataldemexico.com\\\/index.php\\\/2024\\\/07\\\/22\\\/habla-yahir-de-distanciamiento-con-su-hijo-tristan\\\/\"},\"wordCount\":750,\"commentCount\":0,\"publisher\":{\"@id\":\"https:\\\/\\\/elestataldemexico.com\\\/#organization\"},\"image\":{\"@id\":\"https:\\\/\\\/elestataldemexico.com\\\/index.php\\\/2024\\\/07\\\/22\\\/habla-yahir-de-distanciamiento-con-su-hijo-tristan\\\/#primaryimage\"},\"thumbnailUrl\":\"https:\\\/\\\/elestataldemexico.com\\\/wp-content\\\/uploads\\\/2024\\\/07\\\/WhatsApp-Image-2024-07-22-at-12.18.28.jpeg\",\"articleSection\":[\"Espectaculos\"],\"inLanguage\":\"es\",\"potentialAction\":[{\"@type\":\"CommentAction\",\"name\":\"Comment\",\"target\":[\"https:\\\/\\\/elestataldemexico.com\\\/index.php\\\/2024\\\/07\\\/22\\\/habla-yahir-de-distanciamiento-con-su-hijo-tristan\\\/#respond\"]}]},{\"@type\":\"WebPage\",\"@id\":\"https:\\\/\\\/elestataldemexico.com\\\/index.php\\\/2024\\\/07\\\/22\\\/habla-yahir-de-distanciamiento-con-su-hijo-tristan\\\/\",\"url\":\"https:\\\/\\\/elestataldemexico.com\\\/index.php\\\/2024\\\/07\\\/22\\\/habla-yahir-de-distanciamiento-con-su-hijo-tristan\\\/\",\"name\":\"Habla Yahir de distanciamiento con su hijo Tristan - El Estatal de M\u00e9xico\",\"isPartOf\":{\"@id\":\"https:\\\/\\\/elestataldemexico.com\\\/#website\"},\"primaryImageOfPage\":{\"@id\":\"https:\\\/\\\/elestataldemexico.com\\\/index.php\\\/2024\\\/07\\\/22\\\/habla-yahir-de-distanciamiento-con-su-hijo-tristan\\\/#primaryimage\"},\"image\":{\"@id\":\"https:\\\/\\\/elestataldemexico.com\\\/index.php\\\/2024\\\/07\\\/22\\\/habla-yahir-de-distanciamiento-con-su-hijo-tristan\\\/#primaryimage\"},\"thumbnailUrl\":\"https:\\\/\\\/elestataldemexico.com\\\/wp-content\\\/uploads\\\/2024\\\/07\\\/WhatsApp-Image-2024-07-22-at-12.18.28.jpeg\",\"datePublished\":\"2024-07-22T17:20:04+00:00\",\"breadcrumb\":{\"@id\":\"https:\\\/\\\/elestataldemexico.com\\\/index.php\\\/2024\\\/07\\\/22\\\/habla-yahir-de-distanciamiento-con-su-hijo-tristan\\\/#breadcrumb\"},\"inLanguage\":\"es\",\"potentialAction\":[{\"@type\":\"ReadAction\",\"target\":[\"https:\\\/\\\/elestataldemexico.com\\\/index.php\\\/2024\\\/07\\\/22\\\/habla-yahir-de-distanciamiento-con-su-hijo-tristan\\\/\"]}]},{\"@type\":\"ImageObject\",\"inLanguage\":\"es\",\"@id\":\"https:\\\/\\\/elestataldemexico.com\\\/index.php\\\/2024\\\/07\\\/22\\\/habla-yahir-de-distanciamiento-con-su-hijo-tristan\\\/#primaryimage\",\"url\":\"https:\\\/\\\/elestataldemexico.com\\\/wp-content\\\/uploads\\\/2024\\\/07\\\/WhatsApp-Image-2024-07-22-at-12.18.28.jpeg\",\"contentUrl\":\"https:\\\/\\\/elestataldemexico.com\\\/wp-content\\\/uploads\\\/2024\\\/07\\\/WhatsApp-Image-2024-07-22-at-12.18.28.jpeg\",\"width\":800,\"height\":600},{\"@type\":\"BreadcrumbList\",\"@id\":\"https:\\\/\\\/elestataldemexico.com\\\/index.php\\\/2024\\\/07\\\/22\\\/habla-yahir-de-distanciamiento-con-su-hijo-tristan\\\/#breadcrumb\",\"itemListElement\":[{\"@type\":\"ListItem\",\"position\":1,\"name\":\"Portada\",\"item\":\"https:\\\/\\\/elestataldemexico.com\\\/\"},{\"@type\":\"ListItem\",\"position\":2,\"name\":\"Habla Yahir de distanciamiento con su hijo Tristan\"}]},{\"@type\":\"WebSite\",\"@id\":\"https:\\\/\\\/elestataldemexico.com\\\/#website\",\"url\":\"https:\\\/\\\/elestataldemexico.com\\\/\",\"name\":\"El Estatal de M\u00e9xico\",\"description\":\"\",\"publisher\":{\"@id\":\"https:\\\/\\\/elestataldemexico.com\\\/#organization\"},\"potentialAction\":[{\"@type\":\"SearchAction\",\"target\":{\"@type\":\"EntryPoint\",\"urlTemplate\":\"https:\\\/\\\/elestataldemexico.com\\\/?s={search_term_string}\"},\"query-input\":{\"@type\":\"PropertyValueSpecification\",\"valueRequired\":true,\"valueName\":\"search_term_string\"}}],\"inLanguage\":\"es\"},{\"@type\":\"Organization\",\"@id\":\"https:\\\/\\\/elestataldemexico.com\\\/#organization\",\"name\":\"El Estatal de M\u00e9xico\",\"url\":\"https:\\\/\\\/elestataldemexico.com\\\/\",\"logo\":{\"@type\":\"ImageObject\",\"inLanguage\":\"es\",\"@id\":\"https:\\\/\\\/elestataldemexico.com\\\/#\\\/schema\\\/logo\\\/image\\\/\",\"url\":\"https:\\\/\\\/elestataldemexico.com\\\/wp-content\\\/uploads\\\/2025\\\/05\\\/cropped-elestatal.png\",\"contentUrl\":\"https:\\\/\\\/elestataldemexico.com\\\/wp-content\\\/uploads\\\/2025\\\/05\\\/cropped-elestatal.png\",\"width\":504,\"height\":97,\"caption\":\"El Estatal de M\u00e9xico\"},\"image\":{\"@id\":\"https:\\\/\\\/elestataldemexico.com\\\/#\\\/schema\\\/logo\\\/image\\\/\"}},{\"@type\":\"Person\",\"@id\":\"https:\\\/\\\/elestataldemexico.com\\\/#\\\/schema\\\/person\\\/6c7813c13d2c1571771f592f0fe866bb\",\"name\":\"admin\",\"image\":{\"@type\":\"ImageObject\",\"inLanguage\":\"es\",\"@id\":\"https:\\\/\\\/secure.gravatar.com\\\/avatar\\\/d5ed2db9923a3ad3c0a47f6b3aec7abcb43924b9322251ade16472fc06f7bb5b?s=96&d=mm&r=g\",\"url\":\"https:\\\/\\\/secure.gravatar.com\\\/avatar\\\/d5ed2db9923a3ad3c0a47f6b3aec7abcb43924b9322251ade16472fc06f7bb5b?s=96&d=mm&r=g\",\"contentUrl\":\"https:\\\/\\\/secure.gravatar.com\\\/avatar\\\/d5ed2db9923a3ad3c0a47f6b3aec7abcb43924b9322251ade16472fc06f7bb5b?s=96&d=mm&r=g\",\"caption\":\"admin\"},\"sameAs\":[\"https:\\\/\\\/elestataldemexico.com\"],\"url\":\"https:\\\/\\\/elestataldemexico.com\\\/index.php\\\/author\\\/info_qk62m3p3\\\/\"}]}<\/script>\n<!-- \/ Yoast SEO plugin. -->","yoast_head_json":{"title":"Habla Yahir de distanciamiento con su hijo Tristan - El Estatal de M\u00e9xico","robots":{"index":"index","follow":"follow","max-snippet":"max-snippet:-1","max-image-preview":"max-image-preview:large","max-video-preview":"max-video-preview:-1"},"canonical":"https:\/\/elestataldemexico.com\/index.php\/2024\/07\/22\/habla-yahir-de-distanciamiento-con-su-hijo-tristan\/","og_locale":"es_ES","og_type":"article","og_title":"Habla Yahir de distanciamiento con su hijo Tristan - El Estatal de M\u00e9xico","og_description":"Desde hace varios a\u00f1os se ha hecho p\u00fablico que el hijo mayor de Yahir, Tristan, tiene problemas de","og_url":"https:\/\/elestataldemexico.com\/index.php\/2024\/07\/22\/habla-yahir-de-distanciamiento-con-su-hijo-tristan\/","og_site_name":"El Estatal de M\u00e9xico","article_published_time":"2024-07-22T17:20:04+00:00","og_image":[{"width":800,"height":600,"url":"https:\/\/elestataldemexico.com\/wp-content\/uploads\/2024\/07\/WhatsApp-Image-2024-07-22-at-12.18.28.jpeg","type":"image\/jpeg"}],"author":"admin","twitter_card":"summary_large_image","twitter_misc":{"Escrito por":"admin","Tiempo de lectura":"4 minutos"},"schema":{"@context":"https:\/\/schema.org","@graph":[{"@type":"Article","@id":"https:\/\/elestataldemexico.com\/index.php\/2024\/07\/22\/habla-yahir-de-distanciamiento-con-su-hijo-tristan\/#article","isPartOf":{"@id":"https:\/\/elestataldemexico.com\/index.php\/2024\/07\/22\/habla-yahir-de-distanciamiento-con-su-hijo-tristan\/"},"author":{"name":"admin","@id":"https:\/\/elestataldemexico.com\/#\/schema\/person\/6c7813c13d2c1571771f592f0fe866bb"},"headline":"Habla Yahir de distanciamiento con su hijo Tristan","datePublished":"2024-07-22T17:20:04+00:00","mainEntityOfPage":{"@id":"https:\/\/elestataldemexico.com\/index.php\/2024\/07\/22\/habla-yahir-de-distanciamiento-con-su-hijo-tristan\/"},"wordCount":750,"commentCount":0,"publisher":{"@id":"https:\/\/elestataldemexico.com\/#organization"},"image":{"@id":"https:\/\/elestataldemexico.com\/index.php\/2024\/07\/22\/habla-yahir-de-distanciamiento-con-su-hijo-tristan\/#primaryimage"},"thumbnailUrl":"https:\/\/elestataldemexico.com\/wp-content\/uploads\/2024\/07\/WhatsApp-Image-2024-07-22-at-12.18.28.jpeg","articleSection":["Espectaculos"],"inLanguage":"es","potentialAction":[{"@type":"CommentAction","name":"Comment","target":["https:\/\/elestataldemexico.com\/index.php\/2024\/07\/22\/habla-yahir-de-distanciamiento-con-su-hijo-tristan\/#respond"]}]},{"@type":"WebPage","@id":"https:\/\/elestataldemexico.com\/index.php\/2024\/07\/22\/habla-yahir-de-distanciamiento-con-su-hijo-tristan\/","url":"https:\/\/elestataldemexico.com\/index.php\/2024\/07\/22\/habla-yahir-de-distanciamiento-con-su-hijo-tristan\/","name":"Habla Yahir de distanciamiento con su hijo Tristan - El Estatal de M\u00e9xico","isPartOf":{"@id":"https:\/\/elestataldemexico.com\/#website"},"primaryImageOfPage":{"@id":"https:\/\/elestataldemexico.com\/index.php\/2024\/07\/22\/habla-yahir-de-distanciamiento-con-su-hijo-tristan\/#primaryimage"},"image":{"@id":"https:\/\/elestataldemexico.com\/index.php\/2024\/07\/22\/habla-yahir-de-distanciamiento-con-su-hijo-tristan\/#primaryimage"},"thumbnailUrl":"https:\/\/elestataldemexico.com\/wp-content\/uploads\/2024\/07\/WhatsApp-Image-2024-07-22-at-12.18.28.jpeg","datePublished":"2024-07-22T17:20:04+00:00","breadcrumb":{"@id":"https:\/\/elestataldemexico.com\/index.php\/2024\/07\/22\/habla-yahir-de-distanciamiento-con-su-hijo-tristan\/#breadcrumb"},"inLanguage":"es","potentialAction":[{"@type":"ReadAction","target":["https:\/\/elestataldemexico.com\/index.php\/2024\/07\/22\/habla-yahir-de-distanciamiento-con-su-hijo-tristan\/"]}]},{"@type":"ImageObject","inLanguage":"es","@id":"https:\/\/elestataldemexico.com\/index.php\/2024\/07\/22\/habla-yahir-de-distanciamiento-con-su-hijo-tristan\/#primaryimage","url":"https:\/\/elestataldemexico.com\/wp-content\/uploads\/2024\/07\/WhatsApp-Image-2024-07-22-at-12.18.28.jpeg","contentUrl":"https:\/\/elestataldemexico.com\/wp-content\/uploads\/2024\/07\/WhatsApp-Image-2024-07-22-at-12.18.28.jpeg","width":800,"height":600},{"@type":"BreadcrumbList","@id":"https:\/\/elestataldemexico.com\/index.php\/2024\/07\/22\/habla-yahir-de-distanciamiento-con-su-hijo-tristan\/#breadcrumb","itemListElement":[{"@type":"ListItem","position":1,"name":"Portada","item":"https:\/\/elestataldemexico.com\/"},{"@type":"ListItem","position":2,"name":"Habla Yahir de distanciamiento con su hijo Tristan"}]},{"@type":"WebSite","@id":"https:\/\/elestataldemexico.com\/#website","url":"https:\/\/elestataldemexico.com\/","name":"El Estatal de M\u00e9xico","description":"","publisher":{"@id":"https:\/\/elestataldemexico.com\/#organization"},"potentialAction":[{"@type":"SearchAction","target":{"@type":"EntryPoint","urlTemplate":"https:\/\/elestataldemexico.com\/?s={search_term_string}"},"query-input":{"@type":"PropertyValueSpecification","valueRequired":true,"valueName":"search_term_string"}}],"inLanguage":"es"},{"@type":"Organization","@id":"https:\/\/elestataldemexico.com\/#organization","name":"El Estatal de M\u00e9xico","url":"https:\/\/elestataldemexico.com\/","logo":{"@type":"ImageObject","inLanguage":"es","@id":"https:\/\/elestataldemexico.com\/#\/schema\/logo\/image\/","url":"https:\/\/elestataldemexico.com\/wp-content\/uploads\/2025\/05\/cropped-elestatal.png","contentUrl":"https:\/\/elestataldemexico.com\/wp-content\/uploads\/2025\/05\/cropped-elestatal.png","width":504,"height":97,"caption":"El Estatal de M\u00e9xico"},"image":{"@id":"https:\/\/elestataldemexico.com\/#\/schema\/logo\/image\/"}},{"@type":"Person","@id":"https:\/\/elestataldemexico.com\/#\/schema\/person\/6c7813c13d2c1571771f592f0fe866bb","name":"admin","image":{"@type":"ImageObject","inLanguage":"es","@id":"https:\/\/secure.gravatar.com\/avatar\/d5ed2db9923a3ad3c0a47f6b3aec7abcb43924b9322251ade16472fc06f7bb5b?s=96&d=mm&r=g","url":"https:\/\/secure.gravatar.com\/avatar\/d5ed2db9923a3ad3c0a47f6b3aec7abcb43924b9322251ade16472fc06f7bb5b?s=96&d=mm&r=g","contentUrl":"https:\/\/secure.gravatar.com\/avatar\/d5ed2db9923a3ad3c0a47f6b3aec7abcb43924b9322251ade16472fc06f7bb5b?s=96&d=mm&r=g","caption":"admin"},"sameAs":["https:\/\/elestataldemexico.com"],"url":"https:\/\/elestataldemexico.com\/index.php\/author\/info_qk62m3p3\/"}]}},"_links":{"self":[{"href":"https:\/\/elestataldemexico.com\/index.php\/wp-json\/wp\/v2\/posts\/23009","targetHints":{"allow":["GET"]}}],"collection":[{"href":"https:\/\/elestataldemexico.com\/index.php\/wp-json\/wp\/v2\/posts"}],"about":[{"href":"https:\/\/elestataldemexico.com\/index.php\/wp-json\/wp\/v2\/types\/post"}],"author":[{"embeddable":true,"href":"https:\/\/elestataldemexico.com\/index.php\/wp-json\/wp\/v2\/users\/1"}],"replies":[{"embeddable":true,"href":"https:\/\/elestataldemexico.com\/index.php\/wp-json\/wp\/v2\/comments?post=23009"}],"version-history":[{"count":0,"href":"https:\/\/elestataldemexico.com\/index.php\/wp-json\/wp\/v2\/posts\/23009\/revisions"}],"wp:featuredmedia":[{"embeddable":true,"href":"https:\/\/elestataldemexico.com\/index.php\/wp-json\/wp\/v2\/media\/23011"}],"wp:attachment":[{"href":"https:\/\/elestataldemexico.com\/index.php\/wp-json\/wp\/v2\/media?parent=23009"}],"wp:term":[{"taxonomy":"category","embeddable":true,"href":"https:\/\/elestataldemexico.com\/index.php\/wp-json\/wp\/v2\/categories?post=23009"},{"taxonomy":"post_tag","embeddable":true,"href":"https:\/\/elestataldemexico.com\/index.php\/wp-json\/wp\/v2\/tags?post=23009"}],"curies":[{"name":"wp","href":"https:\/\/api.w.org\/{rel}","templated":true}]}}