{"id":23006,"date":"2024-07-22T12:17:13","date_gmt":"2024-07-22T17:17:13","guid":{"rendered":"https:\/\/podernacional.com\/?p=23006"},"modified":"2024-07-22T12:17:13","modified_gmt":"2024-07-22T17:17:13","slug":"real-madrid-presenta-su-nuevo-uniforme-de-visitante-para-la-campana-2024-2025","status":"publish","type":"post","link":"https:\/\/elestataldemexico.com\/index.php\/2024\/07\/22\/real-madrid-presenta-su-nuevo-uniforme-de-visitante-para-la-campana-2024-2025\/","title":{"rendered":"Real Madrid presenta su nuevo uniforme de visitante para la campa\u00f1a 2024-2025"},"content":{"rendered":"<p>Todav\u00eda falta para que la LaLiga comience en su temporada 2024-2025, y en la previa a que el Real Madrid se estrene en la nueva campa\u00f1a del futbol espa\u00f1ol, el campe\u00f3n del torneo ib\u00e9rico y actual monarca de la UEFA Champions League estren\u00f3 su nueva equipaci\u00f3n para el nuevo a\u00f1o futbol\u00edstico.<\/p>\n<p>Los dirigidos por Carlo Ancelotti presentaron en redes sociales su nuevo uniforme naranja, 11 a\u00f1os despu\u00e9s de que el cuadro merengue visti\u00f3 este color por primera vez como tercera equipaci\u00f3n en la temporada 2013-2014.<\/p>\n<p>El cuadro merengue present\u00e9 esta nueva equipaci\u00f3n en sus redes sociales y se espera que, al igual que el uniforme blanco, las existencias empiecen a escasear antes de que comience la nueva campa\u00f1a del futbol espa\u00f1ol.<\/p>\n<p>El Real Madrid debutar\u00e1 en competici\u00f3n oficial el pr\u00f3ximo 14 de agosto contra el Atalanta en la Final de la Supercopa de Europa, cuatro d\u00edas despu\u00e9s, Kylian Mbapp\u00e9 podr\u00eda estrenar la equipaci\u00f3n naranja ante el Mallorca en Son Moix.<\/p>\n","protected":false},"excerpt":{"rendered":"<p>Todav\u00eda falta para que la LaLiga comience en su temporada 2024-2025, y en la previa a que el<\/p>\n","protected":false},"author":1,"featured_media":23008,"comment_status":"open","ping_status":"closed","sticky":false,"template":"","format":"standard","meta":{"footnotes":""},"categories":[12],"tags":[],"class_list":["post-23006","post","type-post","status-publish","format-standard","has-post-thumbnail","hentry","category-deportes"],"yoast_head":"<!-- This site is optimized with the Yoast SEO plugin v27.5 - https:\/\/yoast.com\/product\/yoast-seo-wordpress\/ -->\n<title>Real Madrid presenta su nuevo uniforme de visitante para la campa\u00f1a 2024-2025 - El Estatal de M\u00e9xico<\/title>\n<meta name=\"robots\" content=\"index, follow, max-snippet:-1, max-image-preview:large, max-video-preview:-1\" \/>\n<link rel=\"canonical\" href=\"https:\/\/elestataldemexico.com\/index.php\/2024\/07\/22\/real-madrid-presenta-su-nuevo-uniforme-de-visitante-para-la-campana-2024-2025\/\" \/>\n<meta property=\"og:locale\" content=\"es_ES\" \/>\n<meta property=\"og:type\" content=\"article\" \/>\n<meta property=\"og:title\" content=\"Real Madrid presenta su nuevo uniforme de visitante para la campa\u00f1a 2024-2025 - El Estatal de M\u00e9xico\" \/>\n<meta property=\"og:description\" content=\"Todav\u00eda falta para que la LaLiga comience en su temporada 2024-2025, y en la previa a que el\" \/>\n<meta property=\"og:url\" content=\"https:\/\/elestataldemexico.com\/index.php\/2024\/07\/22\/real-madrid-presenta-su-nuevo-uniforme-de-visitante-para-la-campana-2024-2025\/\" \/>\n<meta property=\"og:site_name\" content=\"El Estatal de M\u00e9xico\" \/>\n<meta property=\"article:published_time\" content=\"2024-07-22T17:17:13+00:00\" \/>\n<meta property=\"og:image\" content=\"https:\/\/elestataldemexico.com\/wp-content\/uploads\/2024\/07\/WhatsApp-Image-2024-07-22-at-12.15.03.jpeg\" \/>\n\t<meta property=\"og:image:width\" content=\"768\" \/>\n\t<meta property=\"og:image:height\" content=\"433\" \/>\n\t<meta property=\"og:image:type\" content=\"image\/jpeg\" \/>\n<meta name=\"author\" content=\"admin\" \/>\n<meta name=\"twitter:card\" content=\"summary_large_image\" \/>\n<meta name=\"twitter:label1\" content=\"Escrito por\" \/>\n\t<meta name=\"twitter:data1\" content=\"admin\" \/>\n\t<meta name=\"twitter:label2\" content=\"Tiempo de lectura\" \/>\n\t<meta name=\"twitter:data2\" content=\"1 minuto\" \/>\n<script type=\"application\/ld+json\" class=\"yoast-schema-graph\">{\"@context\":\"https:\\\/\\\/schema.org\",\"@graph\":[{\"@type\":\"Article\",\"@id\":\"https:\\\/\\\/elestataldemexico.com\\\/index.php\\\/2024\\\/07\\\/22\\\/real-madrid-presenta-su-nuevo-uniforme-de-visitante-para-la-campana-2024-2025\\\/#article\",\"isPartOf\":{\"@id\":\"https:\\\/\\\/elestataldemexico.com\\\/index.php\\\/2024\\\/07\\\/22\\\/real-madrid-presenta-su-nuevo-uniforme-de-visitante-para-la-campana-2024-2025\\\/\"},\"author\":{\"name\":\"admin\",\"@id\":\"https:\\\/\\\/elestataldemexico.com\\\/#\\\/schema\\\/person\\\/6c7813c13d2c1571771f592f0fe866bb\"},\"headline\":\"Real Madrid presenta su nuevo uniforme de visitante para la campa\u00f1a 2024-2025\",\"datePublished\":\"2024-07-22T17:17:13+00:00\",\"mainEntityOfPage\":{\"@id\":\"https:\\\/\\\/elestataldemexico.com\\\/index.php\\\/2024\\\/07\\\/22\\\/real-madrid-presenta-su-nuevo-uniforme-de-visitante-para-la-campana-2024-2025\\\/\"},\"wordCount\":191,\"commentCount\":0,\"publisher\":{\"@id\":\"https:\\\/\\\/elestataldemexico.com\\\/#organization\"},\"image\":{\"@id\":\"https:\\\/\\\/elestataldemexico.com\\\/index.php\\\/2024\\\/07\\\/22\\\/real-madrid-presenta-su-nuevo-uniforme-de-visitante-para-la-campana-2024-2025\\\/#primaryimage\"},\"thumbnailUrl\":\"https:\\\/\\\/elestataldemexico.com\\\/wp-content\\\/uploads\\\/2024\\\/07\\\/WhatsApp-Image-2024-07-22-at-12.15.03.jpeg\",\"articleSection\":[\"Deportes\"],\"inLanguage\":\"es\",\"potentialAction\":[{\"@type\":\"CommentAction\",\"name\":\"Comment\",\"target\":[\"https:\\\/\\\/elestataldemexico.com\\\/index.php\\\/2024\\\/07\\\/22\\\/real-madrid-presenta-su-nuevo-uniforme-de-visitante-para-la-campana-2024-2025\\\/#respond\"]}]},{\"@type\":\"WebPage\",\"@id\":\"https:\\\/\\\/elestataldemexico.com\\\/index.php\\\/2024\\\/07\\\/22\\\/real-madrid-presenta-su-nuevo-uniforme-de-visitante-para-la-campana-2024-2025\\\/\",\"url\":\"https:\\\/\\\/elestataldemexico.com\\\/index.php\\\/2024\\\/07\\\/22\\\/real-madrid-presenta-su-nuevo-uniforme-de-visitante-para-la-campana-2024-2025\\\/\",\"name\":\"Real Madrid presenta su nuevo uniforme de visitante para la campa\u00f1a 2024-2025 - El Estatal de M\u00e9xico\",\"isPartOf\":{\"@id\":\"https:\\\/\\\/elestataldemexico.com\\\/#website\"},\"primaryImageOfPage\":{\"@id\":\"https:\\\/\\\/elestataldemexico.com\\\/index.php\\\/2024\\\/07\\\/22\\\/real-madrid-presenta-su-nuevo-uniforme-de-visitante-para-la-campana-2024-2025\\\/#primaryimage\"},\"image\":{\"@id\":\"https:\\\/\\\/elestataldemexico.com\\\/index.php\\\/2024\\\/07\\\/22\\\/real-madrid-presenta-su-nuevo-uniforme-de-visitante-para-la-campana-2024-2025\\\/#primaryimage\"},\"thumbnailUrl\":\"https:\\\/\\\/elestataldemexico.com\\\/wp-content\\\/uploads\\\/2024\\\/07\\\/WhatsApp-Image-2024-07-22-at-12.15.03.jpeg\",\"datePublished\":\"2024-07-22T17:17:13+00:00\",\"breadcrumb\":{\"@id\":\"https:\\\/\\\/elestataldemexico.com\\\/index.php\\\/2024\\\/07\\\/22\\\/real-madrid-presenta-su-nuevo-uniforme-de-visitante-para-la-campana-2024-2025\\\/#breadcrumb\"},\"inLanguage\":\"es\",\"potentialAction\":[{\"@type\":\"ReadAction\",\"target\":[\"https:\\\/\\\/elestataldemexico.com\\\/index.php\\\/2024\\\/07\\\/22\\\/real-madrid-presenta-su-nuevo-uniforme-de-visitante-para-la-campana-2024-2025\\\/\"]}]},{\"@type\":\"ImageObject\",\"inLanguage\":\"es\",\"@id\":\"https:\\\/\\\/elestataldemexico.com\\\/index.php\\\/2024\\\/07\\\/22\\\/real-madrid-presenta-su-nuevo-uniforme-de-visitante-para-la-campana-2024-2025\\\/#primaryimage\",\"url\":\"https:\\\/\\\/elestataldemexico.com\\\/wp-content\\\/uploads\\\/2024\\\/07\\\/WhatsApp-Image-2024-07-22-at-12.15.03.jpeg\",\"contentUrl\":\"https:\\\/\\\/elestataldemexico.com\\\/wp-content\\\/uploads\\\/2024\\\/07\\\/WhatsApp-Image-2024-07-22-at-12.15.03.jpeg\",\"width\":768,\"height\":433},{\"@type\":\"BreadcrumbList\",\"@id\":\"https:\\\/\\\/elestataldemexico.com\\\/index.php\\\/2024\\\/07\\\/22\\\/real-madrid-presenta-su-nuevo-uniforme-de-visitante-para-la-campana-2024-2025\\\/#breadcrumb\",\"itemListElement\":[{\"@type\":\"ListItem\",\"position\":1,\"name\":\"Portada\",\"item\":\"https:\\\/\\\/elestataldemexico.com\\\/\"},{\"@type\":\"ListItem\",\"position\":2,\"name\":\"Real Madrid presenta su nuevo uniforme de visitante para la campa\u00f1a 2024-2025\"}]},{\"@type\":\"WebSite\",\"@id\":\"https:\\\/\\\/elestataldemexico.com\\\/#website\",\"url\":\"https:\\\/\\\/elestataldemexico.com\\\/\",\"name\":\"El Estatal de M\u00e9xico\",\"description\":\"\",\"publisher\":{\"@id\":\"https:\\\/\\\/elestataldemexico.com\\\/#organization\"},\"potentialAction\":[{\"@type\":\"SearchAction\",\"target\":{\"@type\":\"EntryPoint\",\"urlTemplate\":\"https:\\\/\\\/elestataldemexico.com\\\/?s={search_term_string}\"},\"query-input\":{\"@type\":\"PropertyValueSpecification\",\"valueRequired\":true,\"valueName\":\"search_term_string\"}}],\"inLanguage\":\"es\"},{\"@type\":\"Organization\",\"@id\":\"https:\\\/\\\/elestataldemexico.com\\\/#organization\",\"name\":\"El Estatal de M\u00e9xico\",\"url\":\"https:\\\/\\\/elestataldemexico.com\\\/\",\"logo\":{\"@type\":\"ImageObject\",\"inLanguage\":\"es\",\"@id\":\"https:\\\/\\\/elestataldemexico.com\\\/#\\\/schema\\\/logo\\\/image\\\/\",\"url\":\"https:\\\/\\\/elestataldemexico.com\\\/wp-content\\\/uploads\\\/2025\\\/05\\\/cropped-elestatal.png\",\"contentUrl\":\"https:\\\/\\\/elestataldemexico.com\\\/wp-content\\\/uploads\\\/2025\\\/05\\\/cropped-elestatal.png\",\"width\":504,\"height\":97,\"caption\":\"El Estatal de M\u00e9xico\"},\"image\":{\"@id\":\"https:\\\/\\\/elestataldemexico.com\\\/#\\\/schema\\\/logo\\\/image\\\/\"}},{\"@type\":\"Person\",\"@id\":\"https:\\\/\\\/elestataldemexico.com\\\/#\\\/schema\\\/person\\\/6c7813c13d2c1571771f592f0fe866bb\",\"name\":\"admin\",\"image\":{\"@type\":\"ImageObject\",\"inLanguage\":\"es\",\"@id\":\"https:\\\/\\\/secure.gravatar.com\\\/avatar\\\/d5ed2db9923a3ad3c0a47f6b3aec7abcb43924b9322251ade16472fc06f7bb5b?s=96&d=mm&r=g\",\"url\":\"https:\\\/\\\/secure.gravatar.com\\\/avatar\\\/d5ed2db9923a3ad3c0a47f6b3aec7abcb43924b9322251ade16472fc06f7bb5b?s=96&d=mm&r=g\",\"contentUrl\":\"https:\\\/\\\/secure.gravatar.com\\\/avatar\\\/d5ed2db9923a3ad3c0a47f6b3aec7abcb43924b9322251ade16472fc06f7bb5b?s=96&d=mm&r=g\",\"caption\":\"admin\"},\"sameAs\":[\"https:\\\/\\\/elestataldemexico.com\"],\"url\":\"https:\\\/\\\/elestataldemexico.com\\\/index.php\\\/author\\\/info_qk62m3p3\\\/\"}]}<\/script>\n<!-- \/ Yoast SEO plugin. -->","yoast_head_json":{"title":"Real Madrid presenta su nuevo uniforme de visitante para la campa\u00f1a 2024-2025 - El Estatal de M\u00e9xico","robots":{"index":"index","follow":"follow","max-snippet":"max-snippet:-1","max-image-preview":"max-image-preview:large","max-video-preview":"max-video-preview:-1"},"canonical":"https:\/\/elestataldemexico.com\/index.php\/2024\/07\/22\/real-madrid-presenta-su-nuevo-uniforme-de-visitante-para-la-campana-2024-2025\/","og_locale":"es_ES","og_type":"article","og_title":"Real Madrid presenta su nuevo uniforme de visitante para la campa\u00f1a 2024-2025 - El Estatal de M\u00e9xico","og_description":"Todav\u00eda falta para que la LaLiga comience en su temporada 2024-2025, y en la previa a que el","og_url":"https:\/\/elestataldemexico.com\/index.php\/2024\/07\/22\/real-madrid-presenta-su-nuevo-uniforme-de-visitante-para-la-campana-2024-2025\/","og_site_name":"El Estatal de M\u00e9xico","article_published_time":"2024-07-22T17:17:13+00:00","og_image":[{"width":768,"height":433,"url":"https:\/\/elestataldemexico.com\/wp-content\/uploads\/2024\/07\/WhatsApp-Image-2024-07-22-at-12.15.03.jpeg","type":"image\/jpeg"}],"author":"admin","twitter_card":"summary_large_image","twitter_misc":{"Escrito por":"admin","Tiempo de lectura":"1 minuto"},"schema":{"@context":"https:\/\/schema.org","@graph":[{"@type":"Article","@id":"https:\/\/elestataldemexico.com\/index.php\/2024\/07\/22\/real-madrid-presenta-su-nuevo-uniforme-de-visitante-para-la-campana-2024-2025\/#article","isPartOf":{"@id":"https:\/\/elestataldemexico.com\/index.php\/2024\/07\/22\/real-madrid-presenta-su-nuevo-uniforme-de-visitante-para-la-campana-2024-2025\/"},"author":{"name":"admin","@id":"https:\/\/elestataldemexico.com\/#\/schema\/person\/6c7813c13d2c1571771f592f0fe866bb"},"headline":"Real Madrid presenta su nuevo uniforme de visitante para la campa\u00f1a 2024-2025","datePublished":"2024-07-22T17:17:13+00:00","mainEntityOfPage":{"@id":"https:\/\/elestataldemexico.com\/index.php\/2024\/07\/22\/real-madrid-presenta-su-nuevo-uniforme-de-visitante-para-la-campana-2024-2025\/"},"wordCount":191,"commentCount":0,"publisher":{"@id":"https:\/\/elestataldemexico.com\/#organization"},"image":{"@id":"https:\/\/elestataldemexico.com\/index.php\/2024\/07\/22\/real-madrid-presenta-su-nuevo-uniforme-de-visitante-para-la-campana-2024-2025\/#primaryimage"},"thumbnailUrl":"https:\/\/elestataldemexico.com\/wp-content\/uploads\/2024\/07\/WhatsApp-Image-2024-07-22-at-12.15.03.jpeg","articleSection":["Deportes"],"inLanguage":"es","potentialAction":[{"@type":"CommentAction","name":"Comment","target":["https:\/\/elestataldemexico.com\/index.php\/2024\/07\/22\/real-madrid-presenta-su-nuevo-uniforme-de-visitante-para-la-campana-2024-2025\/#respond"]}]},{"@type":"WebPage","@id":"https:\/\/elestataldemexico.com\/index.php\/2024\/07\/22\/real-madrid-presenta-su-nuevo-uniforme-de-visitante-para-la-campana-2024-2025\/","url":"https:\/\/elestataldemexico.com\/index.php\/2024\/07\/22\/real-madrid-presenta-su-nuevo-uniforme-de-visitante-para-la-campana-2024-2025\/","name":"Real Madrid presenta su nuevo uniforme de visitante para la campa\u00f1a 2024-2025 - El Estatal de M\u00e9xico","isPartOf":{"@id":"https:\/\/elestataldemexico.com\/#website"},"primaryImageOfPage":{"@id":"https:\/\/elestataldemexico.com\/index.php\/2024\/07\/22\/real-madrid-presenta-su-nuevo-uniforme-de-visitante-para-la-campana-2024-2025\/#primaryimage"},"image":{"@id":"https:\/\/elestataldemexico.com\/index.php\/2024\/07\/22\/real-madrid-presenta-su-nuevo-uniforme-de-visitante-para-la-campana-2024-2025\/#primaryimage"},"thumbnailUrl":"https:\/\/elestataldemexico.com\/wp-content\/uploads\/2024\/07\/WhatsApp-Image-2024-07-22-at-12.15.03.jpeg","datePublished":"2024-07-22T17:17:13+00:00","breadcrumb":{"@id":"https:\/\/elestataldemexico.com\/index.php\/2024\/07\/22\/real-madrid-presenta-su-nuevo-uniforme-de-visitante-para-la-campana-2024-2025\/#breadcrumb"},"inLanguage":"es","potentialAction":[{"@type":"ReadAction","target":["https:\/\/elestataldemexico.com\/index.php\/2024\/07\/22\/real-madrid-presenta-su-nuevo-uniforme-de-visitante-para-la-campana-2024-2025\/"]}]},{"@type":"ImageObject","inLanguage":"es","@id":"https:\/\/elestataldemexico.com\/index.php\/2024\/07\/22\/real-madrid-presenta-su-nuevo-uniforme-de-visitante-para-la-campana-2024-2025\/#primaryimage","url":"https:\/\/elestataldemexico.com\/wp-content\/uploads\/2024\/07\/WhatsApp-Image-2024-07-22-at-12.15.03.jpeg","contentUrl":"https:\/\/elestataldemexico.com\/wp-content\/uploads\/2024\/07\/WhatsApp-Image-2024-07-22-at-12.15.03.jpeg","width":768,"height":433},{"@type":"BreadcrumbList","@id":"https:\/\/elestataldemexico.com\/index.php\/2024\/07\/22\/real-madrid-presenta-su-nuevo-uniforme-de-visitante-para-la-campana-2024-2025\/#breadcrumb","itemListElement":[{"@type":"ListItem","position":1,"name":"Portada","item":"https:\/\/elestataldemexico.com\/"},{"@type":"ListItem","position":2,"name":"Real Madrid presenta su nuevo uniforme de visitante para la campa\u00f1a 2024-2025"}]},{"@type":"WebSite","@id":"https:\/\/elestataldemexico.com\/#website","url":"https:\/\/elestataldemexico.com\/","name":"El Estatal de M\u00e9xico","description":"","publisher":{"@id":"https:\/\/elestataldemexico.com\/#organization"},"potentialAction":[{"@type":"SearchAction","target":{"@type":"EntryPoint","urlTemplate":"https:\/\/elestataldemexico.com\/?s={search_term_string}"},"query-input":{"@type":"PropertyValueSpecification","valueRequired":true,"valueName":"search_term_string"}}],"inLanguage":"es"},{"@type":"Organization","@id":"https:\/\/elestataldemexico.com\/#organization","name":"El Estatal de M\u00e9xico","url":"https:\/\/elestataldemexico.com\/","logo":{"@type":"ImageObject","inLanguage":"es","@id":"https:\/\/elestataldemexico.com\/#\/schema\/logo\/image\/","url":"https:\/\/elestataldemexico.com\/wp-content\/uploads\/2025\/05\/cropped-elestatal.png","contentUrl":"https:\/\/elestataldemexico.com\/wp-content\/uploads\/2025\/05\/cropped-elestatal.png","width":504,"height":97,"caption":"El Estatal de M\u00e9xico"},"image":{"@id":"https:\/\/elestataldemexico.com\/#\/schema\/logo\/image\/"}},{"@type":"Person","@id":"https:\/\/elestataldemexico.com\/#\/schema\/person\/6c7813c13d2c1571771f592f0fe866bb","name":"admin","image":{"@type":"ImageObject","inLanguage":"es","@id":"https:\/\/secure.gravatar.com\/avatar\/d5ed2db9923a3ad3c0a47f6b3aec7abcb43924b9322251ade16472fc06f7bb5b?s=96&d=mm&r=g","url":"https:\/\/secure.gravatar.com\/avatar\/d5ed2db9923a3ad3c0a47f6b3aec7abcb43924b9322251ade16472fc06f7bb5b?s=96&d=mm&r=g","contentUrl":"https:\/\/secure.gravatar.com\/avatar\/d5ed2db9923a3ad3c0a47f6b3aec7abcb43924b9322251ade16472fc06f7bb5b?s=96&d=mm&r=g","caption":"admin"},"sameAs":["https:\/\/elestataldemexico.com"],"url":"https:\/\/elestataldemexico.com\/index.php\/author\/info_qk62m3p3\/"}]}},"_links":{"self":[{"href":"https:\/\/elestataldemexico.com\/index.php\/wp-json\/wp\/v2\/posts\/23006","targetHints":{"allow":["GET"]}}],"collection":[{"href":"https:\/\/elestataldemexico.com\/index.php\/wp-json\/wp\/v2\/posts"}],"about":[{"href":"https:\/\/elestataldemexico.com\/index.php\/wp-json\/wp\/v2\/types\/post"}],"author":[{"embeddable":true,"href":"https:\/\/elestataldemexico.com\/index.php\/wp-json\/wp\/v2\/users\/1"}],"replies":[{"embeddable":true,"href":"https:\/\/elestataldemexico.com\/index.php\/wp-json\/wp\/v2\/comments?post=23006"}],"version-history":[{"count":0,"href":"https:\/\/elestataldemexico.com\/index.php\/wp-json\/wp\/v2\/posts\/23006\/revisions"}],"wp:featuredmedia":[{"embeddable":true,"href":"https:\/\/elestataldemexico.com\/index.php\/wp-json\/wp\/v2\/media\/23008"}],"wp:attachment":[{"href":"https:\/\/elestataldemexico.com\/index.php\/wp-json\/wp\/v2\/media?parent=23006"}],"wp:term":[{"taxonomy":"category","embeddable":true,"href":"https:\/\/elestataldemexico.com\/index.php\/wp-json\/wp\/v2\/categories?post=23006"},{"taxonomy":"post_tag","embeddable":true,"href":"https:\/\/elestataldemexico.com\/index.php\/wp-json\/wp\/v2\/tags?post=23006"}],"curies":[{"name":"wp","href":"https:\/\/api.w.org\/{rel}","templated":true}]}}