{"id":22794,"date":"2024-07-09T10:04:28","date_gmt":"2024-07-09T15:04:28","guid":{"rendered":"https:\/\/podernacional.com\/?p=22794"},"modified":"2024-07-09T10:04:28","modified_gmt":"2024-07-09T15:04:28","slug":"ana-paty-peralta-con-firme-vision-por-una-ninez-y-juventud-libre-de-violencia","status":"publish","type":"post","link":"https:\/\/elestataldemexico.com\/index.php\/2024\/07\/09\/ana-paty-peralta-con-firme-vision-por-una-ninez-y-juventud-libre-de-violencia\/","title":{"rendered":"Ana Paty Peralta con firme visi\u00f3n por una ni\u00f1ez y juventud libre de violencia"},"content":{"rendered":"<h4>\u00a016 mil estudiantes cancunenses beneficiados con experiencia innovadora de realidad virtual para crear conciencia<\/h4>\n<p>\u201cDesde hace tres meses hemos venido trabajando con este proyecto, llegando a m\u00e1s de 40 escuelas de nivel b\u00e1sico, medio superior y superior, beneficiando a m\u00e1s de 16 mil estudiantes. Estamos uniendo a Canc\u00fan bajo una visi\u00f3n clara: fortalecer nuestros valores y una cultura de paz con las nuevas generaciones de cancunenses\u201d, enfatiz\u00f3 la Presidenta Municipal, Ana Paty Peralta, al clausurar el \u201cPrograma de Realidad Virtual de 0 a 100\u201d, implementado por el Instituto Municipal Contra las Adicciones (IMCA) y el Instituto Municipal de la Juventud (IMJUVE).<\/p>\n<p><img loading=\"lazy\" decoding=\"async\" class=\"alignnone size-medium wp-image-48544\" src=\"https:\/\/podernacional.com\/wp-content\/uploads\/2024\/07\/WhatsApp-Image-2024-07-09-at-09.51.38-1.jpeg\" alt=\"\" width=\"300\" height=\"200\" \/> <img loading=\"lazy\" decoding=\"async\" class=\"alignnone size-medium wp-image-48545\" src=\"https:\/\/podernacional.com\/wp-content\/uploads\/2024\/07\/WhatsApp-Image-2024-07-09-at-09.51.38-300x200.jpeg\" alt=\"\" width=\"300\" height=\"200\" \/> <img loading=\"lazy\" decoding=\"async\" class=\"alignnone size-medium wp-image-48546\" src=\"https:\/\/podernacional.com\/wp-content\/uploads\/2024\/07\/WhatsApp-Image-2024-07-09-at-09.51.37-3-300x200.jpeg\" alt=\"\" width=\"300\" height=\"200\" \/> <img loading=\"lazy\" decoding=\"async\" class=\"alignnone size-medium wp-image-48547\" src=\"https:\/\/podernacional.com\/wp-content\/uploads\/2024\/07\/WhatsApp-Image-2024-07-09-at-09.51.37-2-300x284.jpeg\" alt=\"\" width=\"300\" height=\"284\" \/> <img loading=\"lazy\" decoding=\"async\" class=\"alignnone size-medium wp-image-48548\" src=\"https:\/\/podernacional.com\/wp-content\/uploads\/2024\/07\/WhatsApp-Image-2024-07-09-at-09.51.37-1-300x206.jpeg\" alt=\"\" width=\"300\" height=\"206\" \/><\/p>\n<p>En el evento que tuvo lugar en el Auditorio del Instituto C\u00e9sare, mencion\u00f3 que estas actividades se hacen como parte de la prevenci\u00f3n en materia de adicciones, violencias y salud emocional, por lo que enfatiz\u00f3 que se continuar\u00e1n realizando a m\u00e1s cancunenses, pero no solamente a las juventudes, sino tambi\u00e9n a las madres, a los padres y a las y los maestros.<\/p>\n<p>Por su parte, el director del IMCA, Alberto Ortu\u00f1o B\u00e1ez, consider\u00f3 que las y los estudiantes tuvieron una vivencia de manera virtual, gracias a los lentes tridimensionales en los que eran part\u00edcipes de una historia que desencadena un final conforme a la toma de sus propias decisiones, ya que se busca hacer conciencia sobre sus actitudes hacia el entorno.<\/p>\n<p>A su vez, la directora del IMJUVE, Danielle Camargo D\u00e1vila Madrid, expres\u00f3 que con estas actividades se le ense\u00f1a a la comunidad estudiantil a ser conscientes de la vida, y a su vez, tengan el conocimiento sobre las instancias a las que pueden acercarse en busca de ayuda, ya que la finalidad es rescatar a la juventud vulnerable.<\/p>\n<p>El \u201cPrograma de Realidad Virtual de 0 a 100\u201d, se implement\u00f3 en los niveles de educaci\u00f3n b\u00e1sica, media superior y superior, de las instituciones educativas, con miras a promover la atenci\u00f3n oportuna de la comunidad en materia de prevenci\u00f3n de adicciones, violencias y alcoholismo, a trav\u00e9s de herramientas digitales y de realidad virtual compartiendo el mensaje de la toma de decisiones positivas para alejarse de las conductas nocivas.<\/p>\n<p>Al finalizar, los responsables de las dos dependencias entregaron a la Alcaldesa Municipal los resultados y estad\u00edsticas obtenidos en las diferentes instituciones educativas en formatos f\u00edsico y digital. Esto para que en futuras visitas se trabaje con mayor precisi\u00f3n.<\/p>\n<p>A este cierre se sum\u00f3 la presidenta estatal del DIF Quintana Roo, Ver\u00f3nica Lezama Espinosa; la regidora de la Comisi\u00f3n para el Desarrollo Juvenil, Jessica Ciau D\u00edaz; la directora de Prevenci\u00f3n del Delito con Participaci\u00f3n Ciudadana, Zury Rodr\u00edguez; la directora del Grupo Especializado en Atenci\u00f3n a la Violencia Familiar y de G\u00e9nero. (GEAVIG), Adela Jim\u00e9nez Izquierdo, entre otros.<\/p>\n","protected":false},"excerpt":{"rendered":"<p>\u00a016 mil estudiantes cancunenses beneficiados con experiencia innovadora de realidad virtual para crear conciencia \u201cDesde hace tres meses<\/p>\n","protected":false},"author":1,"featured_media":22796,"comment_status":"open","ping_status":"closed","sticky":false,"template":"","format":"standard","meta":{"footnotes":""},"categories":[2],"tags":[],"class_list":["post-22794","post","type-post","status-publish","format-standard","has-post-thumbnail","hentry","category-politica"],"yoast_head":"<!-- This site is optimized with the Yoast SEO plugin v27.4 - https:\/\/yoast.com\/product\/yoast-seo-wordpress\/ -->\n<title>Ana Paty Peralta con firme visi\u00f3n por una ni\u00f1ez y juventud libre de violencia - El Estatal de M\u00e9xico<\/title>\n<meta name=\"robots\" content=\"index, follow, max-snippet:-1, max-image-preview:large, max-video-preview:-1\" \/>\n<link rel=\"canonical\" href=\"https:\/\/elestataldemexico.com\/index.php\/2024\/07\/09\/ana-paty-peralta-con-firme-vision-por-una-ninez-y-juventud-libre-de-violencia\/\" \/>\n<meta property=\"og:locale\" content=\"es_ES\" \/>\n<meta property=\"og:type\" content=\"article\" \/>\n<meta property=\"og:title\" content=\"Ana Paty Peralta con firme visi\u00f3n por una ni\u00f1ez y juventud libre de violencia - El Estatal de M\u00e9xico\" \/>\n<meta property=\"og:description\" content=\"\u00a016 mil estudiantes cancunenses beneficiados con experiencia innovadora de realidad virtual para crear conciencia \u201cDesde hace tres meses\" \/>\n<meta property=\"og:url\" content=\"https:\/\/elestataldemexico.com\/index.php\/2024\/07\/09\/ana-paty-peralta-con-firme-vision-por-una-ninez-y-juventud-libre-de-violencia\/\" \/>\n<meta property=\"og:site_name\" content=\"El Estatal de M\u00e9xico\" \/>\n<meta property=\"article:published_time\" content=\"2024-07-09T15:04:28+00:00\" \/>\n<meta property=\"og:image\" content=\"https:\/\/elestataldemexico.com\/wp-content\/uploads\/2024\/07\/WhatsApp-Image-2024-07-09-at-09.51.37-4.jpeg\" \/>\n\t<meta property=\"og:image:width\" content=\"1280\" \/>\n\t<meta property=\"og:image:height\" content=\"853\" \/>\n\t<meta property=\"og:image:type\" content=\"image\/jpeg\" \/>\n<meta name=\"author\" content=\"admin\" \/>\n<meta name=\"twitter:card\" content=\"summary_large_image\" \/>\n<meta name=\"twitter:label1\" content=\"Escrito por\" \/>\n\t<meta name=\"twitter:data1\" content=\"admin\" \/>\n\t<meta name=\"twitter:label2\" content=\"Tiempo de lectura\" \/>\n\t<meta name=\"twitter:data2\" content=\"2 minutos\" \/>\n<script type=\"application\/ld+json\" class=\"yoast-schema-graph\">{\"@context\":\"https:\\\/\\\/schema.org\",\"@graph\":[{\"@type\":\"Article\",\"@id\":\"https:\\\/\\\/elestataldemexico.com\\\/index.php\\\/2024\\\/07\\\/09\\\/ana-paty-peralta-con-firme-vision-por-una-ninez-y-juventud-libre-de-violencia\\\/#article\",\"isPartOf\":{\"@id\":\"https:\\\/\\\/elestataldemexico.com\\\/index.php\\\/2024\\\/07\\\/09\\\/ana-paty-peralta-con-firme-vision-por-una-ninez-y-juventud-libre-de-violencia\\\/\"},\"author\":{\"name\":\"admin\",\"@id\":\"https:\\\/\\\/elestataldemexico.com\\\/#\\\/schema\\\/person\\\/6c7813c13d2c1571771f592f0fe866bb\"},\"headline\":\"Ana Paty Peralta con firme visi\u00f3n por una ni\u00f1ez y juventud libre de violencia\",\"datePublished\":\"2024-07-09T15:04:28+00:00\",\"mainEntityOfPage\":{\"@id\":\"https:\\\/\\\/elestataldemexico.com\\\/index.php\\\/2024\\\/07\\\/09\\\/ana-paty-peralta-con-firme-vision-por-una-ninez-y-juventud-libre-de-violencia\\\/\"},\"wordCount\":486,\"commentCount\":0,\"publisher\":{\"@id\":\"https:\\\/\\\/elestataldemexico.com\\\/#organization\"},\"image\":{\"@id\":\"https:\\\/\\\/elestataldemexico.com\\\/index.php\\\/2024\\\/07\\\/09\\\/ana-paty-peralta-con-firme-vision-por-una-ninez-y-juventud-libre-de-violencia\\\/#primaryimage\"},\"thumbnailUrl\":\"https:\\\/\\\/elestataldemexico.com\\\/wp-content\\\/uploads\\\/2024\\\/07\\\/WhatsApp-Image-2024-07-09-at-09.51.37-4.jpeg\",\"articleSection\":[\"Politica\"],\"inLanguage\":\"es\",\"potentialAction\":[{\"@type\":\"CommentAction\",\"name\":\"Comment\",\"target\":[\"https:\\\/\\\/elestataldemexico.com\\\/index.php\\\/2024\\\/07\\\/09\\\/ana-paty-peralta-con-firme-vision-por-una-ninez-y-juventud-libre-de-violencia\\\/#respond\"]}]},{\"@type\":\"WebPage\",\"@id\":\"https:\\\/\\\/elestataldemexico.com\\\/index.php\\\/2024\\\/07\\\/09\\\/ana-paty-peralta-con-firme-vision-por-una-ninez-y-juventud-libre-de-violencia\\\/\",\"url\":\"https:\\\/\\\/elestataldemexico.com\\\/index.php\\\/2024\\\/07\\\/09\\\/ana-paty-peralta-con-firme-vision-por-una-ninez-y-juventud-libre-de-violencia\\\/\",\"name\":\"Ana Paty Peralta con firme visi\u00f3n por una ni\u00f1ez y juventud libre de violencia - El Estatal de M\u00e9xico\",\"isPartOf\":{\"@id\":\"https:\\\/\\\/elestataldemexico.com\\\/#website\"},\"primaryImageOfPage\":{\"@id\":\"https:\\\/\\\/elestataldemexico.com\\\/index.php\\\/2024\\\/07\\\/09\\\/ana-paty-peralta-con-firme-vision-por-una-ninez-y-juventud-libre-de-violencia\\\/#primaryimage\"},\"image\":{\"@id\":\"https:\\\/\\\/elestataldemexico.com\\\/index.php\\\/2024\\\/07\\\/09\\\/ana-paty-peralta-con-firme-vision-por-una-ninez-y-juventud-libre-de-violencia\\\/#primaryimage\"},\"thumbnailUrl\":\"https:\\\/\\\/elestataldemexico.com\\\/wp-content\\\/uploads\\\/2024\\\/07\\\/WhatsApp-Image-2024-07-09-at-09.51.37-4.jpeg\",\"datePublished\":\"2024-07-09T15:04:28+00:00\",\"breadcrumb\":{\"@id\":\"https:\\\/\\\/elestataldemexico.com\\\/index.php\\\/2024\\\/07\\\/09\\\/ana-paty-peralta-con-firme-vision-por-una-ninez-y-juventud-libre-de-violencia\\\/#breadcrumb\"},\"inLanguage\":\"es\",\"potentialAction\":[{\"@type\":\"ReadAction\",\"target\":[\"https:\\\/\\\/elestataldemexico.com\\\/index.php\\\/2024\\\/07\\\/09\\\/ana-paty-peralta-con-firme-vision-por-una-ninez-y-juventud-libre-de-violencia\\\/\"]}]},{\"@type\":\"ImageObject\",\"inLanguage\":\"es\",\"@id\":\"https:\\\/\\\/elestataldemexico.com\\\/index.php\\\/2024\\\/07\\\/09\\\/ana-paty-peralta-con-firme-vision-por-una-ninez-y-juventud-libre-de-violencia\\\/#primaryimage\",\"url\":\"https:\\\/\\\/elestataldemexico.com\\\/wp-content\\\/uploads\\\/2024\\\/07\\\/WhatsApp-Image-2024-07-09-at-09.51.37-4.jpeg\",\"contentUrl\":\"https:\\\/\\\/elestataldemexico.com\\\/wp-content\\\/uploads\\\/2024\\\/07\\\/WhatsApp-Image-2024-07-09-at-09.51.37-4.jpeg\",\"width\":1280,\"height\":853},{\"@type\":\"BreadcrumbList\",\"@id\":\"https:\\\/\\\/elestataldemexico.com\\\/index.php\\\/2024\\\/07\\\/09\\\/ana-paty-peralta-con-firme-vision-por-una-ninez-y-juventud-libre-de-violencia\\\/#breadcrumb\",\"itemListElement\":[{\"@type\":\"ListItem\",\"position\":1,\"name\":\"Portada\",\"item\":\"https:\\\/\\\/elestataldemexico.com\\\/\"},{\"@type\":\"ListItem\",\"position\":2,\"name\":\"Ana Paty Peralta con firme visi\u00f3n por una ni\u00f1ez y juventud libre de violencia\"}]},{\"@type\":\"WebSite\",\"@id\":\"https:\\\/\\\/elestataldemexico.com\\\/#website\",\"url\":\"https:\\\/\\\/elestataldemexico.com\\\/\",\"name\":\"El Estatal de M\u00e9xico\",\"description\":\"\",\"publisher\":{\"@id\":\"https:\\\/\\\/elestataldemexico.com\\\/#organization\"},\"potentialAction\":[{\"@type\":\"SearchAction\",\"target\":{\"@type\":\"EntryPoint\",\"urlTemplate\":\"https:\\\/\\\/elestataldemexico.com\\\/?s={search_term_string}\"},\"query-input\":{\"@type\":\"PropertyValueSpecification\",\"valueRequired\":true,\"valueName\":\"search_term_string\"}}],\"inLanguage\":\"es\"},{\"@type\":\"Organization\",\"@id\":\"https:\\\/\\\/elestataldemexico.com\\\/#organization\",\"name\":\"El Estatal de M\u00e9xico\",\"url\":\"https:\\\/\\\/elestataldemexico.com\\\/\",\"logo\":{\"@type\":\"ImageObject\",\"inLanguage\":\"es\",\"@id\":\"https:\\\/\\\/elestataldemexico.com\\\/#\\\/schema\\\/logo\\\/image\\\/\",\"url\":\"https:\\\/\\\/elestataldemexico.com\\\/wp-content\\\/uploads\\\/2025\\\/05\\\/cropped-elestatal.png\",\"contentUrl\":\"https:\\\/\\\/elestataldemexico.com\\\/wp-content\\\/uploads\\\/2025\\\/05\\\/cropped-elestatal.png\",\"width\":504,\"height\":97,\"caption\":\"El Estatal de M\u00e9xico\"},\"image\":{\"@id\":\"https:\\\/\\\/elestataldemexico.com\\\/#\\\/schema\\\/logo\\\/image\\\/\"}},{\"@type\":\"Person\",\"@id\":\"https:\\\/\\\/elestataldemexico.com\\\/#\\\/schema\\\/person\\\/6c7813c13d2c1571771f592f0fe866bb\",\"name\":\"admin\",\"image\":{\"@type\":\"ImageObject\",\"inLanguage\":\"es\",\"@id\":\"https:\\\/\\\/secure.gravatar.com\\\/avatar\\\/d5ed2db9923a3ad3c0a47f6b3aec7abcb43924b9322251ade16472fc06f7bb5b?s=96&d=mm&r=g\",\"url\":\"https:\\\/\\\/secure.gravatar.com\\\/avatar\\\/d5ed2db9923a3ad3c0a47f6b3aec7abcb43924b9322251ade16472fc06f7bb5b?s=96&d=mm&r=g\",\"contentUrl\":\"https:\\\/\\\/secure.gravatar.com\\\/avatar\\\/d5ed2db9923a3ad3c0a47f6b3aec7abcb43924b9322251ade16472fc06f7bb5b?s=96&d=mm&r=g\",\"caption\":\"admin\"},\"sameAs\":[\"https:\\\/\\\/elestataldemexico.com\"],\"url\":\"https:\\\/\\\/elestataldemexico.com\\\/index.php\\\/author\\\/info_qk62m3p3\\\/\"}]}<\/script>\n<!-- \/ Yoast SEO plugin. -->","yoast_head_json":{"title":"Ana Paty Peralta con firme visi\u00f3n por una ni\u00f1ez y juventud libre de violencia - El Estatal de M\u00e9xico","robots":{"index":"index","follow":"follow","max-snippet":"max-snippet:-1","max-image-preview":"max-image-preview:large","max-video-preview":"max-video-preview:-1"},"canonical":"https:\/\/elestataldemexico.com\/index.php\/2024\/07\/09\/ana-paty-peralta-con-firme-vision-por-una-ninez-y-juventud-libre-de-violencia\/","og_locale":"es_ES","og_type":"article","og_title":"Ana Paty Peralta con firme visi\u00f3n por una ni\u00f1ez y juventud libre de violencia - El Estatal de M\u00e9xico","og_description":"\u00a016 mil estudiantes cancunenses beneficiados con experiencia innovadora de realidad virtual para crear conciencia \u201cDesde hace tres meses","og_url":"https:\/\/elestataldemexico.com\/index.php\/2024\/07\/09\/ana-paty-peralta-con-firme-vision-por-una-ninez-y-juventud-libre-de-violencia\/","og_site_name":"El Estatal de M\u00e9xico","article_published_time":"2024-07-09T15:04:28+00:00","og_image":[{"width":1280,"height":853,"url":"https:\/\/elestataldemexico.com\/wp-content\/uploads\/2024\/07\/WhatsApp-Image-2024-07-09-at-09.51.37-4.jpeg","type":"image\/jpeg"}],"author":"admin","twitter_card":"summary_large_image","twitter_misc":{"Escrito por":"admin","Tiempo de lectura":"2 minutos"},"schema":{"@context":"https:\/\/schema.org","@graph":[{"@type":"Article","@id":"https:\/\/elestataldemexico.com\/index.php\/2024\/07\/09\/ana-paty-peralta-con-firme-vision-por-una-ninez-y-juventud-libre-de-violencia\/#article","isPartOf":{"@id":"https:\/\/elestataldemexico.com\/index.php\/2024\/07\/09\/ana-paty-peralta-con-firme-vision-por-una-ninez-y-juventud-libre-de-violencia\/"},"author":{"name":"admin","@id":"https:\/\/elestataldemexico.com\/#\/schema\/person\/6c7813c13d2c1571771f592f0fe866bb"},"headline":"Ana Paty Peralta con firme visi\u00f3n por una ni\u00f1ez y juventud libre de violencia","datePublished":"2024-07-09T15:04:28+00:00","mainEntityOfPage":{"@id":"https:\/\/elestataldemexico.com\/index.php\/2024\/07\/09\/ana-paty-peralta-con-firme-vision-por-una-ninez-y-juventud-libre-de-violencia\/"},"wordCount":486,"commentCount":0,"publisher":{"@id":"https:\/\/elestataldemexico.com\/#organization"},"image":{"@id":"https:\/\/elestataldemexico.com\/index.php\/2024\/07\/09\/ana-paty-peralta-con-firme-vision-por-una-ninez-y-juventud-libre-de-violencia\/#primaryimage"},"thumbnailUrl":"https:\/\/elestataldemexico.com\/wp-content\/uploads\/2024\/07\/WhatsApp-Image-2024-07-09-at-09.51.37-4.jpeg","articleSection":["Politica"],"inLanguage":"es","potentialAction":[{"@type":"CommentAction","name":"Comment","target":["https:\/\/elestataldemexico.com\/index.php\/2024\/07\/09\/ana-paty-peralta-con-firme-vision-por-una-ninez-y-juventud-libre-de-violencia\/#respond"]}]},{"@type":"WebPage","@id":"https:\/\/elestataldemexico.com\/index.php\/2024\/07\/09\/ana-paty-peralta-con-firme-vision-por-una-ninez-y-juventud-libre-de-violencia\/","url":"https:\/\/elestataldemexico.com\/index.php\/2024\/07\/09\/ana-paty-peralta-con-firme-vision-por-una-ninez-y-juventud-libre-de-violencia\/","name":"Ana Paty Peralta con firme visi\u00f3n por una ni\u00f1ez y juventud libre de violencia - El Estatal de M\u00e9xico","isPartOf":{"@id":"https:\/\/elestataldemexico.com\/#website"},"primaryImageOfPage":{"@id":"https:\/\/elestataldemexico.com\/index.php\/2024\/07\/09\/ana-paty-peralta-con-firme-vision-por-una-ninez-y-juventud-libre-de-violencia\/#primaryimage"},"image":{"@id":"https:\/\/elestataldemexico.com\/index.php\/2024\/07\/09\/ana-paty-peralta-con-firme-vision-por-una-ninez-y-juventud-libre-de-violencia\/#primaryimage"},"thumbnailUrl":"https:\/\/elestataldemexico.com\/wp-content\/uploads\/2024\/07\/WhatsApp-Image-2024-07-09-at-09.51.37-4.jpeg","datePublished":"2024-07-09T15:04:28+00:00","breadcrumb":{"@id":"https:\/\/elestataldemexico.com\/index.php\/2024\/07\/09\/ana-paty-peralta-con-firme-vision-por-una-ninez-y-juventud-libre-de-violencia\/#breadcrumb"},"inLanguage":"es","potentialAction":[{"@type":"ReadAction","target":["https:\/\/elestataldemexico.com\/index.php\/2024\/07\/09\/ana-paty-peralta-con-firme-vision-por-una-ninez-y-juventud-libre-de-violencia\/"]}]},{"@type":"ImageObject","inLanguage":"es","@id":"https:\/\/elestataldemexico.com\/index.php\/2024\/07\/09\/ana-paty-peralta-con-firme-vision-por-una-ninez-y-juventud-libre-de-violencia\/#primaryimage","url":"https:\/\/elestataldemexico.com\/wp-content\/uploads\/2024\/07\/WhatsApp-Image-2024-07-09-at-09.51.37-4.jpeg","contentUrl":"https:\/\/elestataldemexico.com\/wp-content\/uploads\/2024\/07\/WhatsApp-Image-2024-07-09-at-09.51.37-4.jpeg","width":1280,"height":853},{"@type":"BreadcrumbList","@id":"https:\/\/elestataldemexico.com\/index.php\/2024\/07\/09\/ana-paty-peralta-con-firme-vision-por-una-ninez-y-juventud-libre-de-violencia\/#breadcrumb","itemListElement":[{"@type":"ListItem","position":1,"name":"Portada","item":"https:\/\/elestataldemexico.com\/"},{"@type":"ListItem","position":2,"name":"Ana Paty Peralta con firme visi\u00f3n por una ni\u00f1ez y juventud libre de violencia"}]},{"@type":"WebSite","@id":"https:\/\/elestataldemexico.com\/#website","url":"https:\/\/elestataldemexico.com\/","name":"El Estatal de M\u00e9xico","description":"","publisher":{"@id":"https:\/\/elestataldemexico.com\/#organization"},"potentialAction":[{"@type":"SearchAction","target":{"@type":"EntryPoint","urlTemplate":"https:\/\/elestataldemexico.com\/?s={search_term_string}"},"query-input":{"@type":"PropertyValueSpecification","valueRequired":true,"valueName":"search_term_string"}}],"inLanguage":"es"},{"@type":"Organization","@id":"https:\/\/elestataldemexico.com\/#organization","name":"El Estatal de M\u00e9xico","url":"https:\/\/elestataldemexico.com\/","logo":{"@type":"ImageObject","inLanguage":"es","@id":"https:\/\/elestataldemexico.com\/#\/schema\/logo\/image\/","url":"https:\/\/elestataldemexico.com\/wp-content\/uploads\/2025\/05\/cropped-elestatal.png","contentUrl":"https:\/\/elestataldemexico.com\/wp-content\/uploads\/2025\/05\/cropped-elestatal.png","width":504,"height":97,"caption":"El Estatal de M\u00e9xico"},"image":{"@id":"https:\/\/elestataldemexico.com\/#\/schema\/logo\/image\/"}},{"@type":"Person","@id":"https:\/\/elestataldemexico.com\/#\/schema\/person\/6c7813c13d2c1571771f592f0fe866bb","name":"admin","image":{"@type":"ImageObject","inLanguage":"es","@id":"https:\/\/secure.gravatar.com\/avatar\/d5ed2db9923a3ad3c0a47f6b3aec7abcb43924b9322251ade16472fc06f7bb5b?s=96&d=mm&r=g","url":"https:\/\/secure.gravatar.com\/avatar\/d5ed2db9923a3ad3c0a47f6b3aec7abcb43924b9322251ade16472fc06f7bb5b?s=96&d=mm&r=g","contentUrl":"https:\/\/secure.gravatar.com\/avatar\/d5ed2db9923a3ad3c0a47f6b3aec7abcb43924b9322251ade16472fc06f7bb5b?s=96&d=mm&r=g","caption":"admin"},"sameAs":["https:\/\/elestataldemexico.com"],"url":"https:\/\/elestataldemexico.com\/index.php\/author\/info_qk62m3p3\/"}]}},"_links":{"self":[{"href":"https:\/\/elestataldemexico.com\/index.php\/wp-json\/wp\/v2\/posts\/22794","targetHints":{"allow":["GET"]}}],"collection":[{"href":"https:\/\/elestataldemexico.com\/index.php\/wp-json\/wp\/v2\/posts"}],"about":[{"href":"https:\/\/elestataldemexico.com\/index.php\/wp-json\/wp\/v2\/types\/post"}],"author":[{"embeddable":true,"href":"https:\/\/elestataldemexico.com\/index.php\/wp-json\/wp\/v2\/users\/1"}],"replies":[{"embeddable":true,"href":"https:\/\/elestataldemexico.com\/index.php\/wp-json\/wp\/v2\/comments?post=22794"}],"version-history":[{"count":0,"href":"https:\/\/elestataldemexico.com\/index.php\/wp-json\/wp\/v2\/posts\/22794\/revisions"}],"wp:featuredmedia":[{"embeddable":true,"href":"https:\/\/elestataldemexico.com\/index.php\/wp-json\/wp\/v2\/media\/22796"}],"wp:attachment":[{"href":"https:\/\/elestataldemexico.com\/index.php\/wp-json\/wp\/v2\/media?parent=22794"}],"wp:term":[{"taxonomy":"category","embeddable":true,"href":"https:\/\/elestataldemexico.com\/index.php\/wp-json\/wp\/v2\/categories?post=22794"},{"taxonomy":"post_tag","embeddable":true,"href":"https:\/\/elestataldemexico.com\/index.php\/wp-json\/wp\/v2\/tags?post=22794"}],"curies":[{"name":"wp","href":"https:\/\/api.w.org\/{rel}","templated":true}]}}