{"id":22602,"date":"2024-06-29T17:56:07","date_gmt":"2024-06-29T22:56:07","guid":{"rendered":"https:\/\/podernacional.com\/?p=22602"},"modified":"2024-06-29T17:56:07","modified_gmt":"2024-06-29T22:56:07","slug":"aleks-syntek-sacara-cumbia-con-la-casetera-hace-falta-un-himno-regio","status":"publish","type":"post","link":"https:\/\/elestataldemexico.com\/index.php\/2024\/06\/29\/aleks-syntek-sacara-cumbia-con-la-casetera-hace-falta-un-himno-regio\/","title":{"rendered":"Aleks Syntek sacar\u00e1 cumbia con La Casetera: \u00abHace falta un himno regio\u00bb"},"content":{"rendered":"<h4>La canci\u00f3n se llamar\u00e1 \u201cFuria Regia\u201d, con la que se le rendir\u00e1 homenaje al regio que, a pesar de las adversidades, siempre sale adelante.<\/h4>\n<p>La Casetera sigue paso firme dentro de la m\u00fasica y ahora, cumplen un sue\u00f1o m\u00e1s: cantar con Aleks Syntek.<\/p>\n<p>\u201cSali\u00f3 de repente como todo lo que sale de La Casetera, muy genuino muy org\u00e1nico\u201d, coment\u00f3 Yuli Flores.<\/p>\n<p>La agrupaci\u00f3n asegur\u00f3 que fue Syntek quien los contact\u00f3 para grabar una cumbia que destaca a la gente regiomontana.<\/p>\n<p>\u201cEst\u00e1bamos en \u00e9poca de cuando estaba la lluvia y veo un mensaje de Aleks Syntek que ten\u00eda una idea y quer\u00eda hacerlo con nosotros. Una canci\u00f3n que hablara de la gente de Monterrey\u201d, coment\u00f3 Neto Grazzia, l\u00edder de la agrupaci\u00f3n.<br \/>\n\u201cFuria regia\u201d es el t\u00edtulo del tema con el que se le rinde homenaje al regio que, a pesar de las adversidades, siempre sale adelante.<\/p>\n<p>\u201cHace falta un himno regio que represente la parte propositiva del regiomontano. Como se han superado de sequ\u00edas, inundaciones de muchas dificultades y siempre Nuevo Le\u00f3n sale adelante. Sigue siendo uno de los estados que sostiene al pa\u00eds\u201d, coment\u00f3 Syntek.<br \/>\nLos integrantes de La Casetera expresaron su felicidad de que artistas con gran trayectoria vean su trabajo y fusionen sus talentos.<\/p>\n<p>\u201cImag\u00ednate para nosotros es un honor trabajar con una persona que es s\u00faper talentosa, toda una instituci\u00f3n. Lo admiramos mucho\u201d, expres\u00f3 Quirri Padilla, acordeonista.<\/p>\n<p>Para el video musical, esperan reunir a destacadas personalidades regias, mencionando nombres como la Lic. Mar\u00eda Julia Lafuente, \u00d3scar Burgos, Tatiana y bandas como Jumbo y Kinky.<\/p>\n","protected":false},"excerpt":{"rendered":"<p>La canci\u00f3n se llamar\u00e1 \u201cFuria Regia\u201d, con la que se le rendir\u00e1 homenaje al regio que, a pesar<\/p>\n","protected":false},"author":1,"featured_media":22604,"comment_status":"open","ping_status":"closed","sticky":false,"template":"","format":"standard","meta":{"footnotes":""},"categories":[11],"tags":[],"class_list":["post-22602","post","type-post","status-publish","format-standard","has-post-thumbnail","hentry","category-espectaculos"],"yoast_head":"<!-- This site is optimized with the Yoast SEO plugin v27.5 - https:\/\/yoast.com\/product\/yoast-seo-wordpress\/ -->\n<title>Aleks Syntek sacar\u00e1 cumbia con La Casetera: &quot;Hace falta un himno regio&quot; - El Estatal de M\u00e9xico<\/title>\n<meta name=\"robots\" content=\"index, follow, max-snippet:-1, max-image-preview:large, max-video-preview:-1\" \/>\n<link rel=\"canonical\" href=\"https:\/\/elestataldemexico.com\/index.php\/2024\/06\/29\/aleks-syntek-sacara-cumbia-con-la-casetera-hace-falta-un-himno-regio\/\" \/>\n<meta property=\"og:locale\" content=\"es_ES\" \/>\n<meta property=\"og:type\" content=\"article\" \/>\n<meta property=\"og:title\" content=\"Aleks Syntek sacar\u00e1 cumbia con La Casetera: &quot;Hace falta un himno regio&quot; - El Estatal de M\u00e9xico\" \/>\n<meta property=\"og:description\" content=\"La canci\u00f3n se llamar\u00e1 \u201cFuria Regia\u201d, con la que se le rendir\u00e1 homenaje al regio que, a pesar\" \/>\n<meta property=\"og:url\" content=\"https:\/\/elestataldemexico.com\/index.php\/2024\/06\/29\/aleks-syntek-sacara-cumbia-con-la-casetera-hace-falta-un-himno-regio\/\" \/>\n<meta property=\"og:site_name\" content=\"El Estatal de M\u00e9xico\" \/>\n<meta property=\"article:published_time\" content=\"2024-06-29T22:56:07+00:00\" \/>\n<meta property=\"og:image\" content=\"https:\/\/elestataldemexico.com\/wp-content\/uploads\/2024\/06\/WhatsApp-Image-2024-06-29-at-14.24.13.jpeg\" \/>\n\t<meta property=\"og:image:width\" content=\"938\" \/>\n\t<meta property=\"og:image:height\" content=\"512\" \/>\n\t<meta property=\"og:image:type\" content=\"image\/jpeg\" \/>\n<meta name=\"author\" content=\"admin\" \/>\n<meta name=\"twitter:card\" content=\"summary_large_image\" \/>\n<meta name=\"twitter:label1\" content=\"Escrito por\" \/>\n\t<meta name=\"twitter:data1\" content=\"admin\" \/>\n\t<meta name=\"twitter:label2\" content=\"Tiempo de lectura\" \/>\n\t<meta name=\"twitter:data2\" content=\"1 minuto\" \/>\n<script type=\"application\/ld+json\" class=\"yoast-schema-graph\">{\"@context\":\"https:\\\/\\\/schema.org\",\"@graph\":[{\"@type\":\"Article\",\"@id\":\"https:\\\/\\\/elestataldemexico.com\\\/index.php\\\/2024\\\/06\\\/29\\\/aleks-syntek-sacara-cumbia-con-la-casetera-hace-falta-un-himno-regio\\\/#article\",\"isPartOf\":{\"@id\":\"https:\\\/\\\/elestataldemexico.com\\\/index.php\\\/2024\\\/06\\\/29\\\/aleks-syntek-sacara-cumbia-con-la-casetera-hace-falta-un-himno-regio\\\/\"},\"author\":{\"name\":\"admin\",\"@id\":\"https:\\\/\\\/elestataldemexico.com\\\/#\\\/schema\\\/person\\\/6c7813c13d2c1571771f592f0fe866bb\"},\"headline\":\"Aleks Syntek sacar\u00e1 cumbia con La Casetera: \u00abHace falta un himno regio\u00bb\",\"datePublished\":\"2024-06-29T22:56:07+00:00\",\"mainEntityOfPage\":{\"@id\":\"https:\\\/\\\/elestataldemexico.com\\\/index.php\\\/2024\\\/06\\\/29\\\/aleks-syntek-sacara-cumbia-con-la-casetera-hace-falta-un-himno-regio\\\/\"},\"wordCount\":289,\"commentCount\":0,\"publisher\":{\"@id\":\"https:\\\/\\\/elestataldemexico.com\\\/#organization\"},\"image\":{\"@id\":\"https:\\\/\\\/elestataldemexico.com\\\/index.php\\\/2024\\\/06\\\/29\\\/aleks-syntek-sacara-cumbia-con-la-casetera-hace-falta-un-himno-regio\\\/#primaryimage\"},\"thumbnailUrl\":\"https:\\\/\\\/elestataldemexico.com\\\/wp-content\\\/uploads\\\/2024\\\/06\\\/WhatsApp-Image-2024-06-29-at-14.24.13.jpeg\",\"articleSection\":[\"Espectaculos\"],\"inLanguage\":\"es\",\"potentialAction\":[{\"@type\":\"CommentAction\",\"name\":\"Comment\",\"target\":[\"https:\\\/\\\/elestataldemexico.com\\\/index.php\\\/2024\\\/06\\\/29\\\/aleks-syntek-sacara-cumbia-con-la-casetera-hace-falta-un-himno-regio\\\/#respond\"]}]},{\"@type\":\"WebPage\",\"@id\":\"https:\\\/\\\/elestataldemexico.com\\\/index.php\\\/2024\\\/06\\\/29\\\/aleks-syntek-sacara-cumbia-con-la-casetera-hace-falta-un-himno-regio\\\/\",\"url\":\"https:\\\/\\\/elestataldemexico.com\\\/index.php\\\/2024\\\/06\\\/29\\\/aleks-syntek-sacara-cumbia-con-la-casetera-hace-falta-un-himno-regio\\\/\",\"name\":\"Aleks Syntek sacar\u00e1 cumbia con La Casetera: \\\"Hace falta un himno regio\\\" - El Estatal de M\u00e9xico\",\"isPartOf\":{\"@id\":\"https:\\\/\\\/elestataldemexico.com\\\/#website\"},\"primaryImageOfPage\":{\"@id\":\"https:\\\/\\\/elestataldemexico.com\\\/index.php\\\/2024\\\/06\\\/29\\\/aleks-syntek-sacara-cumbia-con-la-casetera-hace-falta-un-himno-regio\\\/#primaryimage\"},\"image\":{\"@id\":\"https:\\\/\\\/elestataldemexico.com\\\/index.php\\\/2024\\\/06\\\/29\\\/aleks-syntek-sacara-cumbia-con-la-casetera-hace-falta-un-himno-regio\\\/#primaryimage\"},\"thumbnailUrl\":\"https:\\\/\\\/elestataldemexico.com\\\/wp-content\\\/uploads\\\/2024\\\/06\\\/WhatsApp-Image-2024-06-29-at-14.24.13.jpeg\",\"datePublished\":\"2024-06-29T22:56:07+00:00\",\"breadcrumb\":{\"@id\":\"https:\\\/\\\/elestataldemexico.com\\\/index.php\\\/2024\\\/06\\\/29\\\/aleks-syntek-sacara-cumbia-con-la-casetera-hace-falta-un-himno-regio\\\/#breadcrumb\"},\"inLanguage\":\"es\",\"potentialAction\":[{\"@type\":\"ReadAction\",\"target\":[\"https:\\\/\\\/elestataldemexico.com\\\/index.php\\\/2024\\\/06\\\/29\\\/aleks-syntek-sacara-cumbia-con-la-casetera-hace-falta-un-himno-regio\\\/\"]}]},{\"@type\":\"ImageObject\",\"inLanguage\":\"es\",\"@id\":\"https:\\\/\\\/elestataldemexico.com\\\/index.php\\\/2024\\\/06\\\/29\\\/aleks-syntek-sacara-cumbia-con-la-casetera-hace-falta-un-himno-regio\\\/#primaryimage\",\"url\":\"https:\\\/\\\/elestataldemexico.com\\\/wp-content\\\/uploads\\\/2024\\\/06\\\/WhatsApp-Image-2024-06-29-at-14.24.13.jpeg\",\"contentUrl\":\"https:\\\/\\\/elestataldemexico.com\\\/wp-content\\\/uploads\\\/2024\\\/06\\\/WhatsApp-Image-2024-06-29-at-14.24.13.jpeg\",\"width\":938,\"height\":512},{\"@type\":\"BreadcrumbList\",\"@id\":\"https:\\\/\\\/elestataldemexico.com\\\/index.php\\\/2024\\\/06\\\/29\\\/aleks-syntek-sacara-cumbia-con-la-casetera-hace-falta-un-himno-regio\\\/#breadcrumb\",\"itemListElement\":[{\"@type\":\"ListItem\",\"position\":1,\"name\":\"Portada\",\"item\":\"https:\\\/\\\/elestataldemexico.com\\\/\"},{\"@type\":\"ListItem\",\"position\":2,\"name\":\"Aleks Syntek sacar\u00e1 cumbia con La Casetera: \u00abHace falta un himno regio\u00bb\"}]},{\"@type\":\"WebSite\",\"@id\":\"https:\\\/\\\/elestataldemexico.com\\\/#website\",\"url\":\"https:\\\/\\\/elestataldemexico.com\\\/\",\"name\":\"El Estatal de M\u00e9xico\",\"description\":\"\",\"publisher\":{\"@id\":\"https:\\\/\\\/elestataldemexico.com\\\/#organization\"},\"potentialAction\":[{\"@type\":\"SearchAction\",\"target\":{\"@type\":\"EntryPoint\",\"urlTemplate\":\"https:\\\/\\\/elestataldemexico.com\\\/?s={search_term_string}\"},\"query-input\":{\"@type\":\"PropertyValueSpecification\",\"valueRequired\":true,\"valueName\":\"search_term_string\"}}],\"inLanguage\":\"es\"},{\"@type\":\"Organization\",\"@id\":\"https:\\\/\\\/elestataldemexico.com\\\/#organization\",\"name\":\"El Estatal de M\u00e9xico\",\"url\":\"https:\\\/\\\/elestataldemexico.com\\\/\",\"logo\":{\"@type\":\"ImageObject\",\"inLanguage\":\"es\",\"@id\":\"https:\\\/\\\/elestataldemexico.com\\\/#\\\/schema\\\/logo\\\/image\\\/\",\"url\":\"https:\\\/\\\/elestataldemexico.com\\\/wp-content\\\/uploads\\\/2025\\\/05\\\/cropped-elestatal.png\",\"contentUrl\":\"https:\\\/\\\/elestataldemexico.com\\\/wp-content\\\/uploads\\\/2025\\\/05\\\/cropped-elestatal.png\",\"width\":504,\"height\":97,\"caption\":\"El Estatal de M\u00e9xico\"},\"image\":{\"@id\":\"https:\\\/\\\/elestataldemexico.com\\\/#\\\/schema\\\/logo\\\/image\\\/\"}},{\"@type\":\"Person\",\"@id\":\"https:\\\/\\\/elestataldemexico.com\\\/#\\\/schema\\\/person\\\/6c7813c13d2c1571771f592f0fe866bb\",\"name\":\"admin\",\"image\":{\"@type\":\"ImageObject\",\"inLanguage\":\"es\",\"@id\":\"https:\\\/\\\/secure.gravatar.com\\\/avatar\\\/d5ed2db9923a3ad3c0a47f6b3aec7abcb43924b9322251ade16472fc06f7bb5b?s=96&d=mm&r=g\",\"url\":\"https:\\\/\\\/secure.gravatar.com\\\/avatar\\\/d5ed2db9923a3ad3c0a47f6b3aec7abcb43924b9322251ade16472fc06f7bb5b?s=96&d=mm&r=g\",\"contentUrl\":\"https:\\\/\\\/secure.gravatar.com\\\/avatar\\\/d5ed2db9923a3ad3c0a47f6b3aec7abcb43924b9322251ade16472fc06f7bb5b?s=96&d=mm&r=g\",\"caption\":\"admin\"},\"sameAs\":[\"https:\\\/\\\/elestataldemexico.com\"],\"url\":\"https:\\\/\\\/elestataldemexico.com\\\/index.php\\\/author\\\/info_qk62m3p3\\\/\"}]}<\/script>\n<!-- \/ Yoast SEO plugin. -->","yoast_head_json":{"title":"Aleks Syntek sacar\u00e1 cumbia con La Casetera: \"Hace falta un himno regio\" - El Estatal de M\u00e9xico","robots":{"index":"index","follow":"follow","max-snippet":"max-snippet:-1","max-image-preview":"max-image-preview:large","max-video-preview":"max-video-preview:-1"},"canonical":"https:\/\/elestataldemexico.com\/index.php\/2024\/06\/29\/aleks-syntek-sacara-cumbia-con-la-casetera-hace-falta-un-himno-regio\/","og_locale":"es_ES","og_type":"article","og_title":"Aleks Syntek sacar\u00e1 cumbia con La Casetera: \"Hace falta un himno regio\" - El Estatal de M\u00e9xico","og_description":"La canci\u00f3n se llamar\u00e1 \u201cFuria Regia\u201d, con la que se le rendir\u00e1 homenaje al regio que, a pesar","og_url":"https:\/\/elestataldemexico.com\/index.php\/2024\/06\/29\/aleks-syntek-sacara-cumbia-con-la-casetera-hace-falta-un-himno-regio\/","og_site_name":"El Estatal de M\u00e9xico","article_published_time":"2024-06-29T22:56:07+00:00","og_image":[{"width":938,"height":512,"url":"https:\/\/elestataldemexico.com\/wp-content\/uploads\/2024\/06\/WhatsApp-Image-2024-06-29-at-14.24.13.jpeg","type":"image\/jpeg"}],"author":"admin","twitter_card":"summary_large_image","twitter_misc":{"Escrito por":"admin","Tiempo de lectura":"1 minuto"},"schema":{"@context":"https:\/\/schema.org","@graph":[{"@type":"Article","@id":"https:\/\/elestataldemexico.com\/index.php\/2024\/06\/29\/aleks-syntek-sacara-cumbia-con-la-casetera-hace-falta-un-himno-regio\/#article","isPartOf":{"@id":"https:\/\/elestataldemexico.com\/index.php\/2024\/06\/29\/aleks-syntek-sacara-cumbia-con-la-casetera-hace-falta-un-himno-regio\/"},"author":{"name":"admin","@id":"https:\/\/elestataldemexico.com\/#\/schema\/person\/6c7813c13d2c1571771f592f0fe866bb"},"headline":"Aleks Syntek sacar\u00e1 cumbia con La Casetera: \u00abHace falta un himno regio\u00bb","datePublished":"2024-06-29T22:56:07+00:00","mainEntityOfPage":{"@id":"https:\/\/elestataldemexico.com\/index.php\/2024\/06\/29\/aleks-syntek-sacara-cumbia-con-la-casetera-hace-falta-un-himno-regio\/"},"wordCount":289,"commentCount":0,"publisher":{"@id":"https:\/\/elestataldemexico.com\/#organization"},"image":{"@id":"https:\/\/elestataldemexico.com\/index.php\/2024\/06\/29\/aleks-syntek-sacara-cumbia-con-la-casetera-hace-falta-un-himno-regio\/#primaryimage"},"thumbnailUrl":"https:\/\/elestataldemexico.com\/wp-content\/uploads\/2024\/06\/WhatsApp-Image-2024-06-29-at-14.24.13.jpeg","articleSection":["Espectaculos"],"inLanguage":"es","potentialAction":[{"@type":"CommentAction","name":"Comment","target":["https:\/\/elestataldemexico.com\/index.php\/2024\/06\/29\/aleks-syntek-sacara-cumbia-con-la-casetera-hace-falta-un-himno-regio\/#respond"]}]},{"@type":"WebPage","@id":"https:\/\/elestataldemexico.com\/index.php\/2024\/06\/29\/aleks-syntek-sacara-cumbia-con-la-casetera-hace-falta-un-himno-regio\/","url":"https:\/\/elestataldemexico.com\/index.php\/2024\/06\/29\/aleks-syntek-sacara-cumbia-con-la-casetera-hace-falta-un-himno-regio\/","name":"Aleks Syntek sacar\u00e1 cumbia con La Casetera: \"Hace falta un himno regio\" - El Estatal de M\u00e9xico","isPartOf":{"@id":"https:\/\/elestataldemexico.com\/#website"},"primaryImageOfPage":{"@id":"https:\/\/elestataldemexico.com\/index.php\/2024\/06\/29\/aleks-syntek-sacara-cumbia-con-la-casetera-hace-falta-un-himno-regio\/#primaryimage"},"image":{"@id":"https:\/\/elestataldemexico.com\/index.php\/2024\/06\/29\/aleks-syntek-sacara-cumbia-con-la-casetera-hace-falta-un-himno-regio\/#primaryimage"},"thumbnailUrl":"https:\/\/elestataldemexico.com\/wp-content\/uploads\/2024\/06\/WhatsApp-Image-2024-06-29-at-14.24.13.jpeg","datePublished":"2024-06-29T22:56:07+00:00","breadcrumb":{"@id":"https:\/\/elestataldemexico.com\/index.php\/2024\/06\/29\/aleks-syntek-sacara-cumbia-con-la-casetera-hace-falta-un-himno-regio\/#breadcrumb"},"inLanguage":"es","potentialAction":[{"@type":"ReadAction","target":["https:\/\/elestataldemexico.com\/index.php\/2024\/06\/29\/aleks-syntek-sacara-cumbia-con-la-casetera-hace-falta-un-himno-regio\/"]}]},{"@type":"ImageObject","inLanguage":"es","@id":"https:\/\/elestataldemexico.com\/index.php\/2024\/06\/29\/aleks-syntek-sacara-cumbia-con-la-casetera-hace-falta-un-himno-regio\/#primaryimage","url":"https:\/\/elestataldemexico.com\/wp-content\/uploads\/2024\/06\/WhatsApp-Image-2024-06-29-at-14.24.13.jpeg","contentUrl":"https:\/\/elestataldemexico.com\/wp-content\/uploads\/2024\/06\/WhatsApp-Image-2024-06-29-at-14.24.13.jpeg","width":938,"height":512},{"@type":"BreadcrumbList","@id":"https:\/\/elestataldemexico.com\/index.php\/2024\/06\/29\/aleks-syntek-sacara-cumbia-con-la-casetera-hace-falta-un-himno-regio\/#breadcrumb","itemListElement":[{"@type":"ListItem","position":1,"name":"Portada","item":"https:\/\/elestataldemexico.com\/"},{"@type":"ListItem","position":2,"name":"Aleks Syntek sacar\u00e1 cumbia con La Casetera: \u00abHace falta un himno regio\u00bb"}]},{"@type":"WebSite","@id":"https:\/\/elestataldemexico.com\/#website","url":"https:\/\/elestataldemexico.com\/","name":"El Estatal de M\u00e9xico","description":"","publisher":{"@id":"https:\/\/elestataldemexico.com\/#organization"},"potentialAction":[{"@type":"SearchAction","target":{"@type":"EntryPoint","urlTemplate":"https:\/\/elestataldemexico.com\/?s={search_term_string}"},"query-input":{"@type":"PropertyValueSpecification","valueRequired":true,"valueName":"search_term_string"}}],"inLanguage":"es"},{"@type":"Organization","@id":"https:\/\/elestataldemexico.com\/#organization","name":"El Estatal de M\u00e9xico","url":"https:\/\/elestataldemexico.com\/","logo":{"@type":"ImageObject","inLanguage":"es","@id":"https:\/\/elestataldemexico.com\/#\/schema\/logo\/image\/","url":"https:\/\/elestataldemexico.com\/wp-content\/uploads\/2025\/05\/cropped-elestatal.png","contentUrl":"https:\/\/elestataldemexico.com\/wp-content\/uploads\/2025\/05\/cropped-elestatal.png","width":504,"height":97,"caption":"El Estatal de M\u00e9xico"},"image":{"@id":"https:\/\/elestataldemexico.com\/#\/schema\/logo\/image\/"}},{"@type":"Person","@id":"https:\/\/elestataldemexico.com\/#\/schema\/person\/6c7813c13d2c1571771f592f0fe866bb","name":"admin","image":{"@type":"ImageObject","inLanguage":"es","@id":"https:\/\/secure.gravatar.com\/avatar\/d5ed2db9923a3ad3c0a47f6b3aec7abcb43924b9322251ade16472fc06f7bb5b?s=96&d=mm&r=g","url":"https:\/\/secure.gravatar.com\/avatar\/d5ed2db9923a3ad3c0a47f6b3aec7abcb43924b9322251ade16472fc06f7bb5b?s=96&d=mm&r=g","contentUrl":"https:\/\/secure.gravatar.com\/avatar\/d5ed2db9923a3ad3c0a47f6b3aec7abcb43924b9322251ade16472fc06f7bb5b?s=96&d=mm&r=g","caption":"admin"},"sameAs":["https:\/\/elestataldemexico.com"],"url":"https:\/\/elestataldemexico.com\/index.php\/author\/info_qk62m3p3\/"}]}},"_links":{"self":[{"href":"https:\/\/elestataldemexico.com\/index.php\/wp-json\/wp\/v2\/posts\/22602","targetHints":{"allow":["GET"]}}],"collection":[{"href":"https:\/\/elestataldemexico.com\/index.php\/wp-json\/wp\/v2\/posts"}],"about":[{"href":"https:\/\/elestataldemexico.com\/index.php\/wp-json\/wp\/v2\/types\/post"}],"author":[{"embeddable":true,"href":"https:\/\/elestataldemexico.com\/index.php\/wp-json\/wp\/v2\/users\/1"}],"replies":[{"embeddable":true,"href":"https:\/\/elestataldemexico.com\/index.php\/wp-json\/wp\/v2\/comments?post=22602"}],"version-history":[{"count":0,"href":"https:\/\/elestataldemexico.com\/index.php\/wp-json\/wp\/v2\/posts\/22602\/revisions"}],"wp:featuredmedia":[{"embeddable":true,"href":"https:\/\/elestataldemexico.com\/index.php\/wp-json\/wp\/v2\/media\/22604"}],"wp:attachment":[{"href":"https:\/\/elestataldemexico.com\/index.php\/wp-json\/wp\/v2\/media?parent=22602"}],"wp:term":[{"taxonomy":"category","embeddable":true,"href":"https:\/\/elestataldemexico.com\/index.php\/wp-json\/wp\/v2\/categories?post=22602"},{"taxonomy":"post_tag","embeddable":true,"href":"https:\/\/elestataldemexico.com\/index.php\/wp-json\/wp\/v2\/tags?post=22602"}],"curies":[{"name":"wp","href":"https:\/\/api.w.org\/{rel}","templated":true}]}}