{"id":22599,"date":"2024-06-29T17:51:52","date_gmt":"2024-06-29T22:51:52","guid":{"rendered":"https:\/\/podernacional.com\/?p=22599"},"modified":"2024-06-29T17:51:52","modified_gmt":"2024-06-29T22:51:52","slug":"italia-y-suiza-derrota-a-la-campeona-en-la-eurocopa","status":"publish","type":"post","link":"https:\/\/elestataldemexico.com\/index.php\/2024\/06\/29\/italia-y-suiza-derrota-a-la-campeona-en-la-eurocopa\/","title":{"rendered":"Italia y Suiza derrota a la campeona en la Eurocopa"},"content":{"rendered":"<h4>La criticada selecci\u00f3n \u00abexperimental\u00bb de Spalletti ha encontrado su fin en unos octavos en los que ha estado irreconocible<\/h4>\n<p>Suiza funcion\u00f3 como uno de sus relojes ante una Italia abrazada al catenaccio como \u00fanica forma de reconocerse, porque al ataque volvi\u00f3 a demostrar que tiene la p\u00f3lvora mojada. La criticada y experimental selecci\u00f3n de Luciano Spalleti se va a casa eliminada por toda una matagigantes. Esta vez no hubo miracolo, como ante Croacia.<\/p>\n<p>La selecci\u00f3n helv\u00e9tica vio ese planteamiento defensivo como una invitaci\u00f3n al ataque. Cada manija suiza se\u00f1alaba su hora: Xhaka marcaba el \u2018tempo\u2019 (y la grada le ped\u00eda el disparo desde fuera del \u00e1rea), Embolo giraba, volviendo locos a Mancini y Bastoni, para que no descubrieran el plan de Freuler: cambiar los lamentos de la grada por un grito ensordecedor y celebrar el gol con euforia y una rabia que hizo romper el cord\u00f3n de seguridad. Los 11 jugadores de Suiza m\u00e1s los suplentes parec\u00edan querer subirse a las gradas a celebrar<\/p>\n<p>En el banquillo italiano, el experimento de Spalleti empezaba a burbujear peligrosamente. Chiesa recriminando a Barella que le pasara el bal\u00f3n al pie y no se la pusiera en largo; El Shaarawy maravillando con el regate, pero siendo incapaz de probar puerta; Retegui haciendo el primero disparo a puerta de los italianos en el minuto 73; Y Scamacca\u2026 Su segundo disparo en toda la Eurocopa se estrell\u00f3 contra el palo.<\/p>\n<p>La desconexi\u00f3n italiana fue tal que en el inicio de la segunda parte nadie se percat\u00f3 de que Vargas rondaba el \u00e1rea. Un jugador que est\u00e1 entrenando todos los d\u00edas con Xhaka y con Shaqiri y a los que les mostr\u00f3 que algo hab\u00eda aprendido de ellos con un disparo colocado espectacular para el 2-0.<\/p>\n<p>Con el pitido final hubo varias explosiones: la j\u00fabilo en la grada suiza, que seguir\u00e1 gozando de su selecci\u00f3n hasta cuartos, y dejando una pregunta en el aire \u00bfHasta d\u00f3nde podr\u00e1 llegar?<\/p>\n<p>La otra, de certeza, en el banquillo italiano. La campeona rejuvenecida ha ca\u00eddo eliminada, justo en el momento en el que parec\u00eda que empezaba a carburar. Spalletti, nuevamente cuestionado, se ha quedado a medias de la reconstrucci\u00f3n de una Italia que, a trompicones, consegu\u00eda salir adelante y en la que se preguntaban \u00bfHasta d\u00f3nde podr\u00e1 llegar?<\/p>\n<p>Una respuesta ya ha sido respondida. A la otra tendremos que esperar.<\/p>\n","protected":false},"excerpt":{"rendered":"<p>La criticada selecci\u00f3n \u00abexperimental\u00bb de Spalletti ha encontrado su fin en unos octavos en los que ha estado<\/p>\n","protected":false},"author":1,"featured_media":22601,"comment_status":"open","ping_status":"closed","sticky":false,"template":"","format":"standard","meta":{"footnotes":""},"categories":[12],"tags":[],"class_list":["post-22599","post","type-post","status-publish","format-standard","has-post-thumbnail","hentry","category-deportes"],"yoast_head":"<!-- This site is optimized with the Yoast SEO plugin v27.5 - https:\/\/yoast.com\/product\/yoast-seo-wordpress\/ -->\n<title>Italia y Suiza derrota a la campeona en la Eurocopa - El Estatal de M\u00e9xico<\/title>\n<meta name=\"robots\" content=\"index, follow, max-snippet:-1, max-image-preview:large, max-video-preview:-1\" \/>\n<link rel=\"canonical\" href=\"https:\/\/elestataldemexico.com\/index.php\/2024\/06\/29\/italia-y-suiza-derrota-a-la-campeona-en-la-eurocopa\/\" \/>\n<meta property=\"og:locale\" content=\"es_ES\" \/>\n<meta property=\"og:type\" content=\"article\" \/>\n<meta property=\"og:title\" content=\"Italia y Suiza derrota a la campeona en la Eurocopa - El Estatal de M\u00e9xico\" \/>\n<meta property=\"og:description\" content=\"La criticada selecci\u00f3n \u00abexperimental\u00bb de Spalletti ha encontrado su fin en unos octavos en los que ha estado\" \/>\n<meta property=\"og:url\" content=\"https:\/\/elestataldemexico.com\/index.php\/2024\/06\/29\/italia-y-suiza-derrota-a-la-campeona-en-la-eurocopa\/\" \/>\n<meta property=\"og:site_name\" content=\"El Estatal de M\u00e9xico\" \/>\n<meta property=\"article:published_time\" content=\"2024-06-29T22:51:52+00:00\" \/>\n<meta property=\"og:image\" content=\"https:\/\/elestataldemexico.com\/wp-content\/uploads\/2024\/06\/WhatsApp-Image-2024-06-29-at-13.37.27.jpeg\" \/>\n\t<meta property=\"og:image:width\" content=\"711\" \/>\n\t<meta property=\"og:image:height\" content=\"419\" \/>\n\t<meta property=\"og:image:type\" content=\"image\/jpeg\" \/>\n<meta name=\"author\" content=\"admin\" \/>\n<meta name=\"twitter:card\" content=\"summary_large_image\" \/>\n<meta name=\"twitter:label1\" content=\"Escrito por\" \/>\n\t<meta name=\"twitter:data1\" content=\"admin\" \/>\n\t<meta name=\"twitter:label2\" content=\"Tiempo de lectura\" \/>\n\t<meta name=\"twitter:data2\" content=\"2 minutos\" \/>\n<script type=\"application\/ld+json\" class=\"yoast-schema-graph\">{\"@context\":\"https:\\\/\\\/schema.org\",\"@graph\":[{\"@type\":\"Article\",\"@id\":\"https:\\\/\\\/elestataldemexico.com\\\/index.php\\\/2024\\\/06\\\/29\\\/italia-y-suiza-derrota-a-la-campeona-en-la-eurocopa\\\/#article\",\"isPartOf\":{\"@id\":\"https:\\\/\\\/elestataldemexico.com\\\/index.php\\\/2024\\\/06\\\/29\\\/italia-y-suiza-derrota-a-la-campeona-en-la-eurocopa\\\/\"},\"author\":{\"name\":\"admin\",\"@id\":\"https:\\\/\\\/elestataldemexico.com\\\/#\\\/schema\\\/person\\\/6c7813c13d2c1571771f592f0fe866bb\"},\"headline\":\"Italia y Suiza derrota a la campeona en la Eurocopa\",\"datePublished\":\"2024-06-29T22:51:52+00:00\",\"mainEntityOfPage\":{\"@id\":\"https:\\\/\\\/elestataldemexico.com\\\/index.php\\\/2024\\\/06\\\/29\\\/italia-y-suiza-derrota-a-la-campeona-en-la-eurocopa\\\/\"},\"wordCount\":420,\"commentCount\":0,\"publisher\":{\"@id\":\"https:\\\/\\\/elestataldemexico.com\\\/#organization\"},\"image\":{\"@id\":\"https:\\\/\\\/elestataldemexico.com\\\/index.php\\\/2024\\\/06\\\/29\\\/italia-y-suiza-derrota-a-la-campeona-en-la-eurocopa\\\/#primaryimage\"},\"thumbnailUrl\":\"https:\\\/\\\/elestataldemexico.com\\\/wp-content\\\/uploads\\\/2024\\\/06\\\/WhatsApp-Image-2024-06-29-at-13.37.27.jpeg\",\"articleSection\":[\"Deportes\"],\"inLanguage\":\"es\",\"potentialAction\":[{\"@type\":\"CommentAction\",\"name\":\"Comment\",\"target\":[\"https:\\\/\\\/elestataldemexico.com\\\/index.php\\\/2024\\\/06\\\/29\\\/italia-y-suiza-derrota-a-la-campeona-en-la-eurocopa\\\/#respond\"]}]},{\"@type\":\"WebPage\",\"@id\":\"https:\\\/\\\/elestataldemexico.com\\\/index.php\\\/2024\\\/06\\\/29\\\/italia-y-suiza-derrota-a-la-campeona-en-la-eurocopa\\\/\",\"url\":\"https:\\\/\\\/elestataldemexico.com\\\/index.php\\\/2024\\\/06\\\/29\\\/italia-y-suiza-derrota-a-la-campeona-en-la-eurocopa\\\/\",\"name\":\"Italia y Suiza derrota a la campeona en la Eurocopa - El Estatal de M\u00e9xico\",\"isPartOf\":{\"@id\":\"https:\\\/\\\/elestataldemexico.com\\\/#website\"},\"primaryImageOfPage\":{\"@id\":\"https:\\\/\\\/elestataldemexico.com\\\/index.php\\\/2024\\\/06\\\/29\\\/italia-y-suiza-derrota-a-la-campeona-en-la-eurocopa\\\/#primaryimage\"},\"image\":{\"@id\":\"https:\\\/\\\/elestataldemexico.com\\\/index.php\\\/2024\\\/06\\\/29\\\/italia-y-suiza-derrota-a-la-campeona-en-la-eurocopa\\\/#primaryimage\"},\"thumbnailUrl\":\"https:\\\/\\\/elestataldemexico.com\\\/wp-content\\\/uploads\\\/2024\\\/06\\\/WhatsApp-Image-2024-06-29-at-13.37.27.jpeg\",\"datePublished\":\"2024-06-29T22:51:52+00:00\",\"breadcrumb\":{\"@id\":\"https:\\\/\\\/elestataldemexico.com\\\/index.php\\\/2024\\\/06\\\/29\\\/italia-y-suiza-derrota-a-la-campeona-en-la-eurocopa\\\/#breadcrumb\"},\"inLanguage\":\"es\",\"potentialAction\":[{\"@type\":\"ReadAction\",\"target\":[\"https:\\\/\\\/elestataldemexico.com\\\/index.php\\\/2024\\\/06\\\/29\\\/italia-y-suiza-derrota-a-la-campeona-en-la-eurocopa\\\/\"]}]},{\"@type\":\"ImageObject\",\"inLanguage\":\"es\",\"@id\":\"https:\\\/\\\/elestataldemexico.com\\\/index.php\\\/2024\\\/06\\\/29\\\/italia-y-suiza-derrota-a-la-campeona-en-la-eurocopa\\\/#primaryimage\",\"url\":\"https:\\\/\\\/elestataldemexico.com\\\/wp-content\\\/uploads\\\/2024\\\/06\\\/WhatsApp-Image-2024-06-29-at-13.37.27.jpeg\",\"contentUrl\":\"https:\\\/\\\/elestataldemexico.com\\\/wp-content\\\/uploads\\\/2024\\\/06\\\/WhatsApp-Image-2024-06-29-at-13.37.27.jpeg\",\"width\":711,\"height\":419},{\"@type\":\"BreadcrumbList\",\"@id\":\"https:\\\/\\\/elestataldemexico.com\\\/index.php\\\/2024\\\/06\\\/29\\\/italia-y-suiza-derrota-a-la-campeona-en-la-eurocopa\\\/#breadcrumb\",\"itemListElement\":[{\"@type\":\"ListItem\",\"position\":1,\"name\":\"Portada\",\"item\":\"https:\\\/\\\/elestataldemexico.com\\\/\"},{\"@type\":\"ListItem\",\"position\":2,\"name\":\"Italia y Suiza derrota a la campeona en la Eurocopa\"}]},{\"@type\":\"WebSite\",\"@id\":\"https:\\\/\\\/elestataldemexico.com\\\/#website\",\"url\":\"https:\\\/\\\/elestataldemexico.com\\\/\",\"name\":\"El Estatal de M\u00e9xico\",\"description\":\"\",\"publisher\":{\"@id\":\"https:\\\/\\\/elestataldemexico.com\\\/#organization\"},\"potentialAction\":[{\"@type\":\"SearchAction\",\"target\":{\"@type\":\"EntryPoint\",\"urlTemplate\":\"https:\\\/\\\/elestataldemexico.com\\\/?s={search_term_string}\"},\"query-input\":{\"@type\":\"PropertyValueSpecification\",\"valueRequired\":true,\"valueName\":\"search_term_string\"}}],\"inLanguage\":\"es\"},{\"@type\":\"Organization\",\"@id\":\"https:\\\/\\\/elestataldemexico.com\\\/#organization\",\"name\":\"El Estatal de M\u00e9xico\",\"url\":\"https:\\\/\\\/elestataldemexico.com\\\/\",\"logo\":{\"@type\":\"ImageObject\",\"inLanguage\":\"es\",\"@id\":\"https:\\\/\\\/elestataldemexico.com\\\/#\\\/schema\\\/logo\\\/image\\\/\",\"url\":\"https:\\\/\\\/elestataldemexico.com\\\/wp-content\\\/uploads\\\/2025\\\/05\\\/cropped-elestatal.png\",\"contentUrl\":\"https:\\\/\\\/elestataldemexico.com\\\/wp-content\\\/uploads\\\/2025\\\/05\\\/cropped-elestatal.png\",\"width\":504,\"height\":97,\"caption\":\"El Estatal de M\u00e9xico\"},\"image\":{\"@id\":\"https:\\\/\\\/elestataldemexico.com\\\/#\\\/schema\\\/logo\\\/image\\\/\"}},{\"@type\":\"Person\",\"@id\":\"https:\\\/\\\/elestataldemexico.com\\\/#\\\/schema\\\/person\\\/6c7813c13d2c1571771f592f0fe866bb\",\"name\":\"admin\",\"image\":{\"@type\":\"ImageObject\",\"inLanguage\":\"es\",\"@id\":\"https:\\\/\\\/secure.gravatar.com\\\/avatar\\\/d5ed2db9923a3ad3c0a47f6b3aec7abcb43924b9322251ade16472fc06f7bb5b?s=96&d=mm&r=g\",\"url\":\"https:\\\/\\\/secure.gravatar.com\\\/avatar\\\/d5ed2db9923a3ad3c0a47f6b3aec7abcb43924b9322251ade16472fc06f7bb5b?s=96&d=mm&r=g\",\"contentUrl\":\"https:\\\/\\\/secure.gravatar.com\\\/avatar\\\/d5ed2db9923a3ad3c0a47f6b3aec7abcb43924b9322251ade16472fc06f7bb5b?s=96&d=mm&r=g\",\"caption\":\"admin\"},\"sameAs\":[\"https:\\\/\\\/elestataldemexico.com\"],\"url\":\"https:\\\/\\\/elestataldemexico.com\\\/index.php\\\/author\\\/info_qk62m3p3\\\/\"}]}<\/script>\n<!-- \/ Yoast SEO plugin. -->","yoast_head_json":{"title":"Italia y Suiza derrota a la campeona en la Eurocopa - El Estatal de M\u00e9xico","robots":{"index":"index","follow":"follow","max-snippet":"max-snippet:-1","max-image-preview":"max-image-preview:large","max-video-preview":"max-video-preview:-1"},"canonical":"https:\/\/elestataldemexico.com\/index.php\/2024\/06\/29\/italia-y-suiza-derrota-a-la-campeona-en-la-eurocopa\/","og_locale":"es_ES","og_type":"article","og_title":"Italia y Suiza derrota a la campeona en la Eurocopa - El Estatal de M\u00e9xico","og_description":"La criticada selecci\u00f3n \u00abexperimental\u00bb de Spalletti ha encontrado su fin en unos octavos en los que ha estado","og_url":"https:\/\/elestataldemexico.com\/index.php\/2024\/06\/29\/italia-y-suiza-derrota-a-la-campeona-en-la-eurocopa\/","og_site_name":"El Estatal de M\u00e9xico","article_published_time":"2024-06-29T22:51:52+00:00","og_image":[{"width":711,"height":419,"url":"https:\/\/elestataldemexico.com\/wp-content\/uploads\/2024\/06\/WhatsApp-Image-2024-06-29-at-13.37.27.jpeg","type":"image\/jpeg"}],"author":"admin","twitter_card":"summary_large_image","twitter_misc":{"Escrito por":"admin","Tiempo de lectura":"2 minutos"},"schema":{"@context":"https:\/\/schema.org","@graph":[{"@type":"Article","@id":"https:\/\/elestataldemexico.com\/index.php\/2024\/06\/29\/italia-y-suiza-derrota-a-la-campeona-en-la-eurocopa\/#article","isPartOf":{"@id":"https:\/\/elestataldemexico.com\/index.php\/2024\/06\/29\/italia-y-suiza-derrota-a-la-campeona-en-la-eurocopa\/"},"author":{"name":"admin","@id":"https:\/\/elestataldemexico.com\/#\/schema\/person\/6c7813c13d2c1571771f592f0fe866bb"},"headline":"Italia y Suiza derrota a la campeona en la Eurocopa","datePublished":"2024-06-29T22:51:52+00:00","mainEntityOfPage":{"@id":"https:\/\/elestataldemexico.com\/index.php\/2024\/06\/29\/italia-y-suiza-derrota-a-la-campeona-en-la-eurocopa\/"},"wordCount":420,"commentCount":0,"publisher":{"@id":"https:\/\/elestataldemexico.com\/#organization"},"image":{"@id":"https:\/\/elestataldemexico.com\/index.php\/2024\/06\/29\/italia-y-suiza-derrota-a-la-campeona-en-la-eurocopa\/#primaryimage"},"thumbnailUrl":"https:\/\/elestataldemexico.com\/wp-content\/uploads\/2024\/06\/WhatsApp-Image-2024-06-29-at-13.37.27.jpeg","articleSection":["Deportes"],"inLanguage":"es","potentialAction":[{"@type":"CommentAction","name":"Comment","target":["https:\/\/elestataldemexico.com\/index.php\/2024\/06\/29\/italia-y-suiza-derrota-a-la-campeona-en-la-eurocopa\/#respond"]}]},{"@type":"WebPage","@id":"https:\/\/elestataldemexico.com\/index.php\/2024\/06\/29\/italia-y-suiza-derrota-a-la-campeona-en-la-eurocopa\/","url":"https:\/\/elestataldemexico.com\/index.php\/2024\/06\/29\/italia-y-suiza-derrota-a-la-campeona-en-la-eurocopa\/","name":"Italia y Suiza derrota a la campeona en la Eurocopa - El Estatal de M\u00e9xico","isPartOf":{"@id":"https:\/\/elestataldemexico.com\/#website"},"primaryImageOfPage":{"@id":"https:\/\/elestataldemexico.com\/index.php\/2024\/06\/29\/italia-y-suiza-derrota-a-la-campeona-en-la-eurocopa\/#primaryimage"},"image":{"@id":"https:\/\/elestataldemexico.com\/index.php\/2024\/06\/29\/italia-y-suiza-derrota-a-la-campeona-en-la-eurocopa\/#primaryimage"},"thumbnailUrl":"https:\/\/elestataldemexico.com\/wp-content\/uploads\/2024\/06\/WhatsApp-Image-2024-06-29-at-13.37.27.jpeg","datePublished":"2024-06-29T22:51:52+00:00","breadcrumb":{"@id":"https:\/\/elestataldemexico.com\/index.php\/2024\/06\/29\/italia-y-suiza-derrota-a-la-campeona-en-la-eurocopa\/#breadcrumb"},"inLanguage":"es","potentialAction":[{"@type":"ReadAction","target":["https:\/\/elestataldemexico.com\/index.php\/2024\/06\/29\/italia-y-suiza-derrota-a-la-campeona-en-la-eurocopa\/"]}]},{"@type":"ImageObject","inLanguage":"es","@id":"https:\/\/elestataldemexico.com\/index.php\/2024\/06\/29\/italia-y-suiza-derrota-a-la-campeona-en-la-eurocopa\/#primaryimage","url":"https:\/\/elestataldemexico.com\/wp-content\/uploads\/2024\/06\/WhatsApp-Image-2024-06-29-at-13.37.27.jpeg","contentUrl":"https:\/\/elestataldemexico.com\/wp-content\/uploads\/2024\/06\/WhatsApp-Image-2024-06-29-at-13.37.27.jpeg","width":711,"height":419},{"@type":"BreadcrumbList","@id":"https:\/\/elestataldemexico.com\/index.php\/2024\/06\/29\/italia-y-suiza-derrota-a-la-campeona-en-la-eurocopa\/#breadcrumb","itemListElement":[{"@type":"ListItem","position":1,"name":"Portada","item":"https:\/\/elestataldemexico.com\/"},{"@type":"ListItem","position":2,"name":"Italia y Suiza derrota a la campeona en la Eurocopa"}]},{"@type":"WebSite","@id":"https:\/\/elestataldemexico.com\/#website","url":"https:\/\/elestataldemexico.com\/","name":"El Estatal de M\u00e9xico","description":"","publisher":{"@id":"https:\/\/elestataldemexico.com\/#organization"},"potentialAction":[{"@type":"SearchAction","target":{"@type":"EntryPoint","urlTemplate":"https:\/\/elestataldemexico.com\/?s={search_term_string}"},"query-input":{"@type":"PropertyValueSpecification","valueRequired":true,"valueName":"search_term_string"}}],"inLanguage":"es"},{"@type":"Organization","@id":"https:\/\/elestataldemexico.com\/#organization","name":"El Estatal de M\u00e9xico","url":"https:\/\/elestataldemexico.com\/","logo":{"@type":"ImageObject","inLanguage":"es","@id":"https:\/\/elestataldemexico.com\/#\/schema\/logo\/image\/","url":"https:\/\/elestataldemexico.com\/wp-content\/uploads\/2025\/05\/cropped-elestatal.png","contentUrl":"https:\/\/elestataldemexico.com\/wp-content\/uploads\/2025\/05\/cropped-elestatal.png","width":504,"height":97,"caption":"El Estatal de M\u00e9xico"},"image":{"@id":"https:\/\/elestataldemexico.com\/#\/schema\/logo\/image\/"}},{"@type":"Person","@id":"https:\/\/elestataldemexico.com\/#\/schema\/person\/6c7813c13d2c1571771f592f0fe866bb","name":"admin","image":{"@type":"ImageObject","inLanguage":"es","@id":"https:\/\/secure.gravatar.com\/avatar\/d5ed2db9923a3ad3c0a47f6b3aec7abcb43924b9322251ade16472fc06f7bb5b?s=96&d=mm&r=g","url":"https:\/\/secure.gravatar.com\/avatar\/d5ed2db9923a3ad3c0a47f6b3aec7abcb43924b9322251ade16472fc06f7bb5b?s=96&d=mm&r=g","contentUrl":"https:\/\/secure.gravatar.com\/avatar\/d5ed2db9923a3ad3c0a47f6b3aec7abcb43924b9322251ade16472fc06f7bb5b?s=96&d=mm&r=g","caption":"admin"},"sameAs":["https:\/\/elestataldemexico.com"],"url":"https:\/\/elestataldemexico.com\/index.php\/author\/info_qk62m3p3\/"}]}},"_links":{"self":[{"href":"https:\/\/elestataldemexico.com\/index.php\/wp-json\/wp\/v2\/posts\/22599","targetHints":{"allow":["GET"]}}],"collection":[{"href":"https:\/\/elestataldemexico.com\/index.php\/wp-json\/wp\/v2\/posts"}],"about":[{"href":"https:\/\/elestataldemexico.com\/index.php\/wp-json\/wp\/v2\/types\/post"}],"author":[{"embeddable":true,"href":"https:\/\/elestataldemexico.com\/index.php\/wp-json\/wp\/v2\/users\/1"}],"replies":[{"embeddable":true,"href":"https:\/\/elestataldemexico.com\/index.php\/wp-json\/wp\/v2\/comments?post=22599"}],"version-history":[{"count":0,"href":"https:\/\/elestataldemexico.com\/index.php\/wp-json\/wp\/v2\/posts\/22599\/revisions"}],"wp:featuredmedia":[{"embeddable":true,"href":"https:\/\/elestataldemexico.com\/index.php\/wp-json\/wp\/v2\/media\/22601"}],"wp:attachment":[{"href":"https:\/\/elestataldemexico.com\/index.php\/wp-json\/wp\/v2\/media?parent=22599"}],"wp:term":[{"taxonomy":"category","embeddable":true,"href":"https:\/\/elestataldemexico.com\/index.php\/wp-json\/wp\/v2\/categories?post=22599"},{"taxonomy":"post_tag","embeddable":true,"href":"https:\/\/elestataldemexico.com\/index.php\/wp-json\/wp\/v2\/tags?post=22599"}],"curies":[{"name":"wp","href":"https:\/\/api.w.org\/{rel}","templated":true}]}}