{"id":22593,"date":"2024-06-29T17:45:42","date_gmt":"2024-06-29T22:45:42","guid":{"rendered":"https:\/\/podernacional.com\/?p=22593"},"modified":"2024-06-29T17:45:42","modified_gmt":"2024-06-29T22:45:42","slug":"instala-mara-lezama-centro-de-mando-para-coordinar-con-municipios-fenomenos-hidrometeorologicos-y-monitoreo-del-atlantico-y-caribe","status":"publish","type":"post","link":"https:\/\/elestataldemexico.com\/index.php\/2024\/06\/29\/instala-mara-lezama-centro-de-mando-para-coordinar-con-municipios-fenomenos-hidrometeorologicos-y-monitoreo-del-atlantico-y-caribe\/","title":{"rendered":"Instala Mara Lezama Centro de Mando para coordinar con municipios fen\u00f3menos hidrometeorol\u00f3gicos y monitoreo del Atl\u00e1ntico y Caribe"},"content":{"rendered":"<h4>Operativo coordinado entre los tres \u00f3rdenes de gobierno para la protecci\u00f3n y seguridad de las y los quintanarroenses<\/h4>\n<p>Canc\u00fan.- La gobernadora de Quintana Roo, Mara Lezama Espinosa instal\u00f3 el Centro de Mando para coordinar con municipios fen\u00f3menos hidrometeorol\u00f3gicos y monitoreo del Atl\u00e1ntico y Caribe para fortalecer la coordinaci\u00f3n y la vigilancia puntual de las condiciones del clima y dar a conocer, de forma inmediata, la informaci\u00f3n de lo que acontece en todo el estado.<\/p>\n<p>Desde muy temprana hora, Mara Lezama trabaja en la coordinaci\u00f3n de las acciones preventivas con el apoyo de la Marina, el Ej\u00e9rcito y la Guardia Nacional, coordinados con los presidentes municipales, con quienes tuvo un enlace de comunicaci\u00f3n.<\/p>\n<p>La titular del Ejecutivo destac\u00f3 que todas las corporaciones, tanto federales, estatales y municipales, trabajan de manera coordinada, con un centro de vigilancia de 2 fen\u00f3menos atmosf\u00e9ricos que est\u00e1n ocasionado lluvias fuertes y torrenciales en la entidad.<\/p>\n<p>De acuerdo con la informaci\u00f3n proporcionada por las presidentas y presidentes municipales, la coordinaci\u00f3n estatal permite una mejor atenci\u00f3n a la poblaci\u00f3n ante las condiciones clim\u00e1ticas que prevalecen en el estado.<\/p>\n<p>Mara Lezama inform\u00f3 que de acuerdo con la Comisi\u00f3n Nacional del Agua hay una zona de baja presi\u00f3n en el \u00e1rea de Calakmul, Campeche, asociada con la onda tropical n\u00famero 6 que est\u00e1n ocasionado estas lluvias.<\/p>\n<p>Adem\u00e1s, una zona de baja presi\u00f3n asociada con una onda tropical sobre el sur-sureste de Islas Cabo Verde, por lo que hay un monitoreo permanente de ambos fen\u00f3menos meteorol\u00f3gicos.<\/p>\n<p>En tanto, la Gobernadora dio a conocer que en coordinaci\u00f3n con los tres \u00f3rdenes de gobierno se mantienen activos los operativos de prevenci\u00f3n ante las lluvias en Quintana Roo.<\/p>\n<p>En Chetumal y todo el estado se trabaja en limpieza de calles y alcantarillas para prevenir inundaciones.<\/p>\n<p>Estuvieron presentes el titular de la Guarnici\u00f3n Militar de Canc\u00fan, general David Morales Hern\u00e1ndez; el coordinador estatal de la Guardia Nacional, Freddy Balanzar Lozano; el contralmirante Jorge Luis Garc\u00eda Cansino, representante de la Novena Regi\u00f3n Naval, de la Secretar\u00eda de Marina; el secretario de Seguridad Ciudadana de la entidad, Julio C\u00e9sar G\u00f3mez; el Encargado de Despacho del Ayuntamiento de Benito Ju\u00e1rez, Pablo Guti\u00e9rrez, y el Secretario General de Benito Ju\u00e1rez, Antonio Riveroll.<\/p>\n<p><img loading=\"lazy\" decoding=\"async\" class=\"alignnone size-medium wp-image-48069\" src=\"https:\/\/podernacional.com\/wp-content\/uploads\/2024\/06\/WhatsApp-Image-2024-06-29-at-13.26.07.jpeg\" alt=\"\" width=\"300\" height=\"200\" \/> <img loading=\"lazy\" decoding=\"async\" class=\"alignnone size-medium wp-image-48070\" src=\"https:\/\/podernacional.com\/wp-content\/uploads\/2024\/06\/WhatsApp-Image-2024-06-29-at-13.26.06-1-300x200.jpeg\" alt=\"\" width=\"300\" height=\"200\" \/><\/p>\n","protected":false},"excerpt":{"rendered":"<p>Operativo coordinado entre los tres \u00f3rdenes de gobierno para la protecci\u00f3n y seguridad de las y los quintanarroenses<\/p>\n","protected":false},"author":1,"featured_media":22595,"comment_status":"open","ping_status":"closed","sticky":false,"template":"","format":"standard","meta":{"footnotes":""},"categories":[7,4],"tags":[],"class_list":["post-22593","post","type-post","status-publish","format-standard","has-post-thumbnail","hentry","category-nacional","category-quintana-roo"],"yoast_head":"<!-- This site is optimized with the Yoast SEO plugin v27.5 - https:\/\/yoast.com\/product\/yoast-seo-wordpress\/ -->\n<title>Instala Mara Lezama Centro de Mando para coordinar con municipios fen\u00f3menos hidrometeorol\u00f3gicos y monitoreo del Atl\u00e1ntico y Caribe - El Estatal de M\u00e9xico<\/title>\n<meta name=\"robots\" content=\"index, follow, max-snippet:-1, max-image-preview:large, max-video-preview:-1\" \/>\n<link rel=\"canonical\" href=\"https:\/\/elestataldemexico.com\/index.php\/2024\/06\/29\/instala-mara-lezama-centro-de-mando-para-coordinar-con-municipios-fenomenos-hidrometeorologicos-y-monitoreo-del-atlantico-y-caribe\/\" \/>\n<meta property=\"og:locale\" content=\"es_ES\" \/>\n<meta property=\"og:type\" content=\"article\" \/>\n<meta property=\"og:title\" content=\"Instala Mara Lezama Centro de Mando para coordinar con municipios fen\u00f3menos hidrometeorol\u00f3gicos y monitoreo del Atl\u00e1ntico y Caribe - El Estatal de M\u00e9xico\" \/>\n<meta property=\"og:description\" content=\"Operativo coordinado entre los tres \u00f3rdenes de gobierno para la protecci\u00f3n y seguridad de las y los quintanarroenses\" \/>\n<meta property=\"og:url\" content=\"https:\/\/elestataldemexico.com\/index.php\/2024\/06\/29\/instala-mara-lezama-centro-de-mando-para-coordinar-con-municipios-fenomenos-hidrometeorologicos-y-monitoreo-del-atlantico-y-caribe\/\" \/>\n<meta property=\"og:site_name\" content=\"El Estatal de M\u00e9xico\" \/>\n<meta property=\"article:published_time\" content=\"2024-06-29T22:45:42+00:00\" \/>\n<meta property=\"og:image\" content=\"https:\/\/elestataldemexico.com\/wp-content\/uploads\/2024\/06\/WhatsApp-Image-2024-06-29-at-13.26.06.jpeg\" \/>\n\t<meta property=\"og:image:width\" content=\"1600\" \/>\n\t<meta property=\"og:image:height\" content=\"1066\" \/>\n\t<meta property=\"og:image:type\" content=\"image\/jpeg\" \/>\n<meta name=\"author\" content=\"admin\" \/>\n<meta name=\"twitter:card\" content=\"summary_large_image\" \/>\n<meta name=\"twitter:label1\" content=\"Escrito por\" \/>\n\t<meta name=\"twitter:data1\" content=\"admin\" \/>\n\t<meta name=\"twitter:label2\" content=\"Tiempo de lectura\" \/>\n\t<meta name=\"twitter:data2\" content=\"2 minutos\" \/>\n<script type=\"application\/ld+json\" class=\"yoast-schema-graph\">{\"@context\":\"https:\\\/\\\/schema.org\",\"@graph\":[{\"@type\":\"Article\",\"@id\":\"https:\\\/\\\/elestataldemexico.com\\\/index.php\\\/2024\\\/06\\\/29\\\/instala-mara-lezama-centro-de-mando-para-coordinar-con-municipios-fenomenos-hidrometeorologicos-y-monitoreo-del-atlantico-y-caribe\\\/#article\",\"isPartOf\":{\"@id\":\"https:\\\/\\\/elestataldemexico.com\\\/index.php\\\/2024\\\/06\\\/29\\\/instala-mara-lezama-centro-de-mando-para-coordinar-con-municipios-fenomenos-hidrometeorologicos-y-monitoreo-del-atlantico-y-caribe\\\/\"},\"author\":{\"name\":\"admin\",\"@id\":\"https:\\\/\\\/elestataldemexico.com\\\/#\\\/schema\\\/person\\\/6c7813c13d2c1571771f592f0fe866bb\"},\"headline\":\"Instala Mara Lezama Centro de Mando para coordinar con municipios fen\u00f3menos hidrometeorol\u00f3gicos y monitoreo del Atl\u00e1ntico y Caribe\",\"datePublished\":\"2024-06-29T22:45:42+00:00\",\"mainEntityOfPage\":{\"@id\":\"https:\\\/\\\/elestataldemexico.com\\\/index.php\\\/2024\\\/06\\\/29\\\/instala-mara-lezama-centro-de-mando-para-coordinar-con-municipios-fenomenos-hidrometeorologicos-y-monitoreo-del-atlantico-y-caribe\\\/\"},\"wordCount\":422,\"commentCount\":0,\"publisher\":{\"@id\":\"https:\\\/\\\/elestataldemexico.com\\\/#organization\"},\"image\":{\"@id\":\"https:\\\/\\\/elestataldemexico.com\\\/index.php\\\/2024\\\/06\\\/29\\\/instala-mara-lezama-centro-de-mando-para-coordinar-con-municipios-fenomenos-hidrometeorologicos-y-monitoreo-del-atlantico-y-caribe\\\/#primaryimage\"},\"thumbnailUrl\":\"https:\\\/\\\/elestataldemexico.com\\\/wp-content\\\/uploads\\\/2024\\\/06\\\/WhatsApp-Image-2024-06-29-at-13.26.06.jpeg\",\"articleSection\":[\"Nacional\",\"Quintana Roo\"],\"inLanguage\":\"es\",\"potentialAction\":[{\"@type\":\"CommentAction\",\"name\":\"Comment\",\"target\":[\"https:\\\/\\\/elestataldemexico.com\\\/index.php\\\/2024\\\/06\\\/29\\\/instala-mara-lezama-centro-de-mando-para-coordinar-con-municipios-fenomenos-hidrometeorologicos-y-monitoreo-del-atlantico-y-caribe\\\/#respond\"]}]},{\"@type\":\"WebPage\",\"@id\":\"https:\\\/\\\/elestataldemexico.com\\\/index.php\\\/2024\\\/06\\\/29\\\/instala-mara-lezama-centro-de-mando-para-coordinar-con-municipios-fenomenos-hidrometeorologicos-y-monitoreo-del-atlantico-y-caribe\\\/\",\"url\":\"https:\\\/\\\/elestataldemexico.com\\\/index.php\\\/2024\\\/06\\\/29\\\/instala-mara-lezama-centro-de-mando-para-coordinar-con-municipios-fenomenos-hidrometeorologicos-y-monitoreo-del-atlantico-y-caribe\\\/\",\"name\":\"Instala Mara Lezama Centro de Mando para coordinar con municipios fen\u00f3menos hidrometeorol\u00f3gicos y monitoreo del Atl\u00e1ntico y Caribe - El Estatal de M\u00e9xico\",\"isPartOf\":{\"@id\":\"https:\\\/\\\/elestataldemexico.com\\\/#website\"},\"primaryImageOfPage\":{\"@id\":\"https:\\\/\\\/elestataldemexico.com\\\/index.php\\\/2024\\\/06\\\/29\\\/instala-mara-lezama-centro-de-mando-para-coordinar-con-municipios-fenomenos-hidrometeorologicos-y-monitoreo-del-atlantico-y-caribe\\\/#primaryimage\"},\"image\":{\"@id\":\"https:\\\/\\\/elestataldemexico.com\\\/index.php\\\/2024\\\/06\\\/29\\\/instala-mara-lezama-centro-de-mando-para-coordinar-con-municipios-fenomenos-hidrometeorologicos-y-monitoreo-del-atlantico-y-caribe\\\/#primaryimage\"},\"thumbnailUrl\":\"https:\\\/\\\/elestataldemexico.com\\\/wp-content\\\/uploads\\\/2024\\\/06\\\/WhatsApp-Image-2024-06-29-at-13.26.06.jpeg\",\"datePublished\":\"2024-06-29T22:45:42+00:00\",\"breadcrumb\":{\"@id\":\"https:\\\/\\\/elestataldemexico.com\\\/index.php\\\/2024\\\/06\\\/29\\\/instala-mara-lezama-centro-de-mando-para-coordinar-con-municipios-fenomenos-hidrometeorologicos-y-monitoreo-del-atlantico-y-caribe\\\/#breadcrumb\"},\"inLanguage\":\"es\",\"potentialAction\":[{\"@type\":\"ReadAction\",\"target\":[\"https:\\\/\\\/elestataldemexico.com\\\/index.php\\\/2024\\\/06\\\/29\\\/instala-mara-lezama-centro-de-mando-para-coordinar-con-municipios-fenomenos-hidrometeorologicos-y-monitoreo-del-atlantico-y-caribe\\\/\"]}]},{\"@type\":\"ImageObject\",\"inLanguage\":\"es\",\"@id\":\"https:\\\/\\\/elestataldemexico.com\\\/index.php\\\/2024\\\/06\\\/29\\\/instala-mara-lezama-centro-de-mando-para-coordinar-con-municipios-fenomenos-hidrometeorologicos-y-monitoreo-del-atlantico-y-caribe\\\/#primaryimage\",\"url\":\"https:\\\/\\\/elestataldemexico.com\\\/wp-content\\\/uploads\\\/2024\\\/06\\\/WhatsApp-Image-2024-06-29-at-13.26.06.jpeg\",\"contentUrl\":\"https:\\\/\\\/elestataldemexico.com\\\/wp-content\\\/uploads\\\/2024\\\/06\\\/WhatsApp-Image-2024-06-29-at-13.26.06.jpeg\",\"width\":1600,\"height\":1066},{\"@type\":\"BreadcrumbList\",\"@id\":\"https:\\\/\\\/elestataldemexico.com\\\/index.php\\\/2024\\\/06\\\/29\\\/instala-mara-lezama-centro-de-mando-para-coordinar-con-municipios-fenomenos-hidrometeorologicos-y-monitoreo-del-atlantico-y-caribe\\\/#breadcrumb\",\"itemListElement\":[{\"@type\":\"ListItem\",\"position\":1,\"name\":\"Portada\",\"item\":\"https:\\\/\\\/elestataldemexico.com\\\/\"},{\"@type\":\"ListItem\",\"position\":2,\"name\":\"Instala Mara Lezama Centro de Mando para coordinar con municipios fen\u00f3menos hidrometeorol\u00f3gicos y monitoreo del Atl\u00e1ntico y Caribe\"}]},{\"@type\":\"WebSite\",\"@id\":\"https:\\\/\\\/elestataldemexico.com\\\/#website\",\"url\":\"https:\\\/\\\/elestataldemexico.com\\\/\",\"name\":\"El Estatal de M\u00e9xico\",\"description\":\"\",\"publisher\":{\"@id\":\"https:\\\/\\\/elestataldemexico.com\\\/#organization\"},\"potentialAction\":[{\"@type\":\"SearchAction\",\"target\":{\"@type\":\"EntryPoint\",\"urlTemplate\":\"https:\\\/\\\/elestataldemexico.com\\\/?s={search_term_string}\"},\"query-input\":{\"@type\":\"PropertyValueSpecification\",\"valueRequired\":true,\"valueName\":\"search_term_string\"}}],\"inLanguage\":\"es\"},{\"@type\":\"Organization\",\"@id\":\"https:\\\/\\\/elestataldemexico.com\\\/#organization\",\"name\":\"El Estatal de M\u00e9xico\",\"url\":\"https:\\\/\\\/elestataldemexico.com\\\/\",\"logo\":{\"@type\":\"ImageObject\",\"inLanguage\":\"es\",\"@id\":\"https:\\\/\\\/elestataldemexico.com\\\/#\\\/schema\\\/logo\\\/image\\\/\",\"url\":\"https:\\\/\\\/elestataldemexico.com\\\/wp-content\\\/uploads\\\/2025\\\/05\\\/cropped-elestatal.png\",\"contentUrl\":\"https:\\\/\\\/elestataldemexico.com\\\/wp-content\\\/uploads\\\/2025\\\/05\\\/cropped-elestatal.png\",\"width\":504,\"height\":97,\"caption\":\"El Estatal de M\u00e9xico\"},\"image\":{\"@id\":\"https:\\\/\\\/elestataldemexico.com\\\/#\\\/schema\\\/logo\\\/image\\\/\"}},{\"@type\":\"Person\",\"@id\":\"https:\\\/\\\/elestataldemexico.com\\\/#\\\/schema\\\/person\\\/6c7813c13d2c1571771f592f0fe866bb\",\"name\":\"admin\",\"image\":{\"@type\":\"ImageObject\",\"inLanguage\":\"es\",\"@id\":\"https:\\\/\\\/secure.gravatar.com\\\/avatar\\\/d5ed2db9923a3ad3c0a47f6b3aec7abcb43924b9322251ade16472fc06f7bb5b?s=96&d=mm&r=g\",\"url\":\"https:\\\/\\\/secure.gravatar.com\\\/avatar\\\/d5ed2db9923a3ad3c0a47f6b3aec7abcb43924b9322251ade16472fc06f7bb5b?s=96&d=mm&r=g\",\"contentUrl\":\"https:\\\/\\\/secure.gravatar.com\\\/avatar\\\/d5ed2db9923a3ad3c0a47f6b3aec7abcb43924b9322251ade16472fc06f7bb5b?s=96&d=mm&r=g\",\"caption\":\"admin\"},\"sameAs\":[\"https:\\\/\\\/elestataldemexico.com\"],\"url\":\"https:\\\/\\\/elestataldemexico.com\\\/index.php\\\/author\\\/info_qk62m3p3\\\/\"}]}<\/script>\n<!-- \/ Yoast SEO plugin. -->","yoast_head_json":{"title":"Instala Mara Lezama Centro de Mando para coordinar con municipios fen\u00f3menos hidrometeorol\u00f3gicos y monitoreo del Atl\u00e1ntico y Caribe - El Estatal de M\u00e9xico","robots":{"index":"index","follow":"follow","max-snippet":"max-snippet:-1","max-image-preview":"max-image-preview:large","max-video-preview":"max-video-preview:-1"},"canonical":"https:\/\/elestataldemexico.com\/index.php\/2024\/06\/29\/instala-mara-lezama-centro-de-mando-para-coordinar-con-municipios-fenomenos-hidrometeorologicos-y-monitoreo-del-atlantico-y-caribe\/","og_locale":"es_ES","og_type":"article","og_title":"Instala Mara Lezama Centro de Mando para coordinar con municipios fen\u00f3menos hidrometeorol\u00f3gicos y monitoreo del Atl\u00e1ntico y Caribe - El Estatal de M\u00e9xico","og_description":"Operativo coordinado entre los tres \u00f3rdenes de gobierno para la protecci\u00f3n y seguridad de las y los quintanarroenses","og_url":"https:\/\/elestataldemexico.com\/index.php\/2024\/06\/29\/instala-mara-lezama-centro-de-mando-para-coordinar-con-municipios-fenomenos-hidrometeorologicos-y-monitoreo-del-atlantico-y-caribe\/","og_site_name":"El Estatal de M\u00e9xico","article_published_time":"2024-06-29T22:45:42+00:00","og_image":[{"width":1600,"height":1066,"url":"https:\/\/elestataldemexico.com\/wp-content\/uploads\/2024\/06\/WhatsApp-Image-2024-06-29-at-13.26.06.jpeg","type":"image\/jpeg"}],"author":"admin","twitter_card":"summary_large_image","twitter_misc":{"Escrito por":"admin","Tiempo de lectura":"2 minutos"},"schema":{"@context":"https:\/\/schema.org","@graph":[{"@type":"Article","@id":"https:\/\/elestataldemexico.com\/index.php\/2024\/06\/29\/instala-mara-lezama-centro-de-mando-para-coordinar-con-municipios-fenomenos-hidrometeorologicos-y-monitoreo-del-atlantico-y-caribe\/#article","isPartOf":{"@id":"https:\/\/elestataldemexico.com\/index.php\/2024\/06\/29\/instala-mara-lezama-centro-de-mando-para-coordinar-con-municipios-fenomenos-hidrometeorologicos-y-monitoreo-del-atlantico-y-caribe\/"},"author":{"name":"admin","@id":"https:\/\/elestataldemexico.com\/#\/schema\/person\/6c7813c13d2c1571771f592f0fe866bb"},"headline":"Instala Mara Lezama Centro de Mando para coordinar con municipios fen\u00f3menos hidrometeorol\u00f3gicos y monitoreo del Atl\u00e1ntico y Caribe","datePublished":"2024-06-29T22:45:42+00:00","mainEntityOfPage":{"@id":"https:\/\/elestataldemexico.com\/index.php\/2024\/06\/29\/instala-mara-lezama-centro-de-mando-para-coordinar-con-municipios-fenomenos-hidrometeorologicos-y-monitoreo-del-atlantico-y-caribe\/"},"wordCount":422,"commentCount":0,"publisher":{"@id":"https:\/\/elestataldemexico.com\/#organization"},"image":{"@id":"https:\/\/elestataldemexico.com\/index.php\/2024\/06\/29\/instala-mara-lezama-centro-de-mando-para-coordinar-con-municipios-fenomenos-hidrometeorologicos-y-monitoreo-del-atlantico-y-caribe\/#primaryimage"},"thumbnailUrl":"https:\/\/elestataldemexico.com\/wp-content\/uploads\/2024\/06\/WhatsApp-Image-2024-06-29-at-13.26.06.jpeg","articleSection":["Nacional","Quintana Roo"],"inLanguage":"es","potentialAction":[{"@type":"CommentAction","name":"Comment","target":["https:\/\/elestataldemexico.com\/index.php\/2024\/06\/29\/instala-mara-lezama-centro-de-mando-para-coordinar-con-municipios-fenomenos-hidrometeorologicos-y-monitoreo-del-atlantico-y-caribe\/#respond"]}]},{"@type":"WebPage","@id":"https:\/\/elestataldemexico.com\/index.php\/2024\/06\/29\/instala-mara-lezama-centro-de-mando-para-coordinar-con-municipios-fenomenos-hidrometeorologicos-y-monitoreo-del-atlantico-y-caribe\/","url":"https:\/\/elestataldemexico.com\/index.php\/2024\/06\/29\/instala-mara-lezama-centro-de-mando-para-coordinar-con-municipios-fenomenos-hidrometeorologicos-y-monitoreo-del-atlantico-y-caribe\/","name":"Instala Mara Lezama Centro de Mando para coordinar con municipios fen\u00f3menos hidrometeorol\u00f3gicos y monitoreo del Atl\u00e1ntico y Caribe - El Estatal de M\u00e9xico","isPartOf":{"@id":"https:\/\/elestataldemexico.com\/#website"},"primaryImageOfPage":{"@id":"https:\/\/elestataldemexico.com\/index.php\/2024\/06\/29\/instala-mara-lezama-centro-de-mando-para-coordinar-con-municipios-fenomenos-hidrometeorologicos-y-monitoreo-del-atlantico-y-caribe\/#primaryimage"},"image":{"@id":"https:\/\/elestataldemexico.com\/index.php\/2024\/06\/29\/instala-mara-lezama-centro-de-mando-para-coordinar-con-municipios-fenomenos-hidrometeorologicos-y-monitoreo-del-atlantico-y-caribe\/#primaryimage"},"thumbnailUrl":"https:\/\/elestataldemexico.com\/wp-content\/uploads\/2024\/06\/WhatsApp-Image-2024-06-29-at-13.26.06.jpeg","datePublished":"2024-06-29T22:45:42+00:00","breadcrumb":{"@id":"https:\/\/elestataldemexico.com\/index.php\/2024\/06\/29\/instala-mara-lezama-centro-de-mando-para-coordinar-con-municipios-fenomenos-hidrometeorologicos-y-monitoreo-del-atlantico-y-caribe\/#breadcrumb"},"inLanguage":"es","potentialAction":[{"@type":"ReadAction","target":["https:\/\/elestataldemexico.com\/index.php\/2024\/06\/29\/instala-mara-lezama-centro-de-mando-para-coordinar-con-municipios-fenomenos-hidrometeorologicos-y-monitoreo-del-atlantico-y-caribe\/"]}]},{"@type":"ImageObject","inLanguage":"es","@id":"https:\/\/elestataldemexico.com\/index.php\/2024\/06\/29\/instala-mara-lezama-centro-de-mando-para-coordinar-con-municipios-fenomenos-hidrometeorologicos-y-monitoreo-del-atlantico-y-caribe\/#primaryimage","url":"https:\/\/elestataldemexico.com\/wp-content\/uploads\/2024\/06\/WhatsApp-Image-2024-06-29-at-13.26.06.jpeg","contentUrl":"https:\/\/elestataldemexico.com\/wp-content\/uploads\/2024\/06\/WhatsApp-Image-2024-06-29-at-13.26.06.jpeg","width":1600,"height":1066},{"@type":"BreadcrumbList","@id":"https:\/\/elestataldemexico.com\/index.php\/2024\/06\/29\/instala-mara-lezama-centro-de-mando-para-coordinar-con-municipios-fenomenos-hidrometeorologicos-y-monitoreo-del-atlantico-y-caribe\/#breadcrumb","itemListElement":[{"@type":"ListItem","position":1,"name":"Portada","item":"https:\/\/elestataldemexico.com\/"},{"@type":"ListItem","position":2,"name":"Instala Mara Lezama Centro de Mando para coordinar con municipios fen\u00f3menos hidrometeorol\u00f3gicos y monitoreo del Atl\u00e1ntico y Caribe"}]},{"@type":"WebSite","@id":"https:\/\/elestataldemexico.com\/#website","url":"https:\/\/elestataldemexico.com\/","name":"El Estatal de M\u00e9xico","description":"","publisher":{"@id":"https:\/\/elestataldemexico.com\/#organization"},"potentialAction":[{"@type":"SearchAction","target":{"@type":"EntryPoint","urlTemplate":"https:\/\/elestataldemexico.com\/?s={search_term_string}"},"query-input":{"@type":"PropertyValueSpecification","valueRequired":true,"valueName":"search_term_string"}}],"inLanguage":"es"},{"@type":"Organization","@id":"https:\/\/elestataldemexico.com\/#organization","name":"El Estatal de M\u00e9xico","url":"https:\/\/elestataldemexico.com\/","logo":{"@type":"ImageObject","inLanguage":"es","@id":"https:\/\/elestataldemexico.com\/#\/schema\/logo\/image\/","url":"https:\/\/elestataldemexico.com\/wp-content\/uploads\/2025\/05\/cropped-elestatal.png","contentUrl":"https:\/\/elestataldemexico.com\/wp-content\/uploads\/2025\/05\/cropped-elestatal.png","width":504,"height":97,"caption":"El Estatal de M\u00e9xico"},"image":{"@id":"https:\/\/elestataldemexico.com\/#\/schema\/logo\/image\/"}},{"@type":"Person","@id":"https:\/\/elestataldemexico.com\/#\/schema\/person\/6c7813c13d2c1571771f592f0fe866bb","name":"admin","image":{"@type":"ImageObject","inLanguage":"es","@id":"https:\/\/secure.gravatar.com\/avatar\/d5ed2db9923a3ad3c0a47f6b3aec7abcb43924b9322251ade16472fc06f7bb5b?s=96&d=mm&r=g","url":"https:\/\/secure.gravatar.com\/avatar\/d5ed2db9923a3ad3c0a47f6b3aec7abcb43924b9322251ade16472fc06f7bb5b?s=96&d=mm&r=g","contentUrl":"https:\/\/secure.gravatar.com\/avatar\/d5ed2db9923a3ad3c0a47f6b3aec7abcb43924b9322251ade16472fc06f7bb5b?s=96&d=mm&r=g","caption":"admin"},"sameAs":["https:\/\/elestataldemexico.com"],"url":"https:\/\/elestataldemexico.com\/index.php\/author\/info_qk62m3p3\/"}]}},"_links":{"self":[{"href":"https:\/\/elestataldemexico.com\/index.php\/wp-json\/wp\/v2\/posts\/22593","targetHints":{"allow":["GET"]}}],"collection":[{"href":"https:\/\/elestataldemexico.com\/index.php\/wp-json\/wp\/v2\/posts"}],"about":[{"href":"https:\/\/elestataldemexico.com\/index.php\/wp-json\/wp\/v2\/types\/post"}],"author":[{"embeddable":true,"href":"https:\/\/elestataldemexico.com\/index.php\/wp-json\/wp\/v2\/users\/1"}],"replies":[{"embeddable":true,"href":"https:\/\/elestataldemexico.com\/index.php\/wp-json\/wp\/v2\/comments?post=22593"}],"version-history":[{"count":0,"href":"https:\/\/elestataldemexico.com\/index.php\/wp-json\/wp\/v2\/posts\/22593\/revisions"}],"wp:featuredmedia":[{"embeddable":true,"href":"https:\/\/elestataldemexico.com\/index.php\/wp-json\/wp\/v2\/media\/22595"}],"wp:attachment":[{"href":"https:\/\/elestataldemexico.com\/index.php\/wp-json\/wp\/v2\/media?parent=22593"}],"wp:term":[{"taxonomy":"category","embeddable":true,"href":"https:\/\/elestataldemexico.com\/index.php\/wp-json\/wp\/v2\/categories?post=22593"},{"taxonomy":"post_tag","embeddable":true,"href":"https:\/\/elestataldemexico.com\/index.php\/wp-json\/wp\/v2\/tags?post=22593"}],"curies":[{"name":"wp","href":"https:\/\/api.w.org\/{rel}","templated":true}]}}