{"id":21699,"date":"2024-04-20T22:41:20","date_gmt":"2024-04-21T03:41:20","guid":{"rendered":"https:\/\/podernacional.com\/?p=21699"},"modified":"2024-04-20T22:41:20","modified_gmt":"2024-04-21T03:41:20","slug":"lamenta-corte-fallecimiento-de-noe-castanon-ministro-jubilado","status":"publish","type":"post","link":"https:\/\/elestataldemexico.com\/index.php\/2024\/04\/20\/lamenta-corte-fallecimiento-de-noe-castanon-ministro-jubilado\/","title":{"rendered":"Lamenta Corte fallecimiento de No\u00e9 Casta\u00f1\u00f3n, ministro jubilado"},"content":{"rendered":"<p>La Suprema Corte de Justicia de la Naci\u00f3n (SCJN) lament\u00f3 el fallecimiento del ministro jubilado, No\u00e9 Casta\u00f1\u00f3n Le\u00f3n, ocurrido ayer en su estado natal.<\/p>\n<p>A trav\u00e9s de una tarjeta informativa, la Corte se\u00f1al\u00f3 que los integrantes del pleno y quienes colaboran en el alto tribunal, se unen a la pena que embarga a su familia y amigos.<\/p>\n<p>Nacido en Berrioz\u00e1bal, Chiapas, el 15 de abril de 1948, Casta\u00f1\u00f3n Le\u00f3n, quien fuera secretario de gobierno de Chiapas durante la administraci\u00f3n del exgobernador Juan Sabines, fue designado Oficial Judicial, en 1967, y posteriormente, secretario proyectista y primer secretario del Juzgado Primero de Distrito en Materia Civil, en el entonces Distrito Federal.<\/p>\n<p>En 1974 se le confiri\u00f3 el nombramiento de secretario de Estudio y Cuenta de la Corte; en 1980 el de subsecretario de Acuerdos y de 1984 a 1985 fungi\u00f3 como secretario general de acuerdos.<\/p>\n<p>Despu\u00e9s fue designado Ministro Numerario, cargo que asumi\u00f3 el 23 de abril de 1985 y qued\u00f3 adscrito a la Tercera Sala.<\/p>\n<p>A partir de 1986 y hasta el 31 de diciembre de 1994, fecha en la que obtuvo su jubilaci\u00f3n, ocup\u00f3 un sitial en la Segunda Sala.<\/p>\n<p>Lee tambi\u00e9n El respeto a la Constituci\u00f3n es y debe ser el faro del Poder Judicial: ministro Juan Luis Gonz\u00e1lez Alc\u00e1ntara Carranc\u00e1<\/p>\n<p>Casta\u00f1\u00f3n Le\u00f3n tambi\u00e9n fue presidente del Supremo Tribunal de Justicia del Estado de Chiapas, en el sexenio del exgobernador de Chiapas, Roberto Albores Guill\u00e9n<\/p>\n","protected":false},"excerpt":{"rendered":"<p>La Suprema Corte de Justicia de la Naci\u00f3n (SCJN) lament\u00f3 el fallecimiento del ministro jubilado, No\u00e9 Casta\u00f1\u00f3n Le\u00f3n,<\/p>\n","protected":false},"author":1,"featured_media":21701,"comment_status":"open","ping_status":"closed","sticky":false,"template":"","format":"standard","meta":{"footnotes":""},"categories":[7],"tags":[],"class_list":["post-21699","post","type-post","status-publish","format-standard","has-post-thumbnail","hentry","category-nacional"],"yoast_head":"<!-- This site is optimized with the Yoast SEO plugin v27.5 - https:\/\/yoast.com\/product\/yoast-seo-wordpress\/ -->\n<title>Lamenta Corte fallecimiento de No\u00e9 Casta\u00f1\u00f3n, ministro jubilado - El Estatal de M\u00e9xico<\/title>\n<meta name=\"robots\" content=\"index, follow, max-snippet:-1, max-image-preview:large, max-video-preview:-1\" \/>\n<link rel=\"canonical\" href=\"https:\/\/elestataldemexico.com\/index.php\/2024\/04\/20\/lamenta-corte-fallecimiento-de-noe-castanon-ministro-jubilado\/\" \/>\n<meta property=\"og:locale\" content=\"es_ES\" \/>\n<meta property=\"og:type\" content=\"article\" \/>\n<meta property=\"og:title\" content=\"Lamenta Corte fallecimiento de No\u00e9 Casta\u00f1\u00f3n, ministro jubilado - El Estatal de M\u00e9xico\" \/>\n<meta property=\"og:description\" content=\"La Suprema Corte de Justicia de la Naci\u00f3n (SCJN) lament\u00f3 el fallecimiento del ministro jubilado, No\u00e9 Casta\u00f1\u00f3n Le\u00f3n,\" \/>\n<meta property=\"og:url\" content=\"https:\/\/elestataldemexico.com\/index.php\/2024\/04\/20\/lamenta-corte-fallecimiento-de-noe-castanon-ministro-jubilado\/\" \/>\n<meta property=\"og:site_name\" content=\"El Estatal de M\u00e9xico\" \/>\n<meta property=\"article:published_time\" content=\"2024-04-21T03:41:20+00:00\" \/>\n<meta property=\"og:image\" content=\"https:\/\/elestataldemexico.com\/wp-content\/uploads\/2024\/04\/WhatsApp-Image-2024-04-20-at-22.41.01.jpeg\" \/>\n\t<meta property=\"og:image:width\" content=\"1100\" \/>\n\t<meta property=\"og:image:height\" content=\"666\" \/>\n\t<meta property=\"og:image:type\" content=\"image\/jpeg\" \/>\n<meta name=\"author\" content=\"admin\" \/>\n<meta name=\"twitter:card\" content=\"summary_large_image\" \/>\n<meta name=\"twitter:label1\" content=\"Escrito por\" \/>\n\t<meta name=\"twitter:data1\" content=\"admin\" \/>\n\t<meta name=\"twitter:label2\" content=\"Tiempo de lectura\" \/>\n\t<meta name=\"twitter:data2\" content=\"1 minuto\" \/>\n<script type=\"application\/ld+json\" class=\"yoast-schema-graph\">{\"@context\":\"https:\\\/\\\/schema.org\",\"@graph\":[{\"@type\":\"Article\",\"@id\":\"https:\\\/\\\/elestataldemexico.com\\\/index.php\\\/2024\\\/04\\\/20\\\/lamenta-corte-fallecimiento-de-noe-castanon-ministro-jubilado\\\/#article\",\"isPartOf\":{\"@id\":\"https:\\\/\\\/elestataldemexico.com\\\/index.php\\\/2024\\\/04\\\/20\\\/lamenta-corte-fallecimiento-de-noe-castanon-ministro-jubilado\\\/\"},\"author\":{\"name\":\"admin\",\"@id\":\"https:\\\/\\\/elestataldemexico.com\\\/#\\\/schema\\\/person\\\/6c7813c13d2c1571771f592f0fe866bb\"},\"headline\":\"Lamenta Corte fallecimiento de No\u00e9 Casta\u00f1\u00f3n, ministro jubilado\",\"datePublished\":\"2024-04-21T03:41:20+00:00\",\"mainEntityOfPage\":{\"@id\":\"https:\\\/\\\/elestataldemexico.com\\\/index.php\\\/2024\\\/04\\\/20\\\/lamenta-corte-fallecimiento-de-noe-castanon-ministro-jubilado\\\/\"},\"wordCount\":252,\"commentCount\":0,\"publisher\":{\"@id\":\"https:\\\/\\\/elestataldemexico.com\\\/#organization\"},\"image\":{\"@id\":\"https:\\\/\\\/elestataldemexico.com\\\/index.php\\\/2024\\\/04\\\/20\\\/lamenta-corte-fallecimiento-de-noe-castanon-ministro-jubilado\\\/#primaryimage\"},\"thumbnailUrl\":\"https:\\\/\\\/elestataldemexico.com\\\/wp-content\\\/uploads\\\/2024\\\/04\\\/WhatsApp-Image-2024-04-20-at-22.41.01.jpeg\",\"articleSection\":[\"Nacional\"],\"inLanguage\":\"es\",\"potentialAction\":[{\"@type\":\"CommentAction\",\"name\":\"Comment\",\"target\":[\"https:\\\/\\\/elestataldemexico.com\\\/index.php\\\/2024\\\/04\\\/20\\\/lamenta-corte-fallecimiento-de-noe-castanon-ministro-jubilado\\\/#respond\"]}]},{\"@type\":\"WebPage\",\"@id\":\"https:\\\/\\\/elestataldemexico.com\\\/index.php\\\/2024\\\/04\\\/20\\\/lamenta-corte-fallecimiento-de-noe-castanon-ministro-jubilado\\\/\",\"url\":\"https:\\\/\\\/elestataldemexico.com\\\/index.php\\\/2024\\\/04\\\/20\\\/lamenta-corte-fallecimiento-de-noe-castanon-ministro-jubilado\\\/\",\"name\":\"Lamenta Corte fallecimiento de No\u00e9 Casta\u00f1\u00f3n, ministro jubilado - El Estatal de M\u00e9xico\",\"isPartOf\":{\"@id\":\"https:\\\/\\\/elestataldemexico.com\\\/#website\"},\"primaryImageOfPage\":{\"@id\":\"https:\\\/\\\/elestataldemexico.com\\\/index.php\\\/2024\\\/04\\\/20\\\/lamenta-corte-fallecimiento-de-noe-castanon-ministro-jubilado\\\/#primaryimage\"},\"image\":{\"@id\":\"https:\\\/\\\/elestataldemexico.com\\\/index.php\\\/2024\\\/04\\\/20\\\/lamenta-corte-fallecimiento-de-noe-castanon-ministro-jubilado\\\/#primaryimage\"},\"thumbnailUrl\":\"https:\\\/\\\/elestataldemexico.com\\\/wp-content\\\/uploads\\\/2024\\\/04\\\/WhatsApp-Image-2024-04-20-at-22.41.01.jpeg\",\"datePublished\":\"2024-04-21T03:41:20+00:00\",\"breadcrumb\":{\"@id\":\"https:\\\/\\\/elestataldemexico.com\\\/index.php\\\/2024\\\/04\\\/20\\\/lamenta-corte-fallecimiento-de-noe-castanon-ministro-jubilado\\\/#breadcrumb\"},\"inLanguage\":\"es\",\"potentialAction\":[{\"@type\":\"ReadAction\",\"target\":[\"https:\\\/\\\/elestataldemexico.com\\\/index.php\\\/2024\\\/04\\\/20\\\/lamenta-corte-fallecimiento-de-noe-castanon-ministro-jubilado\\\/\"]}]},{\"@type\":\"ImageObject\",\"inLanguage\":\"es\",\"@id\":\"https:\\\/\\\/elestataldemexico.com\\\/index.php\\\/2024\\\/04\\\/20\\\/lamenta-corte-fallecimiento-de-noe-castanon-ministro-jubilado\\\/#primaryimage\",\"url\":\"https:\\\/\\\/elestataldemexico.com\\\/wp-content\\\/uploads\\\/2024\\\/04\\\/WhatsApp-Image-2024-04-20-at-22.41.01.jpeg\",\"contentUrl\":\"https:\\\/\\\/elestataldemexico.com\\\/wp-content\\\/uploads\\\/2024\\\/04\\\/WhatsApp-Image-2024-04-20-at-22.41.01.jpeg\",\"width\":1100,\"height\":666},{\"@type\":\"BreadcrumbList\",\"@id\":\"https:\\\/\\\/elestataldemexico.com\\\/index.php\\\/2024\\\/04\\\/20\\\/lamenta-corte-fallecimiento-de-noe-castanon-ministro-jubilado\\\/#breadcrumb\",\"itemListElement\":[{\"@type\":\"ListItem\",\"position\":1,\"name\":\"Portada\",\"item\":\"https:\\\/\\\/elestataldemexico.com\\\/\"},{\"@type\":\"ListItem\",\"position\":2,\"name\":\"Lamenta Corte fallecimiento de No\u00e9 Casta\u00f1\u00f3n, ministro jubilado\"}]},{\"@type\":\"WebSite\",\"@id\":\"https:\\\/\\\/elestataldemexico.com\\\/#website\",\"url\":\"https:\\\/\\\/elestataldemexico.com\\\/\",\"name\":\"El Estatal de M\u00e9xico\",\"description\":\"\",\"publisher\":{\"@id\":\"https:\\\/\\\/elestataldemexico.com\\\/#organization\"},\"potentialAction\":[{\"@type\":\"SearchAction\",\"target\":{\"@type\":\"EntryPoint\",\"urlTemplate\":\"https:\\\/\\\/elestataldemexico.com\\\/?s={search_term_string}\"},\"query-input\":{\"@type\":\"PropertyValueSpecification\",\"valueRequired\":true,\"valueName\":\"search_term_string\"}}],\"inLanguage\":\"es\"},{\"@type\":\"Organization\",\"@id\":\"https:\\\/\\\/elestataldemexico.com\\\/#organization\",\"name\":\"El Estatal de M\u00e9xico\",\"url\":\"https:\\\/\\\/elestataldemexico.com\\\/\",\"logo\":{\"@type\":\"ImageObject\",\"inLanguage\":\"es\",\"@id\":\"https:\\\/\\\/elestataldemexico.com\\\/#\\\/schema\\\/logo\\\/image\\\/\",\"url\":\"https:\\\/\\\/elestataldemexico.com\\\/wp-content\\\/uploads\\\/2025\\\/05\\\/cropped-elestatal.png\",\"contentUrl\":\"https:\\\/\\\/elestataldemexico.com\\\/wp-content\\\/uploads\\\/2025\\\/05\\\/cropped-elestatal.png\",\"width\":504,\"height\":97,\"caption\":\"El Estatal de M\u00e9xico\"},\"image\":{\"@id\":\"https:\\\/\\\/elestataldemexico.com\\\/#\\\/schema\\\/logo\\\/image\\\/\"}},{\"@type\":\"Person\",\"@id\":\"https:\\\/\\\/elestataldemexico.com\\\/#\\\/schema\\\/person\\\/6c7813c13d2c1571771f592f0fe866bb\",\"name\":\"admin\",\"image\":{\"@type\":\"ImageObject\",\"inLanguage\":\"es\",\"@id\":\"https:\\\/\\\/secure.gravatar.com\\\/avatar\\\/d5ed2db9923a3ad3c0a47f6b3aec7abcb43924b9322251ade16472fc06f7bb5b?s=96&d=mm&r=g\",\"url\":\"https:\\\/\\\/secure.gravatar.com\\\/avatar\\\/d5ed2db9923a3ad3c0a47f6b3aec7abcb43924b9322251ade16472fc06f7bb5b?s=96&d=mm&r=g\",\"contentUrl\":\"https:\\\/\\\/secure.gravatar.com\\\/avatar\\\/d5ed2db9923a3ad3c0a47f6b3aec7abcb43924b9322251ade16472fc06f7bb5b?s=96&d=mm&r=g\",\"caption\":\"admin\"},\"sameAs\":[\"https:\\\/\\\/elestataldemexico.com\"],\"url\":\"https:\\\/\\\/elestataldemexico.com\\\/index.php\\\/author\\\/info_qk62m3p3\\\/\"}]}<\/script>\n<!-- \/ Yoast SEO plugin. -->","yoast_head_json":{"title":"Lamenta Corte fallecimiento de No\u00e9 Casta\u00f1\u00f3n, ministro jubilado - El Estatal de M\u00e9xico","robots":{"index":"index","follow":"follow","max-snippet":"max-snippet:-1","max-image-preview":"max-image-preview:large","max-video-preview":"max-video-preview:-1"},"canonical":"https:\/\/elestataldemexico.com\/index.php\/2024\/04\/20\/lamenta-corte-fallecimiento-de-noe-castanon-ministro-jubilado\/","og_locale":"es_ES","og_type":"article","og_title":"Lamenta Corte fallecimiento de No\u00e9 Casta\u00f1\u00f3n, ministro jubilado - El Estatal de M\u00e9xico","og_description":"La Suprema Corte de Justicia de la Naci\u00f3n (SCJN) lament\u00f3 el fallecimiento del ministro jubilado, No\u00e9 Casta\u00f1\u00f3n Le\u00f3n,","og_url":"https:\/\/elestataldemexico.com\/index.php\/2024\/04\/20\/lamenta-corte-fallecimiento-de-noe-castanon-ministro-jubilado\/","og_site_name":"El Estatal de M\u00e9xico","article_published_time":"2024-04-21T03:41:20+00:00","og_image":[{"width":1100,"height":666,"url":"https:\/\/elestataldemexico.com\/wp-content\/uploads\/2024\/04\/WhatsApp-Image-2024-04-20-at-22.41.01.jpeg","type":"image\/jpeg"}],"author":"admin","twitter_card":"summary_large_image","twitter_misc":{"Escrito por":"admin","Tiempo de lectura":"1 minuto"},"schema":{"@context":"https:\/\/schema.org","@graph":[{"@type":"Article","@id":"https:\/\/elestataldemexico.com\/index.php\/2024\/04\/20\/lamenta-corte-fallecimiento-de-noe-castanon-ministro-jubilado\/#article","isPartOf":{"@id":"https:\/\/elestataldemexico.com\/index.php\/2024\/04\/20\/lamenta-corte-fallecimiento-de-noe-castanon-ministro-jubilado\/"},"author":{"name":"admin","@id":"https:\/\/elestataldemexico.com\/#\/schema\/person\/6c7813c13d2c1571771f592f0fe866bb"},"headline":"Lamenta Corte fallecimiento de No\u00e9 Casta\u00f1\u00f3n, ministro jubilado","datePublished":"2024-04-21T03:41:20+00:00","mainEntityOfPage":{"@id":"https:\/\/elestataldemexico.com\/index.php\/2024\/04\/20\/lamenta-corte-fallecimiento-de-noe-castanon-ministro-jubilado\/"},"wordCount":252,"commentCount":0,"publisher":{"@id":"https:\/\/elestataldemexico.com\/#organization"},"image":{"@id":"https:\/\/elestataldemexico.com\/index.php\/2024\/04\/20\/lamenta-corte-fallecimiento-de-noe-castanon-ministro-jubilado\/#primaryimage"},"thumbnailUrl":"https:\/\/elestataldemexico.com\/wp-content\/uploads\/2024\/04\/WhatsApp-Image-2024-04-20-at-22.41.01.jpeg","articleSection":["Nacional"],"inLanguage":"es","potentialAction":[{"@type":"CommentAction","name":"Comment","target":["https:\/\/elestataldemexico.com\/index.php\/2024\/04\/20\/lamenta-corte-fallecimiento-de-noe-castanon-ministro-jubilado\/#respond"]}]},{"@type":"WebPage","@id":"https:\/\/elestataldemexico.com\/index.php\/2024\/04\/20\/lamenta-corte-fallecimiento-de-noe-castanon-ministro-jubilado\/","url":"https:\/\/elestataldemexico.com\/index.php\/2024\/04\/20\/lamenta-corte-fallecimiento-de-noe-castanon-ministro-jubilado\/","name":"Lamenta Corte fallecimiento de No\u00e9 Casta\u00f1\u00f3n, ministro jubilado - El Estatal de M\u00e9xico","isPartOf":{"@id":"https:\/\/elestataldemexico.com\/#website"},"primaryImageOfPage":{"@id":"https:\/\/elestataldemexico.com\/index.php\/2024\/04\/20\/lamenta-corte-fallecimiento-de-noe-castanon-ministro-jubilado\/#primaryimage"},"image":{"@id":"https:\/\/elestataldemexico.com\/index.php\/2024\/04\/20\/lamenta-corte-fallecimiento-de-noe-castanon-ministro-jubilado\/#primaryimage"},"thumbnailUrl":"https:\/\/elestataldemexico.com\/wp-content\/uploads\/2024\/04\/WhatsApp-Image-2024-04-20-at-22.41.01.jpeg","datePublished":"2024-04-21T03:41:20+00:00","breadcrumb":{"@id":"https:\/\/elestataldemexico.com\/index.php\/2024\/04\/20\/lamenta-corte-fallecimiento-de-noe-castanon-ministro-jubilado\/#breadcrumb"},"inLanguage":"es","potentialAction":[{"@type":"ReadAction","target":["https:\/\/elestataldemexico.com\/index.php\/2024\/04\/20\/lamenta-corte-fallecimiento-de-noe-castanon-ministro-jubilado\/"]}]},{"@type":"ImageObject","inLanguage":"es","@id":"https:\/\/elestataldemexico.com\/index.php\/2024\/04\/20\/lamenta-corte-fallecimiento-de-noe-castanon-ministro-jubilado\/#primaryimage","url":"https:\/\/elestataldemexico.com\/wp-content\/uploads\/2024\/04\/WhatsApp-Image-2024-04-20-at-22.41.01.jpeg","contentUrl":"https:\/\/elestataldemexico.com\/wp-content\/uploads\/2024\/04\/WhatsApp-Image-2024-04-20-at-22.41.01.jpeg","width":1100,"height":666},{"@type":"BreadcrumbList","@id":"https:\/\/elestataldemexico.com\/index.php\/2024\/04\/20\/lamenta-corte-fallecimiento-de-noe-castanon-ministro-jubilado\/#breadcrumb","itemListElement":[{"@type":"ListItem","position":1,"name":"Portada","item":"https:\/\/elestataldemexico.com\/"},{"@type":"ListItem","position":2,"name":"Lamenta Corte fallecimiento de No\u00e9 Casta\u00f1\u00f3n, ministro jubilado"}]},{"@type":"WebSite","@id":"https:\/\/elestataldemexico.com\/#website","url":"https:\/\/elestataldemexico.com\/","name":"El Estatal de M\u00e9xico","description":"","publisher":{"@id":"https:\/\/elestataldemexico.com\/#organization"},"potentialAction":[{"@type":"SearchAction","target":{"@type":"EntryPoint","urlTemplate":"https:\/\/elestataldemexico.com\/?s={search_term_string}"},"query-input":{"@type":"PropertyValueSpecification","valueRequired":true,"valueName":"search_term_string"}}],"inLanguage":"es"},{"@type":"Organization","@id":"https:\/\/elestataldemexico.com\/#organization","name":"El Estatal de M\u00e9xico","url":"https:\/\/elestataldemexico.com\/","logo":{"@type":"ImageObject","inLanguage":"es","@id":"https:\/\/elestataldemexico.com\/#\/schema\/logo\/image\/","url":"https:\/\/elestataldemexico.com\/wp-content\/uploads\/2025\/05\/cropped-elestatal.png","contentUrl":"https:\/\/elestataldemexico.com\/wp-content\/uploads\/2025\/05\/cropped-elestatal.png","width":504,"height":97,"caption":"El Estatal de M\u00e9xico"},"image":{"@id":"https:\/\/elestataldemexico.com\/#\/schema\/logo\/image\/"}},{"@type":"Person","@id":"https:\/\/elestataldemexico.com\/#\/schema\/person\/6c7813c13d2c1571771f592f0fe866bb","name":"admin","image":{"@type":"ImageObject","inLanguage":"es","@id":"https:\/\/secure.gravatar.com\/avatar\/d5ed2db9923a3ad3c0a47f6b3aec7abcb43924b9322251ade16472fc06f7bb5b?s=96&d=mm&r=g","url":"https:\/\/secure.gravatar.com\/avatar\/d5ed2db9923a3ad3c0a47f6b3aec7abcb43924b9322251ade16472fc06f7bb5b?s=96&d=mm&r=g","contentUrl":"https:\/\/secure.gravatar.com\/avatar\/d5ed2db9923a3ad3c0a47f6b3aec7abcb43924b9322251ade16472fc06f7bb5b?s=96&d=mm&r=g","caption":"admin"},"sameAs":["https:\/\/elestataldemexico.com"],"url":"https:\/\/elestataldemexico.com\/index.php\/author\/info_qk62m3p3\/"}]}},"_links":{"self":[{"href":"https:\/\/elestataldemexico.com\/index.php\/wp-json\/wp\/v2\/posts\/21699","targetHints":{"allow":["GET"]}}],"collection":[{"href":"https:\/\/elestataldemexico.com\/index.php\/wp-json\/wp\/v2\/posts"}],"about":[{"href":"https:\/\/elestataldemexico.com\/index.php\/wp-json\/wp\/v2\/types\/post"}],"author":[{"embeddable":true,"href":"https:\/\/elestataldemexico.com\/index.php\/wp-json\/wp\/v2\/users\/1"}],"replies":[{"embeddable":true,"href":"https:\/\/elestataldemexico.com\/index.php\/wp-json\/wp\/v2\/comments?post=21699"}],"version-history":[{"count":0,"href":"https:\/\/elestataldemexico.com\/index.php\/wp-json\/wp\/v2\/posts\/21699\/revisions"}],"wp:featuredmedia":[{"embeddable":true,"href":"https:\/\/elestataldemexico.com\/index.php\/wp-json\/wp\/v2\/media\/21701"}],"wp:attachment":[{"href":"https:\/\/elestataldemexico.com\/index.php\/wp-json\/wp\/v2\/media?parent=21699"}],"wp:term":[{"taxonomy":"category","embeddable":true,"href":"https:\/\/elestataldemexico.com\/index.php\/wp-json\/wp\/v2\/categories?post=21699"},{"taxonomy":"post_tag","embeddable":true,"href":"https:\/\/elestataldemexico.com\/index.php\/wp-json\/wp\/v2\/tags?post=21699"}],"curies":[{"name":"wp","href":"https:\/\/api.w.org\/{rel}","templated":true}]}}