{"id":21666,"date":"2024-04-19T12:54:59","date_gmt":"2024-04-19T17:54:59","guid":{"rendered":"https:\/\/podernacional.com\/?p=21666"},"modified":"2024-04-19T12:54:59","modified_gmt":"2024-04-19T17:54:59","slug":"megan-fox-comparte-una-foto-sin-maquillaje-y-usuarios-aseguran-que-luce-irreconocible","status":"publish","type":"post","link":"https:\/\/elestataldemexico.com\/index.php\/2024\/04\/19\/megan-fox-comparte-una-foto-sin-maquillaje-y-usuarios-aseguran-que-luce-irreconocible\/","title":{"rendered":"Megan Fox comparte una FOTO sin maquillaje y usuarios aseguran que luce irreconocible"},"content":{"rendered":"<p>Megan Fox es una de las famosas que se ha convertido en un verdadero sex symbol, pues desde hace a\u00f1os, miles de personas quedaron hipnotizados por su belleza, especialmente en \u00abDiab\u00f3lica Tentaci\u00f3n\u00bb que se estren\u00f3 en 2009 y hace unas horas, comparti\u00f3 una foto que dej\u00f3 sin palabras a sus seguidores.<\/p>\n<p>Hay que recordar que entre 2004 y 2009, Megan Fox se gan\u00f3 un lugar dentro de los amantes del cine de ficci\u00f3n, no s\u00f3lo por su actuaci\u00f3n, sino tambi\u00e9n por su notable belleza y f\u00edsico, el cual no ha cambiado con el paso del tiempo.<\/p>\n<p>Y es que la modelo tiene actualmente 37 a\u00f1os y parece que el tiempo le ha sentado bastante bien, pues recientemente comparti\u00f3 una selfie frente al espejo luciendo bastante natural.<\/p>\n<p>Megan Fox se dej\u00f3 ver sin una gota de maquillaje, \u00fanicamente con su larga cabellera azul, usando un brasier y el pantal\u00f3n de lo que parece ser su pijama.<\/p>\n<p>Esto dej\u00f3 ver que la belleza de Megan Fox perdura con o sin maquillaje, luce perfecta incluso usando su pijama, por lo cual, algunos usuarios refirieron que se ve irreconocible, mientras que otros no dudaron en dejarle comentarios como:<\/p>\n<p>\u00abMe encanta esta foto. Es tan real. \u00a1Necesitamos m\u00e1s de esto!\u00bb<br \/>\n\u00abEres bonita incluso sin maquillaje\u00bb<br \/>\n\u00abEres hermosa, y pareces una mujer de verdad. Gracias por publicar esto\u00bb<br \/>\n\u00abMegan no puede hacer nada sin que la gente la destroce. Haz lo tuyo, chica eres jodidamente fabulosa\u00bb<br \/>\n\u00abMe encantan mucho tus fotos naturales\u00bb<br \/>\n\u00abGente fingiendo verse igual con y sin maquillaje. S\u00ed, es ella. Det\u00e9n tu negatividad, ella es impresionante, sin maquillaje tambi\u00e9n sup\u00e9ralo\u00bb<br \/>\n\u00abNo entiendo por qu\u00e9 la gente es tan grosera con ella? Ella es bien hablada, fiel a s\u00ed misma y totalmente impresionante. Los celos son un rasgo feo para todos ustedes\u00bb<\/p>\n","protected":false},"excerpt":{"rendered":"<p>Megan Fox es una de las famosas que se ha convertido en un verdadero sex symbol, pues desde<\/p>\n","protected":false},"author":1,"featured_media":21668,"comment_status":"open","ping_status":"closed","sticky":false,"template":"","format":"standard","meta":{"footnotes":""},"categories":[11],"tags":[],"class_list":["post-21666","post","type-post","status-publish","format-standard","has-post-thumbnail","hentry","category-espectaculos"],"yoast_head":"<!-- This site is optimized with the Yoast SEO plugin v27.4 - https:\/\/yoast.com\/product\/yoast-seo-wordpress\/ -->\n<title>Megan Fox comparte una FOTO sin maquillaje y usuarios aseguran que luce irreconocible - El Estatal de M\u00e9xico<\/title>\n<meta name=\"robots\" content=\"index, follow, max-snippet:-1, max-image-preview:large, max-video-preview:-1\" \/>\n<link rel=\"canonical\" href=\"https:\/\/elestataldemexico.com\/index.php\/2024\/04\/19\/megan-fox-comparte-una-foto-sin-maquillaje-y-usuarios-aseguran-que-luce-irreconocible\/\" \/>\n<meta property=\"og:locale\" content=\"es_ES\" \/>\n<meta property=\"og:type\" content=\"article\" \/>\n<meta property=\"og:title\" content=\"Megan Fox comparte una FOTO sin maquillaje y usuarios aseguran que luce irreconocible - El Estatal de M\u00e9xico\" \/>\n<meta property=\"og:description\" content=\"Megan Fox es una de las famosas que se ha convertido en un verdadero sex symbol, pues desde\" \/>\n<meta property=\"og:url\" content=\"https:\/\/elestataldemexico.com\/index.php\/2024\/04\/19\/megan-fox-comparte-una-foto-sin-maquillaje-y-usuarios-aseguran-que-luce-irreconocible\/\" \/>\n<meta property=\"og:site_name\" content=\"El Estatal de M\u00e9xico\" \/>\n<meta property=\"article:published_time\" content=\"2024-04-19T17:54:59+00:00\" \/>\n<meta property=\"og:image\" content=\"https:\/\/elestataldemexico.com\/wp-content\/uploads\/2024\/04\/Nota2Megan.jpg\" \/>\n\t<meta property=\"og:image:width\" content=\"664\" \/>\n\t<meta property=\"og:image:height\" content=\"498\" \/>\n\t<meta property=\"og:image:type\" content=\"image\/jpeg\" \/>\n<meta name=\"author\" content=\"admin\" \/>\n<meta name=\"twitter:card\" content=\"summary_large_image\" \/>\n<meta name=\"twitter:label1\" content=\"Escrito por\" \/>\n\t<meta name=\"twitter:data1\" content=\"admin\" \/>\n\t<meta name=\"twitter:label2\" content=\"Tiempo de lectura\" \/>\n\t<meta name=\"twitter:data2\" content=\"2 minutos\" \/>\n<script type=\"application\/ld+json\" class=\"yoast-schema-graph\">{\"@context\":\"https:\\\/\\\/schema.org\",\"@graph\":[{\"@type\":\"Article\",\"@id\":\"https:\\\/\\\/elestataldemexico.com\\\/index.php\\\/2024\\\/04\\\/19\\\/megan-fox-comparte-una-foto-sin-maquillaje-y-usuarios-aseguran-que-luce-irreconocible\\\/#article\",\"isPartOf\":{\"@id\":\"https:\\\/\\\/elestataldemexico.com\\\/index.php\\\/2024\\\/04\\\/19\\\/megan-fox-comparte-una-foto-sin-maquillaje-y-usuarios-aseguran-que-luce-irreconocible\\\/\"},\"author\":{\"name\":\"admin\",\"@id\":\"https:\\\/\\\/elestataldemexico.com\\\/#\\\/schema\\\/person\\\/6c7813c13d2c1571771f592f0fe866bb\"},\"headline\":\"Megan Fox comparte una FOTO sin maquillaje y usuarios aseguran que luce irreconocible\",\"datePublished\":\"2024-04-19T17:54:59+00:00\",\"mainEntityOfPage\":{\"@id\":\"https:\\\/\\\/elestataldemexico.com\\\/index.php\\\/2024\\\/04\\\/19\\\/megan-fox-comparte-una-foto-sin-maquillaje-y-usuarios-aseguran-que-luce-irreconocible\\\/\"},\"wordCount\":321,\"commentCount\":0,\"publisher\":{\"@id\":\"https:\\\/\\\/elestataldemexico.com\\\/#organization\"},\"image\":{\"@id\":\"https:\\\/\\\/elestataldemexico.com\\\/index.php\\\/2024\\\/04\\\/19\\\/megan-fox-comparte-una-foto-sin-maquillaje-y-usuarios-aseguran-que-luce-irreconocible\\\/#primaryimage\"},\"thumbnailUrl\":\"https:\\\/\\\/elestataldemexico.com\\\/wp-content\\\/uploads\\\/2024\\\/04\\\/Nota2Megan.jpg\",\"articleSection\":[\"Espectaculos\"],\"inLanguage\":\"es\",\"potentialAction\":[{\"@type\":\"CommentAction\",\"name\":\"Comment\",\"target\":[\"https:\\\/\\\/elestataldemexico.com\\\/index.php\\\/2024\\\/04\\\/19\\\/megan-fox-comparte-una-foto-sin-maquillaje-y-usuarios-aseguran-que-luce-irreconocible\\\/#respond\"]}]},{\"@type\":\"WebPage\",\"@id\":\"https:\\\/\\\/elestataldemexico.com\\\/index.php\\\/2024\\\/04\\\/19\\\/megan-fox-comparte-una-foto-sin-maquillaje-y-usuarios-aseguran-que-luce-irreconocible\\\/\",\"url\":\"https:\\\/\\\/elestataldemexico.com\\\/index.php\\\/2024\\\/04\\\/19\\\/megan-fox-comparte-una-foto-sin-maquillaje-y-usuarios-aseguran-que-luce-irreconocible\\\/\",\"name\":\"Megan Fox comparte una FOTO sin maquillaje y usuarios aseguran que luce irreconocible - El Estatal de M\u00e9xico\",\"isPartOf\":{\"@id\":\"https:\\\/\\\/elestataldemexico.com\\\/#website\"},\"primaryImageOfPage\":{\"@id\":\"https:\\\/\\\/elestataldemexico.com\\\/index.php\\\/2024\\\/04\\\/19\\\/megan-fox-comparte-una-foto-sin-maquillaje-y-usuarios-aseguran-que-luce-irreconocible\\\/#primaryimage\"},\"image\":{\"@id\":\"https:\\\/\\\/elestataldemexico.com\\\/index.php\\\/2024\\\/04\\\/19\\\/megan-fox-comparte-una-foto-sin-maquillaje-y-usuarios-aseguran-que-luce-irreconocible\\\/#primaryimage\"},\"thumbnailUrl\":\"https:\\\/\\\/elestataldemexico.com\\\/wp-content\\\/uploads\\\/2024\\\/04\\\/Nota2Megan.jpg\",\"datePublished\":\"2024-04-19T17:54:59+00:00\",\"breadcrumb\":{\"@id\":\"https:\\\/\\\/elestataldemexico.com\\\/index.php\\\/2024\\\/04\\\/19\\\/megan-fox-comparte-una-foto-sin-maquillaje-y-usuarios-aseguran-que-luce-irreconocible\\\/#breadcrumb\"},\"inLanguage\":\"es\",\"potentialAction\":[{\"@type\":\"ReadAction\",\"target\":[\"https:\\\/\\\/elestataldemexico.com\\\/index.php\\\/2024\\\/04\\\/19\\\/megan-fox-comparte-una-foto-sin-maquillaje-y-usuarios-aseguran-que-luce-irreconocible\\\/\"]}]},{\"@type\":\"ImageObject\",\"inLanguage\":\"es\",\"@id\":\"https:\\\/\\\/elestataldemexico.com\\\/index.php\\\/2024\\\/04\\\/19\\\/megan-fox-comparte-una-foto-sin-maquillaje-y-usuarios-aseguran-que-luce-irreconocible\\\/#primaryimage\",\"url\":\"https:\\\/\\\/elestataldemexico.com\\\/wp-content\\\/uploads\\\/2024\\\/04\\\/Nota2Megan.jpg\",\"contentUrl\":\"https:\\\/\\\/elestataldemexico.com\\\/wp-content\\\/uploads\\\/2024\\\/04\\\/Nota2Megan.jpg\",\"width\":664,\"height\":498},{\"@type\":\"BreadcrumbList\",\"@id\":\"https:\\\/\\\/elestataldemexico.com\\\/index.php\\\/2024\\\/04\\\/19\\\/megan-fox-comparte-una-foto-sin-maquillaje-y-usuarios-aseguran-que-luce-irreconocible\\\/#breadcrumb\",\"itemListElement\":[{\"@type\":\"ListItem\",\"position\":1,\"name\":\"Portada\",\"item\":\"https:\\\/\\\/elestataldemexico.com\\\/\"},{\"@type\":\"ListItem\",\"position\":2,\"name\":\"Megan Fox comparte una FOTO sin maquillaje y usuarios aseguran que luce irreconocible\"}]},{\"@type\":\"WebSite\",\"@id\":\"https:\\\/\\\/elestataldemexico.com\\\/#website\",\"url\":\"https:\\\/\\\/elestataldemexico.com\\\/\",\"name\":\"El Estatal de M\u00e9xico\",\"description\":\"\",\"publisher\":{\"@id\":\"https:\\\/\\\/elestataldemexico.com\\\/#organization\"},\"potentialAction\":[{\"@type\":\"SearchAction\",\"target\":{\"@type\":\"EntryPoint\",\"urlTemplate\":\"https:\\\/\\\/elestataldemexico.com\\\/?s={search_term_string}\"},\"query-input\":{\"@type\":\"PropertyValueSpecification\",\"valueRequired\":true,\"valueName\":\"search_term_string\"}}],\"inLanguage\":\"es\"},{\"@type\":\"Organization\",\"@id\":\"https:\\\/\\\/elestataldemexico.com\\\/#organization\",\"name\":\"El Estatal de M\u00e9xico\",\"url\":\"https:\\\/\\\/elestataldemexico.com\\\/\",\"logo\":{\"@type\":\"ImageObject\",\"inLanguage\":\"es\",\"@id\":\"https:\\\/\\\/elestataldemexico.com\\\/#\\\/schema\\\/logo\\\/image\\\/\",\"url\":\"https:\\\/\\\/elestataldemexico.com\\\/wp-content\\\/uploads\\\/2025\\\/05\\\/cropped-elestatal.png\",\"contentUrl\":\"https:\\\/\\\/elestataldemexico.com\\\/wp-content\\\/uploads\\\/2025\\\/05\\\/cropped-elestatal.png\",\"width\":504,\"height\":97,\"caption\":\"El Estatal de M\u00e9xico\"},\"image\":{\"@id\":\"https:\\\/\\\/elestataldemexico.com\\\/#\\\/schema\\\/logo\\\/image\\\/\"}},{\"@type\":\"Person\",\"@id\":\"https:\\\/\\\/elestataldemexico.com\\\/#\\\/schema\\\/person\\\/6c7813c13d2c1571771f592f0fe866bb\",\"name\":\"admin\",\"image\":{\"@type\":\"ImageObject\",\"inLanguage\":\"es\",\"@id\":\"https:\\\/\\\/secure.gravatar.com\\\/avatar\\\/d5ed2db9923a3ad3c0a47f6b3aec7abcb43924b9322251ade16472fc06f7bb5b?s=96&d=mm&r=g\",\"url\":\"https:\\\/\\\/secure.gravatar.com\\\/avatar\\\/d5ed2db9923a3ad3c0a47f6b3aec7abcb43924b9322251ade16472fc06f7bb5b?s=96&d=mm&r=g\",\"contentUrl\":\"https:\\\/\\\/secure.gravatar.com\\\/avatar\\\/d5ed2db9923a3ad3c0a47f6b3aec7abcb43924b9322251ade16472fc06f7bb5b?s=96&d=mm&r=g\",\"caption\":\"admin\"},\"sameAs\":[\"https:\\\/\\\/elestataldemexico.com\"],\"url\":\"https:\\\/\\\/elestataldemexico.com\\\/index.php\\\/author\\\/info_qk62m3p3\\\/\"}]}<\/script>\n<!-- \/ Yoast SEO plugin. -->","yoast_head_json":{"title":"Megan Fox comparte una FOTO sin maquillaje y usuarios aseguran que luce irreconocible - El Estatal de M\u00e9xico","robots":{"index":"index","follow":"follow","max-snippet":"max-snippet:-1","max-image-preview":"max-image-preview:large","max-video-preview":"max-video-preview:-1"},"canonical":"https:\/\/elestataldemexico.com\/index.php\/2024\/04\/19\/megan-fox-comparte-una-foto-sin-maquillaje-y-usuarios-aseguran-que-luce-irreconocible\/","og_locale":"es_ES","og_type":"article","og_title":"Megan Fox comparte una FOTO sin maquillaje y usuarios aseguran que luce irreconocible - El Estatal de M\u00e9xico","og_description":"Megan Fox es una de las famosas que se ha convertido en un verdadero sex symbol, pues desde","og_url":"https:\/\/elestataldemexico.com\/index.php\/2024\/04\/19\/megan-fox-comparte-una-foto-sin-maquillaje-y-usuarios-aseguran-que-luce-irreconocible\/","og_site_name":"El Estatal de M\u00e9xico","article_published_time":"2024-04-19T17:54:59+00:00","og_image":[{"width":664,"height":498,"url":"https:\/\/elestataldemexico.com\/wp-content\/uploads\/2024\/04\/Nota2Megan.jpg","type":"image\/jpeg"}],"author":"admin","twitter_card":"summary_large_image","twitter_misc":{"Escrito por":"admin","Tiempo de lectura":"2 minutos"},"schema":{"@context":"https:\/\/schema.org","@graph":[{"@type":"Article","@id":"https:\/\/elestataldemexico.com\/index.php\/2024\/04\/19\/megan-fox-comparte-una-foto-sin-maquillaje-y-usuarios-aseguran-que-luce-irreconocible\/#article","isPartOf":{"@id":"https:\/\/elestataldemexico.com\/index.php\/2024\/04\/19\/megan-fox-comparte-una-foto-sin-maquillaje-y-usuarios-aseguran-que-luce-irreconocible\/"},"author":{"name":"admin","@id":"https:\/\/elestataldemexico.com\/#\/schema\/person\/6c7813c13d2c1571771f592f0fe866bb"},"headline":"Megan Fox comparte una FOTO sin maquillaje y usuarios aseguran que luce irreconocible","datePublished":"2024-04-19T17:54:59+00:00","mainEntityOfPage":{"@id":"https:\/\/elestataldemexico.com\/index.php\/2024\/04\/19\/megan-fox-comparte-una-foto-sin-maquillaje-y-usuarios-aseguran-que-luce-irreconocible\/"},"wordCount":321,"commentCount":0,"publisher":{"@id":"https:\/\/elestataldemexico.com\/#organization"},"image":{"@id":"https:\/\/elestataldemexico.com\/index.php\/2024\/04\/19\/megan-fox-comparte-una-foto-sin-maquillaje-y-usuarios-aseguran-que-luce-irreconocible\/#primaryimage"},"thumbnailUrl":"https:\/\/elestataldemexico.com\/wp-content\/uploads\/2024\/04\/Nota2Megan.jpg","articleSection":["Espectaculos"],"inLanguage":"es","potentialAction":[{"@type":"CommentAction","name":"Comment","target":["https:\/\/elestataldemexico.com\/index.php\/2024\/04\/19\/megan-fox-comparte-una-foto-sin-maquillaje-y-usuarios-aseguran-que-luce-irreconocible\/#respond"]}]},{"@type":"WebPage","@id":"https:\/\/elestataldemexico.com\/index.php\/2024\/04\/19\/megan-fox-comparte-una-foto-sin-maquillaje-y-usuarios-aseguran-que-luce-irreconocible\/","url":"https:\/\/elestataldemexico.com\/index.php\/2024\/04\/19\/megan-fox-comparte-una-foto-sin-maquillaje-y-usuarios-aseguran-que-luce-irreconocible\/","name":"Megan Fox comparte una FOTO sin maquillaje y usuarios aseguran que luce irreconocible - El Estatal de M\u00e9xico","isPartOf":{"@id":"https:\/\/elestataldemexico.com\/#website"},"primaryImageOfPage":{"@id":"https:\/\/elestataldemexico.com\/index.php\/2024\/04\/19\/megan-fox-comparte-una-foto-sin-maquillaje-y-usuarios-aseguran-que-luce-irreconocible\/#primaryimage"},"image":{"@id":"https:\/\/elestataldemexico.com\/index.php\/2024\/04\/19\/megan-fox-comparte-una-foto-sin-maquillaje-y-usuarios-aseguran-que-luce-irreconocible\/#primaryimage"},"thumbnailUrl":"https:\/\/elestataldemexico.com\/wp-content\/uploads\/2024\/04\/Nota2Megan.jpg","datePublished":"2024-04-19T17:54:59+00:00","breadcrumb":{"@id":"https:\/\/elestataldemexico.com\/index.php\/2024\/04\/19\/megan-fox-comparte-una-foto-sin-maquillaje-y-usuarios-aseguran-que-luce-irreconocible\/#breadcrumb"},"inLanguage":"es","potentialAction":[{"@type":"ReadAction","target":["https:\/\/elestataldemexico.com\/index.php\/2024\/04\/19\/megan-fox-comparte-una-foto-sin-maquillaje-y-usuarios-aseguran-que-luce-irreconocible\/"]}]},{"@type":"ImageObject","inLanguage":"es","@id":"https:\/\/elestataldemexico.com\/index.php\/2024\/04\/19\/megan-fox-comparte-una-foto-sin-maquillaje-y-usuarios-aseguran-que-luce-irreconocible\/#primaryimage","url":"https:\/\/elestataldemexico.com\/wp-content\/uploads\/2024\/04\/Nota2Megan.jpg","contentUrl":"https:\/\/elestataldemexico.com\/wp-content\/uploads\/2024\/04\/Nota2Megan.jpg","width":664,"height":498},{"@type":"BreadcrumbList","@id":"https:\/\/elestataldemexico.com\/index.php\/2024\/04\/19\/megan-fox-comparte-una-foto-sin-maquillaje-y-usuarios-aseguran-que-luce-irreconocible\/#breadcrumb","itemListElement":[{"@type":"ListItem","position":1,"name":"Portada","item":"https:\/\/elestataldemexico.com\/"},{"@type":"ListItem","position":2,"name":"Megan Fox comparte una FOTO sin maquillaje y usuarios aseguran que luce irreconocible"}]},{"@type":"WebSite","@id":"https:\/\/elestataldemexico.com\/#website","url":"https:\/\/elestataldemexico.com\/","name":"El Estatal de M\u00e9xico","description":"","publisher":{"@id":"https:\/\/elestataldemexico.com\/#organization"},"potentialAction":[{"@type":"SearchAction","target":{"@type":"EntryPoint","urlTemplate":"https:\/\/elestataldemexico.com\/?s={search_term_string}"},"query-input":{"@type":"PropertyValueSpecification","valueRequired":true,"valueName":"search_term_string"}}],"inLanguage":"es"},{"@type":"Organization","@id":"https:\/\/elestataldemexico.com\/#organization","name":"El Estatal de M\u00e9xico","url":"https:\/\/elestataldemexico.com\/","logo":{"@type":"ImageObject","inLanguage":"es","@id":"https:\/\/elestataldemexico.com\/#\/schema\/logo\/image\/","url":"https:\/\/elestataldemexico.com\/wp-content\/uploads\/2025\/05\/cropped-elestatal.png","contentUrl":"https:\/\/elestataldemexico.com\/wp-content\/uploads\/2025\/05\/cropped-elestatal.png","width":504,"height":97,"caption":"El Estatal de M\u00e9xico"},"image":{"@id":"https:\/\/elestataldemexico.com\/#\/schema\/logo\/image\/"}},{"@type":"Person","@id":"https:\/\/elestataldemexico.com\/#\/schema\/person\/6c7813c13d2c1571771f592f0fe866bb","name":"admin","image":{"@type":"ImageObject","inLanguage":"es","@id":"https:\/\/secure.gravatar.com\/avatar\/d5ed2db9923a3ad3c0a47f6b3aec7abcb43924b9322251ade16472fc06f7bb5b?s=96&d=mm&r=g","url":"https:\/\/secure.gravatar.com\/avatar\/d5ed2db9923a3ad3c0a47f6b3aec7abcb43924b9322251ade16472fc06f7bb5b?s=96&d=mm&r=g","contentUrl":"https:\/\/secure.gravatar.com\/avatar\/d5ed2db9923a3ad3c0a47f6b3aec7abcb43924b9322251ade16472fc06f7bb5b?s=96&d=mm&r=g","caption":"admin"},"sameAs":["https:\/\/elestataldemexico.com"],"url":"https:\/\/elestataldemexico.com\/index.php\/author\/info_qk62m3p3\/"}]}},"_links":{"self":[{"href":"https:\/\/elestataldemexico.com\/index.php\/wp-json\/wp\/v2\/posts\/21666","targetHints":{"allow":["GET"]}}],"collection":[{"href":"https:\/\/elestataldemexico.com\/index.php\/wp-json\/wp\/v2\/posts"}],"about":[{"href":"https:\/\/elestataldemexico.com\/index.php\/wp-json\/wp\/v2\/types\/post"}],"author":[{"embeddable":true,"href":"https:\/\/elestataldemexico.com\/index.php\/wp-json\/wp\/v2\/users\/1"}],"replies":[{"embeddable":true,"href":"https:\/\/elestataldemexico.com\/index.php\/wp-json\/wp\/v2\/comments?post=21666"}],"version-history":[{"count":0,"href":"https:\/\/elestataldemexico.com\/index.php\/wp-json\/wp\/v2\/posts\/21666\/revisions"}],"wp:featuredmedia":[{"embeddable":true,"href":"https:\/\/elestataldemexico.com\/index.php\/wp-json\/wp\/v2\/media\/21668"}],"wp:attachment":[{"href":"https:\/\/elestataldemexico.com\/index.php\/wp-json\/wp\/v2\/media?parent=21666"}],"wp:term":[{"taxonomy":"category","embeddable":true,"href":"https:\/\/elestataldemexico.com\/index.php\/wp-json\/wp\/v2\/categories?post=21666"},{"taxonomy":"post_tag","embeddable":true,"href":"https:\/\/elestataldemexico.com\/index.php\/wp-json\/wp\/v2\/tags?post=21666"}],"curies":[{"name":"wp","href":"https:\/\/api.w.org\/{rel}","templated":true}]}}