{"id":21654,"date":"2024-04-18T10:37:43","date_gmt":"2024-04-18T15:37:43","guid":{"rendered":"https:\/\/podernacional.com\/?p=21654"},"modified":"2024-04-18T10:37:43","modified_gmt":"2024-04-18T15:37:43","slug":"zacatecas-establece-acuerdos-en-materia-economica-con-espana","status":"publish","type":"post","link":"https:\/\/elestataldemexico.com\/index.php\/2024\/04\/18\/zacatecas-establece-acuerdos-en-materia-economica-con-espana\/","title":{"rendered":"Zacatecas establece acuerdos en materia econ\u00f3mica con Espa\u00f1a"},"content":{"rendered":"<p>Con el prop\u00f3sito de estrechar las relaciones bilaterales entre Zacatecas y Espa\u00f1a, el gobernador del estado, David Monreal \u00c1vila, y el embajador de Espa\u00f1a en M\u00e9xico, Juan Duarte Cuadrado, sostuvieron una reuni\u00f3n en la cual abordaron acciones de colaboraci\u00f3n en materia de seguridad, medio ambiente, educaci\u00f3n, turismo e inversiones.<\/p>\n<p>El gobernador recibi\u00f3 en el Palacio de Gobierno al diplom\u00e1tico y a otros funcionarios de la embajada espa\u00f1ola, a quienes les habl\u00f3 sobre las oportunidades que el estado ofrece en cuanto a cultura, educaci\u00f3n, turismo y miner\u00eda para la atracci\u00f3n de nuevas inversiones; esto como resultado del trabajo emprendido desde 2021 y que se consolida durante el 2024.<\/p>\n<p>En respuesta, el embajador espa\u00f1ol reconoci\u00f3 a Zacatecas como una ciudad bella y segura, adem\u00e1s expres\u00f3 su deseo de acompa\u00f1ar al gobernador en su estrategia de consolidar la paz en este estado, motivo por el cual dedicaron parte importante de la reuni\u00f3n al tema de seguridad.<\/p>\n<p>Hay que venir a experimentar la belleza de esta ciudad, no hay que dejarse llevar por lo que cuentan\u201d, dijo el diplom\u00e1tico al ofrecer al gobernador su compromiso de hablar bien de Zacatecas e invitar a sus connacionales a visitar la entidad.<\/p>\n<p>Al ser Espa\u00f1a el segundo pa\u00eds que m\u00e1s invierte en M\u00e9xico, con 80,000 millones de d\u00f3lares acumulados en inversi\u00f3n, los acuerdos en materia econ\u00f3mica fueron fruct\u00edferos, pues pactaron propiciar pr\u00f3ximos encuentros entre funcionarios y empresarios estatales con inversionistas espa\u00f1oles para posibles nuevas inversiones en la entidad.<\/p>\n<p>As\u00ed mismo, el gobernador y el Embajador dialogaron respecto a la producci\u00f3n minera, una de las principales actividades econ\u00f3micas de Zacatecas al ocupar los primeros lugares en producci\u00f3n de oro y plata, seg\u00fan informaci\u00f3n local.<\/p>\n<p>Para finalizar, el embajador Juan Duarte invit\u00f3 a Zacatecas a participar en la Feria Internacional de Turismo que se realiza en Madrid, como parte del fortalecimiento tur\u00edstico de ambos lugares.<\/p>\n","protected":false},"excerpt":{"rendered":"<p>Con el prop\u00f3sito de estrechar las relaciones bilaterales entre Zacatecas y Espa\u00f1a, el gobernador del estado, David Monreal<\/p>\n","protected":false},"author":1,"featured_media":21656,"comment_status":"open","ping_status":"closed","sticky":false,"template":"","format":"standard","meta":{"footnotes":""},"categories":[7],"tags":[],"class_list":["post-21654","post","type-post","status-publish","format-standard","has-post-thumbnail","hentry","category-nacional"],"yoast_head":"<!-- This site is optimized with the Yoast SEO plugin v27.4 - https:\/\/yoast.com\/product\/yoast-seo-wordpress\/ -->\n<title>Zacatecas establece acuerdos en materia econ\u00f3mica con Espa\u00f1a - El Estatal de M\u00e9xico<\/title>\n<meta name=\"robots\" content=\"index, follow, max-snippet:-1, max-image-preview:large, max-video-preview:-1\" \/>\n<link rel=\"canonical\" href=\"https:\/\/elestataldemexico.com\/index.php\/2024\/04\/18\/zacatecas-establece-acuerdos-en-materia-economica-con-espana\/\" \/>\n<meta property=\"og:locale\" content=\"es_ES\" \/>\n<meta property=\"og:type\" content=\"article\" \/>\n<meta property=\"og:title\" content=\"Zacatecas establece acuerdos en materia econ\u00f3mica con Espa\u00f1a - El Estatal de M\u00e9xico\" \/>\n<meta property=\"og:description\" content=\"Con el prop\u00f3sito de estrechar las relaciones bilaterales entre Zacatecas y Espa\u00f1a, el gobernador del estado, David Monreal\" \/>\n<meta property=\"og:url\" content=\"https:\/\/elestataldemexico.com\/index.php\/2024\/04\/18\/zacatecas-establece-acuerdos-en-materia-economica-con-espana\/\" \/>\n<meta property=\"og:site_name\" content=\"El Estatal de M\u00e9xico\" \/>\n<meta property=\"article:published_time\" content=\"2024-04-18T15:37:43+00:00\" \/>\n<meta property=\"og:image\" content=\"https:\/\/elestataldemexico.com\/wp-content\/uploads\/2024\/04\/WhatsApp-Image-2024-04-18-at-10.35.50.jpeg\" \/>\n\t<meta property=\"og:image:width\" content=\"1200\" \/>\n\t<meta property=\"og:image:height\" content=\"675\" \/>\n\t<meta property=\"og:image:type\" content=\"image\/jpeg\" \/>\n<meta name=\"author\" content=\"admin\" \/>\n<meta name=\"twitter:card\" content=\"summary_large_image\" \/>\n<meta name=\"twitter:label1\" content=\"Escrito por\" \/>\n\t<meta name=\"twitter:data1\" content=\"admin\" \/>\n\t<meta name=\"twitter:label2\" content=\"Tiempo de lectura\" \/>\n\t<meta name=\"twitter:data2\" content=\"2 minutos\" \/>\n<script type=\"application\/ld+json\" class=\"yoast-schema-graph\">{\"@context\":\"https:\\\/\\\/schema.org\",\"@graph\":[{\"@type\":\"Article\",\"@id\":\"https:\\\/\\\/elestataldemexico.com\\\/index.php\\\/2024\\\/04\\\/18\\\/zacatecas-establece-acuerdos-en-materia-economica-con-espana\\\/#article\",\"isPartOf\":{\"@id\":\"https:\\\/\\\/elestataldemexico.com\\\/index.php\\\/2024\\\/04\\\/18\\\/zacatecas-establece-acuerdos-en-materia-economica-con-espana\\\/\"},\"author\":{\"name\":\"admin\",\"@id\":\"https:\\\/\\\/elestataldemexico.com\\\/#\\\/schema\\\/person\\\/6c7813c13d2c1571771f592f0fe866bb\"},\"headline\":\"Zacatecas establece acuerdos en materia econ\u00f3mica con Espa\u00f1a\",\"datePublished\":\"2024-04-18T15:37:43+00:00\",\"mainEntityOfPage\":{\"@id\":\"https:\\\/\\\/elestataldemexico.com\\\/index.php\\\/2024\\\/04\\\/18\\\/zacatecas-establece-acuerdos-en-materia-economica-con-espana\\\/\"},\"wordCount\":346,\"commentCount\":0,\"publisher\":{\"@id\":\"https:\\\/\\\/elestataldemexico.com\\\/#organization\"},\"image\":{\"@id\":\"https:\\\/\\\/elestataldemexico.com\\\/index.php\\\/2024\\\/04\\\/18\\\/zacatecas-establece-acuerdos-en-materia-economica-con-espana\\\/#primaryimage\"},\"thumbnailUrl\":\"https:\\\/\\\/elestataldemexico.com\\\/wp-content\\\/uploads\\\/2024\\\/04\\\/WhatsApp-Image-2024-04-18-at-10.35.50.jpeg\",\"articleSection\":[\"Nacional\"],\"inLanguage\":\"es\",\"potentialAction\":[{\"@type\":\"CommentAction\",\"name\":\"Comment\",\"target\":[\"https:\\\/\\\/elestataldemexico.com\\\/index.php\\\/2024\\\/04\\\/18\\\/zacatecas-establece-acuerdos-en-materia-economica-con-espana\\\/#respond\"]}]},{\"@type\":\"WebPage\",\"@id\":\"https:\\\/\\\/elestataldemexico.com\\\/index.php\\\/2024\\\/04\\\/18\\\/zacatecas-establece-acuerdos-en-materia-economica-con-espana\\\/\",\"url\":\"https:\\\/\\\/elestataldemexico.com\\\/index.php\\\/2024\\\/04\\\/18\\\/zacatecas-establece-acuerdos-en-materia-economica-con-espana\\\/\",\"name\":\"Zacatecas establece acuerdos en materia econ\u00f3mica con Espa\u00f1a - El Estatal de M\u00e9xico\",\"isPartOf\":{\"@id\":\"https:\\\/\\\/elestataldemexico.com\\\/#website\"},\"primaryImageOfPage\":{\"@id\":\"https:\\\/\\\/elestataldemexico.com\\\/index.php\\\/2024\\\/04\\\/18\\\/zacatecas-establece-acuerdos-en-materia-economica-con-espana\\\/#primaryimage\"},\"image\":{\"@id\":\"https:\\\/\\\/elestataldemexico.com\\\/index.php\\\/2024\\\/04\\\/18\\\/zacatecas-establece-acuerdos-en-materia-economica-con-espana\\\/#primaryimage\"},\"thumbnailUrl\":\"https:\\\/\\\/elestataldemexico.com\\\/wp-content\\\/uploads\\\/2024\\\/04\\\/WhatsApp-Image-2024-04-18-at-10.35.50.jpeg\",\"datePublished\":\"2024-04-18T15:37:43+00:00\",\"breadcrumb\":{\"@id\":\"https:\\\/\\\/elestataldemexico.com\\\/index.php\\\/2024\\\/04\\\/18\\\/zacatecas-establece-acuerdos-en-materia-economica-con-espana\\\/#breadcrumb\"},\"inLanguage\":\"es\",\"potentialAction\":[{\"@type\":\"ReadAction\",\"target\":[\"https:\\\/\\\/elestataldemexico.com\\\/index.php\\\/2024\\\/04\\\/18\\\/zacatecas-establece-acuerdos-en-materia-economica-con-espana\\\/\"]}]},{\"@type\":\"ImageObject\",\"inLanguage\":\"es\",\"@id\":\"https:\\\/\\\/elestataldemexico.com\\\/index.php\\\/2024\\\/04\\\/18\\\/zacatecas-establece-acuerdos-en-materia-economica-con-espana\\\/#primaryimage\",\"url\":\"https:\\\/\\\/elestataldemexico.com\\\/wp-content\\\/uploads\\\/2024\\\/04\\\/WhatsApp-Image-2024-04-18-at-10.35.50.jpeg\",\"contentUrl\":\"https:\\\/\\\/elestataldemexico.com\\\/wp-content\\\/uploads\\\/2024\\\/04\\\/WhatsApp-Image-2024-04-18-at-10.35.50.jpeg\",\"width\":1200,\"height\":675},{\"@type\":\"BreadcrumbList\",\"@id\":\"https:\\\/\\\/elestataldemexico.com\\\/index.php\\\/2024\\\/04\\\/18\\\/zacatecas-establece-acuerdos-en-materia-economica-con-espana\\\/#breadcrumb\",\"itemListElement\":[{\"@type\":\"ListItem\",\"position\":1,\"name\":\"Portada\",\"item\":\"https:\\\/\\\/elestataldemexico.com\\\/\"},{\"@type\":\"ListItem\",\"position\":2,\"name\":\"Zacatecas establece acuerdos en materia econ\u00f3mica con Espa\u00f1a\"}]},{\"@type\":\"WebSite\",\"@id\":\"https:\\\/\\\/elestataldemexico.com\\\/#website\",\"url\":\"https:\\\/\\\/elestataldemexico.com\\\/\",\"name\":\"El Estatal de M\u00e9xico\",\"description\":\"\",\"publisher\":{\"@id\":\"https:\\\/\\\/elestataldemexico.com\\\/#organization\"},\"potentialAction\":[{\"@type\":\"SearchAction\",\"target\":{\"@type\":\"EntryPoint\",\"urlTemplate\":\"https:\\\/\\\/elestataldemexico.com\\\/?s={search_term_string}\"},\"query-input\":{\"@type\":\"PropertyValueSpecification\",\"valueRequired\":true,\"valueName\":\"search_term_string\"}}],\"inLanguage\":\"es\"},{\"@type\":\"Organization\",\"@id\":\"https:\\\/\\\/elestataldemexico.com\\\/#organization\",\"name\":\"El Estatal de M\u00e9xico\",\"url\":\"https:\\\/\\\/elestataldemexico.com\\\/\",\"logo\":{\"@type\":\"ImageObject\",\"inLanguage\":\"es\",\"@id\":\"https:\\\/\\\/elestataldemexico.com\\\/#\\\/schema\\\/logo\\\/image\\\/\",\"url\":\"https:\\\/\\\/elestataldemexico.com\\\/wp-content\\\/uploads\\\/2025\\\/05\\\/cropped-elestatal.png\",\"contentUrl\":\"https:\\\/\\\/elestataldemexico.com\\\/wp-content\\\/uploads\\\/2025\\\/05\\\/cropped-elestatal.png\",\"width\":504,\"height\":97,\"caption\":\"El Estatal de M\u00e9xico\"},\"image\":{\"@id\":\"https:\\\/\\\/elestataldemexico.com\\\/#\\\/schema\\\/logo\\\/image\\\/\"}},{\"@type\":\"Person\",\"@id\":\"https:\\\/\\\/elestataldemexico.com\\\/#\\\/schema\\\/person\\\/6c7813c13d2c1571771f592f0fe866bb\",\"name\":\"admin\",\"image\":{\"@type\":\"ImageObject\",\"inLanguage\":\"es\",\"@id\":\"https:\\\/\\\/secure.gravatar.com\\\/avatar\\\/d5ed2db9923a3ad3c0a47f6b3aec7abcb43924b9322251ade16472fc06f7bb5b?s=96&d=mm&r=g\",\"url\":\"https:\\\/\\\/secure.gravatar.com\\\/avatar\\\/d5ed2db9923a3ad3c0a47f6b3aec7abcb43924b9322251ade16472fc06f7bb5b?s=96&d=mm&r=g\",\"contentUrl\":\"https:\\\/\\\/secure.gravatar.com\\\/avatar\\\/d5ed2db9923a3ad3c0a47f6b3aec7abcb43924b9322251ade16472fc06f7bb5b?s=96&d=mm&r=g\",\"caption\":\"admin\"},\"sameAs\":[\"https:\\\/\\\/elestataldemexico.com\"],\"url\":\"https:\\\/\\\/elestataldemexico.com\\\/index.php\\\/author\\\/info_qk62m3p3\\\/\"}]}<\/script>\n<!-- \/ Yoast SEO plugin. -->","yoast_head_json":{"title":"Zacatecas establece acuerdos en materia econ\u00f3mica con Espa\u00f1a - El Estatal de M\u00e9xico","robots":{"index":"index","follow":"follow","max-snippet":"max-snippet:-1","max-image-preview":"max-image-preview:large","max-video-preview":"max-video-preview:-1"},"canonical":"https:\/\/elestataldemexico.com\/index.php\/2024\/04\/18\/zacatecas-establece-acuerdos-en-materia-economica-con-espana\/","og_locale":"es_ES","og_type":"article","og_title":"Zacatecas establece acuerdos en materia econ\u00f3mica con Espa\u00f1a - El Estatal de M\u00e9xico","og_description":"Con el prop\u00f3sito de estrechar las relaciones bilaterales entre Zacatecas y Espa\u00f1a, el gobernador del estado, David Monreal","og_url":"https:\/\/elestataldemexico.com\/index.php\/2024\/04\/18\/zacatecas-establece-acuerdos-en-materia-economica-con-espana\/","og_site_name":"El Estatal de M\u00e9xico","article_published_time":"2024-04-18T15:37:43+00:00","og_image":[{"width":1200,"height":675,"url":"https:\/\/elestataldemexico.com\/wp-content\/uploads\/2024\/04\/WhatsApp-Image-2024-04-18-at-10.35.50.jpeg","type":"image\/jpeg"}],"author":"admin","twitter_card":"summary_large_image","twitter_misc":{"Escrito por":"admin","Tiempo de lectura":"2 minutos"},"schema":{"@context":"https:\/\/schema.org","@graph":[{"@type":"Article","@id":"https:\/\/elestataldemexico.com\/index.php\/2024\/04\/18\/zacatecas-establece-acuerdos-en-materia-economica-con-espana\/#article","isPartOf":{"@id":"https:\/\/elestataldemexico.com\/index.php\/2024\/04\/18\/zacatecas-establece-acuerdos-en-materia-economica-con-espana\/"},"author":{"name":"admin","@id":"https:\/\/elestataldemexico.com\/#\/schema\/person\/6c7813c13d2c1571771f592f0fe866bb"},"headline":"Zacatecas establece acuerdos en materia econ\u00f3mica con Espa\u00f1a","datePublished":"2024-04-18T15:37:43+00:00","mainEntityOfPage":{"@id":"https:\/\/elestataldemexico.com\/index.php\/2024\/04\/18\/zacatecas-establece-acuerdos-en-materia-economica-con-espana\/"},"wordCount":346,"commentCount":0,"publisher":{"@id":"https:\/\/elestataldemexico.com\/#organization"},"image":{"@id":"https:\/\/elestataldemexico.com\/index.php\/2024\/04\/18\/zacatecas-establece-acuerdos-en-materia-economica-con-espana\/#primaryimage"},"thumbnailUrl":"https:\/\/elestataldemexico.com\/wp-content\/uploads\/2024\/04\/WhatsApp-Image-2024-04-18-at-10.35.50.jpeg","articleSection":["Nacional"],"inLanguage":"es","potentialAction":[{"@type":"CommentAction","name":"Comment","target":["https:\/\/elestataldemexico.com\/index.php\/2024\/04\/18\/zacatecas-establece-acuerdos-en-materia-economica-con-espana\/#respond"]}]},{"@type":"WebPage","@id":"https:\/\/elestataldemexico.com\/index.php\/2024\/04\/18\/zacatecas-establece-acuerdos-en-materia-economica-con-espana\/","url":"https:\/\/elestataldemexico.com\/index.php\/2024\/04\/18\/zacatecas-establece-acuerdos-en-materia-economica-con-espana\/","name":"Zacatecas establece acuerdos en materia econ\u00f3mica con Espa\u00f1a - El Estatal de M\u00e9xico","isPartOf":{"@id":"https:\/\/elestataldemexico.com\/#website"},"primaryImageOfPage":{"@id":"https:\/\/elestataldemexico.com\/index.php\/2024\/04\/18\/zacatecas-establece-acuerdos-en-materia-economica-con-espana\/#primaryimage"},"image":{"@id":"https:\/\/elestataldemexico.com\/index.php\/2024\/04\/18\/zacatecas-establece-acuerdos-en-materia-economica-con-espana\/#primaryimage"},"thumbnailUrl":"https:\/\/elestataldemexico.com\/wp-content\/uploads\/2024\/04\/WhatsApp-Image-2024-04-18-at-10.35.50.jpeg","datePublished":"2024-04-18T15:37:43+00:00","breadcrumb":{"@id":"https:\/\/elestataldemexico.com\/index.php\/2024\/04\/18\/zacatecas-establece-acuerdos-en-materia-economica-con-espana\/#breadcrumb"},"inLanguage":"es","potentialAction":[{"@type":"ReadAction","target":["https:\/\/elestataldemexico.com\/index.php\/2024\/04\/18\/zacatecas-establece-acuerdos-en-materia-economica-con-espana\/"]}]},{"@type":"ImageObject","inLanguage":"es","@id":"https:\/\/elestataldemexico.com\/index.php\/2024\/04\/18\/zacatecas-establece-acuerdos-en-materia-economica-con-espana\/#primaryimage","url":"https:\/\/elestataldemexico.com\/wp-content\/uploads\/2024\/04\/WhatsApp-Image-2024-04-18-at-10.35.50.jpeg","contentUrl":"https:\/\/elestataldemexico.com\/wp-content\/uploads\/2024\/04\/WhatsApp-Image-2024-04-18-at-10.35.50.jpeg","width":1200,"height":675},{"@type":"BreadcrumbList","@id":"https:\/\/elestataldemexico.com\/index.php\/2024\/04\/18\/zacatecas-establece-acuerdos-en-materia-economica-con-espana\/#breadcrumb","itemListElement":[{"@type":"ListItem","position":1,"name":"Portada","item":"https:\/\/elestataldemexico.com\/"},{"@type":"ListItem","position":2,"name":"Zacatecas establece acuerdos en materia econ\u00f3mica con Espa\u00f1a"}]},{"@type":"WebSite","@id":"https:\/\/elestataldemexico.com\/#website","url":"https:\/\/elestataldemexico.com\/","name":"El Estatal de M\u00e9xico","description":"","publisher":{"@id":"https:\/\/elestataldemexico.com\/#organization"},"potentialAction":[{"@type":"SearchAction","target":{"@type":"EntryPoint","urlTemplate":"https:\/\/elestataldemexico.com\/?s={search_term_string}"},"query-input":{"@type":"PropertyValueSpecification","valueRequired":true,"valueName":"search_term_string"}}],"inLanguage":"es"},{"@type":"Organization","@id":"https:\/\/elestataldemexico.com\/#organization","name":"El Estatal de M\u00e9xico","url":"https:\/\/elestataldemexico.com\/","logo":{"@type":"ImageObject","inLanguage":"es","@id":"https:\/\/elestataldemexico.com\/#\/schema\/logo\/image\/","url":"https:\/\/elestataldemexico.com\/wp-content\/uploads\/2025\/05\/cropped-elestatal.png","contentUrl":"https:\/\/elestataldemexico.com\/wp-content\/uploads\/2025\/05\/cropped-elestatal.png","width":504,"height":97,"caption":"El Estatal de M\u00e9xico"},"image":{"@id":"https:\/\/elestataldemexico.com\/#\/schema\/logo\/image\/"}},{"@type":"Person","@id":"https:\/\/elestataldemexico.com\/#\/schema\/person\/6c7813c13d2c1571771f592f0fe866bb","name":"admin","image":{"@type":"ImageObject","inLanguage":"es","@id":"https:\/\/secure.gravatar.com\/avatar\/d5ed2db9923a3ad3c0a47f6b3aec7abcb43924b9322251ade16472fc06f7bb5b?s=96&d=mm&r=g","url":"https:\/\/secure.gravatar.com\/avatar\/d5ed2db9923a3ad3c0a47f6b3aec7abcb43924b9322251ade16472fc06f7bb5b?s=96&d=mm&r=g","contentUrl":"https:\/\/secure.gravatar.com\/avatar\/d5ed2db9923a3ad3c0a47f6b3aec7abcb43924b9322251ade16472fc06f7bb5b?s=96&d=mm&r=g","caption":"admin"},"sameAs":["https:\/\/elestataldemexico.com"],"url":"https:\/\/elestataldemexico.com\/index.php\/author\/info_qk62m3p3\/"}]}},"_links":{"self":[{"href":"https:\/\/elestataldemexico.com\/index.php\/wp-json\/wp\/v2\/posts\/21654","targetHints":{"allow":["GET"]}}],"collection":[{"href":"https:\/\/elestataldemexico.com\/index.php\/wp-json\/wp\/v2\/posts"}],"about":[{"href":"https:\/\/elestataldemexico.com\/index.php\/wp-json\/wp\/v2\/types\/post"}],"author":[{"embeddable":true,"href":"https:\/\/elestataldemexico.com\/index.php\/wp-json\/wp\/v2\/users\/1"}],"replies":[{"embeddable":true,"href":"https:\/\/elestataldemexico.com\/index.php\/wp-json\/wp\/v2\/comments?post=21654"}],"version-history":[{"count":0,"href":"https:\/\/elestataldemexico.com\/index.php\/wp-json\/wp\/v2\/posts\/21654\/revisions"}],"wp:featuredmedia":[{"embeddable":true,"href":"https:\/\/elestataldemexico.com\/index.php\/wp-json\/wp\/v2\/media\/21656"}],"wp:attachment":[{"href":"https:\/\/elestataldemexico.com\/index.php\/wp-json\/wp\/v2\/media?parent=21654"}],"wp:term":[{"taxonomy":"category","embeddable":true,"href":"https:\/\/elestataldemexico.com\/index.php\/wp-json\/wp\/v2\/categories?post=21654"},{"taxonomy":"post_tag","embeddable":true,"href":"https:\/\/elestataldemexico.com\/index.php\/wp-json\/wp\/v2\/tags?post=21654"}],"curies":[{"name":"wp","href":"https:\/\/api.w.org\/{rel}","templated":true}]}}