{"id":21600,"date":"2024-04-15T11:54:06","date_gmt":"2024-04-15T16:54:06","guid":{"rendered":"https:\/\/podernacional.com\/?p=21600"},"modified":"2024-04-15T11:54:06","modified_gmt":"2024-04-15T16:54:06","slug":"bellakath-se-disculpa-con-yeri-mua-tras-intensa-pelea-en-redes-sociales","status":"publish","type":"post","link":"https:\/\/elestataldemexico.com\/index.php\/2024\/04\/15\/bellakath-se-disculpa-con-yeri-mua-tras-intensa-pelea-en-redes-sociales\/","title":{"rendered":"Bellakath se disculpa con Yeri Mua tras intensa pelea en redes sociales"},"content":{"rendered":"<p>Un enfrentamiento entre la influencer Yeri Mua y la cantante Bellakath ha acaparado la atenci\u00f3n en las redes sociales, dejando a sus seguidores sorprendidos por la intensidad del pleito.<\/p>\n<p>Todo comenz\u00f3 cuando Yeri Mua comparti\u00f3 un video de sus ensayos, desencadenando una respuesta de Bellakath en su historia de Instagram, donde expres\u00f3 su gratitud por no lucir como un \u00abchapul\u00edn aplastado\u00bb al bailar estilo flow.<\/p>\n<p>La respuesta de Yeri Mua no se hizo esperar, lanzando un comentario sobre cirug\u00edas est\u00e9ticas y sugiriendo que Bellakath se hab\u00eda sometido a una mal realizada. Esto desencaden\u00f3 una serie de intercambios entre ambas durante toda la tarde del domingo.<\/p>\n<p>&nbsp;<\/p>\n<p>Bellakath se disculpa con Yeri Mua<br \/>\nSin embargo, fue Bellakath quien decidi\u00f3 dar por terminado el conflicto ofreciendo disculpas p\u00fablicas a Yeri Mua. A trav\u00e9s de Twitter, elimin\u00f3 todas las publicaciones relacionadas con su enfrentamiento y admiti\u00f3 que estuvo mal burlarse del cuerpo de la cantante jarocha.<\/p>\n<p>\u00abYa borr\u00e9 todo lo de @yerimua porque creo que fue un ataque de explosi\u00f3n porque me sent\u00ed mal por la canci\u00f3n y yo creo que las dos nos burlamos de los cuerpos, y estuvo mal todo lo dem\u00e1s, yo no soy as\u00ed jaja\u00bb, escribi\u00f3 Bellakath, generando un alivio entre sus seguidores.<\/p>\n<p>Aunque Yeri Mua no ha emitido una disculpa p\u00fablica por el momento, algunos de sus seguidores han comenzado a especular sobre la verdadera naturaleza del conflicto. Se ha sugerido que este pleito podr\u00eda estar relacionado con la promoci\u00f3n de una posible colaboraci\u00f3n entre ambas artistas en las pr\u00f3ximas semanas, aunque ninguna de las dos ha confirmado esta informaci\u00f3n.<\/p>\n<p>&nbsp;<\/p>\n","protected":false},"excerpt":{"rendered":"<p>Un enfrentamiento entre la influencer Yeri Mua y la cantante Bellakath ha acaparado la atenci\u00f3n en las redes<\/p>\n","protected":false},"author":1,"featured_media":21602,"comment_status":"open","ping_status":"closed","sticky":false,"template":"","format":"standard","meta":{"footnotes":""},"categories":[11],"tags":[],"class_list":["post-21600","post","type-post","status-publish","format-standard","has-post-thumbnail","hentry","category-espectaculos"],"yoast_head":"<!-- This site is optimized with the Yoast SEO plugin v27.4 - https:\/\/yoast.com\/product\/yoast-seo-wordpress\/ -->\n<title>Bellakath se disculpa con Yeri Mua tras intensa pelea en redes sociales - El Estatal de M\u00e9xico<\/title>\n<meta name=\"robots\" content=\"index, follow, max-snippet:-1, max-image-preview:large, max-video-preview:-1\" \/>\n<link rel=\"canonical\" href=\"https:\/\/elestataldemexico.com\/index.php\/2024\/04\/15\/bellakath-se-disculpa-con-yeri-mua-tras-intensa-pelea-en-redes-sociales\/\" \/>\n<meta property=\"og:locale\" content=\"es_ES\" \/>\n<meta property=\"og:type\" content=\"article\" \/>\n<meta property=\"og:title\" content=\"Bellakath se disculpa con Yeri Mua tras intensa pelea en redes sociales - El Estatal de M\u00e9xico\" \/>\n<meta property=\"og:description\" content=\"Un enfrentamiento entre la influencer Yeri Mua y la cantante Bellakath ha acaparado la atenci\u00f3n en las redes\" \/>\n<meta property=\"og:url\" content=\"https:\/\/elestataldemexico.com\/index.php\/2024\/04\/15\/bellakath-se-disculpa-con-yeri-mua-tras-intensa-pelea-en-redes-sociales\/\" \/>\n<meta property=\"og:site_name\" content=\"El Estatal de M\u00e9xico\" \/>\n<meta property=\"article:published_time\" content=\"2024-04-15T16:54:06+00:00\" \/>\n<meta property=\"og:image\" content=\"https:\/\/elestataldemexico.com\/wp-content\/uploads\/2024\/04\/Nota2Bellakat.jpeg\" \/>\n\t<meta property=\"og:image:width\" content=\"830\" \/>\n\t<meta property=\"og:image:height\" content=\"623\" \/>\n\t<meta property=\"og:image:type\" content=\"image\/jpeg\" \/>\n<meta name=\"author\" content=\"admin\" \/>\n<meta name=\"twitter:card\" content=\"summary_large_image\" \/>\n<meta name=\"twitter:label1\" content=\"Escrito por\" \/>\n\t<meta name=\"twitter:data1\" content=\"admin\" \/>\n\t<meta name=\"twitter:label2\" content=\"Tiempo de lectura\" \/>\n\t<meta name=\"twitter:data2\" content=\"1 minuto\" \/>\n<script type=\"application\/ld+json\" class=\"yoast-schema-graph\">{\"@context\":\"https:\\\/\\\/schema.org\",\"@graph\":[{\"@type\":\"Article\",\"@id\":\"https:\\\/\\\/elestataldemexico.com\\\/index.php\\\/2024\\\/04\\\/15\\\/bellakath-se-disculpa-con-yeri-mua-tras-intensa-pelea-en-redes-sociales\\\/#article\",\"isPartOf\":{\"@id\":\"https:\\\/\\\/elestataldemexico.com\\\/index.php\\\/2024\\\/04\\\/15\\\/bellakath-se-disculpa-con-yeri-mua-tras-intensa-pelea-en-redes-sociales\\\/\"},\"author\":{\"name\":\"admin\",\"@id\":\"https:\\\/\\\/elestataldemexico.com\\\/#\\\/schema\\\/person\\\/6c7813c13d2c1571771f592f0fe866bb\"},\"headline\":\"Bellakath se disculpa con Yeri Mua tras intensa pelea en redes sociales\",\"datePublished\":\"2024-04-15T16:54:06+00:00\",\"mainEntityOfPage\":{\"@id\":\"https:\\\/\\\/elestataldemexico.com\\\/index.php\\\/2024\\\/04\\\/15\\\/bellakath-se-disculpa-con-yeri-mua-tras-intensa-pelea-en-redes-sociales\\\/\"},\"wordCount\":291,\"commentCount\":0,\"publisher\":{\"@id\":\"https:\\\/\\\/elestataldemexico.com\\\/#organization\"},\"image\":{\"@id\":\"https:\\\/\\\/elestataldemexico.com\\\/index.php\\\/2024\\\/04\\\/15\\\/bellakath-se-disculpa-con-yeri-mua-tras-intensa-pelea-en-redes-sociales\\\/#primaryimage\"},\"thumbnailUrl\":\"https:\\\/\\\/elestataldemexico.com\\\/wp-content\\\/uploads\\\/2024\\\/04\\\/Nota2Bellakat.jpeg\",\"articleSection\":[\"Espectaculos\"],\"inLanguage\":\"es\",\"potentialAction\":[{\"@type\":\"CommentAction\",\"name\":\"Comment\",\"target\":[\"https:\\\/\\\/elestataldemexico.com\\\/index.php\\\/2024\\\/04\\\/15\\\/bellakath-se-disculpa-con-yeri-mua-tras-intensa-pelea-en-redes-sociales\\\/#respond\"]}]},{\"@type\":\"WebPage\",\"@id\":\"https:\\\/\\\/elestataldemexico.com\\\/index.php\\\/2024\\\/04\\\/15\\\/bellakath-se-disculpa-con-yeri-mua-tras-intensa-pelea-en-redes-sociales\\\/\",\"url\":\"https:\\\/\\\/elestataldemexico.com\\\/index.php\\\/2024\\\/04\\\/15\\\/bellakath-se-disculpa-con-yeri-mua-tras-intensa-pelea-en-redes-sociales\\\/\",\"name\":\"Bellakath se disculpa con Yeri Mua tras intensa pelea en redes sociales - El Estatal de M\u00e9xico\",\"isPartOf\":{\"@id\":\"https:\\\/\\\/elestataldemexico.com\\\/#website\"},\"primaryImageOfPage\":{\"@id\":\"https:\\\/\\\/elestataldemexico.com\\\/index.php\\\/2024\\\/04\\\/15\\\/bellakath-se-disculpa-con-yeri-mua-tras-intensa-pelea-en-redes-sociales\\\/#primaryimage\"},\"image\":{\"@id\":\"https:\\\/\\\/elestataldemexico.com\\\/index.php\\\/2024\\\/04\\\/15\\\/bellakath-se-disculpa-con-yeri-mua-tras-intensa-pelea-en-redes-sociales\\\/#primaryimage\"},\"thumbnailUrl\":\"https:\\\/\\\/elestataldemexico.com\\\/wp-content\\\/uploads\\\/2024\\\/04\\\/Nota2Bellakat.jpeg\",\"datePublished\":\"2024-04-15T16:54:06+00:00\",\"breadcrumb\":{\"@id\":\"https:\\\/\\\/elestataldemexico.com\\\/index.php\\\/2024\\\/04\\\/15\\\/bellakath-se-disculpa-con-yeri-mua-tras-intensa-pelea-en-redes-sociales\\\/#breadcrumb\"},\"inLanguage\":\"es\",\"potentialAction\":[{\"@type\":\"ReadAction\",\"target\":[\"https:\\\/\\\/elestataldemexico.com\\\/index.php\\\/2024\\\/04\\\/15\\\/bellakath-se-disculpa-con-yeri-mua-tras-intensa-pelea-en-redes-sociales\\\/\"]}]},{\"@type\":\"ImageObject\",\"inLanguage\":\"es\",\"@id\":\"https:\\\/\\\/elestataldemexico.com\\\/index.php\\\/2024\\\/04\\\/15\\\/bellakath-se-disculpa-con-yeri-mua-tras-intensa-pelea-en-redes-sociales\\\/#primaryimage\",\"url\":\"https:\\\/\\\/elestataldemexico.com\\\/wp-content\\\/uploads\\\/2024\\\/04\\\/Nota2Bellakat.jpeg\",\"contentUrl\":\"https:\\\/\\\/elestataldemexico.com\\\/wp-content\\\/uploads\\\/2024\\\/04\\\/Nota2Bellakat.jpeg\",\"width\":830,\"height\":623},{\"@type\":\"BreadcrumbList\",\"@id\":\"https:\\\/\\\/elestataldemexico.com\\\/index.php\\\/2024\\\/04\\\/15\\\/bellakath-se-disculpa-con-yeri-mua-tras-intensa-pelea-en-redes-sociales\\\/#breadcrumb\",\"itemListElement\":[{\"@type\":\"ListItem\",\"position\":1,\"name\":\"Portada\",\"item\":\"https:\\\/\\\/elestataldemexico.com\\\/\"},{\"@type\":\"ListItem\",\"position\":2,\"name\":\"Bellakath se disculpa con Yeri Mua tras intensa pelea en redes sociales\"}]},{\"@type\":\"WebSite\",\"@id\":\"https:\\\/\\\/elestataldemexico.com\\\/#website\",\"url\":\"https:\\\/\\\/elestataldemexico.com\\\/\",\"name\":\"El Estatal de M\u00e9xico\",\"description\":\"\",\"publisher\":{\"@id\":\"https:\\\/\\\/elestataldemexico.com\\\/#organization\"},\"potentialAction\":[{\"@type\":\"SearchAction\",\"target\":{\"@type\":\"EntryPoint\",\"urlTemplate\":\"https:\\\/\\\/elestataldemexico.com\\\/?s={search_term_string}\"},\"query-input\":{\"@type\":\"PropertyValueSpecification\",\"valueRequired\":true,\"valueName\":\"search_term_string\"}}],\"inLanguage\":\"es\"},{\"@type\":\"Organization\",\"@id\":\"https:\\\/\\\/elestataldemexico.com\\\/#organization\",\"name\":\"El Estatal de M\u00e9xico\",\"url\":\"https:\\\/\\\/elestataldemexico.com\\\/\",\"logo\":{\"@type\":\"ImageObject\",\"inLanguage\":\"es\",\"@id\":\"https:\\\/\\\/elestataldemexico.com\\\/#\\\/schema\\\/logo\\\/image\\\/\",\"url\":\"https:\\\/\\\/elestataldemexico.com\\\/wp-content\\\/uploads\\\/2025\\\/05\\\/cropped-elestatal.png\",\"contentUrl\":\"https:\\\/\\\/elestataldemexico.com\\\/wp-content\\\/uploads\\\/2025\\\/05\\\/cropped-elestatal.png\",\"width\":504,\"height\":97,\"caption\":\"El Estatal de M\u00e9xico\"},\"image\":{\"@id\":\"https:\\\/\\\/elestataldemexico.com\\\/#\\\/schema\\\/logo\\\/image\\\/\"}},{\"@type\":\"Person\",\"@id\":\"https:\\\/\\\/elestataldemexico.com\\\/#\\\/schema\\\/person\\\/6c7813c13d2c1571771f592f0fe866bb\",\"name\":\"admin\",\"image\":{\"@type\":\"ImageObject\",\"inLanguage\":\"es\",\"@id\":\"https:\\\/\\\/secure.gravatar.com\\\/avatar\\\/d5ed2db9923a3ad3c0a47f6b3aec7abcb43924b9322251ade16472fc06f7bb5b?s=96&d=mm&r=g\",\"url\":\"https:\\\/\\\/secure.gravatar.com\\\/avatar\\\/d5ed2db9923a3ad3c0a47f6b3aec7abcb43924b9322251ade16472fc06f7bb5b?s=96&d=mm&r=g\",\"contentUrl\":\"https:\\\/\\\/secure.gravatar.com\\\/avatar\\\/d5ed2db9923a3ad3c0a47f6b3aec7abcb43924b9322251ade16472fc06f7bb5b?s=96&d=mm&r=g\",\"caption\":\"admin\"},\"sameAs\":[\"https:\\\/\\\/elestataldemexico.com\"],\"url\":\"https:\\\/\\\/elestataldemexico.com\\\/index.php\\\/author\\\/info_qk62m3p3\\\/\"}]}<\/script>\n<!-- \/ Yoast SEO plugin. -->","yoast_head_json":{"title":"Bellakath se disculpa con Yeri Mua tras intensa pelea en redes sociales - El Estatal de M\u00e9xico","robots":{"index":"index","follow":"follow","max-snippet":"max-snippet:-1","max-image-preview":"max-image-preview:large","max-video-preview":"max-video-preview:-1"},"canonical":"https:\/\/elestataldemexico.com\/index.php\/2024\/04\/15\/bellakath-se-disculpa-con-yeri-mua-tras-intensa-pelea-en-redes-sociales\/","og_locale":"es_ES","og_type":"article","og_title":"Bellakath se disculpa con Yeri Mua tras intensa pelea en redes sociales - El Estatal de M\u00e9xico","og_description":"Un enfrentamiento entre la influencer Yeri Mua y la cantante Bellakath ha acaparado la atenci\u00f3n en las redes","og_url":"https:\/\/elestataldemexico.com\/index.php\/2024\/04\/15\/bellakath-se-disculpa-con-yeri-mua-tras-intensa-pelea-en-redes-sociales\/","og_site_name":"El Estatal de M\u00e9xico","article_published_time":"2024-04-15T16:54:06+00:00","og_image":[{"width":830,"height":623,"url":"https:\/\/elestataldemexico.com\/wp-content\/uploads\/2024\/04\/Nota2Bellakat.jpeg","type":"image\/jpeg"}],"author":"admin","twitter_card":"summary_large_image","twitter_misc":{"Escrito por":"admin","Tiempo de lectura":"1 minuto"},"schema":{"@context":"https:\/\/schema.org","@graph":[{"@type":"Article","@id":"https:\/\/elestataldemexico.com\/index.php\/2024\/04\/15\/bellakath-se-disculpa-con-yeri-mua-tras-intensa-pelea-en-redes-sociales\/#article","isPartOf":{"@id":"https:\/\/elestataldemexico.com\/index.php\/2024\/04\/15\/bellakath-se-disculpa-con-yeri-mua-tras-intensa-pelea-en-redes-sociales\/"},"author":{"name":"admin","@id":"https:\/\/elestataldemexico.com\/#\/schema\/person\/6c7813c13d2c1571771f592f0fe866bb"},"headline":"Bellakath se disculpa con Yeri Mua tras intensa pelea en redes sociales","datePublished":"2024-04-15T16:54:06+00:00","mainEntityOfPage":{"@id":"https:\/\/elestataldemexico.com\/index.php\/2024\/04\/15\/bellakath-se-disculpa-con-yeri-mua-tras-intensa-pelea-en-redes-sociales\/"},"wordCount":291,"commentCount":0,"publisher":{"@id":"https:\/\/elestataldemexico.com\/#organization"},"image":{"@id":"https:\/\/elestataldemexico.com\/index.php\/2024\/04\/15\/bellakath-se-disculpa-con-yeri-mua-tras-intensa-pelea-en-redes-sociales\/#primaryimage"},"thumbnailUrl":"https:\/\/elestataldemexico.com\/wp-content\/uploads\/2024\/04\/Nota2Bellakat.jpeg","articleSection":["Espectaculos"],"inLanguage":"es","potentialAction":[{"@type":"CommentAction","name":"Comment","target":["https:\/\/elestataldemexico.com\/index.php\/2024\/04\/15\/bellakath-se-disculpa-con-yeri-mua-tras-intensa-pelea-en-redes-sociales\/#respond"]}]},{"@type":"WebPage","@id":"https:\/\/elestataldemexico.com\/index.php\/2024\/04\/15\/bellakath-se-disculpa-con-yeri-mua-tras-intensa-pelea-en-redes-sociales\/","url":"https:\/\/elestataldemexico.com\/index.php\/2024\/04\/15\/bellakath-se-disculpa-con-yeri-mua-tras-intensa-pelea-en-redes-sociales\/","name":"Bellakath se disculpa con Yeri Mua tras intensa pelea en redes sociales - El Estatal de M\u00e9xico","isPartOf":{"@id":"https:\/\/elestataldemexico.com\/#website"},"primaryImageOfPage":{"@id":"https:\/\/elestataldemexico.com\/index.php\/2024\/04\/15\/bellakath-se-disculpa-con-yeri-mua-tras-intensa-pelea-en-redes-sociales\/#primaryimage"},"image":{"@id":"https:\/\/elestataldemexico.com\/index.php\/2024\/04\/15\/bellakath-se-disculpa-con-yeri-mua-tras-intensa-pelea-en-redes-sociales\/#primaryimage"},"thumbnailUrl":"https:\/\/elestataldemexico.com\/wp-content\/uploads\/2024\/04\/Nota2Bellakat.jpeg","datePublished":"2024-04-15T16:54:06+00:00","breadcrumb":{"@id":"https:\/\/elestataldemexico.com\/index.php\/2024\/04\/15\/bellakath-se-disculpa-con-yeri-mua-tras-intensa-pelea-en-redes-sociales\/#breadcrumb"},"inLanguage":"es","potentialAction":[{"@type":"ReadAction","target":["https:\/\/elestataldemexico.com\/index.php\/2024\/04\/15\/bellakath-se-disculpa-con-yeri-mua-tras-intensa-pelea-en-redes-sociales\/"]}]},{"@type":"ImageObject","inLanguage":"es","@id":"https:\/\/elestataldemexico.com\/index.php\/2024\/04\/15\/bellakath-se-disculpa-con-yeri-mua-tras-intensa-pelea-en-redes-sociales\/#primaryimage","url":"https:\/\/elestataldemexico.com\/wp-content\/uploads\/2024\/04\/Nota2Bellakat.jpeg","contentUrl":"https:\/\/elestataldemexico.com\/wp-content\/uploads\/2024\/04\/Nota2Bellakat.jpeg","width":830,"height":623},{"@type":"BreadcrumbList","@id":"https:\/\/elestataldemexico.com\/index.php\/2024\/04\/15\/bellakath-se-disculpa-con-yeri-mua-tras-intensa-pelea-en-redes-sociales\/#breadcrumb","itemListElement":[{"@type":"ListItem","position":1,"name":"Portada","item":"https:\/\/elestataldemexico.com\/"},{"@type":"ListItem","position":2,"name":"Bellakath se disculpa con Yeri Mua tras intensa pelea en redes sociales"}]},{"@type":"WebSite","@id":"https:\/\/elestataldemexico.com\/#website","url":"https:\/\/elestataldemexico.com\/","name":"El Estatal de M\u00e9xico","description":"","publisher":{"@id":"https:\/\/elestataldemexico.com\/#organization"},"potentialAction":[{"@type":"SearchAction","target":{"@type":"EntryPoint","urlTemplate":"https:\/\/elestataldemexico.com\/?s={search_term_string}"},"query-input":{"@type":"PropertyValueSpecification","valueRequired":true,"valueName":"search_term_string"}}],"inLanguage":"es"},{"@type":"Organization","@id":"https:\/\/elestataldemexico.com\/#organization","name":"El Estatal de M\u00e9xico","url":"https:\/\/elestataldemexico.com\/","logo":{"@type":"ImageObject","inLanguage":"es","@id":"https:\/\/elestataldemexico.com\/#\/schema\/logo\/image\/","url":"https:\/\/elestataldemexico.com\/wp-content\/uploads\/2025\/05\/cropped-elestatal.png","contentUrl":"https:\/\/elestataldemexico.com\/wp-content\/uploads\/2025\/05\/cropped-elestatal.png","width":504,"height":97,"caption":"El Estatal de M\u00e9xico"},"image":{"@id":"https:\/\/elestataldemexico.com\/#\/schema\/logo\/image\/"}},{"@type":"Person","@id":"https:\/\/elestataldemexico.com\/#\/schema\/person\/6c7813c13d2c1571771f592f0fe866bb","name":"admin","image":{"@type":"ImageObject","inLanguage":"es","@id":"https:\/\/secure.gravatar.com\/avatar\/d5ed2db9923a3ad3c0a47f6b3aec7abcb43924b9322251ade16472fc06f7bb5b?s=96&d=mm&r=g","url":"https:\/\/secure.gravatar.com\/avatar\/d5ed2db9923a3ad3c0a47f6b3aec7abcb43924b9322251ade16472fc06f7bb5b?s=96&d=mm&r=g","contentUrl":"https:\/\/secure.gravatar.com\/avatar\/d5ed2db9923a3ad3c0a47f6b3aec7abcb43924b9322251ade16472fc06f7bb5b?s=96&d=mm&r=g","caption":"admin"},"sameAs":["https:\/\/elestataldemexico.com"],"url":"https:\/\/elestataldemexico.com\/index.php\/author\/info_qk62m3p3\/"}]}},"_links":{"self":[{"href":"https:\/\/elestataldemexico.com\/index.php\/wp-json\/wp\/v2\/posts\/21600","targetHints":{"allow":["GET"]}}],"collection":[{"href":"https:\/\/elestataldemexico.com\/index.php\/wp-json\/wp\/v2\/posts"}],"about":[{"href":"https:\/\/elestataldemexico.com\/index.php\/wp-json\/wp\/v2\/types\/post"}],"author":[{"embeddable":true,"href":"https:\/\/elestataldemexico.com\/index.php\/wp-json\/wp\/v2\/users\/1"}],"replies":[{"embeddable":true,"href":"https:\/\/elestataldemexico.com\/index.php\/wp-json\/wp\/v2\/comments?post=21600"}],"version-history":[{"count":0,"href":"https:\/\/elestataldemexico.com\/index.php\/wp-json\/wp\/v2\/posts\/21600\/revisions"}],"wp:featuredmedia":[{"embeddable":true,"href":"https:\/\/elestataldemexico.com\/index.php\/wp-json\/wp\/v2\/media\/21602"}],"wp:attachment":[{"href":"https:\/\/elestataldemexico.com\/index.php\/wp-json\/wp\/v2\/media?parent=21600"}],"wp:term":[{"taxonomy":"category","embeddable":true,"href":"https:\/\/elestataldemexico.com\/index.php\/wp-json\/wp\/v2\/categories?post=21600"},{"taxonomy":"post_tag","embeddable":true,"href":"https:\/\/elestataldemexico.com\/index.php\/wp-json\/wp\/v2\/tags?post=21600"}],"curies":[{"name":"wp","href":"https:\/\/api.w.org\/{rel}","templated":true}]}}