{"id":21561,"date":"2024-04-12T13:51:37","date_gmt":"2024-04-12T18:51:37","guid":{"rendered":"https:\/\/podernacional.com\/?p=21561"},"modified":"2024-04-12T13:51:37","modified_gmt":"2024-04-12T18:51:37","slug":"aeromexico-anuncia-su-nueva-ruta-monterrey-corea-y-refuerza-el-vuelo-madrid-monterrey","status":"publish","type":"post","link":"https:\/\/elestataldemexico.com\/index.php\/2024\/04\/12\/aeromexico-anuncia-su-nueva-ruta-monterrey-corea-y-refuerza-el-vuelo-madrid-monterrey\/","title":{"rendered":"Aerom\u00e9xico anuncia su nueva ruta Monterrey\u2013Corea y refuerza el vuelo Madrid\u2013Monterrey"},"content":{"rendered":"<p>Monterrey, NL. La Secretar\u00eda de Turismo de Nuevo Le\u00f3n y Aerom\u00e9xico anunciaron el lanzamiento de la nueva ruta directa Monterrey\u2013Corea que operar\u00e1 desde el Aeropuerto Internacional de Monterrey. Esta ruta marca un paso significativo en la consolidaci\u00f3n de Nuevo Le\u00f3n como un hub a\u00e9reo y resalta el trabajo de las autoridades para fortalecer la conectividad y fomentar la atracci\u00f3n de turistas internacionales a la entidad.<\/p>\n<p>La ruta directa Monterrey\u2013Corea iniciar\u00e1 operaciones el pr\u00f3ximo 1 de agosto con una frecuencia diaria, as\u00ed lo anunciaron en el marco del Tianguis Tur\u00edstico 2024.<\/p>\n<p>Por otra parte, durante el evento se firm\u00f3 una carta de intenci\u00f3n entre Aerom\u00e9xico, la Secretar\u00eda de Turismo de Nuevo Le\u00f3n y el Corte Ingl\u00e9s para reforzar la ruta directa entre Madrid-Monterrey.<\/p>\n<p>Ignacio Blanco Rodr\u00edguez, gerente de Marketing de Alianzas Institucionales, habl\u00f3 sobre el potencial de Espa\u00f1a y Europa como mercado emisor y se\u00f1al\u00f3 que el Corte Ingl\u00e9s puede sumar a la conectividad tur\u00edstica de Nuevo Le\u00f3n.<\/p>\n<p>El nuevo vuelo Monterrey-Corea, as\u00ed como la ruta directa Madrid-Monterrey, suman a la oferta que desde el Aeropuerto Internacional de Monterrey opera Aerom\u00e9xico hacia destinos internacionales, un incremento de rutas que es posible gracias a su flota renovada con m\u00e1s de 50 aviones nuevos, la mayor\u00eda de ellos Boeing 737MAX.<\/p>\n<p>La terminal a\u00e9rea de Monterrey conecta directamente con grandes hubs aeroportuarios de todo el mundo desde su terminal a\u00e9rea de Monterrey, permitiendo realizar conexi\u00f3n con los cinco continentes a trav\u00e9s de sus 10 aerol\u00edneas, 39 destinos nacionales y 21 destinos internacionales.<\/p>\n<p>Con estas acciones, el Aeropuerto Internacional de Monterrey reafirma su liderazgo como un hub de interconexi\u00f3n a\u00e9rea del norte del pa\u00eds, promoviendo el crecimiento econ\u00f3mico, el intercambio cultural y la promoci\u00f3n del estado como destino tur\u00edstico.<\/p>\n","protected":false},"excerpt":{"rendered":"<p>Monterrey, NL. La Secretar\u00eda de Turismo de Nuevo Le\u00f3n y Aerom\u00e9xico anunciaron el lanzamiento de la nueva ruta<\/p>\n","protected":false},"author":1,"featured_media":21563,"comment_status":"open","ping_status":"closed","sticky":false,"template":"","format":"standard","meta":{"footnotes":""},"categories":[7],"tags":[],"class_list":["post-21561","post","type-post","status-publish","format-standard","has-post-thumbnail","hentry","category-nacional"],"yoast_head":"<!-- This site is optimized with the Yoast SEO plugin v27.5 - https:\/\/yoast.com\/product\/yoast-seo-wordpress\/ -->\n<title>Aerom\u00e9xico anuncia su nueva ruta Monterrey\u2013Corea y refuerza el vuelo Madrid\u2013Monterrey - El Estatal de M\u00e9xico<\/title>\n<meta name=\"robots\" content=\"index, follow, max-snippet:-1, max-image-preview:large, max-video-preview:-1\" \/>\n<link rel=\"canonical\" href=\"https:\/\/elestataldemexico.com\/index.php\/2024\/04\/12\/aeromexico-anuncia-su-nueva-ruta-monterrey-corea-y-refuerza-el-vuelo-madrid-monterrey\/\" \/>\n<meta property=\"og:locale\" content=\"es_ES\" \/>\n<meta property=\"og:type\" content=\"article\" \/>\n<meta property=\"og:title\" content=\"Aerom\u00e9xico anuncia su nueva ruta Monterrey\u2013Corea y refuerza el vuelo Madrid\u2013Monterrey - El Estatal de M\u00e9xico\" \/>\n<meta property=\"og:description\" content=\"Monterrey, NL. La Secretar\u00eda de Turismo de Nuevo Le\u00f3n y Aerom\u00e9xico anunciaron el lanzamiento de la nueva ruta\" \/>\n<meta property=\"og:url\" content=\"https:\/\/elestataldemexico.com\/index.php\/2024\/04\/12\/aeromexico-anuncia-su-nueva-ruta-monterrey-corea-y-refuerza-el-vuelo-madrid-monterrey\/\" \/>\n<meta property=\"og:site_name\" content=\"El Estatal de M\u00e9xico\" \/>\n<meta property=\"article:published_time\" content=\"2024-04-12T18:51:37+00:00\" \/>\n<meta property=\"og:image\" content=\"https:\/\/elestataldemexico.com\/wp-content\/uploads\/2024\/04\/vuelos-avion-aeropuerto-reuters.png_554688468.png\" \/>\n\t<meta property=\"og:image:width\" content=\"1200\" \/>\n\t<meta property=\"og:image:height\" content=\"675\" \/>\n\t<meta property=\"og:image:type\" content=\"image\/png\" \/>\n<meta name=\"author\" content=\"admin\" \/>\n<meta name=\"twitter:card\" content=\"summary_large_image\" \/>\n<meta name=\"twitter:label1\" content=\"Escrito por\" \/>\n\t<meta name=\"twitter:data1\" content=\"admin\" \/>\n\t<meta name=\"twitter:label2\" content=\"Tiempo de lectura\" \/>\n\t<meta name=\"twitter:data2\" content=\"2 minutos\" \/>\n<script type=\"application\/ld+json\" class=\"yoast-schema-graph\">{\"@context\":\"https:\\\/\\\/schema.org\",\"@graph\":[{\"@type\":\"Article\",\"@id\":\"https:\\\/\\\/elestataldemexico.com\\\/index.php\\\/2024\\\/04\\\/12\\\/aeromexico-anuncia-su-nueva-ruta-monterrey-corea-y-refuerza-el-vuelo-madrid-monterrey\\\/#article\",\"isPartOf\":{\"@id\":\"https:\\\/\\\/elestataldemexico.com\\\/index.php\\\/2024\\\/04\\\/12\\\/aeromexico-anuncia-su-nueva-ruta-monterrey-corea-y-refuerza-el-vuelo-madrid-monterrey\\\/\"},\"author\":{\"name\":\"admin\",\"@id\":\"https:\\\/\\\/elestataldemexico.com\\\/#\\\/schema\\\/person\\\/6c7813c13d2c1571771f592f0fe866bb\"},\"headline\":\"Aerom\u00e9xico anuncia su nueva ruta Monterrey\u2013Corea y refuerza el vuelo Madrid\u2013Monterrey\",\"datePublished\":\"2024-04-12T18:51:37+00:00\",\"mainEntityOfPage\":{\"@id\":\"https:\\\/\\\/elestataldemexico.com\\\/index.php\\\/2024\\\/04\\\/12\\\/aeromexico-anuncia-su-nueva-ruta-monterrey-corea-y-refuerza-el-vuelo-madrid-monterrey\\\/\"},\"wordCount\":328,\"commentCount\":0,\"publisher\":{\"@id\":\"https:\\\/\\\/elestataldemexico.com\\\/#organization\"},\"image\":{\"@id\":\"https:\\\/\\\/elestataldemexico.com\\\/index.php\\\/2024\\\/04\\\/12\\\/aeromexico-anuncia-su-nueva-ruta-monterrey-corea-y-refuerza-el-vuelo-madrid-monterrey\\\/#primaryimage\"},\"thumbnailUrl\":\"https:\\\/\\\/elestataldemexico.com\\\/wp-content\\\/uploads\\\/2024\\\/04\\\/vuelos-avion-aeropuerto-reuters.png_554688468.png\",\"articleSection\":[\"Nacional\"],\"inLanguage\":\"es\",\"potentialAction\":[{\"@type\":\"CommentAction\",\"name\":\"Comment\",\"target\":[\"https:\\\/\\\/elestataldemexico.com\\\/index.php\\\/2024\\\/04\\\/12\\\/aeromexico-anuncia-su-nueva-ruta-monterrey-corea-y-refuerza-el-vuelo-madrid-monterrey\\\/#respond\"]}]},{\"@type\":\"WebPage\",\"@id\":\"https:\\\/\\\/elestataldemexico.com\\\/index.php\\\/2024\\\/04\\\/12\\\/aeromexico-anuncia-su-nueva-ruta-monterrey-corea-y-refuerza-el-vuelo-madrid-monterrey\\\/\",\"url\":\"https:\\\/\\\/elestataldemexico.com\\\/index.php\\\/2024\\\/04\\\/12\\\/aeromexico-anuncia-su-nueva-ruta-monterrey-corea-y-refuerza-el-vuelo-madrid-monterrey\\\/\",\"name\":\"Aerom\u00e9xico anuncia su nueva ruta Monterrey\u2013Corea y refuerza el vuelo Madrid\u2013Monterrey - El Estatal de M\u00e9xico\",\"isPartOf\":{\"@id\":\"https:\\\/\\\/elestataldemexico.com\\\/#website\"},\"primaryImageOfPage\":{\"@id\":\"https:\\\/\\\/elestataldemexico.com\\\/index.php\\\/2024\\\/04\\\/12\\\/aeromexico-anuncia-su-nueva-ruta-monterrey-corea-y-refuerza-el-vuelo-madrid-monterrey\\\/#primaryimage\"},\"image\":{\"@id\":\"https:\\\/\\\/elestataldemexico.com\\\/index.php\\\/2024\\\/04\\\/12\\\/aeromexico-anuncia-su-nueva-ruta-monterrey-corea-y-refuerza-el-vuelo-madrid-monterrey\\\/#primaryimage\"},\"thumbnailUrl\":\"https:\\\/\\\/elestataldemexico.com\\\/wp-content\\\/uploads\\\/2024\\\/04\\\/vuelos-avion-aeropuerto-reuters.png_554688468.png\",\"datePublished\":\"2024-04-12T18:51:37+00:00\",\"breadcrumb\":{\"@id\":\"https:\\\/\\\/elestataldemexico.com\\\/index.php\\\/2024\\\/04\\\/12\\\/aeromexico-anuncia-su-nueva-ruta-monterrey-corea-y-refuerza-el-vuelo-madrid-monterrey\\\/#breadcrumb\"},\"inLanguage\":\"es\",\"potentialAction\":[{\"@type\":\"ReadAction\",\"target\":[\"https:\\\/\\\/elestataldemexico.com\\\/index.php\\\/2024\\\/04\\\/12\\\/aeromexico-anuncia-su-nueva-ruta-monterrey-corea-y-refuerza-el-vuelo-madrid-monterrey\\\/\"]}]},{\"@type\":\"ImageObject\",\"inLanguage\":\"es\",\"@id\":\"https:\\\/\\\/elestataldemexico.com\\\/index.php\\\/2024\\\/04\\\/12\\\/aeromexico-anuncia-su-nueva-ruta-monterrey-corea-y-refuerza-el-vuelo-madrid-monterrey\\\/#primaryimage\",\"url\":\"https:\\\/\\\/elestataldemexico.com\\\/wp-content\\\/uploads\\\/2024\\\/04\\\/vuelos-avion-aeropuerto-reuters.png_554688468.png\",\"contentUrl\":\"https:\\\/\\\/elestataldemexico.com\\\/wp-content\\\/uploads\\\/2024\\\/04\\\/vuelos-avion-aeropuerto-reuters.png_554688468.png\",\"width\":1200,\"height\":675},{\"@type\":\"BreadcrumbList\",\"@id\":\"https:\\\/\\\/elestataldemexico.com\\\/index.php\\\/2024\\\/04\\\/12\\\/aeromexico-anuncia-su-nueva-ruta-monterrey-corea-y-refuerza-el-vuelo-madrid-monterrey\\\/#breadcrumb\",\"itemListElement\":[{\"@type\":\"ListItem\",\"position\":1,\"name\":\"Portada\",\"item\":\"https:\\\/\\\/elestataldemexico.com\\\/\"},{\"@type\":\"ListItem\",\"position\":2,\"name\":\"Aerom\u00e9xico anuncia su nueva ruta Monterrey\u2013Corea y refuerza el vuelo Madrid\u2013Monterrey\"}]},{\"@type\":\"WebSite\",\"@id\":\"https:\\\/\\\/elestataldemexico.com\\\/#website\",\"url\":\"https:\\\/\\\/elestataldemexico.com\\\/\",\"name\":\"El Estatal de M\u00e9xico\",\"description\":\"\",\"publisher\":{\"@id\":\"https:\\\/\\\/elestataldemexico.com\\\/#organization\"},\"potentialAction\":[{\"@type\":\"SearchAction\",\"target\":{\"@type\":\"EntryPoint\",\"urlTemplate\":\"https:\\\/\\\/elestataldemexico.com\\\/?s={search_term_string}\"},\"query-input\":{\"@type\":\"PropertyValueSpecification\",\"valueRequired\":true,\"valueName\":\"search_term_string\"}}],\"inLanguage\":\"es\"},{\"@type\":\"Organization\",\"@id\":\"https:\\\/\\\/elestataldemexico.com\\\/#organization\",\"name\":\"El Estatal de M\u00e9xico\",\"url\":\"https:\\\/\\\/elestataldemexico.com\\\/\",\"logo\":{\"@type\":\"ImageObject\",\"inLanguage\":\"es\",\"@id\":\"https:\\\/\\\/elestataldemexico.com\\\/#\\\/schema\\\/logo\\\/image\\\/\",\"url\":\"https:\\\/\\\/elestataldemexico.com\\\/wp-content\\\/uploads\\\/2025\\\/05\\\/cropped-elestatal.png\",\"contentUrl\":\"https:\\\/\\\/elestataldemexico.com\\\/wp-content\\\/uploads\\\/2025\\\/05\\\/cropped-elestatal.png\",\"width\":504,\"height\":97,\"caption\":\"El Estatal de M\u00e9xico\"},\"image\":{\"@id\":\"https:\\\/\\\/elestataldemexico.com\\\/#\\\/schema\\\/logo\\\/image\\\/\"}},{\"@type\":\"Person\",\"@id\":\"https:\\\/\\\/elestataldemexico.com\\\/#\\\/schema\\\/person\\\/6c7813c13d2c1571771f592f0fe866bb\",\"name\":\"admin\",\"image\":{\"@type\":\"ImageObject\",\"inLanguage\":\"es\",\"@id\":\"https:\\\/\\\/secure.gravatar.com\\\/avatar\\\/d5ed2db9923a3ad3c0a47f6b3aec7abcb43924b9322251ade16472fc06f7bb5b?s=96&d=mm&r=g\",\"url\":\"https:\\\/\\\/secure.gravatar.com\\\/avatar\\\/d5ed2db9923a3ad3c0a47f6b3aec7abcb43924b9322251ade16472fc06f7bb5b?s=96&d=mm&r=g\",\"contentUrl\":\"https:\\\/\\\/secure.gravatar.com\\\/avatar\\\/d5ed2db9923a3ad3c0a47f6b3aec7abcb43924b9322251ade16472fc06f7bb5b?s=96&d=mm&r=g\",\"caption\":\"admin\"},\"sameAs\":[\"https:\\\/\\\/elestataldemexico.com\"],\"url\":\"https:\\\/\\\/elestataldemexico.com\\\/index.php\\\/author\\\/info_qk62m3p3\\\/\"}]}<\/script>\n<!-- \/ Yoast SEO plugin. -->","yoast_head_json":{"title":"Aerom\u00e9xico anuncia su nueva ruta Monterrey\u2013Corea y refuerza el vuelo Madrid\u2013Monterrey - El Estatal de M\u00e9xico","robots":{"index":"index","follow":"follow","max-snippet":"max-snippet:-1","max-image-preview":"max-image-preview:large","max-video-preview":"max-video-preview:-1"},"canonical":"https:\/\/elestataldemexico.com\/index.php\/2024\/04\/12\/aeromexico-anuncia-su-nueva-ruta-monterrey-corea-y-refuerza-el-vuelo-madrid-monterrey\/","og_locale":"es_ES","og_type":"article","og_title":"Aerom\u00e9xico anuncia su nueva ruta Monterrey\u2013Corea y refuerza el vuelo Madrid\u2013Monterrey - El Estatal de M\u00e9xico","og_description":"Monterrey, NL. La Secretar\u00eda de Turismo de Nuevo Le\u00f3n y Aerom\u00e9xico anunciaron el lanzamiento de la nueva ruta","og_url":"https:\/\/elestataldemexico.com\/index.php\/2024\/04\/12\/aeromexico-anuncia-su-nueva-ruta-monterrey-corea-y-refuerza-el-vuelo-madrid-monterrey\/","og_site_name":"El Estatal de M\u00e9xico","article_published_time":"2024-04-12T18:51:37+00:00","og_image":[{"width":1200,"height":675,"url":"https:\/\/elestataldemexico.com\/wp-content\/uploads\/2024\/04\/vuelos-avion-aeropuerto-reuters.png_554688468.png","type":"image\/png"}],"author":"admin","twitter_card":"summary_large_image","twitter_misc":{"Escrito por":"admin","Tiempo de lectura":"2 minutos"},"schema":{"@context":"https:\/\/schema.org","@graph":[{"@type":"Article","@id":"https:\/\/elestataldemexico.com\/index.php\/2024\/04\/12\/aeromexico-anuncia-su-nueva-ruta-monterrey-corea-y-refuerza-el-vuelo-madrid-monterrey\/#article","isPartOf":{"@id":"https:\/\/elestataldemexico.com\/index.php\/2024\/04\/12\/aeromexico-anuncia-su-nueva-ruta-monterrey-corea-y-refuerza-el-vuelo-madrid-monterrey\/"},"author":{"name":"admin","@id":"https:\/\/elestataldemexico.com\/#\/schema\/person\/6c7813c13d2c1571771f592f0fe866bb"},"headline":"Aerom\u00e9xico anuncia su nueva ruta Monterrey\u2013Corea y refuerza el vuelo Madrid\u2013Monterrey","datePublished":"2024-04-12T18:51:37+00:00","mainEntityOfPage":{"@id":"https:\/\/elestataldemexico.com\/index.php\/2024\/04\/12\/aeromexico-anuncia-su-nueva-ruta-monterrey-corea-y-refuerza-el-vuelo-madrid-monterrey\/"},"wordCount":328,"commentCount":0,"publisher":{"@id":"https:\/\/elestataldemexico.com\/#organization"},"image":{"@id":"https:\/\/elestataldemexico.com\/index.php\/2024\/04\/12\/aeromexico-anuncia-su-nueva-ruta-monterrey-corea-y-refuerza-el-vuelo-madrid-monterrey\/#primaryimage"},"thumbnailUrl":"https:\/\/elestataldemexico.com\/wp-content\/uploads\/2024\/04\/vuelos-avion-aeropuerto-reuters.png_554688468.png","articleSection":["Nacional"],"inLanguage":"es","potentialAction":[{"@type":"CommentAction","name":"Comment","target":["https:\/\/elestataldemexico.com\/index.php\/2024\/04\/12\/aeromexico-anuncia-su-nueva-ruta-monterrey-corea-y-refuerza-el-vuelo-madrid-monterrey\/#respond"]}]},{"@type":"WebPage","@id":"https:\/\/elestataldemexico.com\/index.php\/2024\/04\/12\/aeromexico-anuncia-su-nueva-ruta-monterrey-corea-y-refuerza-el-vuelo-madrid-monterrey\/","url":"https:\/\/elestataldemexico.com\/index.php\/2024\/04\/12\/aeromexico-anuncia-su-nueva-ruta-monterrey-corea-y-refuerza-el-vuelo-madrid-monterrey\/","name":"Aerom\u00e9xico anuncia su nueva ruta Monterrey\u2013Corea y refuerza el vuelo Madrid\u2013Monterrey - El Estatal de M\u00e9xico","isPartOf":{"@id":"https:\/\/elestataldemexico.com\/#website"},"primaryImageOfPage":{"@id":"https:\/\/elestataldemexico.com\/index.php\/2024\/04\/12\/aeromexico-anuncia-su-nueva-ruta-monterrey-corea-y-refuerza-el-vuelo-madrid-monterrey\/#primaryimage"},"image":{"@id":"https:\/\/elestataldemexico.com\/index.php\/2024\/04\/12\/aeromexico-anuncia-su-nueva-ruta-monterrey-corea-y-refuerza-el-vuelo-madrid-monterrey\/#primaryimage"},"thumbnailUrl":"https:\/\/elestataldemexico.com\/wp-content\/uploads\/2024\/04\/vuelos-avion-aeropuerto-reuters.png_554688468.png","datePublished":"2024-04-12T18:51:37+00:00","breadcrumb":{"@id":"https:\/\/elestataldemexico.com\/index.php\/2024\/04\/12\/aeromexico-anuncia-su-nueva-ruta-monterrey-corea-y-refuerza-el-vuelo-madrid-monterrey\/#breadcrumb"},"inLanguage":"es","potentialAction":[{"@type":"ReadAction","target":["https:\/\/elestataldemexico.com\/index.php\/2024\/04\/12\/aeromexico-anuncia-su-nueva-ruta-monterrey-corea-y-refuerza-el-vuelo-madrid-monterrey\/"]}]},{"@type":"ImageObject","inLanguage":"es","@id":"https:\/\/elestataldemexico.com\/index.php\/2024\/04\/12\/aeromexico-anuncia-su-nueva-ruta-monterrey-corea-y-refuerza-el-vuelo-madrid-monterrey\/#primaryimage","url":"https:\/\/elestataldemexico.com\/wp-content\/uploads\/2024\/04\/vuelos-avion-aeropuerto-reuters.png_554688468.png","contentUrl":"https:\/\/elestataldemexico.com\/wp-content\/uploads\/2024\/04\/vuelos-avion-aeropuerto-reuters.png_554688468.png","width":1200,"height":675},{"@type":"BreadcrumbList","@id":"https:\/\/elestataldemexico.com\/index.php\/2024\/04\/12\/aeromexico-anuncia-su-nueva-ruta-monterrey-corea-y-refuerza-el-vuelo-madrid-monterrey\/#breadcrumb","itemListElement":[{"@type":"ListItem","position":1,"name":"Portada","item":"https:\/\/elestataldemexico.com\/"},{"@type":"ListItem","position":2,"name":"Aerom\u00e9xico anuncia su nueva ruta Monterrey\u2013Corea y refuerza el vuelo Madrid\u2013Monterrey"}]},{"@type":"WebSite","@id":"https:\/\/elestataldemexico.com\/#website","url":"https:\/\/elestataldemexico.com\/","name":"El Estatal de M\u00e9xico","description":"","publisher":{"@id":"https:\/\/elestataldemexico.com\/#organization"},"potentialAction":[{"@type":"SearchAction","target":{"@type":"EntryPoint","urlTemplate":"https:\/\/elestataldemexico.com\/?s={search_term_string}"},"query-input":{"@type":"PropertyValueSpecification","valueRequired":true,"valueName":"search_term_string"}}],"inLanguage":"es"},{"@type":"Organization","@id":"https:\/\/elestataldemexico.com\/#organization","name":"El Estatal de M\u00e9xico","url":"https:\/\/elestataldemexico.com\/","logo":{"@type":"ImageObject","inLanguage":"es","@id":"https:\/\/elestataldemexico.com\/#\/schema\/logo\/image\/","url":"https:\/\/elestataldemexico.com\/wp-content\/uploads\/2025\/05\/cropped-elestatal.png","contentUrl":"https:\/\/elestataldemexico.com\/wp-content\/uploads\/2025\/05\/cropped-elestatal.png","width":504,"height":97,"caption":"El Estatal de M\u00e9xico"},"image":{"@id":"https:\/\/elestataldemexico.com\/#\/schema\/logo\/image\/"}},{"@type":"Person","@id":"https:\/\/elestataldemexico.com\/#\/schema\/person\/6c7813c13d2c1571771f592f0fe866bb","name":"admin","image":{"@type":"ImageObject","inLanguage":"es","@id":"https:\/\/secure.gravatar.com\/avatar\/d5ed2db9923a3ad3c0a47f6b3aec7abcb43924b9322251ade16472fc06f7bb5b?s=96&d=mm&r=g","url":"https:\/\/secure.gravatar.com\/avatar\/d5ed2db9923a3ad3c0a47f6b3aec7abcb43924b9322251ade16472fc06f7bb5b?s=96&d=mm&r=g","contentUrl":"https:\/\/secure.gravatar.com\/avatar\/d5ed2db9923a3ad3c0a47f6b3aec7abcb43924b9322251ade16472fc06f7bb5b?s=96&d=mm&r=g","caption":"admin"},"sameAs":["https:\/\/elestataldemexico.com"],"url":"https:\/\/elestataldemexico.com\/index.php\/author\/info_qk62m3p3\/"}]}},"_links":{"self":[{"href":"https:\/\/elestataldemexico.com\/index.php\/wp-json\/wp\/v2\/posts\/21561","targetHints":{"allow":["GET"]}}],"collection":[{"href":"https:\/\/elestataldemexico.com\/index.php\/wp-json\/wp\/v2\/posts"}],"about":[{"href":"https:\/\/elestataldemexico.com\/index.php\/wp-json\/wp\/v2\/types\/post"}],"author":[{"embeddable":true,"href":"https:\/\/elestataldemexico.com\/index.php\/wp-json\/wp\/v2\/users\/1"}],"replies":[{"embeddable":true,"href":"https:\/\/elestataldemexico.com\/index.php\/wp-json\/wp\/v2\/comments?post=21561"}],"version-history":[{"count":0,"href":"https:\/\/elestataldemexico.com\/index.php\/wp-json\/wp\/v2\/posts\/21561\/revisions"}],"wp:featuredmedia":[{"embeddable":true,"href":"https:\/\/elestataldemexico.com\/index.php\/wp-json\/wp\/v2\/media\/21563"}],"wp:attachment":[{"href":"https:\/\/elestataldemexico.com\/index.php\/wp-json\/wp\/v2\/media?parent=21561"}],"wp:term":[{"taxonomy":"category","embeddable":true,"href":"https:\/\/elestataldemexico.com\/index.php\/wp-json\/wp\/v2\/categories?post=21561"},{"taxonomy":"post_tag","embeddable":true,"href":"https:\/\/elestataldemexico.com\/index.php\/wp-json\/wp\/v2\/tags?post=21561"}],"curies":[{"name":"wp","href":"https:\/\/api.w.org\/{rel}","templated":true}]}}