{"id":21528,"date":"2024-04-10T09:15:41","date_gmt":"2024-04-10T14:15:41","guid":{"rendered":"https:\/\/podernacional.com\/?p=21528"},"modified":"2024-04-10T09:15:41","modified_gmt":"2024-04-10T14:15:41","slug":"iran-castillo-debuta-en-las-canciones-infantiles-y-le-llueven-criticas-que-perturbador","status":"publish","type":"post","link":"https:\/\/elestataldemexico.com\/index.php\/2024\/04\/10\/iran-castillo-debuta-en-las-canciones-infantiles-y-le-llueven-criticas-que-perturbador\/","title":{"rendered":"Ir\u00e1n Castillo debuta en las canciones infantiles y le llueven cr\u00edticas: \u00abQu\u00e9 perturbador\u00bb"},"content":{"rendered":"<p>Ir\u00e1n Castillo es una actriz que ha estado activa en M\u00e9xico desde la d\u00e9cada de 1990 cuando incursion\u00f3 en la pantalla chica, ahora, a sus 47 a\u00f1os, la cantante ha decidido abrirse al g\u00e9nero de las canciones infantiles, algo que ha dividido opiniones debido a lo poco com\u00fan que es verla vestida muy al estilo de Tatiana o de Bely de \u00abBely y Beto\u00bb.<\/p>\n<p>Y es que recientemente se viralizaron algunas de sus canciones en redes sociales, las cuales han abierto un debate en torno a retirarse o seguir trabajando, pues aunque ha mantenido su distancia de los reflectores, en internet contin\u00faa estando presente como cantante infantil y con un podcast.<\/p>\n<p>Fue en una reciente publicaci\u00f3n en Instagram de uno de sus m\u00e1s recientes videos infantiles titulado \u00abEl mundo de los sue\u00f1os\u00bb en el que Ir\u00e1n Castillo canta una canci\u00f3n de cuna para los ni\u00f1os, en el que recibi\u00f3 cr\u00edticas a esta nueva faceta de su carrera como cantante.<\/p>\n<p>\u00abQu\u00e9 perturbador\u00bb<br \/>\n\u00abYa lleg\u00f3 la hora \u2026 De retirarse\u00bb<br \/>\n\u00abOlv se la puse a mi hijo y no para de llorar est\u00e1 asustado\u00bb<br \/>\n\u00abY qui\u00e9n iba a pensar que Magdalena de clase 406 iba a cantar\u00bb<br \/>\n\u00abImag\u00ednate que te salga en la noche cantando\u00bb<br \/>\n\u00abChale&#8230; Se ve bien ruca&#8230; Mejor ya adi\u00f3s y que deje de hacer ridiculeces\u00bb<br \/>\n\u00abYa te lleg\u00f3 la hora&#8230; ya diste el viejazo\u00bb<br \/>\n\u00abDu\u00e9rmanse para que no les vaya a salir Ir\u00e1n castillo cantando\u00bb<\/p>\n<p>Por otro lado, hubo quienes defendieron a la tambi\u00e9n actriz de las malas cr\u00edticas e incluso aplaudieron su trabajo dirigido a ni\u00f1os y ni\u00f1as en un mundo en el que el reguet\u00f3n est\u00e1 al alcance de sus manos.<\/p>\n<p>\u00ab\u00a1Gracias, Ir\u00e1n, te felicito! Los ni\u00f1os necesitan m\u00e1s de esto y menos reguet\u00f3n.\u00bb<br \/>\n\u00ab\u00a1Se pasan! Esta muy bonita la canci\u00f3n\u00bb<br \/>\n\u00ab\u00a1M\u00e1s de esto por favor! La ni\u00f1ez est\u00e1 muy descuidada y estamos viendo las consecuencias\u00bb<br \/>\n\u00abNo le hace da\u00f1o a nadie \u00bfpor qu\u00e9 tanto hate? \u00bfTodo bien en casita?\u00bb<br \/>\n\u00abComo maestra de pre-kinder encuentro estas canciones super adecuadas para la primera infancia. Los que deber\u00edan jubilarse son aquellos que la reconocen de las novelas\u00bb<br \/>\n\u00abTenga la edad que tenga \u00bfCu\u00e1l es el problema que cante?\u00bb<br \/>\nSin embargo, Ir\u00e1n Castillo ha demostrado que su proyecto infantil \u00abEl Castillo de Ir\u00e1n\u00bb ha tenido \u00e9xito a pesar de las cr\u00edticas que ha recibido, pues tan s\u00f3lo en YouTube cuenta con poco m\u00e1s de 2 millones de suscriptores.<\/p>\n<p>En Spotify, \u00abEl Castillo de Ir\u00e1n\u00bb tiene 567 oyentes mensuales y ya cuenta con cinco sencillos que hasta el momento suman juntos m\u00e1s de 5 mil reproducciones.<\/p>\n","protected":false},"excerpt":{"rendered":"<p>Ir\u00e1n Castillo es una actriz que ha estado activa en M\u00e9xico desde la d\u00e9cada de 1990 cuando incursion\u00f3<\/p>\n","protected":false},"author":1,"featured_media":21530,"comment_status":"open","ping_status":"closed","sticky":false,"template":"","format":"standard","meta":{"footnotes":""},"categories":[11],"tags":[],"class_list":["post-21528","post","type-post","status-publish","format-standard","has-post-thumbnail","hentry","category-espectaculos"],"yoast_head":"<!-- This site is optimized with the Yoast SEO plugin v27.5 - https:\/\/yoast.com\/product\/yoast-seo-wordpress\/ -->\n<title>Ir\u00e1n Castillo debuta en las canciones infantiles y le llueven cr\u00edticas: &quot;Qu\u00e9 perturbador&quot; - El Estatal de M\u00e9xico<\/title>\n<meta name=\"robots\" content=\"index, follow, max-snippet:-1, max-image-preview:large, max-video-preview:-1\" \/>\n<link rel=\"canonical\" href=\"https:\/\/elestataldemexico.com\/index.php\/2024\/04\/10\/iran-castillo-debuta-en-las-canciones-infantiles-y-le-llueven-criticas-que-perturbador\/\" \/>\n<meta property=\"og:locale\" content=\"es_ES\" \/>\n<meta property=\"og:type\" content=\"article\" \/>\n<meta property=\"og:title\" content=\"Ir\u00e1n Castillo debuta en las canciones infantiles y le llueven cr\u00edticas: &quot;Qu\u00e9 perturbador&quot; - El Estatal de M\u00e9xico\" \/>\n<meta property=\"og:description\" content=\"Ir\u00e1n Castillo es una actriz que ha estado activa en M\u00e9xico desde la d\u00e9cada de 1990 cuando incursion\u00f3\" \/>\n<meta property=\"og:url\" content=\"https:\/\/elestataldemexico.com\/index.php\/2024\/04\/10\/iran-castillo-debuta-en-las-canciones-infantiles-y-le-llueven-criticas-que-perturbador\/\" \/>\n<meta property=\"og:site_name\" content=\"El Estatal de M\u00e9xico\" \/>\n<meta property=\"article:published_time\" content=\"2024-04-10T14:15:41+00:00\" \/>\n<meta property=\"og:image\" content=\"https:\/\/elestataldemexico.com\/wp-content\/uploads\/2024\/04\/WhatsApp-Image-2024-04-10-at-09.13.57.jpeg\" \/>\n\t<meta property=\"og:image:width\" content=\"830\" \/>\n\t<meta property=\"og:image:height\" content=\"623\" \/>\n\t<meta property=\"og:image:type\" content=\"image\/jpeg\" \/>\n<meta name=\"author\" content=\"admin\" \/>\n<meta name=\"twitter:card\" content=\"summary_large_image\" \/>\n<meta name=\"twitter:label1\" content=\"Escrito por\" \/>\n\t<meta name=\"twitter:data1\" content=\"admin\" \/>\n\t<meta name=\"twitter:label2\" content=\"Tiempo de lectura\" \/>\n\t<meta name=\"twitter:data2\" content=\"2 minutos\" \/>\n<script type=\"application\/ld+json\" class=\"yoast-schema-graph\">{\"@context\":\"https:\\\/\\\/schema.org\",\"@graph\":[{\"@type\":\"Article\",\"@id\":\"https:\\\/\\\/elestataldemexico.com\\\/index.php\\\/2024\\\/04\\\/10\\\/iran-castillo-debuta-en-las-canciones-infantiles-y-le-llueven-criticas-que-perturbador\\\/#article\",\"isPartOf\":{\"@id\":\"https:\\\/\\\/elestataldemexico.com\\\/index.php\\\/2024\\\/04\\\/10\\\/iran-castillo-debuta-en-las-canciones-infantiles-y-le-llueven-criticas-que-perturbador\\\/\"},\"author\":{\"name\":\"admin\",\"@id\":\"https:\\\/\\\/elestataldemexico.com\\\/#\\\/schema\\\/person\\\/6c7813c13d2c1571771f592f0fe866bb\"},\"headline\":\"Ir\u00e1n Castillo debuta en las canciones infantiles y le llueven cr\u00edticas: \u00abQu\u00e9 perturbador\u00bb\",\"datePublished\":\"2024-04-10T14:15:41+00:00\",\"mainEntityOfPage\":{\"@id\":\"https:\\\/\\\/elestataldemexico.com\\\/index.php\\\/2024\\\/04\\\/10\\\/iran-castillo-debuta-en-las-canciones-infantiles-y-le-llueven-criticas-que-perturbador\\\/\"},\"wordCount\":475,\"commentCount\":0,\"publisher\":{\"@id\":\"https:\\\/\\\/elestataldemexico.com\\\/#organization\"},\"image\":{\"@id\":\"https:\\\/\\\/elestataldemexico.com\\\/index.php\\\/2024\\\/04\\\/10\\\/iran-castillo-debuta-en-las-canciones-infantiles-y-le-llueven-criticas-que-perturbador\\\/#primaryimage\"},\"thumbnailUrl\":\"https:\\\/\\\/elestataldemexico.com\\\/wp-content\\\/uploads\\\/2024\\\/04\\\/WhatsApp-Image-2024-04-10-at-09.13.57.jpeg\",\"articleSection\":[\"Espectaculos\"],\"inLanguage\":\"es\",\"potentialAction\":[{\"@type\":\"CommentAction\",\"name\":\"Comment\",\"target\":[\"https:\\\/\\\/elestataldemexico.com\\\/index.php\\\/2024\\\/04\\\/10\\\/iran-castillo-debuta-en-las-canciones-infantiles-y-le-llueven-criticas-que-perturbador\\\/#respond\"]}]},{\"@type\":\"WebPage\",\"@id\":\"https:\\\/\\\/elestataldemexico.com\\\/index.php\\\/2024\\\/04\\\/10\\\/iran-castillo-debuta-en-las-canciones-infantiles-y-le-llueven-criticas-que-perturbador\\\/\",\"url\":\"https:\\\/\\\/elestataldemexico.com\\\/index.php\\\/2024\\\/04\\\/10\\\/iran-castillo-debuta-en-las-canciones-infantiles-y-le-llueven-criticas-que-perturbador\\\/\",\"name\":\"Ir\u00e1n Castillo debuta en las canciones infantiles y le llueven cr\u00edticas: \\\"Qu\u00e9 perturbador\\\" - El Estatal de M\u00e9xico\",\"isPartOf\":{\"@id\":\"https:\\\/\\\/elestataldemexico.com\\\/#website\"},\"primaryImageOfPage\":{\"@id\":\"https:\\\/\\\/elestataldemexico.com\\\/index.php\\\/2024\\\/04\\\/10\\\/iran-castillo-debuta-en-las-canciones-infantiles-y-le-llueven-criticas-que-perturbador\\\/#primaryimage\"},\"image\":{\"@id\":\"https:\\\/\\\/elestataldemexico.com\\\/index.php\\\/2024\\\/04\\\/10\\\/iran-castillo-debuta-en-las-canciones-infantiles-y-le-llueven-criticas-que-perturbador\\\/#primaryimage\"},\"thumbnailUrl\":\"https:\\\/\\\/elestataldemexico.com\\\/wp-content\\\/uploads\\\/2024\\\/04\\\/WhatsApp-Image-2024-04-10-at-09.13.57.jpeg\",\"datePublished\":\"2024-04-10T14:15:41+00:00\",\"breadcrumb\":{\"@id\":\"https:\\\/\\\/elestataldemexico.com\\\/index.php\\\/2024\\\/04\\\/10\\\/iran-castillo-debuta-en-las-canciones-infantiles-y-le-llueven-criticas-que-perturbador\\\/#breadcrumb\"},\"inLanguage\":\"es\",\"potentialAction\":[{\"@type\":\"ReadAction\",\"target\":[\"https:\\\/\\\/elestataldemexico.com\\\/index.php\\\/2024\\\/04\\\/10\\\/iran-castillo-debuta-en-las-canciones-infantiles-y-le-llueven-criticas-que-perturbador\\\/\"]}]},{\"@type\":\"ImageObject\",\"inLanguage\":\"es\",\"@id\":\"https:\\\/\\\/elestataldemexico.com\\\/index.php\\\/2024\\\/04\\\/10\\\/iran-castillo-debuta-en-las-canciones-infantiles-y-le-llueven-criticas-que-perturbador\\\/#primaryimage\",\"url\":\"https:\\\/\\\/elestataldemexico.com\\\/wp-content\\\/uploads\\\/2024\\\/04\\\/WhatsApp-Image-2024-04-10-at-09.13.57.jpeg\",\"contentUrl\":\"https:\\\/\\\/elestataldemexico.com\\\/wp-content\\\/uploads\\\/2024\\\/04\\\/WhatsApp-Image-2024-04-10-at-09.13.57.jpeg\",\"width\":830,\"height\":623},{\"@type\":\"BreadcrumbList\",\"@id\":\"https:\\\/\\\/elestataldemexico.com\\\/index.php\\\/2024\\\/04\\\/10\\\/iran-castillo-debuta-en-las-canciones-infantiles-y-le-llueven-criticas-que-perturbador\\\/#breadcrumb\",\"itemListElement\":[{\"@type\":\"ListItem\",\"position\":1,\"name\":\"Portada\",\"item\":\"https:\\\/\\\/elestataldemexico.com\\\/\"},{\"@type\":\"ListItem\",\"position\":2,\"name\":\"Ir\u00e1n Castillo debuta en las canciones infantiles y le llueven cr\u00edticas: \u00abQu\u00e9 perturbador\u00bb\"}]},{\"@type\":\"WebSite\",\"@id\":\"https:\\\/\\\/elestataldemexico.com\\\/#website\",\"url\":\"https:\\\/\\\/elestataldemexico.com\\\/\",\"name\":\"El Estatal de M\u00e9xico\",\"description\":\"\",\"publisher\":{\"@id\":\"https:\\\/\\\/elestataldemexico.com\\\/#organization\"},\"potentialAction\":[{\"@type\":\"SearchAction\",\"target\":{\"@type\":\"EntryPoint\",\"urlTemplate\":\"https:\\\/\\\/elestataldemexico.com\\\/?s={search_term_string}\"},\"query-input\":{\"@type\":\"PropertyValueSpecification\",\"valueRequired\":true,\"valueName\":\"search_term_string\"}}],\"inLanguage\":\"es\"},{\"@type\":\"Organization\",\"@id\":\"https:\\\/\\\/elestataldemexico.com\\\/#organization\",\"name\":\"El Estatal de M\u00e9xico\",\"url\":\"https:\\\/\\\/elestataldemexico.com\\\/\",\"logo\":{\"@type\":\"ImageObject\",\"inLanguage\":\"es\",\"@id\":\"https:\\\/\\\/elestataldemexico.com\\\/#\\\/schema\\\/logo\\\/image\\\/\",\"url\":\"https:\\\/\\\/elestataldemexico.com\\\/wp-content\\\/uploads\\\/2025\\\/05\\\/cropped-elestatal.png\",\"contentUrl\":\"https:\\\/\\\/elestataldemexico.com\\\/wp-content\\\/uploads\\\/2025\\\/05\\\/cropped-elestatal.png\",\"width\":504,\"height\":97,\"caption\":\"El Estatal de M\u00e9xico\"},\"image\":{\"@id\":\"https:\\\/\\\/elestataldemexico.com\\\/#\\\/schema\\\/logo\\\/image\\\/\"}},{\"@type\":\"Person\",\"@id\":\"https:\\\/\\\/elestataldemexico.com\\\/#\\\/schema\\\/person\\\/6c7813c13d2c1571771f592f0fe866bb\",\"name\":\"admin\",\"image\":{\"@type\":\"ImageObject\",\"inLanguage\":\"es\",\"@id\":\"https:\\\/\\\/secure.gravatar.com\\\/avatar\\\/d5ed2db9923a3ad3c0a47f6b3aec7abcb43924b9322251ade16472fc06f7bb5b?s=96&d=mm&r=g\",\"url\":\"https:\\\/\\\/secure.gravatar.com\\\/avatar\\\/d5ed2db9923a3ad3c0a47f6b3aec7abcb43924b9322251ade16472fc06f7bb5b?s=96&d=mm&r=g\",\"contentUrl\":\"https:\\\/\\\/secure.gravatar.com\\\/avatar\\\/d5ed2db9923a3ad3c0a47f6b3aec7abcb43924b9322251ade16472fc06f7bb5b?s=96&d=mm&r=g\",\"caption\":\"admin\"},\"sameAs\":[\"https:\\\/\\\/elestataldemexico.com\"],\"url\":\"https:\\\/\\\/elestataldemexico.com\\\/index.php\\\/author\\\/info_qk62m3p3\\\/\"}]}<\/script>\n<!-- \/ Yoast SEO plugin. -->","yoast_head_json":{"title":"Ir\u00e1n Castillo debuta en las canciones infantiles y le llueven cr\u00edticas: \"Qu\u00e9 perturbador\" - El Estatal de M\u00e9xico","robots":{"index":"index","follow":"follow","max-snippet":"max-snippet:-1","max-image-preview":"max-image-preview:large","max-video-preview":"max-video-preview:-1"},"canonical":"https:\/\/elestataldemexico.com\/index.php\/2024\/04\/10\/iran-castillo-debuta-en-las-canciones-infantiles-y-le-llueven-criticas-que-perturbador\/","og_locale":"es_ES","og_type":"article","og_title":"Ir\u00e1n Castillo debuta en las canciones infantiles y le llueven cr\u00edticas: \"Qu\u00e9 perturbador\" - El Estatal de M\u00e9xico","og_description":"Ir\u00e1n Castillo es una actriz que ha estado activa en M\u00e9xico desde la d\u00e9cada de 1990 cuando incursion\u00f3","og_url":"https:\/\/elestataldemexico.com\/index.php\/2024\/04\/10\/iran-castillo-debuta-en-las-canciones-infantiles-y-le-llueven-criticas-que-perturbador\/","og_site_name":"El Estatal de M\u00e9xico","article_published_time":"2024-04-10T14:15:41+00:00","og_image":[{"width":830,"height":623,"url":"https:\/\/elestataldemexico.com\/wp-content\/uploads\/2024\/04\/WhatsApp-Image-2024-04-10-at-09.13.57.jpeg","type":"image\/jpeg"}],"author":"admin","twitter_card":"summary_large_image","twitter_misc":{"Escrito por":"admin","Tiempo de lectura":"2 minutos"},"schema":{"@context":"https:\/\/schema.org","@graph":[{"@type":"Article","@id":"https:\/\/elestataldemexico.com\/index.php\/2024\/04\/10\/iran-castillo-debuta-en-las-canciones-infantiles-y-le-llueven-criticas-que-perturbador\/#article","isPartOf":{"@id":"https:\/\/elestataldemexico.com\/index.php\/2024\/04\/10\/iran-castillo-debuta-en-las-canciones-infantiles-y-le-llueven-criticas-que-perturbador\/"},"author":{"name":"admin","@id":"https:\/\/elestataldemexico.com\/#\/schema\/person\/6c7813c13d2c1571771f592f0fe866bb"},"headline":"Ir\u00e1n Castillo debuta en las canciones infantiles y le llueven cr\u00edticas: \u00abQu\u00e9 perturbador\u00bb","datePublished":"2024-04-10T14:15:41+00:00","mainEntityOfPage":{"@id":"https:\/\/elestataldemexico.com\/index.php\/2024\/04\/10\/iran-castillo-debuta-en-las-canciones-infantiles-y-le-llueven-criticas-que-perturbador\/"},"wordCount":475,"commentCount":0,"publisher":{"@id":"https:\/\/elestataldemexico.com\/#organization"},"image":{"@id":"https:\/\/elestataldemexico.com\/index.php\/2024\/04\/10\/iran-castillo-debuta-en-las-canciones-infantiles-y-le-llueven-criticas-que-perturbador\/#primaryimage"},"thumbnailUrl":"https:\/\/elestataldemexico.com\/wp-content\/uploads\/2024\/04\/WhatsApp-Image-2024-04-10-at-09.13.57.jpeg","articleSection":["Espectaculos"],"inLanguage":"es","potentialAction":[{"@type":"CommentAction","name":"Comment","target":["https:\/\/elestataldemexico.com\/index.php\/2024\/04\/10\/iran-castillo-debuta-en-las-canciones-infantiles-y-le-llueven-criticas-que-perturbador\/#respond"]}]},{"@type":"WebPage","@id":"https:\/\/elestataldemexico.com\/index.php\/2024\/04\/10\/iran-castillo-debuta-en-las-canciones-infantiles-y-le-llueven-criticas-que-perturbador\/","url":"https:\/\/elestataldemexico.com\/index.php\/2024\/04\/10\/iran-castillo-debuta-en-las-canciones-infantiles-y-le-llueven-criticas-que-perturbador\/","name":"Ir\u00e1n Castillo debuta en las canciones infantiles y le llueven cr\u00edticas: \"Qu\u00e9 perturbador\" - El Estatal de M\u00e9xico","isPartOf":{"@id":"https:\/\/elestataldemexico.com\/#website"},"primaryImageOfPage":{"@id":"https:\/\/elestataldemexico.com\/index.php\/2024\/04\/10\/iran-castillo-debuta-en-las-canciones-infantiles-y-le-llueven-criticas-que-perturbador\/#primaryimage"},"image":{"@id":"https:\/\/elestataldemexico.com\/index.php\/2024\/04\/10\/iran-castillo-debuta-en-las-canciones-infantiles-y-le-llueven-criticas-que-perturbador\/#primaryimage"},"thumbnailUrl":"https:\/\/elestataldemexico.com\/wp-content\/uploads\/2024\/04\/WhatsApp-Image-2024-04-10-at-09.13.57.jpeg","datePublished":"2024-04-10T14:15:41+00:00","breadcrumb":{"@id":"https:\/\/elestataldemexico.com\/index.php\/2024\/04\/10\/iran-castillo-debuta-en-las-canciones-infantiles-y-le-llueven-criticas-que-perturbador\/#breadcrumb"},"inLanguage":"es","potentialAction":[{"@type":"ReadAction","target":["https:\/\/elestataldemexico.com\/index.php\/2024\/04\/10\/iran-castillo-debuta-en-las-canciones-infantiles-y-le-llueven-criticas-que-perturbador\/"]}]},{"@type":"ImageObject","inLanguage":"es","@id":"https:\/\/elestataldemexico.com\/index.php\/2024\/04\/10\/iran-castillo-debuta-en-las-canciones-infantiles-y-le-llueven-criticas-que-perturbador\/#primaryimage","url":"https:\/\/elestataldemexico.com\/wp-content\/uploads\/2024\/04\/WhatsApp-Image-2024-04-10-at-09.13.57.jpeg","contentUrl":"https:\/\/elestataldemexico.com\/wp-content\/uploads\/2024\/04\/WhatsApp-Image-2024-04-10-at-09.13.57.jpeg","width":830,"height":623},{"@type":"BreadcrumbList","@id":"https:\/\/elestataldemexico.com\/index.php\/2024\/04\/10\/iran-castillo-debuta-en-las-canciones-infantiles-y-le-llueven-criticas-que-perturbador\/#breadcrumb","itemListElement":[{"@type":"ListItem","position":1,"name":"Portada","item":"https:\/\/elestataldemexico.com\/"},{"@type":"ListItem","position":2,"name":"Ir\u00e1n Castillo debuta en las canciones infantiles y le llueven cr\u00edticas: \u00abQu\u00e9 perturbador\u00bb"}]},{"@type":"WebSite","@id":"https:\/\/elestataldemexico.com\/#website","url":"https:\/\/elestataldemexico.com\/","name":"El Estatal de M\u00e9xico","description":"","publisher":{"@id":"https:\/\/elestataldemexico.com\/#organization"},"potentialAction":[{"@type":"SearchAction","target":{"@type":"EntryPoint","urlTemplate":"https:\/\/elestataldemexico.com\/?s={search_term_string}"},"query-input":{"@type":"PropertyValueSpecification","valueRequired":true,"valueName":"search_term_string"}}],"inLanguage":"es"},{"@type":"Organization","@id":"https:\/\/elestataldemexico.com\/#organization","name":"El Estatal de M\u00e9xico","url":"https:\/\/elestataldemexico.com\/","logo":{"@type":"ImageObject","inLanguage":"es","@id":"https:\/\/elestataldemexico.com\/#\/schema\/logo\/image\/","url":"https:\/\/elestataldemexico.com\/wp-content\/uploads\/2025\/05\/cropped-elestatal.png","contentUrl":"https:\/\/elestataldemexico.com\/wp-content\/uploads\/2025\/05\/cropped-elestatal.png","width":504,"height":97,"caption":"El Estatal de M\u00e9xico"},"image":{"@id":"https:\/\/elestataldemexico.com\/#\/schema\/logo\/image\/"}},{"@type":"Person","@id":"https:\/\/elestataldemexico.com\/#\/schema\/person\/6c7813c13d2c1571771f592f0fe866bb","name":"admin","image":{"@type":"ImageObject","inLanguage":"es","@id":"https:\/\/secure.gravatar.com\/avatar\/d5ed2db9923a3ad3c0a47f6b3aec7abcb43924b9322251ade16472fc06f7bb5b?s=96&d=mm&r=g","url":"https:\/\/secure.gravatar.com\/avatar\/d5ed2db9923a3ad3c0a47f6b3aec7abcb43924b9322251ade16472fc06f7bb5b?s=96&d=mm&r=g","contentUrl":"https:\/\/secure.gravatar.com\/avatar\/d5ed2db9923a3ad3c0a47f6b3aec7abcb43924b9322251ade16472fc06f7bb5b?s=96&d=mm&r=g","caption":"admin"},"sameAs":["https:\/\/elestataldemexico.com"],"url":"https:\/\/elestataldemexico.com\/index.php\/author\/info_qk62m3p3\/"}]}},"_links":{"self":[{"href":"https:\/\/elestataldemexico.com\/index.php\/wp-json\/wp\/v2\/posts\/21528","targetHints":{"allow":["GET"]}}],"collection":[{"href":"https:\/\/elestataldemexico.com\/index.php\/wp-json\/wp\/v2\/posts"}],"about":[{"href":"https:\/\/elestataldemexico.com\/index.php\/wp-json\/wp\/v2\/types\/post"}],"author":[{"embeddable":true,"href":"https:\/\/elestataldemexico.com\/index.php\/wp-json\/wp\/v2\/users\/1"}],"replies":[{"embeddable":true,"href":"https:\/\/elestataldemexico.com\/index.php\/wp-json\/wp\/v2\/comments?post=21528"}],"version-history":[{"count":0,"href":"https:\/\/elestataldemexico.com\/index.php\/wp-json\/wp\/v2\/posts\/21528\/revisions"}],"wp:featuredmedia":[{"embeddable":true,"href":"https:\/\/elestataldemexico.com\/index.php\/wp-json\/wp\/v2\/media\/21530"}],"wp:attachment":[{"href":"https:\/\/elestataldemexico.com\/index.php\/wp-json\/wp\/v2\/media?parent=21528"}],"wp:term":[{"taxonomy":"category","embeddable":true,"href":"https:\/\/elestataldemexico.com\/index.php\/wp-json\/wp\/v2\/categories?post=21528"},{"taxonomy":"post_tag","embeddable":true,"href":"https:\/\/elestataldemexico.com\/index.php\/wp-json\/wp\/v2\/tags?post=21528"}],"curies":[{"name":"wp","href":"https:\/\/api.w.org\/{rel}","templated":true}]}}