{"id":21489,"date":"2024-04-07T11:41:25","date_gmt":"2024-04-07T16:41:25","guid":{"rendered":"https:\/\/podernacional.com\/?p=21489"},"modified":"2024-04-07T11:41:25","modified_gmt":"2024-04-07T16:41:25","slug":"imss-hace-un-llamado-a-la-poblacion-a-adoptar-habitos-saludables-para-prevenir-enfermedades","status":"publish","type":"post","link":"https:\/\/elestataldemexico.com\/index.php\/2024\/04\/07\/imss-hace-un-llamado-a-la-poblacion-a-adoptar-habitos-saludables-para-prevenir-enfermedades\/","title":{"rendered":"IMSS hace un llamado a la poblaci\u00f3n a adoptar h\u00e1bitos saludables para prevenir enfermedades"},"content":{"rendered":"<p>El Instituto Mexicano del Seguro Social (IMSS) recomend\u00f3 a la poblaci\u00f3n adoptar h\u00e1bitos saludables con la finalidad de mantener una buena calidad en la salud y prevenir enfermedades cr\u00f3nico-degenerativas durante todas las etapas de la vida, a trav\u00e9s de acciones como: establecer una alimentaci\u00f3n saludable, tomar agua simple potable, realizar actividad f\u00edsica y dormir entre 7 y 8 horas al d\u00eda.<\/p>\n<p>En el marco del D\u00eda Mundial de la Salud, jornada conmemorativa que se celebr\u00f3 el 7 de abril desde 1950, este a\u00f1o 2024 con el lema \u201cMi salud, mi derecho\u201d, el Instituto inform\u00f3 que, en sus Unidades de Medicina Familiar, se cuenta con la estrategia PREVENIMSS, donde se fomenta la atenci\u00f3n preventiva e integral con acciones de promoci\u00f3n de la salud, evaluaci\u00f3n del estado de nutrici\u00f3n, prevenci\u00f3n, detecci\u00f3n y control de enfermedades, as\u00ed como salud sexual y reproductiva por grupo de edad y sexo.<\/p>\n<p>La coordinadora de Programas de Nivel Central de la Direcci\u00f3n de Prestaciones M\u00e9dicas, Mar\u00eda Natalia Garc\u00eda Patr\u00f3n, destac\u00f3 que en las unidades de Primer Nivel de atenci\u00f3n del IMSS las acciones de salud inician desde antes del nacimiento, durante el embarazo y en la edad adulta mediante la iniciativa PrevenIMSS que promueve la cultura de la prevenci\u00f3n de enfermedades cr\u00f3nico-degenerativas.<\/p>\n<p>Invit\u00f3 a la poblaci\u00f3n a realizarse su Chequeo PrevenIMSS en las unidades de medicina familiar, la especialista detall\u00f3 que el Instituto Mexicano del Seguro Social cuenta con estrategias educativas de promoci\u00f3n de la salud que se dividen por grupos de edad o vulnerables.<\/p>\n<p>Abund\u00f3 que la estrategia educativa \u201cElla y \u00c9l con PREVENIMSS \u201catiende a mujeres y hombres de 20 a 59 a\u00f1os sobre temas de alimentaci\u00f3n saludable, actividad f\u00edsica y ejercicio, violencia, adicciones, prevenci\u00f3n de accidentes, autoestima, salud sexual, planificaci\u00f3n familiar, manejo del estr\u00e9s, entre otras.<\/p>\n<p>Garc\u00eda Patr\u00f3n indic\u00f3 que adicionalmente el Instituto cuenta con la estrategia educativa Envejecimiento Activo PREVENIMSS, dirigido a poblaci\u00f3n de m\u00e1s de 60 a\u00f1os, cuyo objetivo es promover la productividad, participaci\u00f3n social, calidad y esperanza de vida en las personas adultas mayores.<\/p>\n<p>Refiri\u00f3 que el IMSS tambi\u00e9n cuenta con la estrategia educativa \u201cEmbarazo PREVENIMSS\u201d, para embarazadas y sus acompa\u00f1antes; \u201cYo puedo\u201d, para personas mayores de 10 a\u00f1os que viven con diabetes, hipertensi\u00f3n, sobrepeso u obesidad; y \u201cPasos por la Salud\u201d, destinado a quienes padecen sobrepeso u obesidad desde los 6 a\u00f1os de edad en adelante.<\/p>\n<p>&nbsp;<\/p>\n","protected":false},"excerpt":{"rendered":"<p>El Instituto Mexicano del Seguro Social (IMSS) recomend\u00f3 a la poblaci\u00f3n adoptar h\u00e1bitos saludables con la finalidad de<\/p>\n","protected":false},"author":1,"featured_media":21491,"comment_status":"open","ping_status":"closed","sticky":false,"template":"","format":"standard","meta":{"footnotes":""},"categories":[7],"tags":[],"class_list":["post-21489","post","type-post","status-publish","format-standard","has-post-thumbnail","hentry","category-nacional"],"yoast_head":"<!-- This site is optimized with the Yoast SEO plugin v27.4 - https:\/\/yoast.com\/product\/yoast-seo-wordpress\/ -->\n<title>IMSS hace un llamado a la poblaci\u00f3n a adoptar h\u00e1bitos saludables para prevenir enfermedades - El Estatal de M\u00e9xico<\/title>\n<meta name=\"robots\" content=\"index, follow, max-snippet:-1, max-image-preview:large, max-video-preview:-1\" \/>\n<link rel=\"canonical\" href=\"https:\/\/elestataldemexico.com\/index.php\/2024\/04\/07\/imss-hace-un-llamado-a-la-poblacion-a-adoptar-habitos-saludables-para-prevenir-enfermedades\/\" \/>\n<meta property=\"og:locale\" content=\"es_ES\" \/>\n<meta property=\"og:type\" content=\"article\" \/>\n<meta property=\"og:title\" content=\"IMSS hace un llamado a la poblaci\u00f3n a adoptar h\u00e1bitos saludables para prevenir enfermedades - El Estatal de M\u00e9xico\" \/>\n<meta property=\"og:description\" content=\"El Instituto Mexicano del Seguro Social (IMSS) recomend\u00f3 a la poblaci\u00f3n adoptar h\u00e1bitos saludables con la finalidad de\" \/>\n<meta property=\"og:url\" content=\"https:\/\/elestataldemexico.com\/index.php\/2024\/04\/07\/imss-hace-un-llamado-a-la-poblacion-a-adoptar-habitos-saludables-para-prevenir-enfermedades\/\" \/>\n<meta property=\"og:site_name\" content=\"El Estatal de M\u00e9xico\" \/>\n<meta property=\"article:published_time\" content=\"2024-04-07T16:41:25+00:00\" \/>\n<meta property=\"og:image\" content=\"https:\/\/elestataldemexico.com\/wp-content\/uploads\/2024\/04\/WhatsApp-Image-2024-04-07-at-11.39.24.jpeg\" \/>\n\t<meta property=\"og:image:width\" content=\"1100\" \/>\n\t<meta property=\"og:image:height\" content=\"666\" \/>\n\t<meta property=\"og:image:type\" content=\"image\/jpeg\" \/>\n<meta name=\"author\" content=\"admin\" \/>\n<meta name=\"twitter:card\" content=\"summary_large_image\" \/>\n<meta name=\"twitter:label1\" content=\"Escrito por\" \/>\n\t<meta name=\"twitter:data1\" content=\"admin\" \/>\n\t<meta name=\"twitter:label2\" content=\"Tiempo de lectura\" \/>\n\t<meta name=\"twitter:data2\" content=\"2 minutos\" \/>\n<script type=\"application\/ld+json\" class=\"yoast-schema-graph\">{\"@context\":\"https:\\\/\\\/schema.org\",\"@graph\":[{\"@type\":\"Article\",\"@id\":\"https:\\\/\\\/elestataldemexico.com\\\/index.php\\\/2024\\\/04\\\/07\\\/imss-hace-un-llamado-a-la-poblacion-a-adoptar-habitos-saludables-para-prevenir-enfermedades\\\/#article\",\"isPartOf\":{\"@id\":\"https:\\\/\\\/elestataldemexico.com\\\/index.php\\\/2024\\\/04\\\/07\\\/imss-hace-un-llamado-a-la-poblacion-a-adoptar-habitos-saludables-para-prevenir-enfermedades\\\/\"},\"author\":{\"name\":\"admin\",\"@id\":\"https:\\\/\\\/elestataldemexico.com\\\/#\\\/schema\\\/person\\\/6c7813c13d2c1571771f592f0fe866bb\"},\"headline\":\"IMSS hace un llamado a la poblaci\u00f3n a adoptar h\u00e1bitos saludables para prevenir enfermedades\",\"datePublished\":\"2024-04-07T16:41:25+00:00\",\"mainEntityOfPage\":{\"@id\":\"https:\\\/\\\/elestataldemexico.com\\\/index.php\\\/2024\\\/04\\\/07\\\/imss-hace-un-llamado-a-la-poblacion-a-adoptar-habitos-saludables-para-prevenir-enfermedades\\\/\"},\"wordCount\":435,\"commentCount\":0,\"publisher\":{\"@id\":\"https:\\\/\\\/elestataldemexico.com\\\/#organization\"},\"image\":{\"@id\":\"https:\\\/\\\/elestataldemexico.com\\\/index.php\\\/2024\\\/04\\\/07\\\/imss-hace-un-llamado-a-la-poblacion-a-adoptar-habitos-saludables-para-prevenir-enfermedades\\\/#primaryimage\"},\"thumbnailUrl\":\"https:\\\/\\\/elestataldemexico.com\\\/wp-content\\\/uploads\\\/2024\\\/04\\\/WhatsApp-Image-2024-04-07-at-11.39.24.jpeg\",\"articleSection\":[\"Nacional\"],\"inLanguage\":\"es\",\"potentialAction\":[{\"@type\":\"CommentAction\",\"name\":\"Comment\",\"target\":[\"https:\\\/\\\/elestataldemexico.com\\\/index.php\\\/2024\\\/04\\\/07\\\/imss-hace-un-llamado-a-la-poblacion-a-adoptar-habitos-saludables-para-prevenir-enfermedades\\\/#respond\"]}]},{\"@type\":\"WebPage\",\"@id\":\"https:\\\/\\\/elestataldemexico.com\\\/index.php\\\/2024\\\/04\\\/07\\\/imss-hace-un-llamado-a-la-poblacion-a-adoptar-habitos-saludables-para-prevenir-enfermedades\\\/\",\"url\":\"https:\\\/\\\/elestataldemexico.com\\\/index.php\\\/2024\\\/04\\\/07\\\/imss-hace-un-llamado-a-la-poblacion-a-adoptar-habitos-saludables-para-prevenir-enfermedades\\\/\",\"name\":\"IMSS hace un llamado a la poblaci\u00f3n a adoptar h\u00e1bitos saludables para prevenir enfermedades - El Estatal de M\u00e9xico\",\"isPartOf\":{\"@id\":\"https:\\\/\\\/elestataldemexico.com\\\/#website\"},\"primaryImageOfPage\":{\"@id\":\"https:\\\/\\\/elestataldemexico.com\\\/index.php\\\/2024\\\/04\\\/07\\\/imss-hace-un-llamado-a-la-poblacion-a-adoptar-habitos-saludables-para-prevenir-enfermedades\\\/#primaryimage\"},\"image\":{\"@id\":\"https:\\\/\\\/elestataldemexico.com\\\/index.php\\\/2024\\\/04\\\/07\\\/imss-hace-un-llamado-a-la-poblacion-a-adoptar-habitos-saludables-para-prevenir-enfermedades\\\/#primaryimage\"},\"thumbnailUrl\":\"https:\\\/\\\/elestataldemexico.com\\\/wp-content\\\/uploads\\\/2024\\\/04\\\/WhatsApp-Image-2024-04-07-at-11.39.24.jpeg\",\"datePublished\":\"2024-04-07T16:41:25+00:00\",\"breadcrumb\":{\"@id\":\"https:\\\/\\\/elestataldemexico.com\\\/index.php\\\/2024\\\/04\\\/07\\\/imss-hace-un-llamado-a-la-poblacion-a-adoptar-habitos-saludables-para-prevenir-enfermedades\\\/#breadcrumb\"},\"inLanguage\":\"es\",\"potentialAction\":[{\"@type\":\"ReadAction\",\"target\":[\"https:\\\/\\\/elestataldemexico.com\\\/index.php\\\/2024\\\/04\\\/07\\\/imss-hace-un-llamado-a-la-poblacion-a-adoptar-habitos-saludables-para-prevenir-enfermedades\\\/\"]}]},{\"@type\":\"ImageObject\",\"inLanguage\":\"es\",\"@id\":\"https:\\\/\\\/elestataldemexico.com\\\/index.php\\\/2024\\\/04\\\/07\\\/imss-hace-un-llamado-a-la-poblacion-a-adoptar-habitos-saludables-para-prevenir-enfermedades\\\/#primaryimage\",\"url\":\"https:\\\/\\\/elestataldemexico.com\\\/wp-content\\\/uploads\\\/2024\\\/04\\\/WhatsApp-Image-2024-04-07-at-11.39.24.jpeg\",\"contentUrl\":\"https:\\\/\\\/elestataldemexico.com\\\/wp-content\\\/uploads\\\/2024\\\/04\\\/WhatsApp-Image-2024-04-07-at-11.39.24.jpeg\",\"width\":1100,\"height\":666},{\"@type\":\"BreadcrumbList\",\"@id\":\"https:\\\/\\\/elestataldemexico.com\\\/index.php\\\/2024\\\/04\\\/07\\\/imss-hace-un-llamado-a-la-poblacion-a-adoptar-habitos-saludables-para-prevenir-enfermedades\\\/#breadcrumb\",\"itemListElement\":[{\"@type\":\"ListItem\",\"position\":1,\"name\":\"Portada\",\"item\":\"https:\\\/\\\/elestataldemexico.com\\\/\"},{\"@type\":\"ListItem\",\"position\":2,\"name\":\"IMSS hace un llamado a la poblaci\u00f3n a adoptar h\u00e1bitos saludables para prevenir enfermedades\"}]},{\"@type\":\"WebSite\",\"@id\":\"https:\\\/\\\/elestataldemexico.com\\\/#website\",\"url\":\"https:\\\/\\\/elestataldemexico.com\\\/\",\"name\":\"El Estatal de M\u00e9xico\",\"description\":\"\",\"publisher\":{\"@id\":\"https:\\\/\\\/elestataldemexico.com\\\/#organization\"},\"potentialAction\":[{\"@type\":\"SearchAction\",\"target\":{\"@type\":\"EntryPoint\",\"urlTemplate\":\"https:\\\/\\\/elestataldemexico.com\\\/?s={search_term_string}\"},\"query-input\":{\"@type\":\"PropertyValueSpecification\",\"valueRequired\":true,\"valueName\":\"search_term_string\"}}],\"inLanguage\":\"es\"},{\"@type\":\"Organization\",\"@id\":\"https:\\\/\\\/elestataldemexico.com\\\/#organization\",\"name\":\"El Estatal de M\u00e9xico\",\"url\":\"https:\\\/\\\/elestataldemexico.com\\\/\",\"logo\":{\"@type\":\"ImageObject\",\"inLanguage\":\"es\",\"@id\":\"https:\\\/\\\/elestataldemexico.com\\\/#\\\/schema\\\/logo\\\/image\\\/\",\"url\":\"https:\\\/\\\/elestataldemexico.com\\\/wp-content\\\/uploads\\\/2025\\\/05\\\/cropped-elestatal.png\",\"contentUrl\":\"https:\\\/\\\/elestataldemexico.com\\\/wp-content\\\/uploads\\\/2025\\\/05\\\/cropped-elestatal.png\",\"width\":504,\"height\":97,\"caption\":\"El Estatal de M\u00e9xico\"},\"image\":{\"@id\":\"https:\\\/\\\/elestataldemexico.com\\\/#\\\/schema\\\/logo\\\/image\\\/\"}},{\"@type\":\"Person\",\"@id\":\"https:\\\/\\\/elestataldemexico.com\\\/#\\\/schema\\\/person\\\/6c7813c13d2c1571771f592f0fe866bb\",\"name\":\"admin\",\"image\":{\"@type\":\"ImageObject\",\"inLanguage\":\"es\",\"@id\":\"https:\\\/\\\/secure.gravatar.com\\\/avatar\\\/d5ed2db9923a3ad3c0a47f6b3aec7abcb43924b9322251ade16472fc06f7bb5b?s=96&d=mm&r=g\",\"url\":\"https:\\\/\\\/secure.gravatar.com\\\/avatar\\\/d5ed2db9923a3ad3c0a47f6b3aec7abcb43924b9322251ade16472fc06f7bb5b?s=96&d=mm&r=g\",\"contentUrl\":\"https:\\\/\\\/secure.gravatar.com\\\/avatar\\\/d5ed2db9923a3ad3c0a47f6b3aec7abcb43924b9322251ade16472fc06f7bb5b?s=96&d=mm&r=g\",\"caption\":\"admin\"},\"sameAs\":[\"https:\\\/\\\/elestataldemexico.com\"],\"url\":\"https:\\\/\\\/elestataldemexico.com\\\/index.php\\\/author\\\/info_qk62m3p3\\\/\"}]}<\/script>\n<!-- \/ Yoast SEO plugin. -->","yoast_head_json":{"title":"IMSS hace un llamado a la poblaci\u00f3n a adoptar h\u00e1bitos saludables para prevenir enfermedades - El Estatal de M\u00e9xico","robots":{"index":"index","follow":"follow","max-snippet":"max-snippet:-1","max-image-preview":"max-image-preview:large","max-video-preview":"max-video-preview:-1"},"canonical":"https:\/\/elestataldemexico.com\/index.php\/2024\/04\/07\/imss-hace-un-llamado-a-la-poblacion-a-adoptar-habitos-saludables-para-prevenir-enfermedades\/","og_locale":"es_ES","og_type":"article","og_title":"IMSS hace un llamado a la poblaci\u00f3n a adoptar h\u00e1bitos saludables para prevenir enfermedades - El Estatal de M\u00e9xico","og_description":"El Instituto Mexicano del Seguro Social (IMSS) recomend\u00f3 a la poblaci\u00f3n adoptar h\u00e1bitos saludables con la finalidad de","og_url":"https:\/\/elestataldemexico.com\/index.php\/2024\/04\/07\/imss-hace-un-llamado-a-la-poblacion-a-adoptar-habitos-saludables-para-prevenir-enfermedades\/","og_site_name":"El Estatal de M\u00e9xico","article_published_time":"2024-04-07T16:41:25+00:00","og_image":[{"width":1100,"height":666,"url":"https:\/\/elestataldemexico.com\/wp-content\/uploads\/2024\/04\/WhatsApp-Image-2024-04-07-at-11.39.24.jpeg","type":"image\/jpeg"}],"author":"admin","twitter_card":"summary_large_image","twitter_misc":{"Escrito por":"admin","Tiempo de lectura":"2 minutos"},"schema":{"@context":"https:\/\/schema.org","@graph":[{"@type":"Article","@id":"https:\/\/elestataldemexico.com\/index.php\/2024\/04\/07\/imss-hace-un-llamado-a-la-poblacion-a-adoptar-habitos-saludables-para-prevenir-enfermedades\/#article","isPartOf":{"@id":"https:\/\/elestataldemexico.com\/index.php\/2024\/04\/07\/imss-hace-un-llamado-a-la-poblacion-a-adoptar-habitos-saludables-para-prevenir-enfermedades\/"},"author":{"name":"admin","@id":"https:\/\/elestataldemexico.com\/#\/schema\/person\/6c7813c13d2c1571771f592f0fe866bb"},"headline":"IMSS hace un llamado a la poblaci\u00f3n a adoptar h\u00e1bitos saludables para prevenir enfermedades","datePublished":"2024-04-07T16:41:25+00:00","mainEntityOfPage":{"@id":"https:\/\/elestataldemexico.com\/index.php\/2024\/04\/07\/imss-hace-un-llamado-a-la-poblacion-a-adoptar-habitos-saludables-para-prevenir-enfermedades\/"},"wordCount":435,"commentCount":0,"publisher":{"@id":"https:\/\/elestataldemexico.com\/#organization"},"image":{"@id":"https:\/\/elestataldemexico.com\/index.php\/2024\/04\/07\/imss-hace-un-llamado-a-la-poblacion-a-adoptar-habitos-saludables-para-prevenir-enfermedades\/#primaryimage"},"thumbnailUrl":"https:\/\/elestataldemexico.com\/wp-content\/uploads\/2024\/04\/WhatsApp-Image-2024-04-07-at-11.39.24.jpeg","articleSection":["Nacional"],"inLanguage":"es","potentialAction":[{"@type":"CommentAction","name":"Comment","target":["https:\/\/elestataldemexico.com\/index.php\/2024\/04\/07\/imss-hace-un-llamado-a-la-poblacion-a-adoptar-habitos-saludables-para-prevenir-enfermedades\/#respond"]}]},{"@type":"WebPage","@id":"https:\/\/elestataldemexico.com\/index.php\/2024\/04\/07\/imss-hace-un-llamado-a-la-poblacion-a-adoptar-habitos-saludables-para-prevenir-enfermedades\/","url":"https:\/\/elestataldemexico.com\/index.php\/2024\/04\/07\/imss-hace-un-llamado-a-la-poblacion-a-adoptar-habitos-saludables-para-prevenir-enfermedades\/","name":"IMSS hace un llamado a la poblaci\u00f3n a adoptar h\u00e1bitos saludables para prevenir enfermedades - El Estatal de M\u00e9xico","isPartOf":{"@id":"https:\/\/elestataldemexico.com\/#website"},"primaryImageOfPage":{"@id":"https:\/\/elestataldemexico.com\/index.php\/2024\/04\/07\/imss-hace-un-llamado-a-la-poblacion-a-adoptar-habitos-saludables-para-prevenir-enfermedades\/#primaryimage"},"image":{"@id":"https:\/\/elestataldemexico.com\/index.php\/2024\/04\/07\/imss-hace-un-llamado-a-la-poblacion-a-adoptar-habitos-saludables-para-prevenir-enfermedades\/#primaryimage"},"thumbnailUrl":"https:\/\/elestataldemexico.com\/wp-content\/uploads\/2024\/04\/WhatsApp-Image-2024-04-07-at-11.39.24.jpeg","datePublished":"2024-04-07T16:41:25+00:00","breadcrumb":{"@id":"https:\/\/elestataldemexico.com\/index.php\/2024\/04\/07\/imss-hace-un-llamado-a-la-poblacion-a-adoptar-habitos-saludables-para-prevenir-enfermedades\/#breadcrumb"},"inLanguage":"es","potentialAction":[{"@type":"ReadAction","target":["https:\/\/elestataldemexico.com\/index.php\/2024\/04\/07\/imss-hace-un-llamado-a-la-poblacion-a-adoptar-habitos-saludables-para-prevenir-enfermedades\/"]}]},{"@type":"ImageObject","inLanguage":"es","@id":"https:\/\/elestataldemexico.com\/index.php\/2024\/04\/07\/imss-hace-un-llamado-a-la-poblacion-a-adoptar-habitos-saludables-para-prevenir-enfermedades\/#primaryimage","url":"https:\/\/elestataldemexico.com\/wp-content\/uploads\/2024\/04\/WhatsApp-Image-2024-04-07-at-11.39.24.jpeg","contentUrl":"https:\/\/elestataldemexico.com\/wp-content\/uploads\/2024\/04\/WhatsApp-Image-2024-04-07-at-11.39.24.jpeg","width":1100,"height":666},{"@type":"BreadcrumbList","@id":"https:\/\/elestataldemexico.com\/index.php\/2024\/04\/07\/imss-hace-un-llamado-a-la-poblacion-a-adoptar-habitos-saludables-para-prevenir-enfermedades\/#breadcrumb","itemListElement":[{"@type":"ListItem","position":1,"name":"Portada","item":"https:\/\/elestataldemexico.com\/"},{"@type":"ListItem","position":2,"name":"IMSS hace un llamado a la poblaci\u00f3n a adoptar h\u00e1bitos saludables para prevenir enfermedades"}]},{"@type":"WebSite","@id":"https:\/\/elestataldemexico.com\/#website","url":"https:\/\/elestataldemexico.com\/","name":"El Estatal de M\u00e9xico","description":"","publisher":{"@id":"https:\/\/elestataldemexico.com\/#organization"},"potentialAction":[{"@type":"SearchAction","target":{"@type":"EntryPoint","urlTemplate":"https:\/\/elestataldemexico.com\/?s={search_term_string}"},"query-input":{"@type":"PropertyValueSpecification","valueRequired":true,"valueName":"search_term_string"}}],"inLanguage":"es"},{"@type":"Organization","@id":"https:\/\/elestataldemexico.com\/#organization","name":"El Estatal de M\u00e9xico","url":"https:\/\/elestataldemexico.com\/","logo":{"@type":"ImageObject","inLanguage":"es","@id":"https:\/\/elestataldemexico.com\/#\/schema\/logo\/image\/","url":"https:\/\/elestataldemexico.com\/wp-content\/uploads\/2025\/05\/cropped-elestatal.png","contentUrl":"https:\/\/elestataldemexico.com\/wp-content\/uploads\/2025\/05\/cropped-elestatal.png","width":504,"height":97,"caption":"El Estatal de M\u00e9xico"},"image":{"@id":"https:\/\/elestataldemexico.com\/#\/schema\/logo\/image\/"}},{"@type":"Person","@id":"https:\/\/elestataldemexico.com\/#\/schema\/person\/6c7813c13d2c1571771f592f0fe866bb","name":"admin","image":{"@type":"ImageObject","inLanguage":"es","@id":"https:\/\/secure.gravatar.com\/avatar\/d5ed2db9923a3ad3c0a47f6b3aec7abcb43924b9322251ade16472fc06f7bb5b?s=96&d=mm&r=g","url":"https:\/\/secure.gravatar.com\/avatar\/d5ed2db9923a3ad3c0a47f6b3aec7abcb43924b9322251ade16472fc06f7bb5b?s=96&d=mm&r=g","contentUrl":"https:\/\/secure.gravatar.com\/avatar\/d5ed2db9923a3ad3c0a47f6b3aec7abcb43924b9322251ade16472fc06f7bb5b?s=96&d=mm&r=g","caption":"admin"},"sameAs":["https:\/\/elestataldemexico.com"],"url":"https:\/\/elestataldemexico.com\/index.php\/author\/info_qk62m3p3\/"}]}},"_links":{"self":[{"href":"https:\/\/elestataldemexico.com\/index.php\/wp-json\/wp\/v2\/posts\/21489","targetHints":{"allow":["GET"]}}],"collection":[{"href":"https:\/\/elestataldemexico.com\/index.php\/wp-json\/wp\/v2\/posts"}],"about":[{"href":"https:\/\/elestataldemexico.com\/index.php\/wp-json\/wp\/v2\/types\/post"}],"author":[{"embeddable":true,"href":"https:\/\/elestataldemexico.com\/index.php\/wp-json\/wp\/v2\/users\/1"}],"replies":[{"embeddable":true,"href":"https:\/\/elestataldemexico.com\/index.php\/wp-json\/wp\/v2\/comments?post=21489"}],"version-history":[{"count":0,"href":"https:\/\/elestataldemexico.com\/index.php\/wp-json\/wp\/v2\/posts\/21489\/revisions"}],"wp:featuredmedia":[{"embeddable":true,"href":"https:\/\/elestataldemexico.com\/index.php\/wp-json\/wp\/v2\/media\/21491"}],"wp:attachment":[{"href":"https:\/\/elestataldemexico.com\/index.php\/wp-json\/wp\/v2\/media?parent=21489"}],"wp:term":[{"taxonomy":"category","embeddable":true,"href":"https:\/\/elestataldemexico.com\/index.php\/wp-json\/wp\/v2\/categories?post=21489"},{"taxonomy":"post_tag","embeddable":true,"href":"https:\/\/elestataldemexico.com\/index.php\/wp-json\/wp\/v2\/tags?post=21489"}],"curies":[{"name":"wp","href":"https:\/\/api.w.org\/{rel}","templated":true}]}}