{"id":21372,"date":"2024-04-01T11:51:04","date_gmt":"2024-04-01T16:51:04","guid":{"rendered":"https:\/\/podernacional.com\/?p=21372"},"modified":"2024-04-01T11:51:04","modified_gmt":"2024-04-01T16:51:04","slug":"santiago-banos-confia-en-que-america-esta-listo-para-los-cuartos-de-final-de-champions-cup","status":"publish","type":"post","link":"https:\/\/elestataldemexico.com\/index.php\/2024\/04\/01\/santiago-banos-confia-en-que-america-esta-listo-para-los-cuartos-de-final-de-champions-cup\/","title":{"rendered":"Santiago Ba\u00f1os conf\u00eda en que Am\u00e9rica &#8216;est\u00e1 listo&#8217; para los Cuartos de Final de Champions Cup"},"content":{"rendered":"<p>Am\u00e9rica listos para competir en los dos torneos. A pesar de llegar con ciertas bajas al partido de Ida de Cuartos de Final de , el presidente deportivo de Am\u00e9rica, Santiago Ba\u00f1os, asegura que lograr\u00e1n seguir compitiendo.<\/p>\n<p>El directivo azulcrema asegur\u00f3 que ha sido complicado competir en los dos torneos, as\u00ed como prestar jugadores a Selecciones Nacionales, pues los jugadores llegan con muchos minutos, a\u00fan conf\u00edan en que seguir con el buen nivel.<\/p>\n<p>\u201cSab\u00edamos que as\u00ed iba a ser el calendario, pero ya estamos listos con lo que viene en la Ida (de Concachampions) el martes. Sab\u00edamos que las dos competencias iban a ser muy exigentes, pero hemos ido resolviendo cada tema, en Liga estamos en la parte de arriba y ac\u00e1 estamos en Cuartos de Final\u201d, coment\u00f3 el directivo en entrevista para Fox Sports.<\/p>\n<p>Ba\u00f1os asegur\u00f3 que la raz\u00f3n por la cual han logrado sacar buenos resultados se debe a la buena planeaci\u00f3n del plantel, as\u00ed como la uni\u00f3n con entre los futbolistas y el plantel t\u00e9cnico encabezado por Andr\u00e9 Jardine.<\/p>\n<p>\u201cHay una identificaci\u00f3n importante entre t\u00e9cnico y jugadores, por eso se form\u00f3 este plantel. Hoy afortunadamente no hay diferencia de cuando juegan unos o cuando juegan otros y esperamos seguir as\u00ed\u201d, finaliz\u00f3 el directivo.<\/p>\n<p>&nbsp;<\/p>\n","protected":false},"excerpt":{"rendered":"<p>Am\u00e9rica listos para competir en los dos torneos. A pesar de llegar con ciertas bajas al partido de<\/p>\n","protected":false},"author":1,"featured_media":21374,"comment_status":"open","ping_status":"closed","sticky":false,"template":"","format":"standard","meta":{"footnotes":""},"categories":[12],"tags":[],"class_list":["post-21372","post","type-post","status-publish","format-standard","has-post-thumbnail","hentry","category-deportes"],"yoast_head":"<!-- This site is optimized with the Yoast SEO plugin v27.5 - https:\/\/yoast.com\/product\/yoast-seo-wordpress\/ -->\n<title>Santiago Ba\u00f1os conf\u00eda en que Am\u00e9rica &#039;est\u00e1 listo&#039; para los Cuartos de Final de Champions Cup - El Estatal de M\u00e9xico<\/title>\n<meta name=\"robots\" content=\"index, follow, max-snippet:-1, max-image-preview:large, max-video-preview:-1\" \/>\n<link rel=\"canonical\" href=\"https:\/\/elestataldemexico.com\/index.php\/2024\/04\/01\/santiago-banos-confia-en-que-america-esta-listo-para-los-cuartos-de-final-de-champions-cup\/\" \/>\n<meta property=\"og:locale\" content=\"es_ES\" \/>\n<meta property=\"og:type\" content=\"article\" \/>\n<meta property=\"og:title\" content=\"Santiago Ba\u00f1os conf\u00eda en que Am\u00e9rica &#039;est\u00e1 listo&#039; para los Cuartos de Final de Champions Cup - El Estatal de M\u00e9xico\" \/>\n<meta property=\"og:description\" content=\"Am\u00e9rica listos para competir en los dos torneos. A pesar de llegar con ciertas bajas al partido de\" \/>\n<meta property=\"og:url\" content=\"https:\/\/elestataldemexico.com\/index.php\/2024\/04\/01\/santiago-banos-confia-en-que-america-esta-listo-para-los-cuartos-de-final-de-champions-cup\/\" \/>\n<meta property=\"og:site_name\" content=\"El Estatal de M\u00e9xico\" \/>\n<meta property=\"article:published_time\" content=\"2024-04-01T16:51:04+00:00\" \/>\n<meta property=\"og:image\" content=\"https:\/\/elestataldemexico.com\/wp-content\/uploads\/2024\/04\/nota1Banos.jpg\" \/>\n\t<meta property=\"og:image:width\" content=\"768\" \/>\n\t<meta property=\"og:image:height\" content=\"433\" \/>\n\t<meta property=\"og:image:type\" content=\"image\/jpeg\" \/>\n<meta name=\"author\" content=\"admin\" \/>\n<meta name=\"twitter:card\" content=\"summary_large_image\" \/>\n<meta name=\"twitter:label1\" content=\"Escrito por\" \/>\n\t<meta name=\"twitter:data1\" content=\"admin\" \/>\n\t<meta name=\"twitter:label2\" content=\"Tiempo de lectura\" \/>\n\t<meta name=\"twitter:data2\" content=\"1 minuto\" \/>\n<script type=\"application\/ld+json\" class=\"yoast-schema-graph\">{\"@context\":\"https:\\\/\\\/schema.org\",\"@graph\":[{\"@type\":\"Article\",\"@id\":\"https:\\\/\\\/elestataldemexico.com\\\/index.php\\\/2024\\\/04\\\/01\\\/santiago-banos-confia-en-que-america-esta-listo-para-los-cuartos-de-final-de-champions-cup\\\/#article\",\"isPartOf\":{\"@id\":\"https:\\\/\\\/elestataldemexico.com\\\/index.php\\\/2024\\\/04\\\/01\\\/santiago-banos-confia-en-que-america-esta-listo-para-los-cuartos-de-final-de-champions-cup\\\/\"},\"author\":{\"name\":\"admin\",\"@id\":\"https:\\\/\\\/elestataldemexico.com\\\/#\\\/schema\\\/person\\\/6c7813c13d2c1571771f592f0fe866bb\"},\"headline\":\"Santiago Ba\u00f1os conf\u00eda en que Am\u00e9rica &#8216;est\u00e1 listo&#8217; para los Cuartos de Final de Champions Cup\",\"datePublished\":\"2024-04-01T16:51:04+00:00\",\"mainEntityOfPage\":{\"@id\":\"https:\\\/\\\/elestataldemexico.com\\\/index.php\\\/2024\\\/04\\\/01\\\/santiago-banos-confia-en-que-america-esta-listo-para-los-cuartos-de-final-de-champions-cup\\\/\"},\"wordCount\":240,\"commentCount\":0,\"publisher\":{\"@id\":\"https:\\\/\\\/elestataldemexico.com\\\/#organization\"},\"image\":{\"@id\":\"https:\\\/\\\/elestataldemexico.com\\\/index.php\\\/2024\\\/04\\\/01\\\/santiago-banos-confia-en-que-america-esta-listo-para-los-cuartos-de-final-de-champions-cup\\\/#primaryimage\"},\"thumbnailUrl\":\"https:\\\/\\\/elestataldemexico.com\\\/wp-content\\\/uploads\\\/2024\\\/04\\\/nota1Banos.jpg\",\"articleSection\":[\"Deportes\"],\"inLanguage\":\"es\",\"potentialAction\":[{\"@type\":\"CommentAction\",\"name\":\"Comment\",\"target\":[\"https:\\\/\\\/elestataldemexico.com\\\/index.php\\\/2024\\\/04\\\/01\\\/santiago-banos-confia-en-que-america-esta-listo-para-los-cuartos-de-final-de-champions-cup\\\/#respond\"]}]},{\"@type\":\"WebPage\",\"@id\":\"https:\\\/\\\/elestataldemexico.com\\\/index.php\\\/2024\\\/04\\\/01\\\/santiago-banos-confia-en-que-america-esta-listo-para-los-cuartos-de-final-de-champions-cup\\\/\",\"url\":\"https:\\\/\\\/elestataldemexico.com\\\/index.php\\\/2024\\\/04\\\/01\\\/santiago-banos-confia-en-que-america-esta-listo-para-los-cuartos-de-final-de-champions-cup\\\/\",\"name\":\"Santiago Ba\u00f1os conf\u00eda en que Am\u00e9rica 'est\u00e1 listo' para los Cuartos de Final de Champions Cup - El Estatal de M\u00e9xico\",\"isPartOf\":{\"@id\":\"https:\\\/\\\/elestataldemexico.com\\\/#website\"},\"primaryImageOfPage\":{\"@id\":\"https:\\\/\\\/elestataldemexico.com\\\/index.php\\\/2024\\\/04\\\/01\\\/santiago-banos-confia-en-que-america-esta-listo-para-los-cuartos-de-final-de-champions-cup\\\/#primaryimage\"},\"image\":{\"@id\":\"https:\\\/\\\/elestataldemexico.com\\\/index.php\\\/2024\\\/04\\\/01\\\/santiago-banos-confia-en-que-america-esta-listo-para-los-cuartos-de-final-de-champions-cup\\\/#primaryimage\"},\"thumbnailUrl\":\"https:\\\/\\\/elestataldemexico.com\\\/wp-content\\\/uploads\\\/2024\\\/04\\\/nota1Banos.jpg\",\"datePublished\":\"2024-04-01T16:51:04+00:00\",\"breadcrumb\":{\"@id\":\"https:\\\/\\\/elestataldemexico.com\\\/index.php\\\/2024\\\/04\\\/01\\\/santiago-banos-confia-en-que-america-esta-listo-para-los-cuartos-de-final-de-champions-cup\\\/#breadcrumb\"},\"inLanguage\":\"es\",\"potentialAction\":[{\"@type\":\"ReadAction\",\"target\":[\"https:\\\/\\\/elestataldemexico.com\\\/index.php\\\/2024\\\/04\\\/01\\\/santiago-banos-confia-en-que-america-esta-listo-para-los-cuartos-de-final-de-champions-cup\\\/\"]}]},{\"@type\":\"ImageObject\",\"inLanguage\":\"es\",\"@id\":\"https:\\\/\\\/elestataldemexico.com\\\/index.php\\\/2024\\\/04\\\/01\\\/santiago-banos-confia-en-que-america-esta-listo-para-los-cuartos-de-final-de-champions-cup\\\/#primaryimage\",\"url\":\"https:\\\/\\\/elestataldemexico.com\\\/wp-content\\\/uploads\\\/2024\\\/04\\\/nota1Banos.jpg\",\"contentUrl\":\"https:\\\/\\\/elestataldemexico.com\\\/wp-content\\\/uploads\\\/2024\\\/04\\\/nota1Banos.jpg\",\"width\":768,\"height\":433},{\"@type\":\"BreadcrumbList\",\"@id\":\"https:\\\/\\\/elestataldemexico.com\\\/index.php\\\/2024\\\/04\\\/01\\\/santiago-banos-confia-en-que-america-esta-listo-para-los-cuartos-de-final-de-champions-cup\\\/#breadcrumb\",\"itemListElement\":[{\"@type\":\"ListItem\",\"position\":1,\"name\":\"Portada\",\"item\":\"https:\\\/\\\/elestataldemexico.com\\\/\"},{\"@type\":\"ListItem\",\"position\":2,\"name\":\"Santiago Ba\u00f1os conf\u00eda en que Am\u00e9rica &#8216;est\u00e1 listo&#8217; para los Cuartos de Final de Champions Cup\"}]},{\"@type\":\"WebSite\",\"@id\":\"https:\\\/\\\/elestataldemexico.com\\\/#website\",\"url\":\"https:\\\/\\\/elestataldemexico.com\\\/\",\"name\":\"El Estatal de M\u00e9xico\",\"description\":\"\",\"publisher\":{\"@id\":\"https:\\\/\\\/elestataldemexico.com\\\/#organization\"},\"potentialAction\":[{\"@type\":\"SearchAction\",\"target\":{\"@type\":\"EntryPoint\",\"urlTemplate\":\"https:\\\/\\\/elestataldemexico.com\\\/?s={search_term_string}\"},\"query-input\":{\"@type\":\"PropertyValueSpecification\",\"valueRequired\":true,\"valueName\":\"search_term_string\"}}],\"inLanguage\":\"es\"},{\"@type\":\"Organization\",\"@id\":\"https:\\\/\\\/elestataldemexico.com\\\/#organization\",\"name\":\"El Estatal de M\u00e9xico\",\"url\":\"https:\\\/\\\/elestataldemexico.com\\\/\",\"logo\":{\"@type\":\"ImageObject\",\"inLanguage\":\"es\",\"@id\":\"https:\\\/\\\/elestataldemexico.com\\\/#\\\/schema\\\/logo\\\/image\\\/\",\"url\":\"https:\\\/\\\/elestataldemexico.com\\\/wp-content\\\/uploads\\\/2025\\\/05\\\/cropped-elestatal.png\",\"contentUrl\":\"https:\\\/\\\/elestataldemexico.com\\\/wp-content\\\/uploads\\\/2025\\\/05\\\/cropped-elestatal.png\",\"width\":504,\"height\":97,\"caption\":\"El Estatal de M\u00e9xico\"},\"image\":{\"@id\":\"https:\\\/\\\/elestataldemexico.com\\\/#\\\/schema\\\/logo\\\/image\\\/\"}},{\"@type\":\"Person\",\"@id\":\"https:\\\/\\\/elestataldemexico.com\\\/#\\\/schema\\\/person\\\/6c7813c13d2c1571771f592f0fe866bb\",\"name\":\"admin\",\"image\":{\"@type\":\"ImageObject\",\"inLanguage\":\"es\",\"@id\":\"https:\\\/\\\/secure.gravatar.com\\\/avatar\\\/d5ed2db9923a3ad3c0a47f6b3aec7abcb43924b9322251ade16472fc06f7bb5b?s=96&d=mm&r=g\",\"url\":\"https:\\\/\\\/secure.gravatar.com\\\/avatar\\\/d5ed2db9923a3ad3c0a47f6b3aec7abcb43924b9322251ade16472fc06f7bb5b?s=96&d=mm&r=g\",\"contentUrl\":\"https:\\\/\\\/secure.gravatar.com\\\/avatar\\\/d5ed2db9923a3ad3c0a47f6b3aec7abcb43924b9322251ade16472fc06f7bb5b?s=96&d=mm&r=g\",\"caption\":\"admin\"},\"sameAs\":[\"https:\\\/\\\/elestataldemexico.com\"],\"url\":\"https:\\\/\\\/elestataldemexico.com\\\/index.php\\\/author\\\/info_qk62m3p3\\\/\"}]}<\/script>\n<!-- \/ Yoast SEO plugin. -->","yoast_head_json":{"title":"Santiago Ba\u00f1os conf\u00eda en que Am\u00e9rica 'est\u00e1 listo' para los Cuartos de Final de Champions Cup - El Estatal de M\u00e9xico","robots":{"index":"index","follow":"follow","max-snippet":"max-snippet:-1","max-image-preview":"max-image-preview:large","max-video-preview":"max-video-preview:-1"},"canonical":"https:\/\/elestataldemexico.com\/index.php\/2024\/04\/01\/santiago-banos-confia-en-que-america-esta-listo-para-los-cuartos-de-final-de-champions-cup\/","og_locale":"es_ES","og_type":"article","og_title":"Santiago Ba\u00f1os conf\u00eda en que Am\u00e9rica 'est\u00e1 listo' para los Cuartos de Final de Champions Cup - El Estatal de M\u00e9xico","og_description":"Am\u00e9rica listos para competir en los dos torneos. A pesar de llegar con ciertas bajas al partido de","og_url":"https:\/\/elestataldemexico.com\/index.php\/2024\/04\/01\/santiago-banos-confia-en-que-america-esta-listo-para-los-cuartos-de-final-de-champions-cup\/","og_site_name":"El Estatal de M\u00e9xico","article_published_time":"2024-04-01T16:51:04+00:00","og_image":[{"width":768,"height":433,"url":"https:\/\/elestataldemexico.com\/wp-content\/uploads\/2024\/04\/nota1Banos.jpg","type":"image\/jpeg"}],"author":"admin","twitter_card":"summary_large_image","twitter_misc":{"Escrito por":"admin","Tiempo de lectura":"1 minuto"},"schema":{"@context":"https:\/\/schema.org","@graph":[{"@type":"Article","@id":"https:\/\/elestataldemexico.com\/index.php\/2024\/04\/01\/santiago-banos-confia-en-que-america-esta-listo-para-los-cuartos-de-final-de-champions-cup\/#article","isPartOf":{"@id":"https:\/\/elestataldemexico.com\/index.php\/2024\/04\/01\/santiago-banos-confia-en-que-america-esta-listo-para-los-cuartos-de-final-de-champions-cup\/"},"author":{"name":"admin","@id":"https:\/\/elestataldemexico.com\/#\/schema\/person\/6c7813c13d2c1571771f592f0fe866bb"},"headline":"Santiago Ba\u00f1os conf\u00eda en que Am\u00e9rica &#8216;est\u00e1 listo&#8217; para los Cuartos de Final de Champions Cup","datePublished":"2024-04-01T16:51:04+00:00","mainEntityOfPage":{"@id":"https:\/\/elestataldemexico.com\/index.php\/2024\/04\/01\/santiago-banos-confia-en-que-america-esta-listo-para-los-cuartos-de-final-de-champions-cup\/"},"wordCount":240,"commentCount":0,"publisher":{"@id":"https:\/\/elestataldemexico.com\/#organization"},"image":{"@id":"https:\/\/elestataldemexico.com\/index.php\/2024\/04\/01\/santiago-banos-confia-en-que-america-esta-listo-para-los-cuartos-de-final-de-champions-cup\/#primaryimage"},"thumbnailUrl":"https:\/\/elestataldemexico.com\/wp-content\/uploads\/2024\/04\/nota1Banos.jpg","articleSection":["Deportes"],"inLanguage":"es","potentialAction":[{"@type":"CommentAction","name":"Comment","target":["https:\/\/elestataldemexico.com\/index.php\/2024\/04\/01\/santiago-banos-confia-en-que-america-esta-listo-para-los-cuartos-de-final-de-champions-cup\/#respond"]}]},{"@type":"WebPage","@id":"https:\/\/elestataldemexico.com\/index.php\/2024\/04\/01\/santiago-banos-confia-en-que-america-esta-listo-para-los-cuartos-de-final-de-champions-cup\/","url":"https:\/\/elestataldemexico.com\/index.php\/2024\/04\/01\/santiago-banos-confia-en-que-america-esta-listo-para-los-cuartos-de-final-de-champions-cup\/","name":"Santiago Ba\u00f1os conf\u00eda en que Am\u00e9rica 'est\u00e1 listo' para los Cuartos de Final de Champions Cup - El Estatal de M\u00e9xico","isPartOf":{"@id":"https:\/\/elestataldemexico.com\/#website"},"primaryImageOfPage":{"@id":"https:\/\/elestataldemexico.com\/index.php\/2024\/04\/01\/santiago-banos-confia-en-que-america-esta-listo-para-los-cuartos-de-final-de-champions-cup\/#primaryimage"},"image":{"@id":"https:\/\/elestataldemexico.com\/index.php\/2024\/04\/01\/santiago-banos-confia-en-que-america-esta-listo-para-los-cuartos-de-final-de-champions-cup\/#primaryimage"},"thumbnailUrl":"https:\/\/elestataldemexico.com\/wp-content\/uploads\/2024\/04\/nota1Banos.jpg","datePublished":"2024-04-01T16:51:04+00:00","breadcrumb":{"@id":"https:\/\/elestataldemexico.com\/index.php\/2024\/04\/01\/santiago-banos-confia-en-que-america-esta-listo-para-los-cuartos-de-final-de-champions-cup\/#breadcrumb"},"inLanguage":"es","potentialAction":[{"@type":"ReadAction","target":["https:\/\/elestataldemexico.com\/index.php\/2024\/04\/01\/santiago-banos-confia-en-que-america-esta-listo-para-los-cuartos-de-final-de-champions-cup\/"]}]},{"@type":"ImageObject","inLanguage":"es","@id":"https:\/\/elestataldemexico.com\/index.php\/2024\/04\/01\/santiago-banos-confia-en-que-america-esta-listo-para-los-cuartos-de-final-de-champions-cup\/#primaryimage","url":"https:\/\/elestataldemexico.com\/wp-content\/uploads\/2024\/04\/nota1Banos.jpg","contentUrl":"https:\/\/elestataldemexico.com\/wp-content\/uploads\/2024\/04\/nota1Banos.jpg","width":768,"height":433},{"@type":"BreadcrumbList","@id":"https:\/\/elestataldemexico.com\/index.php\/2024\/04\/01\/santiago-banos-confia-en-que-america-esta-listo-para-los-cuartos-de-final-de-champions-cup\/#breadcrumb","itemListElement":[{"@type":"ListItem","position":1,"name":"Portada","item":"https:\/\/elestataldemexico.com\/"},{"@type":"ListItem","position":2,"name":"Santiago Ba\u00f1os conf\u00eda en que Am\u00e9rica &#8216;est\u00e1 listo&#8217; para los Cuartos de Final de Champions Cup"}]},{"@type":"WebSite","@id":"https:\/\/elestataldemexico.com\/#website","url":"https:\/\/elestataldemexico.com\/","name":"El Estatal de M\u00e9xico","description":"","publisher":{"@id":"https:\/\/elestataldemexico.com\/#organization"},"potentialAction":[{"@type":"SearchAction","target":{"@type":"EntryPoint","urlTemplate":"https:\/\/elestataldemexico.com\/?s={search_term_string}"},"query-input":{"@type":"PropertyValueSpecification","valueRequired":true,"valueName":"search_term_string"}}],"inLanguage":"es"},{"@type":"Organization","@id":"https:\/\/elestataldemexico.com\/#organization","name":"El Estatal de M\u00e9xico","url":"https:\/\/elestataldemexico.com\/","logo":{"@type":"ImageObject","inLanguage":"es","@id":"https:\/\/elestataldemexico.com\/#\/schema\/logo\/image\/","url":"https:\/\/elestataldemexico.com\/wp-content\/uploads\/2025\/05\/cropped-elestatal.png","contentUrl":"https:\/\/elestataldemexico.com\/wp-content\/uploads\/2025\/05\/cropped-elestatal.png","width":504,"height":97,"caption":"El Estatal de M\u00e9xico"},"image":{"@id":"https:\/\/elestataldemexico.com\/#\/schema\/logo\/image\/"}},{"@type":"Person","@id":"https:\/\/elestataldemexico.com\/#\/schema\/person\/6c7813c13d2c1571771f592f0fe866bb","name":"admin","image":{"@type":"ImageObject","inLanguage":"es","@id":"https:\/\/secure.gravatar.com\/avatar\/d5ed2db9923a3ad3c0a47f6b3aec7abcb43924b9322251ade16472fc06f7bb5b?s=96&d=mm&r=g","url":"https:\/\/secure.gravatar.com\/avatar\/d5ed2db9923a3ad3c0a47f6b3aec7abcb43924b9322251ade16472fc06f7bb5b?s=96&d=mm&r=g","contentUrl":"https:\/\/secure.gravatar.com\/avatar\/d5ed2db9923a3ad3c0a47f6b3aec7abcb43924b9322251ade16472fc06f7bb5b?s=96&d=mm&r=g","caption":"admin"},"sameAs":["https:\/\/elestataldemexico.com"],"url":"https:\/\/elestataldemexico.com\/index.php\/author\/info_qk62m3p3\/"}]}},"_links":{"self":[{"href":"https:\/\/elestataldemexico.com\/index.php\/wp-json\/wp\/v2\/posts\/21372","targetHints":{"allow":["GET"]}}],"collection":[{"href":"https:\/\/elestataldemexico.com\/index.php\/wp-json\/wp\/v2\/posts"}],"about":[{"href":"https:\/\/elestataldemexico.com\/index.php\/wp-json\/wp\/v2\/types\/post"}],"author":[{"embeddable":true,"href":"https:\/\/elestataldemexico.com\/index.php\/wp-json\/wp\/v2\/users\/1"}],"replies":[{"embeddable":true,"href":"https:\/\/elestataldemexico.com\/index.php\/wp-json\/wp\/v2\/comments?post=21372"}],"version-history":[{"count":0,"href":"https:\/\/elestataldemexico.com\/index.php\/wp-json\/wp\/v2\/posts\/21372\/revisions"}],"wp:featuredmedia":[{"embeddable":true,"href":"https:\/\/elestataldemexico.com\/index.php\/wp-json\/wp\/v2\/media\/21374"}],"wp:attachment":[{"href":"https:\/\/elestataldemexico.com\/index.php\/wp-json\/wp\/v2\/media?parent=21372"}],"wp:term":[{"taxonomy":"category","embeddable":true,"href":"https:\/\/elestataldemexico.com\/index.php\/wp-json\/wp\/v2\/categories?post=21372"},{"taxonomy":"post_tag","embeddable":true,"href":"https:\/\/elestataldemexico.com\/index.php\/wp-json\/wp\/v2\/tags?post=21372"}],"curies":[{"name":"wp","href":"https:\/\/api.w.org\/{rel}","templated":true}]}}