{"id":21348,"date":"2024-03-30T13:51:40","date_gmt":"2024-03-30T18:51:40","guid":{"rendered":"https:\/\/podernacional.com\/?p=21348"},"modified":"2024-03-30T13:51:40","modified_gmt":"2024-03-30T18:51:40","slug":"renuncio-lizzo-anuncia-su-retiro-de-la-musica-por-constantes-criticas","status":"publish","type":"post","link":"https:\/\/elestataldemexico.com\/index.php\/2024\/03\/30\/renuncio-lizzo-anuncia-su-retiro-de-la-musica-por-constantes-criticas\/","title":{"rendered":"\u201cRenuncio\u201d: Lizzo anuncia su retiro de la musica por constantes cr\u00edticas"},"content":{"rendered":"<p>La cantante Lizzo asegur\u00f3 que \u201crenuncia\u201d al hacer m\u00fasica luego de las constantes cr\u00edticas que recibe por su apariencia.<\/p>\n<p>A trav\u00e9s de su cuenta de Instagram, la int\u00e9rprete sorprendi\u00f3 a sus seguidores al se\u00f1alar que est\u00e1 empezando \u201ca sentir que el mundo\u201d la rechaza.<\/p>\n<p>\u201cTodo lo que quiero es hacer m\u00fasica y hacer feliz a la gente para ayudar a que el mundo sea un poco mejor, pero estoy empezando a sentir que el mundo me rechaza. Estoy constantemente enfrent\u00e1ndome a mentiras que se dicen sobre m\u00ed, por mi influencia y puntos de vista, siendo el blanco de bromas por mi apariencia. Mi reputaci\u00f3n es criticada por personas que no me conocen y que no me respetan. Renuncio\u201d, escribi\u00f3.<\/p>\n<p>Lizzo se ha convertido en uno de los s\u00edmbolos de la lucha por la aceptaci\u00f3n de artistas m\u00e1s all\u00e1 de su apariencia f\u00edsica pues ha conseguido numerosos reconocimientos en la industria musical por su talento.<\/p>\n<p>Sin embargo, tambi\u00e9n ha enfrentado cr\u00edticas as\u00ed como denuncias por presunto acoso sexual luego de una demanda de tres de sus bailarinas.<\/p>\n<p>Tras el sorpresivo anuncio, sus fan\u00e1ticos pidieron que no deje el ambiente musical y mostraron su apoyo a la cantante.<\/p>\n","protected":false},"excerpt":{"rendered":"<p>La cantante Lizzo asegur\u00f3 que \u201crenuncia\u201d al hacer m\u00fasica luego de las constantes cr\u00edticas que recibe por su<\/p>\n","protected":false},"author":1,"featured_media":21350,"comment_status":"open","ping_status":"closed","sticky":false,"template":"","format":"standard","meta":{"footnotes":""},"categories":[11],"tags":[],"class_list":["post-21348","post","type-post","status-publish","format-standard","has-post-thumbnail","hentry","category-espectaculos"],"yoast_head":"<!-- This site is optimized with the Yoast SEO plugin v27.5 - https:\/\/yoast.com\/product\/yoast-seo-wordpress\/ -->\n<title>\u201cRenuncio\u201d: Lizzo anuncia su retiro de la musica por constantes cr\u00edticas - El Estatal de M\u00e9xico<\/title>\n<meta name=\"robots\" content=\"index, follow, max-snippet:-1, max-image-preview:large, max-video-preview:-1\" \/>\n<link rel=\"canonical\" href=\"https:\/\/elestataldemexico.com\/index.php\/2024\/03\/30\/renuncio-lizzo-anuncia-su-retiro-de-la-musica-por-constantes-criticas\/\" \/>\n<meta property=\"og:locale\" content=\"es_ES\" \/>\n<meta property=\"og:type\" content=\"article\" \/>\n<meta property=\"og:title\" content=\"\u201cRenuncio\u201d: Lizzo anuncia su retiro de la musica por constantes cr\u00edticas - El Estatal de M\u00e9xico\" \/>\n<meta property=\"og:description\" content=\"La cantante Lizzo asegur\u00f3 que \u201crenuncia\u201d al hacer m\u00fasica luego de las constantes cr\u00edticas que recibe por su\" \/>\n<meta property=\"og:url\" content=\"https:\/\/elestataldemexico.com\/index.php\/2024\/03\/30\/renuncio-lizzo-anuncia-su-retiro-de-la-musica-por-constantes-criticas\/\" \/>\n<meta property=\"og:site_name\" content=\"El Estatal de M\u00e9xico\" \/>\n<meta property=\"article:published_time\" content=\"2024-03-30T18:51:40+00:00\" \/>\n<meta property=\"og:image\" content=\"https:\/\/elestataldemexico.com\/wp-content\/uploads\/2024\/03\/WhatsApp-Image-2024-03-30-at-13.49.26.jpeg\" \/>\n\t<meta property=\"og:image:width\" content=\"1600\" \/>\n\t<meta property=\"og:image:height\" content=\"935\" \/>\n\t<meta property=\"og:image:type\" content=\"image\/jpeg\" \/>\n<meta name=\"author\" content=\"admin\" \/>\n<meta name=\"twitter:card\" content=\"summary_large_image\" \/>\n<meta name=\"twitter:label1\" content=\"Escrito por\" \/>\n\t<meta name=\"twitter:data1\" content=\"admin\" \/>\n\t<meta name=\"twitter:label2\" content=\"Tiempo de lectura\" \/>\n\t<meta name=\"twitter:data2\" content=\"1 minuto\" \/>\n<script type=\"application\/ld+json\" class=\"yoast-schema-graph\">{\"@context\":\"https:\\\/\\\/schema.org\",\"@graph\":[{\"@type\":\"Article\",\"@id\":\"https:\\\/\\\/elestataldemexico.com\\\/index.php\\\/2024\\\/03\\\/30\\\/renuncio-lizzo-anuncia-su-retiro-de-la-musica-por-constantes-criticas\\\/#article\",\"isPartOf\":{\"@id\":\"https:\\\/\\\/elestataldemexico.com\\\/index.php\\\/2024\\\/03\\\/30\\\/renuncio-lizzo-anuncia-su-retiro-de-la-musica-por-constantes-criticas\\\/\"},\"author\":{\"name\":\"admin\",\"@id\":\"https:\\\/\\\/elestataldemexico.com\\\/#\\\/schema\\\/person\\\/6c7813c13d2c1571771f592f0fe866bb\"},\"headline\":\"\u201cRenuncio\u201d: Lizzo anuncia su retiro de la musica por constantes cr\u00edticas\",\"datePublished\":\"2024-03-30T18:51:40+00:00\",\"mainEntityOfPage\":{\"@id\":\"https:\\\/\\\/elestataldemexico.com\\\/index.php\\\/2024\\\/03\\\/30\\\/renuncio-lizzo-anuncia-su-retiro-de-la-musica-por-constantes-criticas\\\/\"},\"wordCount\":223,\"commentCount\":0,\"publisher\":{\"@id\":\"https:\\\/\\\/elestataldemexico.com\\\/#organization\"},\"image\":{\"@id\":\"https:\\\/\\\/elestataldemexico.com\\\/index.php\\\/2024\\\/03\\\/30\\\/renuncio-lizzo-anuncia-su-retiro-de-la-musica-por-constantes-criticas\\\/#primaryimage\"},\"thumbnailUrl\":\"https:\\\/\\\/elestataldemexico.com\\\/wp-content\\\/uploads\\\/2024\\\/03\\\/WhatsApp-Image-2024-03-30-at-13.49.26.jpeg\",\"articleSection\":[\"Espectaculos\"],\"inLanguage\":\"es\",\"potentialAction\":[{\"@type\":\"CommentAction\",\"name\":\"Comment\",\"target\":[\"https:\\\/\\\/elestataldemexico.com\\\/index.php\\\/2024\\\/03\\\/30\\\/renuncio-lizzo-anuncia-su-retiro-de-la-musica-por-constantes-criticas\\\/#respond\"]}]},{\"@type\":\"WebPage\",\"@id\":\"https:\\\/\\\/elestataldemexico.com\\\/index.php\\\/2024\\\/03\\\/30\\\/renuncio-lizzo-anuncia-su-retiro-de-la-musica-por-constantes-criticas\\\/\",\"url\":\"https:\\\/\\\/elestataldemexico.com\\\/index.php\\\/2024\\\/03\\\/30\\\/renuncio-lizzo-anuncia-su-retiro-de-la-musica-por-constantes-criticas\\\/\",\"name\":\"\u201cRenuncio\u201d: Lizzo anuncia su retiro de la musica por constantes cr\u00edticas - El Estatal de M\u00e9xico\",\"isPartOf\":{\"@id\":\"https:\\\/\\\/elestataldemexico.com\\\/#website\"},\"primaryImageOfPage\":{\"@id\":\"https:\\\/\\\/elestataldemexico.com\\\/index.php\\\/2024\\\/03\\\/30\\\/renuncio-lizzo-anuncia-su-retiro-de-la-musica-por-constantes-criticas\\\/#primaryimage\"},\"image\":{\"@id\":\"https:\\\/\\\/elestataldemexico.com\\\/index.php\\\/2024\\\/03\\\/30\\\/renuncio-lizzo-anuncia-su-retiro-de-la-musica-por-constantes-criticas\\\/#primaryimage\"},\"thumbnailUrl\":\"https:\\\/\\\/elestataldemexico.com\\\/wp-content\\\/uploads\\\/2024\\\/03\\\/WhatsApp-Image-2024-03-30-at-13.49.26.jpeg\",\"datePublished\":\"2024-03-30T18:51:40+00:00\",\"breadcrumb\":{\"@id\":\"https:\\\/\\\/elestataldemexico.com\\\/index.php\\\/2024\\\/03\\\/30\\\/renuncio-lizzo-anuncia-su-retiro-de-la-musica-por-constantes-criticas\\\/#breadcrumb\"},\"inLanguage\":\"es\",\"potentialAction\":[{\"@type\":\"ReadAction\",\"target\":[\"https:\\\/\\\/elestataldemexico.com\\\/index.php\\\/2024\\\/03\\\/30\\\/renuncio-lizzo-anuncia-su-retiro-de-la-musica-por-constantes-criticas\\\/\"]}]},{\"@type\":\"ImageObject\",\"inLanguage\":\"es\",\"@id\":\"https:\\\/\\\/elestataldemexico.com\\\/index.php\\\/2024\\\/03\\\/30\\\/renuncio-lizzo-anuncia-su-retiro-de-la-musica-por-constantes-criticas\\\/#primaryimage\",\"url\":\"https:\\\/\\\/elestataldemexico.com\\\/wp-content\\\/uploads\\\/2024\\\/03\\\/WhatsApp-Image-2024-03-30-at-13.49.26.jpeg\",\"contentUrl\":\"https:\\\/\\\/elestataldemexico.com\\\/wp-content\\\/uploads\\\/2024\\\/03\\\/WhatsApp-Image-2024-03-30-at-13.49.26.jpeg\",\"width\":1600,\"height\":935},{\"@type\":\"BreadcrumbList\",\"@id\":\"https:\\\/\\\/elestataldemexico.com\\\/index.php\\\/2024\\\/03\\\/30\\\/renuncio-lizzo-anuncia-su-retiro-de-la-musica-por-constantes-criticas\\\/#breadcrumb\",\"itemListElement\":[{\"@type\":\"ListItem\",\"position\":1,\"name\":\"Portada\",\"item\":\"https:\\\/\\\/elestataldemexico.com\\\/\"},{\"@type\":\"ListItem\",\"position\":2,\"name\":\"\u201cRenuncio\u201d: Lizzo anuncia su retiro de la musica por constantes cr\u00edticas\"}]},{\"@type\":\"WebSite\",\"@id\":\"https:\\\/\\\/elestataldemexico.com\\\/#website\",\"url\":\"https:\\\/\\\/elestataldemexico.com\\\/\",\"name\":\"El Estatal de M\u00e9xico\",\"description\":\"\",\"publisher\":{\"@id\":\"https:\\\/\\\/elestataldemexico.com\\\/#organization\"},\"potentialAction\":[{\"@type\":\"SearchAction\",\"target\":{\"@type\":\"EntryPoint\",\"urlTemplate\":\"https:\\\/\\\/elestataldemexico.com\\\/?s={search_term_string}\"},\"query-input\":{\"@type\":\"PropertyValueSpecification\",\"valueRequired\":true,\"valueName\":\"search_term_string\"}}],\"inLanguage\":\"es\"},{\"@type\":\"Organization\",\"@id\":\"https:\\\/\\\/elestataldemexico.com\\\/#organization\",\"name\":\"El Estatal de M\u00e9xico\",\"url\":\"https:\\\/\\\/elestataldemexico.com\\\/\",\"logo\":{\"@type\":\"ImageObject\",\"inLanguage\":\"es\",\"@id\":\"https:\\\/\\\/elestataldemexico.com\\\/#\\\/schema\\\/logo\\\/image\\\/\",\"url\":\"https:\\\/\\\/elestataldemexico.com\\\/wp-content\\\/uploads\\\/2025\\\/05\\\/cropped-elestatal.png\",\"contentUrl\":\"https:\\\/\\\/elestataldemexico.com\\\/wp-content\\\/uploads\\\/2025\\\/05\\\/cropped-elestatal.png\",\"width\":504,\"height\":97,\"caption\":\"El Estatal de M\u00e9xico\"},\"image\":{\"@id\":\"https:\\\/\\\/elestataldemexico.com\\\/#\\\/schema\\\/logo\\\/image\\\/\"}},{\"@type\":\"Person\",\"@id\":\"https:\\\/\\\/elestataldemexico.com\\\/#\\\/schema\\\/person\\\/6c7813c13d2c1571771f592f0fe866bb\",\"name\":\"admin\",\"image\":{\"@type\":\"ImageObject\",\"inLanguage\":\"es\",\"@id\":\"https:\\\/\\\/secure.gravatar.com\\\/avatar\\\/d5ed2db9923a3ad3c0a47f6b3aec7abcb43924b9322251ade16472fc06f7bb5b?s=96&d=mm&r=g\",\"url\":\"https:\\\/\\\/secure.gravatar.com\\\/avatar\\\/d5ed2db9923a3ad3c0a47f6b3aec7abcb43924b9322251ade16472fc06f7bb5b?s=96&d=mm&r=g\",\"contentUrl\":\"https:\\\/\\\/secure.gravatar.com\\\/avatar\\\/d5ed2db9923a3ad3c0a47f6b3aec7abcb43924b9322251ade16472fc06f7bb5b?s=96&d=mm&r=g\",\"caption\":\"admin\"},\"sameAs\":[\"https:\\\/\\\/elestataldemexico.com\"],\"url\":\"https:\\\/\\\/elestataldemexico.com\\\/index.php\\\/author\\\/info_qk62m3p3\\\/\"}]}<\/script>\n<!-- \/ Yoast SEO plugin. -->","yoast_head_json":{"title":"\u201cRenuncio\u201d: Lizzo anuncia su retiro de la musica por constantes cr\u00edticas - El Estatal de M\u00e9xico","robots":{"index":"index","follow":"follow","max-snippet":"max-snippet:-1","max-image-preview":"max-image-preview:large","max-video-preview":"max-video-preview:-1"},"canonical":"https:\/\/elestataldemexico.com\/index.php\/2024\/03\/30\/renuncio-lizzo-anuncia-su-retiro-de-la-musica-por-constantes-criticas\/","og_locale":"es_ES","og_type":"article","og_title":"\u201cRenuncio\u201d: Lizzo anuncia su retiro de la musica por constantes cr\u00edticas - El Estatal de M\u00e9xico","og_description":"La cantante Lizzo asegur\u00f3 que \u201crenuncia\u201d al hacer m\u00fasica luego de las constantes cr\u00edticas que recibe por su","og_url":"https:\/\/elestataldemexico.com\/index.php\/2024\/03\/30\/renuncio-lizzo-anuncia-su-retiro-de-la-musica-por-constantes-criticas\/","og_site_name":"El Estatal de M\u00e9xico","article_published_time":"2024-03-30T18:51:40+00:00","og_image":[{"width":1600,"height":935,"url":"https:\/\/elestataldemexico.com\/wp-content\/uploads\/2024\/03\/WhatsApp-Image-2024-03-30-at-13.49.26.jpeg","type":"image\/jpeg"}],"author":"admin","twitter_card":"summary_large_image","twitter_misc":{"Escrito por":"admin","Tiempo de lectura":"1 minuto"},"schema":{"@context":"https:\/\/schema.org","@graph":[{"@type":"Article","@id":"https:\/\/elestataldemexico.com\/index.php\/2024\/03\/30\/renuncio-lizzo-anuncia-su-retiro-de-la-musica-por-constantes-criticas\/#article","isPartOf":{"@id":"https:\/\/elestataldemexico.com\/index.php\/2024\/03\/30\/renuncio-lizzo-anuncia-su-retiro-de-la-musica-por-constantes-criticas\/"},"author":{"name":"admin","@id":"https:\/\/elestataldemexico.com\/#\/schema\/person\/6c7813c13d2c1571771f592f0fe866bb"},"headline":"\u201cRenuncio\u201d: Lizzo anuncia su retiro de la musica por constantes cr\u00edticas","datePublished":"2024-03-30T18:51:40+00:00","mainEntityOfPage":{"@id":"https:\/\/elestataldemexico.com\/index.php\/2024\/03\/30\/renuncio-lizzo-anuncia-su-retiro-de-la-musica-por-constantes-criticas\/"},"wordCount":223,"commentCount":0,"publisher":{"@id":"https:\/\/elestataldemexico.com\/#organization"},"image":{"@id":"https:\/\/elestataldemexico.com\/index.php\/2024\/03\/30\/renuncio-lizzo-anuncia-su-retiro-de-la-musica-por-constantes-criticas\/#primaryimage"},"thumbnailUrl":"https:\/\/elestataldemexico.com\/wp-content\/uploads\/2024\/03\/WhatsApp-Image-2024-03-30-at-13.49.26.jpeg","articleSection":["Espectaculos"],"inLanguage":"es","potentialAction":[{"@type":"CommentAction","name":"Comment","target":["https:\/\/elestataldemexico.com\/index.php\/2024\/03\/30\/renuncio-lizzo-anuncia-su-retiro-de-la-musica-por-constantes-criticas\/#respond"]}]},{"@type":"WebPage","@id":"https:\/\/elestataldemexico.com\/index.php\/2024\/03\/30\/renuncio-lizzo-anuncia-su-retiro-de-la-musica-por-constantes-criticas\/","url":"https:\/\/elestataldemexico.com\/index.php\/2024\/03\/30\/renuncio-lizzo-anuncia-su-retiro-de-la-musica-por-constantes-criticas\/","name":"\u201cRenuncio\u201d: Lizzo anuncia su retiro de la musica por constantes cr\u00edticas - El Estatal de M\u00e9xico","isPartOf":{"@id":"https:\/\/elestataldemexico.com\/#website"},"primaryImageOfPage":{"@id":"https:\/\/elestataldemexico.com\/index.php\/2024\/03\/30\/renuncio-lizzo-anuncia-su-retiro-de-la-musica-por-constantes-criticas\/#primaryimage"},"image":{"@id":"https:\/\/elestataldemexico.com\/index.php\/2024\/03\/30\/renuncio-lizzo-anuncia-su-retiro-de-la-musica-por-constantes-criticas\/#primaryimage"},"thumbnailUrl":"https:\/\/elestataldemexico.com\/wp-content\/uploads\/2024\/03\/WhatsApp-Image-2024-03-30-at-13.49.26.jpeg","datePublished":"2024-03-30T18:51:40+00:00","breadcrumb":{"@id":"https:\/\/elestataldemexico.com\/index.php\/2024\/03\/30\/renuncio-lizzo-anuncia-su-retiro-de-la-musica-por-constantes-criticas\/#breadcrumb"},"inLanguage":"es","potentialAction":[{"@type":"ReadAction","target":["https:\/\/elestataldemexico.com\/index.php\/2024\/03\/30\/renuncio-lizzo-anuncia-su-retiro-de-la-musica-por-constantes-criticas\/"]}]},{"@type":"ImageObject","inLanguage":"es","@id":"https:\/\/elestataldemexico.com\/index.php\/2024\/03\/30\/renuncio-lizzo-anuncia-su-retiro-de-la-musica-por-constantes-criticas\/#primaryimage","url":"https:\/\/elestataldemexico.com\/wp-content\/uploads\/2024\/03\/WhatsApp-Image-2024-03-30-at-13.49.26.jpeg","contentUrl":"https:\/\/elestataldemexico.com\/wp-content\/uploads\/2024\/03\/WhatsApp-Image-2024-03-30-at-13.49.26.jpeg","width":1600,"height":935},{"@type":"BreadcrumbList","@id":"https:\/\/elestataldemexico.com\/index.php\/2024\/03\/30\/renuncio-lizzo-anuncia-su-retiro-de-la-musica-por-constantes-criticas\/#breadcrumb","itemListElement":[{"@type":"ListItem","position":1,"name":"Portada","item":"https:\/\/elestataldemexico.com\/"},{"@type":"ListItem","position":2,"name":"\u201cRenuncio\u201d: Lizzo anuncia su retiro de la musica por constantes cr\u00edticas"}]},{"@type":"WebSite","@id":"https:\/\/elestataldemexico.com\/#website","url":"https:\/\/elestataldemexico.com\/","name":"El Estatal de M\u00e9xico","description":"","publisher":{"@id":"https:\/\/elestataldemexico.com\/#organization"},"potentialAction":[{"@type":"SearchAction","target":{"@type":"EntryPoint","urlTemplate":"https:\/\/elestataldemexico.com\/?s={search_term_string}"},"query-input":{"@type":"PropertyValueSpecification","valueRequired":true,"valueName":"search_term_string"}}],"inLanguage":"es"},{"@type":"Organization","@id":"https:\/\/elestataldemexico.com\/#organization","name":"El Estatal de M\u00e9xico","url":"https:\/\/elestataldemexico.com\/","logo":{"@type":"ImageObject","inLanguage":"es","@id":"https:\/\/elestataldemexico.com\/#\/schema\/logo\/image\/","url":"https:\/\/elestataldemexico.com\/wp-content\/uploads\/2025\/05\/cropped-elestatal.png","contentUrl":"https:\/\/elestataldemexico.com\/wp-content\/uploads\/2025\/05\/cropped-elestatal.png","width":504,"height":97,"caption":"El Estatal de M\u00e9xico"},"image":{"@id":"https:\/\/elestataldemexico.com\/#\/schema\/logo\/image\/"}},{"@type":"Person","@id":"https:\/\/elestataldemexico.com\/#\/schema\/person\/6c7813c13d2c1571771f592f0fe866bb","name":"admin","image":{"@type":"ImageObject","inLanguage":"es","@id":"https:\/\/secure.gravatar.com\/avatar\/d5ed2db9923a3ad3c0a47f6b3aec7abcb43924b9322251ade16472fc06f7bb5b?s=96&d=mm&r=g","url":"https:\/\/secure.gravatar.com\/avatar\/d5ed2db9923a3ad3c0a47f6b3aec7abcb43924b9322251ade16472fc06f7bb5b?s=96&d=mm&r=g","contentUrl":"https:\/\/secure.gravatar.com\/avatar\/d5ed2db9923a3ad3c0a47f6b3aec7abcb43924b9322251ade16472fc06f7bb5b?s=96&d=mm&r=g","caption":"admin"},"sameAs":["https:\/\/elestataldemexico.com"],"url":"https:\/\/elestataldemexico.com\/index.php\/author\/info_qk62m3p3\/"}]}},"_links":{"self":[{"href":"https:\/\/elestataldemexico.com\/index.php\/wp-json\/wp\/v2\/posts\/21348","targetHints":{"allow":["GET"]}}],"collection":[{"href":"https:\/\/elestataldemexico.com\/index.php\/wp-json\/wp\/v2\/posts"}],"about":[{"href":"https:\/\/elestataldemexico.com\/index.php\/wp-json\/wp\/v2\/types\/post"}],"author":[{"embeddable":true,"href":"https:\/\/elestataldemexico.com\/index.php\/wp-json\/wp\/v2\/users\/1"}],"replies":[{"embeddable":true,"href":"https:\/\/elestataldemexico.com\/index.php\/wp-json\/wp\/v2\/comments?post=21348"}],"version-history":[{"count":0,"href":"https:\/\/elestataldemexico.com\/index.php\/wp-json\/wp\/v2\/posts\/21348\/revisions"}],"wp:featuredmedia":[{"embeddable":true,"href":"https:\/\/elestataldemexico.com\/index.php\/wp-json\/wp\/v2\/media\/21350"}],"wp:attachment":[{"href":"https:\/\/elestataldemexico.com\/index.php\/wp-json\/wp\/v2\/media?parent=21348"}],"wp:term":[{"taxonomy":"category","embeddable":true,"href":"https:\/\/elestataldemexico.com\/index.php\/wp-json\/wp\/v2\/categories?post=21348"},{"taxonomy":"post_tag","embeddable":true,"href":"https:\/\/elestataldemexico.com\/index.php\/wp-json\/wp\/v2\/tags?post=21348"}],"curies":[{"name":"wp","href":"https:\/\/api.w.org\/{rel}","templated":true}]}}